{"id":22000,"date":"2022-05-30T12:00:57","date_gmt":"2022-05-30T10:00:57","guid":{"rendered":"https:\/\/wildlife-travel.com\/bird-count-2022-stunde-der-gartenvoegel-in-germany\/"},"modified":"2024-08-06T21:40:42","modified_gmt":"2024-08-06T19:40:42","slug":"die-stunde-der-gartenvoegel-2022","status":"publish","type":"post","link":"https:\/\/wildlife-travel.com\/de\/die-stunde-der-gartenvoegel-2022\/","title":{"rendered":"Die Stunde der Gartenv\u00f6gel 2022"},"content":{"rendered":"<div id=\"pl-22000\"  class=\"panel-layout\" ><div id=\"pg-22000-0\"  class=\"panel-grid panel-no-style\" ><div id=\"pgc-22000-0-0\"  class=\"panel-grid-cell\" ><div id=\"panel-22000-0-0-0\" class=\"so-panel widget widget_sow-editor panel-first-child panel-last-child\" data-index=\"0\" ><div\n\t\t\t\n\t\t\tclass=\"so-widget-sow-editor so-widget-sow-editor-base\"\n\t\t\t\n\t\t>\n<div class=\"siteorigin-widget-tinymce textwidget\">\n\t<p><strong>Die Stunde der Gartenv\u00f6gel 2022 fand dieses Jahr vom 13. bis zum 15. Mai statt. Bei der Stunde der Gartenv\u00f6gel sind alle aufgerufen, V\u00f6gel in G\u00e4rten, Parks oder auf Balkonen zu z\u00e4hlen und dem NABU diese Zahlen mitzuteilen. Die Stunde der Gartenv\u00f6gel findet jedes Jahr am zweiten Maiwochenende statt. Ich berichte in diesem Blogbeitrag von meiner diesj\u00e4hrigen Teilnahme. <\/strong><\/p>\n<\/div>\n<\/div><\/div><\/div><\/div><div id=\"pg-22000-1\"  class=\"panel-grid panel-no-style\" ><div id=\"pgc-22000-1-0\"  class=\"panel-grid-cell\" ><div id=\"panel-22000-1-0-0\" class=\"so-panel widget widget_sow-editor panel-first-child panel-last-child\" data-index=\"1\" ><div\n\t\t\t\n\t\t\tclass=\"so-widget-sow-editor so-widget-sow-editor-base\"\n\t\t\t\n\t\t>\n<div class=\"siteorigin-widget-tinymce textwidget\">\n\t<div id=\"ez-toc-container\" class=\"ez-toc-v2_0_82_2 counter-hierarchy ez-toc-counter ez-toc-custom ez-toc-container-direction\">\n<div class=\"ez-toc-title-container\"><p class=\"ez-toc-title\" style=\"cursor:inherit\"><\/p>\n<\/div><nav><ul class='ez-toc-list ez-toc-list-level-1 ' ><li class='ez-toc-page-1 ez-toc-heading-level-2'><a class=\"ez-toc-link ez-toc-heading-1\" href=\"https:\/\/wildlife-travel.com\/de\/die-stunde-der-gartenvoegel-2022\/#Stunde_der_Gartenvoegel_2022\" >Stunde der Gartenv\u00f6gel 2022<\/a><\/li><li class='ez-toc-page-1 ez-toc-heading-level-2'><a class=\"ez-toc-link ez-toc-heading-2\" href=\"https:\/\/wildlife-travel.com\/de\/die-stunde-der-gartenvoegel-2022\/#Vogelbeobachtungen_im_Volkspark_Friedrichshain\" >Vogelbeobachtungen im Volkspark Friedrichshain<\/a><\/li><li class='ez-toc-page-1 ez-toc-heading-level-2'><a class=\"ez-toc-link ez-toc-heading-3\" href=\"https:\/\/wildlife-travel.com\/de\/die-stunde-der-gartenvoegel-2022\/#Ergebnisse_der_Stunde_der_Gartenvoegel_2022\" >Ergebnisse der Stunde der Gartenv\u00f6gel 2022<\/a><\/li><li class='ez-toc-page-1 ez-toc-heading-level-2'><a class=\"ez-toc-link ez-toc-heading-4\" href=\"https:\/\/wildlife-travel.com\/de\/die-stunde-der-gartenvoegel-2022\/#Mehr_Informationen\" >Mehr Informationen<\/a><\/li><\/ul><\/nav><\/div>\n<h2><span class=\"ez-toc-section\" id=\"Stunde_der_Gartenvoegel_2022\"><\/span>Stunde der Gartenv\u00f6gel 2022<span class=\"ez-toc-section-end\"><\/span><\/h2>\n<\/div>\n<\/div><\/div><\/div><\/div><div id=\"pg-22000-2\"  class=\"panel-grid panel-no-style\" ><div id=\"pgc-22000-2-0\"  class=\"panel-grid-cell\" ><div id=\"panel-22000-2-0-0\" class=\"so-panel widget widget_sow-editor panel-first-child panel-last-child\" data-index=\"2\" ><div\n\t\t\t\n\t\t\tclass=\"so-widget-sow-editor so-widget-sow-editor-base\"\n\t\t\t\n\t\t>\n<div class=\"siteorigin-widget-tinymce textwidget\">\n\t<p>Das Wochenende bei der Stunde der Gartenv\u00f6gel 2022 war dieses Jahr perfekt. Sonnig und warm. Kein Regen und kaum Wind. Einfach nur perfekt.<\/p>\n<p>Ich wollte unbedingt bei der Stunde der Gartenv\u00f6gel 2022 wieder mitmachen.<\/p>\n<p>Ich nahm schon <a href=\"https:\/\/wildlife-travel.com\/de\/die-stunde-der-gartenvoegel-2021\/\" target=\"_blank\" rel=\"noopener\">2021<\/a> und <a href=\"https:\/\/wildlife-travel.com\/de\/die-stunde-der-gartenvoegel-voegel-zaehlen-im-mai\/\" target=\"_blank\" rel=\"noopener\">2020<\/a> an der Stunde der Gartenv\u00f6gel teil. Vor zwei Jahren ging ich in den Tiergarten, um dort die V\u00f6gel zu z\u00e4hlen. Letztes Jahr war ich im Volkspark Friedrichshain. Dieses Jahr wollte ich mir wieder einen anderen Park vornehmen.<\/p>\n<p>Irgendein Park weiter weg wo ich in Ruhe V\u00f6gel beobachten und z\u00e4hlen kann.<\/p>\n<p>Da ich dann allerdings ein bisschen krank wurde, entschied ich mich, doch wieder in den nahegelegenen Volkspark Friedrichshain zu gehen.<\/p>\n<p>Ich f\u00fchlte mich jedenfalls gut genug, dorthin zu gehen.<\/p>\n<p>Ich freute mich auch darauf. Denn es war ein wirklich sch\u00f6ner und sonniger Sonntagmorgen.<\/p>\n<p>Da es ein warmer Sonntag wurde, erhoffte ich mir, am Vormittag auf weniger Menschen zu treffen. Ich erinnerte mich an das Vorjahr im Volkspark Friedrichshain. Denn im letzten Jahr ging ich etwa kurz nach der Mittagszeit dorthin. Normalerweise sind die Parks in Berlin am Nachmittag voll. Und so war es letztes Jahr auch. Das wollte ich dieses Jahr vermeiden. Trotzdem muss ich zugeben, dass ich letztes Jahr dennoch einige verschiedene V\u00f6gel im Volkspark Friedrichshain am fr\u00fchen Nachmittag sah.<\/p>\n<p>Daher erhoffte ich mir, vielleicht wieder so viele verschiedene V\u00f6gel im Volkspark Friedrichshain zu sehen. Nur eben am Vormittag. Und mit weniger Menschen.<\/p>\n<p>Bitte lies weiter, falls du erfahren m\u00f6chtest, welche Vogelbeobachtungen ich dieses Jahr im Volkspark Friedrichshain in Berlin machte.<\/p>\n<\/div>\n<\/div><\/div><\/div><\/div><div id=\"pg-22000-3\"  class=\"panel-grid panel-no-style\" ><div id=\"pgc-22000-3-0\"  class=\"panel-grid-cell\" ><div id=\"panel-22000-3-0-0\" class=\"so-panel widget widget_sow-editor panel-first-child panel-last-child\" data-index=\"3\" ><div class=\"panel-widget-style panel-widget-style-for-22000-3-0-0\" ><div\n\t\t\t\n\t\t\tclass=\"so-widget-sow-editor so-widget-sow-editor-base\"\n\t\t\t\n\t\t>\n<div class=\"siteorigin-widget-tinymce textwidget\">\n\t<p><span style=\"font-size: 16pt;\"><strong>Interessant:<\/strong> <\/span>Hast du gewusst, dass der NABU die Stunde der Gartenv\u00f6gel dieses Jahr nun schon zum 18. Mal stattfinden l\u00e4sst? Der NABU organisiert die Stunde der Gartenv\u00f6gel jedes Jahr im Mai zusammen mit dem Landesbund f\u00fcr Vogelschutz in Bayern.<\/p>\n<\/div>\n<\/div><\/div><\/div><\/div><\/div><div id=\"pg-22000-4\"  class=\"panel-grid panel-no-style\" ><div id=\"pgc-22000-4-0\"  class=\"panel-grid-cell\" ><div id=\"panel-22000-4-0-0\" class=\"so-panel widget widget_sow-editor panel-first-child panel-last-child\" data-index=\"4\" ><div\n\t\t\t\n\t\t\tclass=\"so-widget-sow-editor so-widget-sow-editor-base\"\n\t\t\t\n\t\t>\n<div class=\"siteorigin-widget-tinymce textwidget\">\n\t<h2><span class=\"ez-toc-section\" id=\"Vogelbeobachtungen_im_Volkspark_Friedrichshain\"><\/span>Vogelbeobachtungen im Volkspark Friedrichshain<span class=\"ez-toc-section-end\"><\/span><\/h2>\n<\/div>\n<\/div><\/div><\/div><\/div><div id=\"pg-22000-5\"  class=\"panel-grid panel-no-style\" ><div id=\"pgc-22000-5-0\"  class=\"panel-grid-cell\" ><div id=\"panel-22000-5-0-0\" class=\"so-panel widget widget_sow-editor panel-first-child panel-last-child\" data-index=\"5\" ><div\n\t\t\t\n\t\t\tclass=\"so-widget-sow-editor so-widget-sow-editor-base\"\n\t\t\t\n\t\t>\n<div class=\"siteorigin-widget-tinymce textwidget\">\n\t<p>Der erste Vogel, den ich im Volkspark Friedrichshain entdeckte, war eine Singdrossel. Doch so schnell sie auch vor mir erschien, so schnell versteckte sie sich wieder hinter einem Busch. Ich sah nur eine einzelne Singdrossel.<\/p>\n<p>Da ich diesen Vogel nicht fotografieren konnte (er war einfach viel zu schnell weg), teile ich hier ein Foto von einer Singdrossel, die ich letztes Jahr im Mai - allerdings im Tiergarten und nicht am Tag der Stunde der Gartenv\u00f6gel - fotografieren konnte.<\/p>\n<\/div>\n<\/div><\/div><\/div><\/div><div id=\"pg-22000-6\"  class=\"panel-grid panel-no-style\" ><div id=\"pgc-22000-6-0\"  class=\"panel-grid-cell\" ><div id=\"panel-22000-6-0-0\" class=\"so-panel widget widget_sow-image panel-first-child panel-last-child\" data-index=\"6\" ><div\n\t\t\t\n\t\t\tclass=\"so-widget-sow-image so-widget-sow-image-default-8b5b6f678277-22000\"\n\t\t\t\n\t\t>\n<div class=\"sow-image-container\">\n\t\t<img \n\tsrc=\"https:\/\/wildlife-travel.com\/wp-content\/uploads\/2022\/07\/bird-count-2022-1.jpg\" width=\"1336\" height=\"891\" srcset=\"https:\/\/wildlife-travel.com\/wp-content\/uploads\/2022\/07\/bird-count-2022-1.jpg 1336w, https:\/\/wildlife-travel.com\/wp-content\/uploads\/2022\/07\/bird-count-2022-1-300x200.jpg 300w, https:\/\/wildlife-travel.com\/wp-content\/uploads\/2022\/07\/bird-count-2022-1-1024x683.jpg 1024w, https:\/\/wildlife-travel.com\/wp-content\/uploads\/2022\/07\/bird-count-2022-1-768x512.jpg 768w, https:\/\/wildlife-travel.com\/wp-content\/uploads\/2022\/07\/bird-count-2022-1-840x560.jpg 840w, https:\/\/wildlife-travel.com\/wp-content\/uploads\/2022\/07\/bird-count-2022-1-120x80.jpg 120w, https:\/\/wildlife-travel.com\/wp-content\/uploads\/2022\/07\/bird-count-2022-1-360x240.jpg 360w, https:\/\/wildlife-travel.com\/wp-content\/uploads\/2022\/07\/bird-count-2022-1-600x400.jpg 600w, https:\/\/wildlife-travel.com\/wp-content\/uploads\/2022\/07\/bird-count-2022-1-272x182.jpg 272w\" sizes=\"(max-width: 1336px) 100vw, 1336px\" title=\"stunde-der-gartenv\u00f6gel-2022\" alt=\"Singdrossel\" \t\tclass=\"so-widget-image\"\/>\n\t<\/div>\n\n<\/div><\/div><\/div><\/div><div id=\"pg-22000-7\"  class=\"panel-grid panel-no-style\" ><div id=\"pgc-22000-7-0\"  class=\"panel-grid-cell\" ><div id=\"panel-22000-7-0-0\" class=\"so-panel widget widget_sow-editor panel-first-child panel-last-child\" data-index=\"7\" ><div\n\t\t\t\n\t\t\tclass=\"so-widget-sow-editor so-widget-sow-editor-base\"\n\t\t\t\n\t\t>\n<div class=\"siteorigin-widget-tinymce textwidget\">\n\t<p>Zum Gl\u00fcck musste ich nicht lange auf den n\u00e4chsten Vogel warten.<\/p>\n<p>Vor mir erschien ganz pl\u00f6tzlich auf dem Gehweg ein Rotkehlchen.<\/p>\n<\/div>\n<\/div><\/div><\/div><\/div><div id=\"pg-22000-8\"  class=\"panel-grid panel-no-style\" ><div id=\"pgc-22000-8-0\"  class=\"panel-grid-cell\" ><div id=\"panel-22000-8-0-0\" class=\"so-panel widget widget_sow-image panel-first-child panel-last-child\" data-index=\"8\" ><div\n\t\t\t\n\t\t\tclass=\"so-widget-sow-image so-widget-sow-image-default-8b5b6f678277-22000\"\n\t\t\t\n\t\t>\n<div class=\"sow-image-container\">\n\t\t<img \n\tsrc=\"https:\/\/wildlife-travel.com\/wp-content\/uploads\/2022\/07\/bird-count-2022-2.jpg\" width=\"1297\" height=\"864\" srcset=\"https:\/\/wildlife-travel.com\/wp-content\/uploads\/2022\/07\/bird-count-2022-2.jpg 1297w, https:\/\/wildlife-travel.com\/wp-content\/uploads\/2022\/07\/bird-count-2022-2-300x200.jpg 300w, https:\/\/wildlife-travel.com\/wp-content\/uploads\/2022\/07\/bird-count-2022-2-1024x682.jpg 1024w, https:\/\/wildlife-travel.com\/wp-content\/uploads\/2022\/07\/bird-count-2022-2-768x512.jpg 768w, https:\/\/wildlife-travel.com\/wp-content\/uploads\/2022\/07\/bird-count-2022-2-840x560.jpg 840w, https:\/\/wildlife-travel.com\/wp-content\/uploads\/2022\/07\/bird-count-2022-2-120x80.jpg 120w, https:\/\/wildlife-travel.com\/wp-content\/uploads\/2022\/07\/bird-count-2022-2-360x240.jpg 360w, https:\/\/wildlife-travel.com\/wp-content\/uploads\/2022\/07\/bird-count-2022-2-600x400.jpg 600w, https:\/\/wildlife-travel.com\/wp-content\/uploads\/2022\/07\/bird-count-2022-2-272x182.jpg 272w\" sizes=\"(max-width: 1297px) 100vw, 1297px\" title=\"stunde-der-gartenv\u00f6gel-2022\" alt=\"Rotkehlchen\" \t\tclass=\"so-widget-image\"\/>\n\t<\/div>\n\n<\/div><\/div><\/div><\/div><div id=\"pg-22000-9\"  class=\"panel-grid panel-no-style\" ><div id=\"pgc-22000-9-0\"  class=\"panel-grid-cell\" ><div id=\"panel-22000-9-0-0\" class=\"so-panel widget widget_sow-editor panel-first-child panel-last-child\" data-index=\"9\" ><div\n\t\t\t\n\t\t\tclass=\"so-widget-sow-editor so-widget-sow-editor-base\"\n\t\t\t\n\t\t>\n<div class=\"siteorigin-widget-tinymce textwidget\">\n\t<p>Es war ein scheues Rotkehlchen. Daher verschwand es ganz schnell wieder als es mich wahrnahm.<\/p>\n<p>Und wieder musste ich nicht lange auf den n\u00e4chsten Vogel warten.<\/p>\n<p>Auf der linken Seite des Gehweges entdeckte ich eine Amsel, die auf dem Boden durch heruntergefallene Bl\u00e4tter w\u00fchlte. Und auf der rechten Seite war eine Kohlmeise, die nun den Platz des Rotkehlchens einnahm.<\/p>\n<p>Lag dort auf dem Gehweg besonders attraktives Futter f\u00fcr die V\u00f6gel?<\/p>\n<p>Eine weitere Kohlmeise erschien f\u00fcr einen kurzen Moment an einem Zaun am Rande eines anderen Gehweges.<\/p>\n<\/div>\n<\/div><\/div><\/div><\/div><div id=\"pg-22000-10\"  class=\"panel-grid panel-no-style\" ><div id=\"pgc-22000-10-0\"  class=\"panel-grid-cell\" ><div id=\"panel-22000-10-0-0\" class=\"so-panel widget widget_sow-image panel-first-child panel-last-child\" data-index=\"10\" ><div\n\t\t\t\n\t\t\tclass=\"so-widget-sow-image so-widget-sow-image-default-8b5b6f678277-22000\"\n\t\t\t\n\t\t>\n<div class=\"sow-image-container\">\n\t\t<img \n\tsrc=\"https:\/\/wildlife-travel.com\/wp-content\/uploads\/2022\/07\/bird-count-2022-3.jpg\" width=\"1336\" height=\"891\" srcset=\"https:\/\/wildlife-travel.com\/wp-content\/uploads\/2022\/07\/bird-count-2022-3.jpg 1336w, https:\/\/wildlife-travel.com\/wp-content\/uploads\/2022\/07\/bird-count-2022-3-300x200.jpg 300w, https:\/\/wildlife-travel.com\/wp-content\/uploads\/2022\/07\/bird-count-2022-3-1024x683.jpg 1024w, https:\/\/wildlife-travel.com\/wp-content\/uploads\/2022\/07\/bird-count-2022-3-768x512.jpg 768w, https:\/\/wildlife-travel.com\/wp-content\/uploads\/2022\/07\/bird-count-2022-3-840x560.jpg 840w, https:\/\/wildlife-travel.com\/wp-content\/uploads\/2022\/07\/bird-count-2022-3-120x80.jpg 120w, https:\/\/wildlife-travel.com\/wp-content\/uploads\/2022\/07\/bird-count-2022-3-360x240.jpg 360w, https:\/\/wildlife-travel.com\/wp-content\/uploads\/2022\/07\/bird-count-2022-3-600x400.jpg 600w, https:\/\/wildlife-travel.com\/wp-content\/uploads\/2022\/07\/bird-count-2022-3-272x182.jpg 272w\" sizes=\"(max-width: 1336px) 100vw, 1336px\" title=\"stunde-der-gartenv\u00f6gel-2022\" alt=\"Kohlmeise\" \t\tclass=\"so-widget-image\"\/>\n\t<\/div>\n\n<\/div><\/div><\/div><\/div><div id=\"pg-22000-11\"  class=\"panel-grid panel-no-style\" ><div id=\"pgc-22000-11-0\"  class=\"panel-grid-cell\" ><div id=\"panel-22000-11-0-0\" class=\"so-panel widget widget_sow-editor panel-first-child panel-last-child\" data-index=\"11\" ><div\n\t\t\t\n\t\t\tclass=\"so-widget-sow-editor so-widget-sow-editor-base\"\n\t\t\t\n\t\t>\n<div class=\"siteorigin-widget-tinymce textwidget\">\n\t<p>Sp\u00e4ter sah ich noch eine weitere Amsel.<\/p>\n<\/div>\n<\/div><\/div><\/div><\/div><div id=\"pg-22000-12\"  class=\"panel-grid panel-no-style\" ><div id=\"pgc-22000-12-0\"  class=\"panel-grid-cell\" ><div id=\"panel-22000-12-0-0\" class=\"so-panel widget widget_sow-image panel-first-child panel-last-child\" data-index=\"12\" ><div\n\t\t\t\n\t\t\tclass=\"so-widget-sow-image so-widget-sow-image-default-8b5b6f678277-22000\"\n\t\t\t\n\t\t>\n<div class=\"sow-image-container\">\n\t\t<img \n\tsrc=\"https:\/\/wildlife-travel.com\/wp-content\/uploads\/2022\/07\/bird-count-2022-4.jpg\" width=\"1336\" height=\"891\" srcset=\"https:\/\/wildlife-travel.com\/wp-content\/uploads\/2022\/07\/bird-count-2022-4.jpg 1336w, https:\/\/wildlife-travel.com\/wp-content\/uploads\/2022\/07\/bird-count-2022-4-300x200.jpg 300w, https:\/\/wildlife-travel.com\/wp-content\/uploads\/2022\/07\/bird-count-2022-4-1024x683.jpg 1024w, https:\/\/wildlife-travel.com\/wp-content\/uploads\/2022\/07\/bird-count-2022-4-768x512.jpg 768w, https:\/\/wildlife-travel.com\/wp-content\/uploads\/2022\/07\/bird-count-2022-4-840x560.jpg 840w, https:\/\/wildlife-travel.com\/wp-content\/uploads\/2022\/07\/bird-count-2022-4-120x80.jpg 120w, https:\/\/wildlife-travel.com\/wp-content\/uploads\/2022\/07\/bird-count-2022-4-360x240.jpg 360w, https:\/\/wildlife-travel.com\/wp-content\/uploads\/2022\/07\/bird-count-2022-4-600x400.jpg 600w, https:\/\/wildlife-travel.com\/wp-content\/uploads\/2022\/07\/bird-count-2022-4-272x182.jpg 272w\" sizes=\"(max-width: 1336px) 100vw, 1336px\" title=\"stunde-der-gartenv\u00f6gel-2022\" alt=\"Amsel\" \t\tclass=\"so-widget-image\"\/>\n\t<\/div>\n\n<\/div><\/div><\/div><\/div><div id=\"pg-22000-13\"  class=\"panel-grid panel-no-style\" ><div id=\"pgc-22000-13-0\"  class=\"panel-grid-cell\" ><div id=\"panel-22000-13-0-0\" class=\"so-panel widget widget_sow-editor panel-first-child panel-last-child\" data-index=\"13\" ><div\n\t\t\t\n\t\t\tclass=\"so-widget-sow-editor so-widget-sow-editor-base\"\n\t\t\t\n\t\t>\n<div class=\"siteorigin-widget-tinymce textwidget\">\n\t<p>Obwohl ich bei meinem Vogelspaziergang viele dieser sch\u00f6nen, schwarzen V\u00f6gel sah, konnte ich dennoch nur eine Zwei f\u00fcr die Amsel aufschreiben. Denn ich sah nur ein einziges Mal zwei Amseln zur gleichen Zeit am gleichen Ort.<\/p>\n<\/div>\n<\/div><\/div><\/div><\/div><div id=\"pg-22000-14\"  class=\"panel-grid panel-no-style\" ><div id=\"pgc-22000-14-0\"  class=\"panel-grid-cell\" ><div id=\"panel-22000-14-0-0\" class=\"so-panel widget widget_sow-editor panel-first-child panel-last-child\" data-index=\"14\" ><div class=\"panel-widget-style panel-widget-style-for-22000-14-0-0\" ><div\n\t\t\t\n\t\t\tclass=\"so-widget-sow-editor so-widget-sow-editor-base\"\n\t\t\t\n\t\t>\n<div class=\"siteorigin-widget-tinymce textwidget\">\n\t<p><span style=\"font-size: 16pt;\"><strong>Wichtig:<\/strong> <\/span>Es gibt ein paar Regeln, die die Teilnehmer bei der Stunde der Gartenv\u00f6gel beachten sollten. Zum Beispiel, beobachtet man viele Male eine Amsel, die aber bei jeder Beobachtung immer einzeln zu sehen ist, dann darf man nicht jede Beobachtung einzeln dokumentieren und die Summe aus der Anzahl an Beobachtungen bilden. In diesem Fall darf man f\u00fcr die Amsel nur eine Eins notieren.<\/p>\n<\/div>\n<\/div><\/div><\/div><\/div><\/div><div id=\"pg-22000-15\"  class=\"panel-grid panel-no-style\" ><div id=\"pgc-22000-15-0\"  class=\"panel-grid-cell\" ><div id=\"panel-22000-15-0-0\" class=\"so-panel widget widget_sow-editor panel-first-child panel-last-child\" data-index=\"15\" ><div\n\t\t\t\n\t\t\tclass=\"so-widget-sow-editor so-widget-sow-editor-base\"\n\t\t\t\n\t\t>\n<div class=\"siteorigin-widget-tinymce textwidget\">\n\t<p>Nach meinen ersten Vogelbeobachtungen folgte ich dem Gehweg nach oben. Bitte beachte, dass ich nicht im gesamten Volkspark Friedrichshain die V\u00f6gel dokumentiert habe. Ich konzentrierte mich lediglich auf einen kleineren Bereich im Park wo ich mich hin und her bewegte.<\/p>\n<p>Entlang des Gehweges traf ich auf einen Eichelh\u00e4her.<\/p>\n<\/div>\n<\/div><\/div><\/div><\/div><div id=\"pg-22000-16\"  class=\"panel-grid panel-no-style\" ><div id=\"pgc-22000-16-0\"  class=\"panel-grid-cell\" ><div id=\"panel-22000-16-0-0\" class=\"so-panel widget widget_sow-image panel-first-child panel-last-child\" data-index=\"16\" ><div\n\t\t\t\n\t\t\tclass=\"so-widget-sow-image so-widget-sow-image-default-8b5b6f678277-22000\"\n\t\t\t\n\t\t>\n<div class=\"sow-image-container\">\n\t\t<img \n\tsrc=\"https:\/\/wildlife-travel.com\/wp-content\/uploads\/2022\/07\/bird-count-2022-5.jpg\" width=\"1336\" height=\"891\" srcset=\"https:\/\/wildlife-travel.com\/wp-content\/uploads\/2022\/07\/bird-count-2022-5.jpg 1336w, https:\/\/wildlife-travel.com\/wp-content\/uploads\/2022\/07\/bird-count-2022-5-300x200.jpg 300w, https:\/\/wildlife-travel.com\/wp-content\/uploads\/2022\/07\/bird-count-2022-5-1024x683.jpg 1024w, https:\/\/wildlife-travel.com\/wp-content\/uploads\/2022\/07\/bird-count-2022-5-768x512.jpg 768w, https:\/\/wildlife-travel.com\/wp-content\/uploads\/2022\/07\/bird-count-2022-5-840x560.jpg 840w, https:\/\/wildlife-travel.com\/wp-content\/uploads\/2022\/07\/bird-count-2022-5-120x80.jpg 120w, https:\/\/wildlife-travel.com\/wp-content\/uploads\/2022\/07\/bird-count-2022-5-360x240.jpg 360w, https:\/\/wildlife-travel.com\/wp-content\/uploads\/2022\/07\/bird-count-2022-5-600x400.jpg 600w, https:\/\/wildlife-travel.com\/wp-content\/uploads\/2022\/07\/bird-count-2022-5-272x182.jpg 272w\" sizes=\"(max-width: 1336px) 100vw, 1336px\" title=\"stunde-der-gartenv\u00f6gel-2022\" alt=\"Eichelh\u00e4her\" \t\tclass=\"so-widget-image\"\/>\n\t<\/div>\n\n<\/div><\/div><\/div><\/div><div id=\"pg-22000-17\"  class=\"panel-grid panel-no-style\" ><div id=\"pgc-22000-17-0\"  class=\"panel-grid-cell\" ><div id=\"panel-22000-17-0-0\" class=\"so-panel widget widget_sow-editor panel-first-child panel-last-child\" data-index=\"17\" ><div\n\t\t\t\n\t\t\tclass=\"so-widget-sow-editor so-widget-sow-editor-base\"\n\t\t\t\n\t\t>\n<div class=\"siteorigin-widget-tinymce textwidget\">\n\t<p>In Berlin sehe ich regelm\u00e4\u00dfig Eichelh\u00e4her. Normalerweise sehe ich sie einzeln.<\/p>\n<p>Ein paar Tage zuvor - als ich die Ges\u00e4nge der V\u00f6gel f\u00fcr den <a href=\"https:\/\/wildlife-travel.com\/de\/der-dawn-chorus-2022\/\" target=\"_blank\" rel=\"noopener\">Dawn Chorus 2022<\/a> aufnahm - flogen zwei Eichelh\u00e4her in meine Richtung.<\/p>\n<p>Es war ein sch\u00f6ner Moment.<\/p>\n<p>Nichtsdestotrotz, die h\u00e4ufigsten V\u00f6gel w\u00e4hrend meiner Stunde der Gartenv\u00f6gel 2022 im Volkspark Friedrichshain waren Nebelkr\u00e4hen. Insgesamt z\u00e4hlte ich neun am gleichen Ort zur gleichen Zeit. Vielleicht waren es auch mehr, aber ich konnte nicht alle sehen.<\/p>\n<\/div>\n<\/div><\/div><\/div><\/div><div id=\"pg-22000-18\"  class=\"panel-grid panel-no-style\" ><div id=\"pgc-22000-18-0\"  class=\"panel-grid-cell\" ><div id=\"panel-22000-18-0-0\" class=\"so-panel widget widget_sow-image panel-first-child panel-last-child\" data-index=\"18\" ><div\n\t\t\t\n\t\t\tclass=\"so-widget-sow-image so-widget-sow-image-default-8b5b6f678277-22000\"\n\t\t\t\n\t\t>\n<div class=\"sow-image-container\">\n\t\t<img \n\tsrc=\"https:\/\/wildlife-travel.com\/wp-content\/uploads\/2022\/07\/bird-count-2022-6.jpg\" width=\"1336\" height=\"891\" srcset=\"https:\/\/wildlife-travel.com\/wp-content\/uploads\/2022\/07\/bird-count-2022-6.jpg 1336w, https:\/\/wildlife-travel.com\/wp-content\/uploads\/2022\/07\/bird-count-2022-6-300x200.jpg 300w, https:\/\/wildlife-travel.com\/wp-content\/uploads\/2022\/07\/bird-count-2022-6-1024x683.jpg 1024w, https:\/\/wildlife-travel.com\/wp-content\/uploads\/2022\/07\/bird-count-2022-6-768x512.jpg 768w, https:\/\/wildlife-travel.com\/wp-content\/uploads\/2022\/07\/bird-count-2022-6-840x560.jpg 840w, https:\/\/wildlife-travel.com\/wp-content\/uploads\/2022\/07\/bird-count-2022-6-120x80.jpg 120w, https:\/\/wildlife-travel.com\/wp-content\/uploads\/2022\/07\/bird-count-2022-6-360x240.jpg 360w, https:\/\/wildlife-travel.com\/wp-content\/uploads\/2022\/07\/bird-count-2022-6-600x400.jpg 600w, https:\/\/wildlife-travel.com\/wp-content\/uploads\/2022\/07\/bird-count-2022-6-272x182.jpg 272w\" sizes=\"(max-width: 1336px) 100vw, 1336px\" title=\"stunde-der-gartenv\u00f6gel-2022\" alt=\"Nebelkr\u00e4he\" \t\tclass=\"so-widget-image\"\/>\n\t<\/div>\n\n<\/div><\/div><\/div><\/div><div id=\"pg-22000-19\"  class=\"panel-grid panel-no-style\" ><div id=\"pgc-22000-19-0\"  class=\"panel-grid-cell\" ><div id=\"panel-22000-19-0-0\" class=\"so-panel widget widget_sow-editor panel-first-child panel-last-child\" data-index=\"19\" ><div\n\t\t\t\n\t\t\tclass=\"so-widget-sow-editor so-widget-sow-editor-base\"\n\t\t\t\n\t\t>\n<div class=\"siteorigin-widget-tinymce textwidget\">\n\t<p>Nicht weit weg von den Nebelkr\u00e4hen entdeckte ich einige Haussperlinge auf dem Boden nach Futter suchen. Leider war ich zu hektisch und scheuchte die V\u00f6gel ungewollt davon.<\/p>\n<p>Aber ein Weibchen der Haussperlinge blieb auf einem Ast sitzen und wie es schien suchte es weiter nach Nahrung.<\/p>\n<\/div>\n<\/div><\/div><\/div><\/div><div id=\"pg-22000-20\"  class=\"panel-grid panel-no-style\" ><div id=\"pgc-22000-20-0\"  class=\"panel-grid-cell\" ><div id=\"panel-22000-20-0-0\" class=\"so-panel widget widget_sow-image panel-first-child panel-last-child\" data-index=\"20\" ><div\n\t\t\t\n\t\t\tclass=\"so-widget-sow-image so-widget-sow-image-default-8b5b6f678277-22000\"\n\t\t\t\n\t\t>\n<div class=\"sow-image-container\">\n\t\t<img \n\tsrc=\"https:\/\/wildlife-travel.com\/wp-content\/uploads\/2022\/07\/bird-count-2022-7.jpg\" width=\"1336\" height=\"891\" srcset=\"https:\/\/wildlife-travel.com\/wp-content\/uploads\/2022\/07\/bird-count-2022-7.jpg 1336w, https:\/\/wildlife-travel.com\/wp-content\/uploads\/2022\/07\/bird-count-2022-7-300x200.jpg 300w, https:\/\/wildlife-travel.com\/wp-content\/uploads\/2022\/07\/bird-count-2022-7-1024x683.jpg 1024w, https:\/\/wildlife-travel.com\/wp-content\/uploads\/2022\/07\/bird-count-2022-7-768x512.jpg 768w, https:\/\/wildlife-travel.com\/wp-content\/uploads\/2022\/07\/bird-count-2022-7-840x560.jpg 840w, https:\/\/wildlife-travel.com\/wp-content\/uploads\/2022\/07\/bird-count-2022-7-120x80.jpg 120w, https:\/\/wildlife-travel.com\/wp-content\/uploads\/2022\/07\/bird-count-2022-7-360x240.jpg 360w, https:\/\/wildlife-travel.com\/wp-content\/uploads\/2022\/07\/bird-count-2022-7-600x400.jpg 600w, https:\/\/wildlife-travel.com\/wp-content\/uploads\/2022\/07\/bird-count-2022-7-272x182.jpg 272w\" sizes=\"(max-width: 1336px) 100vw, 1336px\" title=\"stunde-der-gartenv\u00f6gel-2022\" alt=\"Haussperling\" \t\tclass=\"so-widget-image\"\/>\n\t<\/div>\n\n<\/div><\/div><\/div><\/div><div id=\"pg-22000-21\"  class=\"panel-grid panel-no-style\" ><div id=\"pgc-22000-21-0\"  class=\"panel-grid-cell\" ><div id=\"panel-22000-21-0-0\" class=\"so-panel widget widget_sow-editor panel-first-child panel-last-child\" data-index=\"21\" ><div\n\t\t\t\n\t\t\tclass=\"so-widget-sow-editor so-widget-sow-editor-base\"\n\t\t\t\n\t\t>\n<div class=\"siteorigin-widget-tinymce textwidget\">\n\t<p>Insgesamt z\u00e4hlte ich f\u00fcnf Haussperlinge. Vielleicht waren es auch mehr als f\u00fcnf, die ich aber nicht alle sah. Nat\u00fcrlich schrieb ich nur die Zahl der V\u00f6gel auf, die ich auch wirklich z\u00e4hlen konnte.<\/p>\n<p>Ganz in der N\u00e4he der Haussperlinge h\u00f6rte ich eine Nachtigall.<\/p>\n<p>Ich liebe ihre Ges\u00e4nge!<\/p>\n<p>Ich h\u00f6rte auch einen Buchfinken.<\/p>\n<p>Nat\u00fcrlich liebe ich auch deren Ges\u00e4nge.<\/p>\n<p>Und die der M\u00f6nchsgrasm\u00fccken.<\/p>\n<p>Gibt es V\u00f6gel, denen ich gar nicht gerne zuh\u00f6re?<\/p>\n<p>Es war wirklich ein sch\u00f6ner Sonntagvormittag.<\/p>\n<p>Ich f\u00fchlte mich gut.<\/p>\n<p>Als ich dann aber neben einem Baum stand und zu einem Nistkasten hochschaute, versuchte eine Frau mit mir \u00fcber die V\u00f6gel zu reden. Aber ich konnte nicht antworten. Ich war erk\u00e4ltet und meine Stimme war ganz weg! Sie nahm meine Schwierigkeiten sofort wahr und gab mir mehrere Tipps was ich machen kann. Dann empfahl sie mir noch, nach Hause zu gehen und mich auszuruhen. Eigentlich war ich noch nicht mit meiner einst\u00fcndigen Beobachtung fertig... Aber sie hatte Recht...<\/p>\n<p>Daher entschied ich mich, meine Stunde der Gartenv\u00f6gel 2022 vorzeitig abzubrechen. Ich lief noch an einem Teich vorbei, z\u00e4hlte dort die Enten und ging nach Hause.<\/p>\n<p>Im Teich gab es einige Bl\u00e4ssh\u00fchner (oben links), Mandarinenten (oben rechts), Stockenten (unten links), sowie einen H\u00f6ckerschwan (unten rechts).<\/p>\n<p>Die Stockenten und Bl\u00e4ssh\u00fchner hatten schon ihre K\u00fcken.<\/p>\n<p>Da ich jedoch nicht l\u00e4nger drau\u00dfen sein wollte, lie\u00df ich meine Kamera in der Tasche. Die folgenden Fotos nahm ich zwar im Volkspark Friedrichshain auf, aber im vorigen Jahr.<\/p>\n<\/div>\n<\/div><\/div><\/div><\/div><div id=\"pg-22000-22\"  class=\"panel-grid panel-no-style\" ><div id=\"pgc-22000-22-0\"  class=\"panel-grid-cell\" ><div id=\"panel-22000-22-0-0\" class=\"so-panel widget widget_sow-image panel-first-child panel-last-child\" data-index=\"22\" ><div\n\t\t\t\n\t\t\tclass=\"so-widget-sow-image so-widget-sow-image-default-8b5b6f678277-22000\"\n\t\t\t\n\t\t>\n<div class=\"sow-image-container\">\n\t\t<img \n\tsrc=\"https:\/\/wildlife-travel.com\/wp-content\/uploads\/2022\/07\/bird-count-2022-8.jpg\" width=\"1336\" height=\"891\" srcset=\"https:\/\/wildlife-travel.com\/wp-content\/uploads\/2022\/07\/bird-count-2022-8.jpg 1336w, https:\/\/wildlife-travel.com\/wp-content\/uploads\/2022\/07\/bird-count-2022-8-300x200.jpg 300w, https:\/\/wildlife-travel.com\/wp-content\/uploads\/2022\/07\/bird-count-2022-8-1024x683.jpg 1024w, https:\/\/wildlife-travel.com\/wp-content\/uploads\/2022\/07\/bird-count-2022-8-768x512.jpg 768w, https:\/\/wildlife-travel.com\/wp-content\/uploads\/2022\/07\/bird-count-2022-8-840x560.jpg 840w, https:\/\/wildlife-travel.com\/wp-content\/uploads\/2022\/07\/bird-count-2022-8-120x80.jpg 120w, https:\/\/wildlife-travel.com\/wp-content\/uploads\/2022\/07\/bird-count-2022-8-360x240.jpg 360w, https:\/\/wildlife-travel.com\/wp-content\/uploads\/2022\/07\/bird-count-2022-8-600x400.jpg 600w, https:\/\/wildlife-travel.com\/wp-content\/uploads\/2022\/07\/bird-count-2022-8-272x182.jpg 272w\" sizes=\"(max-width: 1336px) 100vw, 1336px\" title=\"stunde-der-gartenv\u00f6gel-2022\" alt=\"Bl\u00e4sshuhn\" \t\tclass=\"so-widget-image\"\/>\n\t<\/div>\n\n<\/div><\/div><\/div><div id=\"pgc-22000-22-1\"  class=\"panel-grid-cell\" ><div id=\"panel-22000-22-1-0\" class=\"so-panel widget widget_sow-image panel-first-child panel-last-child\" data-index=\"23\" ><div\n\t\t\t\n\t\t\tclass=\"so-widget-sow-image so-widget-sow-image-default-8b5b6f678277-22000\"\n\t\t\t\n\t\t>\n<div class=\"sow-image-container\">\n\t\t<img \n\tsrc=\"https:\/\/wildlife-travel.com\/wp-content\/uploads\/2022\/07\/bird-count-2022-9.jpg\" width=\"1025\" height=\"684\" srcset=\"https:\/\/wildlife-travel.com\/wp-content\/uploads\/2022\/07\/bird-count-2022-9.jpg 1025w, https:\/\/wildlife-travel.com\/wp-content\/uploads\/2022\/07\/bird-count-2022-9-300x200.jpg 300w, https:\/\/wildlife-travel.com\/wp-content\/uploads\/2022\/07\/bird-count-2022-9-768x512.jpg 768w, https:\/\/wildlife-travel.com\/wp-content\/uploads\/2022\/07\/bird-count-2022-9-840x560.jpg 840w, https:\/\/wildlife-travel.com\/wp-content\/uploads\/2022\/07\/bird-count-2022-9-120x80.jpg 120w, https:\/\/wildlife-travel.com\/wp-content\/uploads\/2022\/07\/bird-count-2022-9-360x240.jpg 360w, https:\/\/wildlife-travel.com\/wp-content\/uploads\/2022\/07\/bird-count-2022-9-600x400.jpg 600w, https:\/\/wildlife-travel.com\/wp-content\/uploads\/2022\/07\/bird-count-2022-9-272x182.jpg 272w\" sizes=\"(max-width: 1025px) 100vw, 1025px\" title=\"stunde-der-gartenv\u00f6gel-2022\" alt=\"Mandarinente\" \t\tclass=\"so-widget-image\"\/>\n\t<\/div>\n\n<\/div><\/div><\/div><\/div><div id=\"pg-22000-23\"  class=\"panel-grid panel-no-style\" ><div id=\"pgc-22000-23-0\"  class=\"panel-grid-cell\" ><div id=\"panel-22000-23-0-0\" class=\"so-panel widget widget_sow-image panel-first-child panel-last-child\" data-index=\"24\" ><div\n\t\t\t\n\t\t\tclass=\"so-widget-sow-image so-widget-sow-image-default-8b5b6f678277-22000\"\n\t\t\t\n\t\t>\n<div class=\"sow-image-container\">\n\t\t<img \n\tsrc=\"https:\/\/wildlife-travel.com\/wp-content\/uploads\/2022\/07\/bird-count-2022-10.jpg\" width=\"1336\" height=\"891\" srcset=\"https:\/\/wildlife-travel.com\/wp-content\/uploads\/2022\/07\/bird-count-2022-10.jpg 1336w, https:\/\/wildlife-travel.com\/wp-content\/uploads\/2022\/07\/bird-count-2022-10-300x200.jpg 300w, https:\/\/wildlife-travel.com\/wp-content\/uploads\/2022\/07\/bird-count-2022-10-1024x683.jpg 1024w, https:\/\/wildlife-travel.com\/wp-content\/uploads\/2022\/07\/bird-count-2022-10-768x512.jpg 768w, https:\/\/wildlife-travel.com\/wp-content\/uploads\/2022\/07\/bird-count-2022-10-840x560.jpg 840w, https:\/\/wildlife-travel.com\/wp-content\/uploads\/2022\/07\/bird-count-2022-10-120x80.jpg 120w, https:\/\/wildlife-travel.com\/wp-content\/uploads\/2022\/07\/bird-count-2022-10-360x240.jpg 360w, https:\/\/wildlife-travel.com\/wp-content\/uploads\/2022\/07\/bird-count-2022-10-600x400.jpg 600w, https:\/\/wildlife-travel.com\/wp-content\/uploads\/2022\/07\/bird-count-2022-10-272x182.jpg 272w\" sizes=\"(max-width: 1336px) 100vw, 1336px\" title=\"stunde-der-gartenv\u00f6gel-2022\" alt=\"Stockenten\" \t\tclass=\"so-widget-image\"\/>\n\t<\/div>\n\n<\/div><\/div><\/div><div id=\"pgc-22000-23-1\"  class=\"panel-grid-cell\" ><div id=\"panel-22000-23-1-0\" class=\"so-panel widget widget_sow-image panel-first-child panel-last-child\" data-index=\"25\" ><div\n\t\t\t\n\t\t\tclass=\"so-widget-sow-image so-widget-sow-image-default-8b5b6f678277-22000\"\n\t\t\t\n\t\t>\n<div class=\"sow-image-container\">\n\t\t<img \n\tsrc=\"https:\/\/wildlife-travel.com\/wp-content\/uploads\/2022\/07\/bird-count-2022-11.jpg\" width=\"1257\" height=\"838\" srcset=\"https:\/\/wildlife-travel.com\/wp-content\/uploads\/2022\/07\/bird-count-2022-11.jpg 1257w, https:\/\/wildlife-travel.com\/wp-content\/uploads\/2022\/07\/bird-count-2022-11-300x200.jpg 300w, https:\/\/wildlife-travel.com\/wp-content\/uploads\/2022\/07\/bird-count-2022-11-1024x683.jpg 1024w, https:\/\/wildlife-travel.com\/wp-content\/uploads\/2022\/07\/bird-count-2022-11-768x512.jpg 768w, https:\/\/wildlife-travel.com\/wp-content\/uploads\/2022\/07\/bird-count-2022-11-840x560.jpg 840w, https:\/\/wildlife-travel.com\/wp-content\/uploads\/2022\/07\/bird-count-2022-11-120x80.jpg 120w, https:\/\/wildlife-travel.com\/wp-content\/uploads\/2022\/07\/bird-count-2022-11-360x240.jpg 360w, https:\/\/wildlife-travel.com\/wp-content\/uploads\/2022\/07\/bird-count-2022-11-600x400.jpg 600w, https:\/\/wildlife-travel.com\/wp-content\/uploads\/2022\/07\/bird-count-2022-11-272x182.jpg 272w\" sizes=\"(max-width: 1257px) 100vw, 1257px\" title=\"stunde-der-gartenv\u00f6gel-2022\" alt=\"H\u00f6ckerschwan\" \t\tclass=\"so-widget-image\"\/>\n\t<\/div>\n\n<\/div><\/div><\/div><\/div><div id=\"pg-22000-24\"  class=\"panel-grid panel-no-style\" ><div id=\"pgc-22000-24-0\"  class=\"panel-grid-cell\" ><div id=\"panel-22000-24-0-0\" class=\"so-panel widget widget_sow-editor panel-first-child panel-last-child\" data-index=\"26\" ><div class=\"panel-widget-style panel-widget-style-for-22000-24-0-0\" ><div\n\t\t\t\n\t\t\tclass=\"so-widget-sow-editor so-widget-sow-editor-base\"\n\t\t\t\n\t\t>\n<div class=\"siteorigin-widget-tinymce textwidget\">\n\t<p><span style=\"font-size: 16pt;\"><strong>Information:<\/strong> <\/span>Falls du bei der Stunde der Gartenv\u00f6gel 2022 nicht mitmachen konntest, das n\u00e4chste Mal kannst du 2023 teilnehmen. Im n\u00e4chsten Jahr findet die Stunde der Gartenv\u00f6gel vom 12. bis zum 14. Mai statt.<\/p>\n<\/div>\n<\/div><\/div><\/div><\/div><\/div><div id=\"pg-22000-25\"  class=\"panel-grid panel-no-style\" ><div id=\"pgc-22000-25-0\"  class=\"panel-grid-cell\" ><div id=\"panel-22000-25-0-0\" class=\"so-panel widget widget_sow-editor panel-first-child panel-last-child\" data-index=\"27\" ><div\n\t\t\t\n\t\t\tclass=\"so-widget-sow-editor so-widget-sow-editor-base\"\n\t\t\t\n\t\t>\n<div class=\"siteorigin-widget-tinymce textwidget\">\n\t<h2><span class=\"ez-toc-section\" id=\"Ergebnisse_der_Stunde_der_Gartenvoegel_2022\"><\/span>Ergebnisse der Stunde der Gartenv\u00f6gel 2022<span class=\"ez-toc-section-end\"><\/span><\/h2>\n<\/div>\n<\/div><\/div><\/div><\/div><div id=\"pg-22000-26\"  class=\"panel-grid panel-no-style\" ><div id=\"pgc-22000-26-0\"  class=\"panel-grid-cell\" ><div id=\"panel-22000-26-0-0\" class=\"so-panel widget widget_sow-editor panel-first-child panel-last-child\" data-index=\"28\" ><div\n\t\t\t\n\t\t\tclass=\"so-widget-sow-editor so-widget-sow-editor-base\"\n\t\t\t\n\t\t>\n<div class=\"siteorigin-widget-tinymce textwidget\">\n\t<p>Wie jedes Jahr stehen auch in diesem Jahr Haussperlinge, Amseln und Kohlmeisen auf den vordersten R\u00e4ngen. Das sind die drei Arten, die am h\u00e4ufigsten in Deutschlands G\u00e4rten, Parks und Balkonen gez\u00e4hlt wurden.<\/p>\n<p>Auch in Berlin ist der Haussperling die Nummer eins. Aber an zweiter Stelle liegt schon der Star und an dritter der Mauersegler.<\/p>\n<p>Ich wei\u00df, dass der Star in Berlin weit verbreitet ist. Aber im Vergleich zu anderen V\u00f6geln h\u00e4tte ich nicht gedacht, dass er so h\u00e4ufig zu sehen ist. Daher ist der Star an zweiter Stelle f\u00fcr mich ein interessantes und \u00fcberraschendes Ergebnis.<\/p>\n<p>Ich sah jedoch die Stare in Berlin oder au\u00dferhalb Berlins schon in einer gro\u00dfen Anzahl wie beispielsweise auf dem <a href=\"https:\/\/wildlife-travel.com\/de\/feldlerchen-auf-dem-tempelhofer-feld-in-berlin\/\" target=\"_blank\" rel=\"noopener\">Tempelhofer Feld<\/a> oder in der <a href=\"https:\/\/wildlife-travel.com\/de\/wandern-in-der-doeberitzer-heide\/\" target=\"_blank\" rel=\"noopener\">D\u00f6beritzer Heide<\/a>.<\/p>\n<\/div>\n<\/div><\/div><\/div><\/div><div id=\"pg-22000-27\"  class=\"panel-grid panel-no-style\" ><div id=\"pgc-22000-27-0\"  class=\"panel-grid-cell\" ><div id=\"panel-22000-27-0-0\" class=\"so-panel widget widget_sow-image panel-first-child panel-last-child\" data-index=\"29\" ><div\n\t\t\t\n\t\t\tclass=\"so-widget-sow-image so-widget-sow-image-default-8b5b6f678277-22000\"\n\t\t\t\n\t\t>\n<div class=\"sow-image-container\">\n\t\t<img \n\tsrc=\"https:\/\/wildlife-travel.com\/wp-content\/uploads\/2022\/07\/bird-count-2022-12.jpg\" width=\"1336\" height=\"891\" srcset=\"https:\/\/wildlife-travel.com\/wp-content\/uploads\/2022\/07\/bird-count-2022-12.jpg 1336w, https:\/\/wildlife-travel.com\/wp-content\/uploads\/2022\/07\/bird-count-2022-12-300x200.jpg 300w, https:\/\/wildlife-travel.com\/wp-content\/uploads\/2022\/07\/bird-count-2022-12-1024x683.jpg 1024w, https:\/\/wildlife-travel.com\/wp-content\/uploads\/2022\/07\/bird-count-2022-12-768x512.jpg 768w, https:\/\/wildlife-travel.com\/wp-content\/uploads\/2022\/07\/bird-count-2022-12-840x560.jpg 840w, https:\/\/wildlife-travel.com\/wp-content\/uploads\/2022\/07\/bird-count-2022-12-120x80.jpg 120w, https:\/\/wildlife-travel.com\/wp-content\/uploads\/2022\/07\/bird-count-2022-12-360x240.jpg 360w, https:\/\/wildlife-travel.com\/wp-content\/uploads\/2022\/07\/bird-count-2022-12-600x400.jpg 600w, https:\/\/wildlife-travel.com\/wp-content\/uploads\/2022\/07\/bird-count-2022-12-272x182.jpg 272w\" sizes=\"(max-width: 1336px) 100vw, 1336px\" title=\"stunde-der-gartenv\u00f6gel-2022\" alt=\"Star\" \t\tclass=\"so-widget-image\"\/>\n\t<\/div>\n\n<\/div><\/div><\/div><\/div><div id=\"pg-22000-28\"  class=\"panel-grid panel-no-style\" ><div id=\"pgc-22000-28-0\"  class=\"panel-grid-cell\" ><div id=\"panel-22000-28-0-0\" class=\"so-panel widget widget_sow-editor panel-first-child panel-last-child\" data-index=\"30\" ><div\n\t\t\t\n\t\t\tclass=\"so-widget-sow-editor so-widget-sow-editor-base\"\n\t\t\t\n\t\t>\n<div class=\"siteorigin-widget-tinymce textwidget\">\n\t<p>Aber warum ist der Mauersegler so h\u00e4ufig in Berlin?<\/p>\n<p>Laut des NABUs k\u00f6nnte das <a href=\"https:\/\/www.nabu.de\/news\/2022\/05\/31626.html\" target=\"_blank\" rel=\"nofollow noopener\">sonnige Wetter<\/a> der Grund f\u00fcr diese Beobachtung sein. Wenn das Wetter n\u00e4mlich sonnig und warm ist, gibt es mehr Insekten f\u00fcr die Mauersegler zu fangen. Ein anderer Grund k\u00f6nnte die sp\u00e4te Ankunft aus den \u00dcberwinterungsgebieten in diesem Jahr sein. Da die Mauersegler dieses Jahr sp\u00e4ter in Deutschland ankamen, waren sie im Mai noch mit dem Balzen besch\u00e4ftigt. In 2021 waren sie im Mai schon am Br\u00fcten.<\/p>\n<p>Das k\u00f6nnte auch der Fall f\u00fcr die Nachtigallen gewesen sein.<\/p>\n<p>Dieses Jahr hatte ich \u00fcbrigens schon sehr sch\u00f6ne Nachtigall-Beobachtungen auf dem Tempelhofer Feld.<\/p>\n<\/div>\n<\/div><\/div><\/div><\/div><div id=\"pg-22000-29\"  class=\"panel-grid panel-no-style\" ><div id=\"pgc-22000-29-0\"  class=\"panel-grid-cell\" ><div id=\"panel-22000-29-0-0\" class=\"so-panel widget widget_sow-image panel-first-child panel-last-child\" data-index=\"31\" ><div\n\t\t\t\n\t\t\tclass=\"so-widget-sow-image so-widget-sow-image-default-8b5b6f678277-22000\"\n\t\t\t\n\t\t>\n<div class=\"sow-image-container\">\n\t\t<img \n\tsrc=\"https:\/\/wildlife-travel.com\/wp-content\/uploads\/2022\/07\/bird-count-2022-13.jpg\" width=\"1336\" height=\"891\" srcset=\"https:\/\/wildlife-travel.com\/wp-content\/uploads\/2022\/07\/bird-count-2022-13.jpg 1336w, https:\/\/wildlife-travel.com\/wp-content\/uploads\/2022\/07\/bird-count-2022-13-300x200.jpg 300w, https:\/\/wildlife-travel.com\/wp-content\/uploads\/2022\/07\/bird-count-2022-13-1024x683.jpg 1024w, https:\/\/wildlife-travel.com\/wp-content\/uploads\/2022\/07\/bird-count-2022-13-768x512.jpg 768w, https:\/\/wildlife-travel.com\/wp-content\/uploads\/2022\/07\/bird-count-2022-13-840x560.jpg 840w, https:\/\/wildlife-travel.com\/wp-content\/uploads\/2022\/07\/bird-count-2022-13-120x80.jpg 120w, https:\/\/wildlife-travel.com\/wp-content\/uploads\/2022\/07\/bird-count-2022-13-360x240.jpg 360w, https:\/\/wildlife-travel.com\/wp-content\/uploads\/2022\/07\/bird-count-2022-13-600x400.jpg 600w, https:\/\/wildlife-travel.com\/wp-content\/uploads\/2022\/07\/bird-count-2022-13-272x182.jpg 272w\" sizes=\"(max-width: 1336px) 100vw, 1336px\" title=\"stunde-der-gartenv\u00f6gel-2022\" alt=\"Nachtigall\" \t\tclass=\"so-widget-image\"\/>\n\t<\/div>\n\n<\/div><\/div><\/div><\/div><div id=\"pg-22000-30\"  class=\"panel-grid panel-no-style\" ><div id=\"pgc-22000-30-0\"  class=\"panel-grid-cell\" ><div id=\"panel-22000-30-0-0\" class=\"so-panel widget widget_sow-editor panel-first-child panel-last-child\" data-index=\"32\" ><div\n\t\t\t\n\t\t\tclass=\"so-widget-sow-editor so-widget-sow-editor-base\"\n\t\t\t\n\t\t>\n<div class=\"siteorigin-widget-tinymce textwidget\">\n\t<p>Nichtsdestotrotz, die Anzahl der gemeldeten Mauersegler stieg dieses Jahr um 99% und die der Nachtigallen um 85% in Berlin im Vergleich zum Vorjahr (deutschlandweit waren es 79% bzw. 114%).<\/p>\n<p>Interessanterweise nahm auch die Zahl der gemeldeten Zilpzalpe in diesem Jahr deutschlandweit um 39% zu. In Berlin waren es dagegen nur 22%.<\/p>\n<\/div>\n<\/div><\/div><\/div><\/div><div id=\"pg-22000-31\"  class=\"panel-grid panel-no-style\" ><div id=\"pgc-22000-31-0\"  class=\"panel-grid-cell\" ><div id=\"panel-22000-31-0-0\" class=\"so-panel widget widget_sow-image panel-first-child panel-last-child\" data-index=\"33\" ><div\n\t\t\t\n\t\t\tclass=\"so-widget-sow-image so-widget-sow-image-default-8b5b6f678277-22000\"\n\t\t\t\n\t\t>\n<div class=\"sow-image-container\">\n\t\t<img \n\tsrc=\"https:\/\/wildlife-travel.com\/wp-content\/uploads\/2022\/07\/bird-count-2022-14.jpg\" width=\"1336\" height=\"891\" srcset=\"https:\/\/wildlife-travel.com\/wp-content\/uploads\/2022\/07\/bird-count-2022-14.jpg 1336w, https:\/\/wildlife-travel.com\/wp-content\/uploads\/2022\/07\/bird-count-2022-14-300x200.jpg 300w, https:\/\/wildlife-travel.com\/wp-content\/uploads\/2022\/07\/bird-count-2022-14-1024x683.jpg 1024w, https:\/\/wildlife-travel.com\/wp-content\/uploads\/2022\/07\/bird-count-2022-14-768x512.jpg 768w, https:\/\/wildlife-travel.com\/wp-content\/uploads\/2022\/07\/bird-count-2022-14-840x560.jpg 840w, https:\/\/wildlife-travel.com\/wp-content\/uploads\/2022\/07\/bird-count-2022-14-120x80.jpg 120w, https:\/\/wildlife-travel.com\/wp-content\/uploads\/2022\/07\/bird-count-2022-14-360x240.jpg 360w, https:\/\/wildlife-travel.com\/wp-content\/uploads\/2022\/07\/bird-count-2022-14-600x400.jpg 600w, https:\/\/wildlife-travel.com\/wp-content\/uploads\/2022\/07\/bird-count-2022-14-272x182.jpg 272w\" sizes=\"(max-width: 1336px) 100vw, 1336px\" title=\"stunde-der-gartenv\u00f6gel-2022\" alt=\"Stunde der Gartenv\u00f6gel 2022\" \t\tclass=\"so-widget-image\"\/>\n\t<\/div>\n\n<\/div><\/div><\/div><\/div><div id=\"pg-22000-32\"  class=\"panel-grid panel-no-style\" ><div id=\"pgc-22000-32-0\"  class=\"panel-grid-cell\" ><div id=\"panel-22000-32-0-0\" class=\"so-panel widget widget_sow-editor panel-first-child panel-last-child\" data-index=\"34\" ><div\n\t\t\t\n\t\t\tclass=\"so-widget-sow-editor so-widget-sow-editor-base\"\n\t\t\t\n\t\t>\n<div class=\"siteorigin-widget-tinymce textwidget\">\n\t<p>Eine andere interessante Beobachtung bei der Stunde der Gartenv\u00f6gel 2022 war die der Rauchschwalben. Deutschlandweit schienen die Beobachtungen n\u00e4mlich um nur 8% zugenommen zu haben. In Berlin dagegen aber um 81%.<\/p>\n<p>Gab es da ebenfalls einen Zusammenhang mit dem sonnigen Wetter und der erh\u00f6hten Anzahl an Insekten in der Luft?<\/p>\n<p>Letztes Jahr sah ich auch schon recht viele Rauchschwalben. Allerdings au\u00dferhalb Berlins in der <a href=\"https:\/\/wildlife-travel.com\/de\/wandern-in-der-doeberitzer-heide\/\" target=\"_blank\" rel=\"noopener\">D\u00f6beritzer Heide<\/a>.<\/p>\n<\/div>\n<\/div><\/div><\/div><\/div><div id=\"pg-22000-33\"  class=\"panel-grid panel-no-style\" ><div id=\"pgc-22000-33-0\"  class=\"panel-grid-cell\" ><div id=\"panel-22000-33-0-0\" class=\"so-panel widget widget_sow-image panel-first-child panel-last-child\" data-index=\"35\" ><div\n\t\t\t\n\t\t\tclass=\"so-widget-sow-image so-widget-sow-image-default-8b5b6f678277-22000\"\n\t\t\t\n\t\t>\n<div class=\"sow-image-container\">\n\t\t<img \n\tsrc=\"https:\/\/wildlife-travel.com\/wp-content\/uploads\/2022\/07\/bird-count-2022-15.jpg\" width=\"1336\" height=\"891\" srcset=\"https:\/\/wildlife-travel.com\/wp-content\/uploads\/2022\/07\/bird-count-2022-15.jpg 1336w, https:\/\/wildlife-travel.com\/wp-content\/uploads\/2022\/07\/bird-count-2022-15-300x200.jpg 300w, https:\/\/wildlife-travel.com\/wp-content\/uploads\/2022\/07\/bird-count-2022-15-1024x683.jpg 1024w, https:\/\/wildlife-travel.com\/wp-content\/uploads\/2022\/07\/bird-count-2022-15-768x512.jpg 768w, https:\/\/wildlife-travel.com\/wp-content\/uploads\/2022\/07\/bird-count-2022-15-840x560.jpg 840w, https:\/\/wildlife-travel.com\/wp-content\/uploads\/2022\/07\/bird-count-2022-15-120x80.jpg 120w, https:\/\/wildlife-travel.com\/wp-content\/uploads\/2022\/07\/bird-count-2022-15-360x240.jpg 360w, https:\/\/wildlife-travel.com\/wp-content\/uploads\/2022\/07\/bird-count-2022-15-600x400.jpg 600w, https:\/\/wildlife-travel.com\/wp-content\/uploads\/2022\/07\/bird-count-2022-15-272x182.jpg 272w\" sizes=\"(max-width: 1336px) 100vw, 1336px\" title=\"stunde-der-gartenv\u00f6gel-2022\" alt=\"Rauchschwalben\" \t\tclass=\"so-widget-image\"\/>\n\t<\/div>\n\n<\/div><\/div><\/div><\/div><div id=\"pg-22000-34\"  class=\"panel-grid panel-no-style\" ><div id=\"pgc-22000-34-0\"  class=\"panel-grid-cell\" ><div id=\"panel-22000-34-0-0\" class=\"so-panel widget widget_sow-editor panel-first-child panel-last-child\" data-index=\"36\" ><div\n\t\t\t\n\t\t\tclass=\"so-widget-sow-editor so-widget-sow-editor-base\"\n\t\t\t\n\t\t>\n<div class=\"siteorigin-widget-tinymce textwidget\">\n\t<p>W\u00e4hrend die Anzahl der einen V\u00f6gel im Vergleich zum Vorjahr zuzunehmen schien, nahmen die gemeldeten Beobachtungen anderer V\u00f6gel dagegen ab.<\/p>\n<p>Ein Beispiel ist der Gartenrotschwanz.<\/p>\n<\/div>\n<\/div><\/div><\/div><\/div><div id=\"pg-22000-35\"  class=\"panel-grid panel-no-style\" ><div id=\"pgc-22000-35-0\"  class=\"panel-grid-cell\" ><div id=\"panel-22000-35-0-0\" class=\"so-panel widget widget_sow-image panel-first-child panel-last-child\" data-index=\"37\" ><div\n\t\t\t\n\t\t\tclass=\"so-widget-sow-image so-widget-sow-image-default-8b5b6f678277-22000\"\n\t\t\t\n\t\t>\n<div class=\"sow-image-container\">\n\t\t<img \n\tsrc=\"https:\/\/wildlife-travel.com\/wp-content\/uploads\/2022\/07\/bird-count-2022-16.jpg\" width=\"1336\" height=\"891\" srcset=\"https:\/\/wildlife-travel.com\/wp-content\/uploads\/2022\/07\/bird-count-2022-16.jpg 1336w, https:\/\/wildlife-travel.com\/wp-content\/uploads\/2022\/07\/bird-count-2022-16-300x200.jpg 300w, https:\/\/wildlife-travel.com\/wp-content\/uploads\/2022\/07\/bird-count-2022-16-1024x683.jpg 1024w, https:\/\/wildlife-travel.com\/wp-content\/uploads\/2022\/07\/bird-count-2022-16-768x512.jpg 768w, https:\/\/wildlife-travel.com\/wp-content\/uploads\/2022\/07\/bird-count-2022-16-840x560.jpg 840w, https:\/\/wildlife-travel.com\/wp-content\/uploads\/2022\/07\/bird-count-2022-16-120x80.jpg 120w, https:\/\/wildlife-travel.com\/wp-content\/uploads\/2022\/07\/bird-count-2022-16-360x240.jpg 360w, https:\/\/wildlife-travel.com\/wp-content\/uploads\/2022\/07\/bird-count-2022-16-600x400.jpg 600w, https:\/\/wildlife-travel.com\/wp-content\/uploads\/2022\/07\/bird-count-2022-16-272x182.jpg 272w\" sizes=\"(max-width: 1336px) 100vw, 1336px\" title=\"stunde-der-gartenv\u00f6gel-2022\" alt=\"Gartenrotschwanz\" \t\tclass=\"so-widget-image\"\/>\n\t<\/div>\n\n<\/div><\/div><\/div><\/div><div id=\"pg-22000-36\"  class=\"panel-grid panel-no-style\" ><div id=\"pgc-22000-36-0\"  class=\"panel-grid-cell\" ><div id=\"panel-22000-36-0-0\" class=\"so-panel widget widget_sow-editor panel-first-child panel-last-child\" data-index=\"38\" ><div\n\t\t\t\n\t\t\tclass=\"so-widget-sow-editor so-widget-sow-editor-base\"\n\t\t\t\n\t\t>\n<div class=\"siteorigin-widget-tinymce textwidget\">\n\t<p>Die Anzahl der gez\u00e4hlten Gartenrotschw\u00e4nze nahm n\u00e4mlich um 22% in Berlin und um 28% deutschlandweit ab.<\/p>\n<p>Was k\u00f6nnte der Grund f\u00fcr diese Beobachtung sein?<\/p>\n<\/div>\n<\/div><\/div><\/div><\/div><div id=\"pg-22000-37\"  class=\"panel-grid panel-no-style\" ><div id=\"pgc-22000-37-0\"  class=\"panel-grid-cell\" ><div id=\"panel-22000-37-0-0\" class=\"so-panel widget widget_sow-editor panel-first-child panel-last-child\" data-index=\"39\" ><div class=\"panel-widget-style panel-widget-style-for-22000-37-0-0\" ><div\n\t\t\t\n\t\t\tclass=\"so-widget-sow-editor so-widget-sow-editor-base\"\n\t\t\t\n\t\t>\n<div class=\"siteorigin-widget-tinymce textwidget\">\n\t<p><span style=\"font-size: 16pt;\"><strong>Information:<\/strong> <\/span>Willst du mehr \u00fcber die Ergebnisse der Stunde der Gartenv\u00f6gel 2022 wissen? Bitte schaue auf die Webseite des NABUs. Dort sind <a href=\"https:\/\/www.nabu.de\/tiere-und-pflanzen\/aktionen-und-projekte\/stunde-der-gartenvoegel\/ergebnisse\/15767.html\" target=\"_blank\" rel=\"nofollow noopener\">alle Ergebnisse<\/a> von diesem Jahr und der vorherigen Jahre ver\u00f6ffentlicht.<\/p>\n<\/div>\n<\/div><\/div><\/div><\/div><\/div><div id=\"pg-22000-38\"  class=\"panel-grid panel-no-style\" ><div id=\"pgc-22000-38-0\"  class=\"panel-grid-cell\" ><div id=\"panel-22000-38-0-0\" class=\"so-panel widget widget_sow-editor panel-first-child panel-last-child\" data-index=\"40\" ><div\n\t\t\t\n\t\t\tclass=\"so-widget-sow-editor so-widget-sow-editor-base\"\n\t\t\t\n\t\t>\n<div class=\"siteorigin-widget-tinymce textwidget\">\n\t<p>Es gibt hier jedoch noch eine wichtige Beobachtung hervorzuheben.<\/p>\n<p>Letztes Jahr war ein gutes Jahr f\u00fcr die Stunde der Gartenv\u00f6gel. Der NABU konnte mehr als 140.000 Teilnehmer f\u00fcr sich gewinnen. Zusammen z\u00e4hlten sie \u00fcber 3.1 Millionen V\u00f6gel.<\/p>\n<p>In 2022 dagegen waren es nur noch etwa 66.800 Teilnehmer am zweiten Wochenende im Mai. Zusammen kamen daher nur noch etwa 1.5 Millionen Vogelbeobachtungen.<\/p>\n<p>Das sind erstaunliche Zahlen. Aber nicht im positiven Sinne. Das ist schwer zu verstehen. Doch k\u00f6nnen diese Zahlen auf die Covid19-Pandemie zur\u00fcckzuf\u00fchren sein? Letztes Jahr gab es aufgrund der Pandemie noch zahlreiche Einschr\u00e4nkungen. In diesem Jahr hatten die Menschen mehr Auswahlm\u00f6glichkeiten bei den Aktivit\u00e4ten, weil viele Einschr\u00e4nkungen weggefallen waren.<\/p>\n<p>Ich denke, dass das schon ein Grund sein k\u00f6nnte f\u00fcr die abnehmende Anzahl an Teilnehmer.<\/p>\n<p>Ich hoffe trotzdem, dass n\u00e4chstes Jahr wieder mehr beim Vogelz\u00e4hlen mitmachen...<\/p>\n<\/div>\n<\/div><\/div><\/div><\/div><div id=\"pg-22000-39\"  class=\"panel-grid panel-no-style\" ><div id=\"pgc-22000-39-0\"  class=\"panel-grid-cell\" ><div id=\"panel-22000-39-0-0\" class=\"so-panel widget widget_sow-image panel-first-child panel-last-child\" data-index=\"41\" ><div\n\t\t\t\n\t\t\tclass=\"so-widget-sow-image so-widget-sow-image-default-8b5b6f678277-22000\"\n\t\t\t\n\t\t>\n<div class=\"sow-image-container\">\n\t\t<img \n\tsrc=\"https:\/\/wildlife-travel.com\/wp-content\/uploads\/2021\/12\/doberitzer-heide-8.jpg\" width=\"1670\" height=\"1113\" srcset=\"https:\/\/wildlife-travel.com\/wp-content\/uploads\/2021\/12\/doberitzer-heide-8.jpg 1670w, https:\/\/wildlife-travel.com\/wp-content\/uploads\/2021\/12\/doberitzer-heide-8-300x200.jpg 300w, https:\/\/wildlife-travel.com\/wp-content\/uploads\/2021\/12\/doberitzer-heide-8-1024x682.jpg 1024w, https:\/\/wildlife-travel.com\/wp-content\/uploads\/2021\/12\/doberitzer-heide-8-768x512.jpg 768w, https:\/\/wildlife-travel.com\/wp-content\/uploads\/2021\/12\/doberitzer-heide-8-1536x1024.jpg 1536w, https:\/\/wildlife-travel.com\/wp-content\/uploads\/2021\/12\/doberitzer-heide-8-840x560.jpg 840w, https:\/\/wildlife-travel.com\/wp-content\/uploads\/2021\/12\/doberitzer-heide-8-120x80.jpg 120w, https:\/\/wildlife-travel.com\/wp-content\/uploads\/2021\/12\/doberitzer-heide-8-360x240.jpg 360w, https:\/\/wildlife-travel.com\/wp-content\/uploads\/2021\/12\/doberitzer-heide-8-600x400.jpg 600w, https:\/\/wildlife-travel.com\/wp-content\/uploads\/2021\/12\/doberitzer-heide-8-272x182.jpg 272w\" sizes=\"(max-width: 1670px) 100vw, 1670px\" title=\"d\u00f6beritzer-heide\" alt=\"Wiedehopf\" \t\tclass=\"so-widget-image\"\/>\n\t<\/div>\n\n<\/div><\/div><\/div><\/div><div id=\"pg-22000-40\"  class=\"panel-grid panel-no-style\" ><div id=\"pgc-22000-40-0\"  class=\"panel-grid-cell\" ><div id=\"panel-22000-40-0-0\" class=\"so-panel widget widget_sow-editor panel-first-child panel-last-child\" data-index=\"42\" ><div class=\"panel-widget-style panel-widget-style-for-22000-40-0-0\" ><div\n\t\t\t\n\t\t\tclass=\"so-widget-sow-editor so-widget-sow-editor-base\"\n\t\t\t\n\t\t>\n<div class=\"siteorigin-widget-tinymce textwidget\">\n\t<p><span style=\"font-size: 16pt;\"><strong>Information<\/strong><\/span>: Wusstest du, dass der Wiedehopf <a href=\"https:\/\/www.nabu.de\/tiere-und-pflanzen\/voegel\/portraets\/wiedehopf\/\" target=\"_blank\" rel=\"nofollow noopener\">Vogel des Jahres<\/a> in 2022 ist? Es gibt \u00fcbrigens den Wiedehopf auch in der N\u00e4he Berlins. Allerdings sind diese V\u00f6gel sehr schwer zu beobachten. Falls du es versuchen m\u00f6chtest, mehr oder weniger gute Chancen diese V\u00f6gel zu sehen gibt es in der <a href=\"https:\/\/wildlife-travel.com\/de\/wandern-in-der-doeberitzer-heide\/\" target=\"_blank\" rel=\"noopener\">D\u00f6beritzer Heide<\/a>.<\/p>\n<\/div>\n<\/div><\/div><\/div><\/div><\/div><div id=\"pg-22000-41\"  class=\"panel-grid panel-no-style\" ><div id=\"pgc-22000-41-0\"  class=\"panel-grid-cell\" ><div id=\"panel-22000-41-0-0\" class=\"so-panel widget widget_sow-editor panel-first-child panel-last-child\" data-index=\"43\" ><div\n\t\t\t\n\t\t\tclass=\"so-widget-sow-editor so-widget-sow-editor-base\"\n\t\t\t\n\t\t>\n<div class=\"siteorigin-widget-tinymce textwidget\">\n\t<h2><span class=\"ez-toc-section\" id=\"Mehr_Informationen\"><\/span>Mehr Informationen<span class=\"ez-toc-section-end\"><\/span><\/h2>\n<\/div>\n<\/div><\/div><\/div><\/div><div id=\"pg-22000-42\"  class=\"panel-grid panel-no-style\" ><div id=\"pgc-22000-42-0\"  class=\"panel-grid-cell\" ><div id=\"panel-22000-42-0-0\" class=\"so-panel widget widget_sow-editor panel-first-child panel-last-child\" data-index=\"44\" ><div class=\"panel-widget-style panel-widget-style-for-22000-42-0-0\" ><div\n\t\t\t\n\t\t\tclass=\"so-widget-sow-editor so-widget-sow-editor-base\"\n\t\t\t\n\t\t>\n<div class=\"siteorigin-widget-tinymce textwidget\">\n\t<p><strong>Stunde der Gartenv\u00f6gel:<\/strong><\/p>\n<p>Stunde der Gartenv\u00f6gel <a href=\"https:\/\/wildlife-travel.com\/de\/die-stunde-der-gartenvoegel-2024\/\" target=\"_blank\" rel=\"noopener\">2024<\/a><\/p>\n<p>Stunde der Gartenv\u00f6gel <a href=\"https:\/\/wildlife-travel.com\/de\/die-stunde-der-gartenvoegel-2021\/\" target=\"_blank\" rel=\"noopener\">2021<\/a><\/p>\n<p>Stunde der Gartenv\u00f6gel <a href=\"https:\/\/wildlife-travel.com\/de\/die-stunde-der-gartenvoegel-voegel-zaehlen-im-mai\/\" target=\"_blank\" rel=\"noopener\">2020<\/a><\/p>\n<p><strong>Stunde der Winterv\u00f6gel:<\/strong><\/p>\n<p>Stunde der Winterv\u00f6gel <a href=\"https:\/\/wildlife-travel.com\/de\/stunde-der-wintervoegel-2023\/\" target=\"_blank\" rel=\"noopener\">2023<\/a><\/p>\n<p>Stunde der Winterv\u00f6gel <a href=\"https:\/\/wildlife-travel.com\/de\/stunde-der-wintervoegel-2022\/\" target=\"_blank\" rel=\"noopener\">2022<\/a><\/p>\n<p>Stunde der Winterv\u00f6gel <a href=\"https:\/\/wildlife-travel.com\/de\/stunde-der-wintervoegel-2021-voegel-zaehlen-in-berlin\/\" target=\"_blank\" rel=\"noopener\">2021<\/a><\/p>\n<p>Stunde der Winterv\u00f6gel <a href=\"https:\/\/wildlife-travel.com\/de\/die-stunde-der-wintervoegel-voegel-zaehlen-im-januar\/\" target=\"_blank\" rel=\"noopener\">2020<\/a><\/p>\n<p><strong>Ergebnisse:<\/strong><\/p>\n<p><a href=\"https:\/\/www.nabu.de\/tiere-und-pflanzen\/aktionen-und-projekte\/stunde-der-gartenvoegel\/ergebnisse\/15767.html\" target=\"_blank\" rel=\"noopener\">Ergebnisse<\/a> der Stunde der Gartenv\u00f6gel 2022<\/p>\n<\/div>\n<\/div><\/div><\/div><\/div><\/div><div id=\"pg-22000-43\"  class=\"panel-grid panel-no-style\" ><div id=\"pgc-22000-43-0\"  class=\"panel-grid-cell\" ><div id=\"panel-22000-43-0-0\" class=\"so-panel widget widget_sow-editor panel-first-child panel-last-child\" data-index=\"45\" ><div\n\t\t\t\n\t\t\tclass=\"so-widget-sow-editor so-widget-sow-editor-base\"\n\t\t\t\n\t\t>\n<div class=\"siteorigin-widget-tinymce textwidget\">\n\t<p><strong>Hast du bei der Stunde der Gartenv\u00f6gel 2022 mitgemacht? Falls ja, lass mich doch in den Kommentaren von deinen Beobachtungen wissen!<\/strong><\/p>\n<\/div>\n<\/div><\/div><\/div><\/div><div id=\"pg-22000-44\"  class=\"panel-grid panel-no-style\" ><div id=\"pgc-22000-44-0\"  class=\"panel-grid-cell\" ><div id=\"panel-22000-44-0-0\" class=\"so-panel widget widget_sow-image panel-first-child panel-last-child\" data-index=\"46\" ><div\n\t\t\t\n\t\t\tclass=\"so-widget-sow-image so-widget-sow-image-default-8b5b6f678277-22000\"\n\t\t\t\n\t\t>\n<div class=\"sow-image-container\">\n\t\t<img \n\tsrc=\"https:\/\/wildlife-travel.com\/wp-content\/uploads\/2022\/07\/bird-count-2022-DE1.jpg\" width=\"800\" height=\"1200\" srcset=\"https:\/\/wildlife-travel.com\/wp-content\/uploads\/2022\/07\/bird-count-2022-DE1.jpg 800w, https:\/\/wildlife-travel.com\/wp-content\/uploads\/2022\/07\/bird-count-2022-DE1-200x300.jpg 200w, https:\/\/wildlife-travel.com\/wp-content\/uploads\/2022\/07\/bird-count-2022-DE1-683x1024.jpg 683w, https:\/\/wildlife-travel.com\/wp-content\/uploads\/2022\/07\/bird-count-2022-DE1-768x1152.jpg 768w\" sizes=\"(max-width: 800px) 100vw, 800px\" title=\"stunde-der-gartenv\u00f6gel-2022\" alt=\"Stunde der Gartenv\u00f6gel 2022\" \t\tclass=\"so-widget-image\"\/>\n\t<\/div>\n\n<\/div><\/div><\/div><div id=\"pgc-22000-44-1\"  class=\"panel-grid-cell\" ><div id=\"panel-22000-44-1-0\" class=\"so-panel widget widget_sow-image panel-first-child panel-last-child\" data-index=\"47\" ><div\n\t\t\t\n\t\t\tclass=\"so-widget-sow-image so-widget-sow-image-default-8b5b6f678277-22000\"\n\t\t\t\n\t\t>\n<div class=\"sow-image-container\">\n\t\t<img \n\tsrc=\"https:\/\/wildlife-travel.com\/wp-content\/uploads\/2022\/07\/bird-count-2022-DE2.jpg\" width=\"800\" height=\"1200\" srcset=\"https:\/\/wildlife-travel.com\/wp-content\/uploads\/2022\/07\/bird-count-2022-DE2.jpg 800w, https:\/\/wildlife-travel.com\/wp-content\/uploads\/2022\/07\/bird-count-2022-DE2-200x300.jpg 200w, https:\/\/wildlife-travel.com\/wp-content\/uploads\/2022\/07\/bird-count-2022-DE2-683x1024.jpg 683w, https:\/\/wildlife-travel.com\/wp-content\/uploads\/2022\/07\/bird-count-2022-DE2-768x1152.jpg 768w\" sizes=\"(max-width: 800px) 100vw, 800px\" title=\"stunde-der-gartenv\u00f6gel-2022\" alt=\"Stunde der Gartenv\u00f6gel 2022\" \t\tclass=\"so-widget-image\"\/>\n\t<\/div>\n\n<\/div><\/div><\/div><\/div><\/div>","protected":false},"excerpt":{"rendered":"","protected":false},"author":1,"featured_media":21979,"comment_status":"open","ping_status":"closed","sticky":false,"template":"","format":"standard","meta":{"_monsterinsights_skip_tracking":false,"_monsterinsights_sitenote_active":false,"_monsterinsights_sitenote_note":"","_monsterinsights_sitenote_category":0,"footnotes":""},"categories":[152,153],"tags":[155,125],"class_list":["post-22000","post","type-post","status-publish","format-standard","has-post-thumbnail","hentry","category-citizen-science-2","category-deutschland","tag-buergerwissenschaften","tag-voegel"],"yoast_head":"<!-- This site is optimized with the Yoast SEO plugin v27.4 - https:\/\/yoast.com\/product\/yoast-seo-wordpress\/ -->\n<title>Stunde der Gartenv\u00f6gel 2022<\/title>\n<meta name=\"description\" content=\"Die Stunde der Gartenv\u00f6gel 2022: Amseln, Kohlmeisen, Eichelh\u00e4her und viele weitere V\u00f6gel im Volkspark Friedrichshain in Berlin...\" \/>\n<meta name=\"robots\" content=\"index, follow, max-snippet:-1, max-image-preview:large, max-video-preview:-1\" \/>\n<link rel=\"canonical\" href=\"https:\/\/wildlife-travel.com\/de\/die-stunde-der-gartenvoegel-2022\/\" \/>\n<meta property=\"og:locale\" content=\"de_DE\" \/>\n<meta property=\"og:type\" content=\"article\" \/>\n<meta property=\"og:title\" content=\"Stunde der Gartenv\u00f6gel 2022\" \/>\n<meta property=\"og:description\" content=\"Die Stunde der Gartenv\u00f6gel 2022: Amseln, Kohlmeisen, Eichelh\u00e4her und viele weitere V\u00f6gel im Volkspark Friedrichshain in Berlin...\" \/>\n<meta property=\"og:url\" content=\"https:\/\/wildlife-travel.com\/de\/die-stunde-der-gartenvoegel-2022\/\" \/>\n<meta property=\"article:published_time\" content=\"2022-05-30T10:00:57+00:00\" \/>\n<meta property=\"article:modified_time\" content=\"2024-08-06T19:40:42+00:00\" \/>\n<meta property=\"og:image\" content=\"https:\/\/wildlife-travel.com\/wp-content\/uploads\/2022\/07\/bird-count-2022.jpg\" \/>\n\t<meta property=\"og:image:width\" content=\"2500\" \/>\n\t<meta property=\"og:image:height\" content=\"800\" \/>\n\t<meta property=\"og:image:type\" content=\"image\/jpeg\" \/>\n<meta name=\"author\" content=\"Tanja Heinz\" \/>\n<meta name=\"twitter:card\" content=\"summary_large_image\" \/>\n<meta name=\"twitter:label1\" content=\"Written by\" \/>\n\t<meta name=\"twitter:data1\" content=\"Tanja Heinz\" \/>\n\t<meta name=\"twitter:label2\" content=\"Est. reading time\" \/>\n\t<meta name=\"twitter:data2\" content=\"11 minutes\" \/>\n<script type=\"application\/ld+json\" class=\"yoast-schema-graph\">{\"@context\":\"https:\\\/\\\/schema.org\",\"@graph\":[{\"@type\":\"Article\",\"@id\":\"https:\\\/\\\/wildlife-travel.com\\\/de\\\/die-stunde-der-gartenvoegel-2022\\\/#article\",\"isPartOf\":{\"@id\":\"https:\\\/\\\/wildlife-travel.com\\\/de\\\/die-stunde-der-gartenvoegel-2022\\\/\"},\"author\":{\"name\":\"Tanja Heinz\",\"@id\":\"https:\\\/\\\/wildlife-travel.com\\\/de\\\/#\\\/schema\\\/person\\\/37ec276948c84f4f860abef1a19c2e62\"},\"headline\":\"Die Stunde der Gartenv\u00f6gel 2022\",\"datePublished\":\"2022-05-30T10:00:57+00:00\",\"dateModified\":\"2024-08-06T19:40:42+00:00\",\"mainEntityOfPage\":{\"@id\":\"https:\\\/\\\/wildlife-travel.com\\\/de\\\/die-stunde-der-gartenvoegel-2022\\\/\"},\"wordCount\":2068,\"commentCount\":0,\"publisher\":{\"@id\":\"https:\\\/\\\/wildlife-travel.com\\\/de\\\/#\\\/schema\\\/person\\\/37ec276948c84f4f860abef1a19c2e62\"},\"image\":{\"@id\":\"https:\\\/\\\/wildlife-travel.com\\\/de\\\/die-stunde-der-gartenvoegel-2022\\\/#primaryimage\"},\"thumbnailUrl\":\"https:\\\/\\\/wildlife-travel.com\\\/wp-content\\\/uploads\\\/2022\\\/07\\\/bird-count-2022.jpg\",\"keywords\":[\"B\u00fcrgerwissenschaften\",\"V\u00f6gel\"],\"articleSection\":[\"Citizen Science\",\"Deutschland\"],\"inLanguage\":\"de-DE\",\"potentialAction\":[{\"@type\":\"CommentAction\",\"name\":\"Comment\",\"target\":[\"https:\\\/\\\/wildlife-travel.com\\\/de\\\/die-stunde-der-gartenvoegel-2022\\\/#respond\"]}]},{\"@type\":\"WebPage\",\"@id\":\"https:\\\/\\\/wildlife-travel.com\\\/de\\\/die-stunde-der-gartenvoegel-2022\\\/\",\"url\":\"https:\\\/\\\/wildlife-travel.com\\\/de\\\/die-stunde-der-gartenvoegel-2022\\\/\",\"name\":\"Stunde der Gartenv\u00f6gel 2022\",\"isPartOf\":{\"@id\":\"https:\\\/\\\/wildlife-travel.com\\\/de\\\/#website\"},\"primaryImageOfPage\":{\"@id\":\"https:\\\/\\\/wildlife-travel.com\\\/de\\\/die-stunde-der-gartenvoegel-2022\\\/#primaryimage\"},\"image\":{\"@id\":\"https:\\\/\\\/wildlife-travel.com\\\/de\\\/die-stunde-der-gartenvoegel-2022\\\/#primaryimage\"},\"thumbnailUrl\":\"https:\\\/\\\/wildlife-travel.com\\\/wp-content\\\/uploads\\\/2022\\\/07\\\/bird-count-2022.jpg\",\"datePublished\":\"2022-05-30T10:00:57+00:00\",\"dateModified\":\"2024-08-06T19:40:42+00:00\",\"description\":\"Die Stunde der Gartenv\u00f6gel 2022: Amseln, Kohlmeisen, Eichelh\u00e4her und viele weitere V\u00f6gel im Volkspark Friedrichshain in Berlin...\",\"breadcrumb\":{\"@id\":\"https:\\\/\\\/wildlife-travel.com\\\/de\\\/die-stunde-der-gartenvoegel-2022\\\/#breadcrumb\"},\"inLanguage\":\"de-DE\",\"potentialAction\":[{\"@type\":\"ReadAction\",\"target\":[\"https:\\\/\\\/wildlife-travel.com\\\/de\\\/die-stunde-der-gartenvoegel-2022\\\/\"]}]},{\"@type\":\"ImageObject\",\"inLanguage\":\"de-DE\",\"@id\":\"https:\\\/\\\/wildlife-travel.com\\\/de\\\/die-stunde-der-gartenvoegel-2022\\\/#primaryimage\",\"url\":\"https:\\\/\\\/wildlife-travel.com\\\/wp-content\\\/uploads\\\/2022\\\/07\\\/bird-count-2022.jpg\",\"contentUrl\":\"https:\\\/\\\/wildlife-travel.com\\\/wp-content\\\/uploads\\\/2022\\\/07\\\/bird-count-2022.jpg\",\"width\":2500,\"height\":800,\"caption\":\"Stunde der Gartenv\u00f6gel 2022\"},{\"@type\":\"BreadcrumbList\",\"@id\":\"https:\\\/\\\/wildlife-travel.com\\\/de\\\/die-stunde-der-gartenvoegel-2022\\\/#breadcrumb\",\"itemListElement\":[{\"@type\":\"ListItem\",\"position\":1,\"name\":\"Startseite\",\"item\":\"https:\\\/\\\/wildlife-travel.com\\\/de\\\/\"},{\"@type\":\"ListItem\",\"position\":2,\"name\":\"Die Stunde der Gartenv\u00f6gel 2022\"}]},{\"@type\":\"WebSite\",\"@id\":\"https:\\\/\\\/wildlife-travel.com\\\/de\\\/#website\",\"url\":\"https:\\\/\\\/wildlife-travel.com\\\/de\\\/\",\"name\":\"\",\"description\":\"Wildlife Travel\",\"publisher\":{\"@id\":\"https:\\\/\\\/wildlife-travel.com\\\/de\\\/#\\\/schema\\\/person\\\/37ec276948c84f4f860abef1a19c2e62\"},\"potentialAction\":[{\"@type\":\"SearchAction\",\"target\":{\"@type\":\"EntryPoint\",\"urlTemplate\":\"https:\\\/\\\/wildlife-travel.com\\\/de\\\/?s={search_term_string}\"},\"query-input\":{\"@type\":\"PropertyValueSpecification\",\"valueRequired\":true,\"valueName\":\"search_term_string\"}}],\"inLanguage\":\"de-DE\"},{\"@type\":[\"Person\",\"Organization\"],\"@id\":\"https:\\\/\\\/wildlife-travel.com\\\/de\\\/#\\\/schema\\\/person\\\/37ec276948c84f4f860abef1a19c2e62\",\"name\":\"Tanja Heinz\",\"logo\":{\"@id\":\"https:\\\/\\\/wildlife-travel.com\\\/de\\\/#\\\/schema\\\/person\\\/image\\\/\"}}]}<\/script>\n<!-- \/ Yoast SEO plugin. -->","yoast_head_json":{"title":"Stunde der Gartenv\u00f6gel 2022","description":"Die Stunde der Gartenv\u00f6gel 2022: Amseln, Kohlmeisen, Eichelh\u00e4her und viele weitere V\u00f6gel im Volkspark Friedrichshain in Berlin...","robots":{"index":"index","follow":"follow","max-snippet":"max-snippet:-1","max-image-preview":"max-image-preview:large","max-video-preview":"max-video-preview:-1"},"canonical":"https:\/\/wildlife-travel.com\/de\/die-stunde-der-gartenvoegel-2022\/","og_locale":"de_DE","og_type":"article","og_title":"Stunde der Gartenv\u00f6gel 2022","og_description":"Die Stunde der Gartenv\u00f6gel 2022: Amseln, Kohlmeisen, Eichelh\u00e4her und viele weitere V\u00f6gel im Volkspark Friedrichshain in Berlin...","og_url":"https:\/\/wildlife-travel.com\/de\/die-stunde-der-gartenvoegel-2022\/","article_published_time":"2022-05-30T10:00:57+00:00","article_modified_time":"2024-08-06T19:40:42+00:00","og_image":[{"width":2500,"height":800,"url":"https:\/\/wildlife-travel.com\/wp-content\/uploads\/2022\/07\/bird-count-2022.jpg","type":"image\/jpeg"}],"author":"Tanja Heinz","twitter_card":"summary_large_image","twitter_misc":{"Written by":"Tanja Heinz","Est. reading time":"11 minutes"},"schema":{"@context":"https:\/\/schema.org","@graph":[{"@type":"Article","@id":"https:\/\/wildlife-travel.com\/de\/die-stunde-der-gartenvoegel-2022\/#article","isPartOf":{"@id":"https:\/\/wildlife-travel.com\/de\/die-stunde-der-gartenvoegel-2022\/"},"author":{"name":"Tanja Heinz","@id":"https:\/\/wildlife-travel.com\/de\/#\/schema\/person\/37ec276948c84f4f860abef1a19c2e62"},"headline":"Die Stunde der Gartenv\u00f6gel 2022","datePublished":"2022-05-30T10:00:57+00:00","dateModified":"2024-08-06T19:40:42+00:00","mainEntityOfPage":{"@id":"https:\/\/wildlife-travel.com\/de\/die-stunde-der-gartenvoegel-2022\/"},"wordCount":2068,"commentCount":0,"publisher":{"@id":"https:\/\/wildlife-travel.com\/de\/#\/schema\/person\/37ec276948c84f4f860abef1a19c2e62"},"image":{"@id":"https:\/\/wildlife-travel.com\/de\/die-stunde-der-gartenvoegel-2022\/#primaryimage"},"thumbnailUrl":"https:\/\/wildlife-travel.com\/wp-content\/uploads\/2022\/07\/bird-count-2022.jpg","keywords":["B\u00fcrgerwissenschaften","V\u00f6gel"],"articleSection":["Citizen Science","Deutschland"],"inLanguage":"de-DE","potentialAction":[{"@type":"CommentAction","name":"Comment","target":["https:\/\/wildlife-travel.com\/de\/die-stunde-der-gartenvoegel-2022\/#respond"]}]},{"@type":"WebPage","@id":"https:\/\/wildlife-travel.com\/de\/die-stunde-der-gartenvoegel-2022\/","url":"https:\/\/wildlife-travel.com\/de\/die-stunde-der-gartenvoegel-2022\/","name":"Stunde der Gartenv\u00f6gel 2022","isPartOf":{"@id":"https:\/\/wildlife-travel.com\/de\/#website"},"primaryImageOfPage":{"@id":"https:\/\/wildlife-travel.com\/de\/die-stunde-der-gartenvoegel-2022\/#primaryimage"},"image":{"@id":"https:\/\/wildlife-travel.com\/de\/die-stunde-der-gartenvoegel-2022\/#primaryimage"},"thumbnailUrl":"https:\/\/wildlife-travel.com\/wp-content\/uploads\/2022\/07\/bird-count-2022.jpg","datePublished":"2022-05-30T10:00:57+00:00","dateModified":"2024-08-06T19:40:42+00:00","description":"Die Stunde der Gartenv\u00f6gel 2022: Amseln, Kohlmeisen, Eichelh\u00e4her und viele weitere V\u00f6gel im Volkspark Friedrichshain in Berlin...","breadcrumb":{"@id":"https:\/\/wildlife-travel.com\/de\/die-stunde-der-gartenvoegel-2022\/#breadcrumb"},"inLanguage":"de-DE","potentialAction":[{"@type":"ReadAction","target":["https:\/\/wildlife-travel.com\/de\/die-stunde-der-gartenvoegel-2022\/"]}]},{"@type":"ImageObject","inLanguage":"de-DE","@id":"https:\/\/wildlife-travel.com\/de\/die-stunde-der-gartenvoegel-2022\/#primaryimage","url":"https:\/\/wildlife-travel.com\/wp-content\/uploads\/2022\/07\/bird-count-2022.jpg","contentUrl":"https:\/\/wildlife-travel.com\/wp-content\/uploads\/2022\/07\/bird-count-2022.jpg","width":2500,"height":800,"caption":"Stunde der Gartenv\u00f6gel 2022"},{"@type":"BreadcrumbList","@id":"https:\/\/wildlife-travel.com\/de\/die-stunde-der-gartenvoegel-2022\/#breadcrumb","itemListElement":[{"@type":"ListItem","position":1,"name":"Startseite","item":"https:\/\/wildlife-travel.com\/de\/"},{"@type":"ListItem","position":2,"name":"Die Stunde der Gartenv\u00f6gel 2022"}]},{"@type":"WebSite","@id":"https:\/\/wildlife-travel.com\/de\/#website","url":"https:\/\/wildlife-travel.com\/de\/","name":"","description":"Wildlife Travel","publisher":{"@id":"https:\/\/wildlife-travel.com\/de\/#\/schema\/person\/37ec276948c84f4f860abef1a19c2e62"},"potentialAction":[{"@type":"SearchAction","target":{"@type":"EntryPoint","urlTemplate":"https:\/\/wildlife-travel.com\/de\/?s={search_term_string}"},"query-input":{"@type":"PropertyValueSpecification","valueRequired":true,"valueName":"search_term_string"}}],"inLanguage":"de-DE"},{"@type":["Person","Organization"],"@id":"https:\/\/wildlife-travel.com\/de\/#\/schema\/person\/37ec276948c84f4f860abef1a19c2e62","name":"Tanja Heinz","logo":{"@id":"https:\/\/wildlife-travel.com\/de\/#\/schema\/person\/image\/"}}]}},"_links":{"self":[{"href":"https:\/\/wildlife-travel.com\/de\/wp-json\/wp\/v2\/posts\/22000","targetHints":{"allow":["GET"]}}],"collection":[{"href":"https:\/\/wildlife-travel.com\/de\/wp-json\/wp\/v2\/posts"}],"about":[{"href":"https:\/\/wildlife-travel.com\/de\/wp-json\/wp\/v2\/types\/post"}],"author":[{"embeddable":true,"href":"https:\/\/wildlife-travel.com\/de\/wp-json\/wp\/v2\/users\/1"}],"replies":[{"embeddable":true,"href":"https:\/\/wildlife-travel.com\/de\/wp-json\/wp\/v2\/comments?post=22000"}],"version-history":[{"count":0,"href":"https:\/\/wildlife-travel.com\/de\/wp-json\/wp\/v2\/posts\/22000\/revisions"}],"wp:featuredmedia":[{"embeddable":true,"href":"https:\/\/wildlife-travel.com\/de\/wp-json\/wp\/v2\/media\/21979"}],"wp:attachment":[{"href":"https:\/\/wildlife-travel.com\/de\/wp-json\/wp\/v2\/media?parent=22000"}],"wp:term":[{"taxonomy":"category","embeddable":true,"href":"https:\/\/wildlife-travel.com\/de\/wp-json\/wp\/v2\/categories?post=22000"},{"taxonomy":"post_tag","embeddable":true,"href":"https:\/\/wildlife-travel.com\/de\/wp-json\/wp\/v2\/tags?post=22000"}],"curies":[{"name":"wp","href":"https:\/\/api.w.org\/{rel}","templated":true}]}}