{"id":23855,"date":"2023-03-26T12:00:11","date_gmt":"2023-03-26T10:00:11","guid":{"rendered":"https:\/\/wildlife-travel.com\/hiking-in-the-azores-pico-island\/"},"modified":"2025-05-03T12:52:02","modified_gmt":"2025-05-03T10:52:02","slug":"wandern-auf-den-azoren-die-insel-pico","status":"publish","type":"post","link":"https:\/\/wildlife-travel.com\/de\/wandern-auf-den-azoren-die-insel-pico\/","title":{"rendered":"Wandern auf den Azoren &#8211; Die Insel Pico"},"content":{"rendered":"<div id=\"pl-23855\"  class=\"panel-layout\" ><div id=\"pg-23855-0\"  class=\"panel-grid panel-no-style\" ><div id=\"pgc-23855-0-0\"  class=\"panel-grid-cell\" ><div id=\"panel-23855-0-0-0\" class=\"so-panel widget widget_sow-editor panel-first-child panel-last-child\" data-index=\"0\" ><div\n\t\t\t\n\t\t\tclass=\"so-widget-sow-editor so-widget-sow-editor-base\"\n\t\t\t\n\t\t>\n<div class=\"siteorigin-widget-tinymce textwidget\">\n\t<p><strong>\u00dcberf\u00fcllte Str\u00e4nde? Ein Betonbau neben dem anderen? Und umgeben von gef\u00fchlt zigtausend Menschen? Das trifft auf alle F\u00e4lle nicht auf die Azoren wie die Insel Pico zu. Vielleicht liegt es ja daran, warum Wandern auf den Azoren eine so beliebte Outdoor-Aktivit\u00e4t unter den Besuchern der Inseln geworden ist? Ich wei\u00df es nicht, aber was ich wei\u00df, ist, dass die Azoren ein perfekter Ort zum Wandern sind und ich einige sch\u00f6ne Landschaften entdecken konnte. In diesem Blogbeitrag schreibe ich von meinen Wandererlebnissen, die ich in einem Fr\u00fchling auf Pico machte. <\/strong><\/p>\n<\/div>\n<\/div><\/div><\/div><\/div><div id=\"pg-23855-1\"  class=\"panel-grid panel-no-style\" ><div id=\"pgc-23855-1-0\"  class=\"panel-grid-cell\" ><div id=\"panel-23855-1-0-0\" class=\"so-panel widget widget_sow-editor panel-first-child panel-last-child\" data-index=\"1\" ><div\n\t\t\t\n\t\t\tclass=\"so-widget-sow-editor so-widget-sow-editor-base\"\n\t\t\t\n\t\t>\n<div class=\"siteorigin-widget-tinymce textwidget\">\n\t<div id=\"ez-toc-container\" class=\"ez-toc-v2_0_82_2 counter-hierarchy ez-toc-counter ez-toc-custom ez-toc-container-direction\">\n<div class=\"ez-toc-title-container\"><p class=\"ez-toc-title\" style=\"cursor:inherit\"><\/p>\n<\/div><nav><ul class='ez-toc-list ez-toc-list-level-1 ' ><li class='ez-toc-page-1 ez-toc-heading-level-2'><a class=\"ez-toc-link ez-toc-heading-1\" href=\"https:\/\/wildlife-travel.com\/de\/wandern-auf-den-azoren-die-insel-pico\/#Wandern_auf_den_Azoren\" >Wandern auf den Azoren<\/a><\/li><li class='ez-toc-page-1 ez-toc-heading-level-2'><a class=\"ez-toc-link ez-toc-heading-2\" href=\"https:\/\/wildlife-travel.com\/de\/wandern-auf-den-azoren-die-insel-pico\/#Wanderwege_auf_den_Azoren\" >Wanderwege auf den Azoren<\/a><ul class='ez-toc-list-level-3' ><li class='ez-toc-heading-level-3'><a class=\"ez-toc-link ez-toc-heading-3\" href=\"https:\/\/wildlife-travel.com\/de\/wandern-auf-den-azoren-die-insel-pico\/#Vinhas_da_Criacao_Velha\" >Vinhas da Cria\u00e7\u00e3o Velha<\/a><\/li><li class='ez-toc-page-1 ez-toc-heading-level-3'><a class=\"ez-toc-link ez-toc-heading-4\" href=\"https:\/\/wildlife-travel.com\/de\/wandern-auf-den-azoren-die-insel-pico\/#Misterios_do_Sul_do_Pico\" >Mist\u00e9rios do Sul do Pico<\/a><\/li><li class='ez-toc-page-1 ez-toc-heading-level-3'><a class=\"ez-toc-link ez-toc-heading-5\" href=\"https:\/\/wildlife-travel.com\/de\/wandern-auf-den-azoren-die-insel-pico\/#Ponta_da_Ilha\" >Ponta da Ilha<\/a><\/li><li class='ez-toc-page-1 ez-toc-heading-level-3'><a class=\"ez-toc-link ez-toc-heading-6\" href=\"https:\/\/wildlife-travel.com\/de\/wandern-auf-den-azoren-die-insel-pico\/#Von_der_Alma_do_Pico_zur_Gruta_das_Torres\" >Von der Alma do Pico zur Gruta das Torres<\/a><\/li><\/ul><\/li><li class='ez-toc-page-1 ez-toc-heading-level-2'><a class=\"ez-toc-link ez-toc-heading-7\" href=\"https:\/\/wildlife-travel.com\/de\/wandern-auf-den-azoren-die-insel-pico\/#Mehr_Informationen_ueber_die_Azoren\" >Mehr Informationen \u00fcber die Azoren<\/a><\/li><\/ul><\/nav><\/div>\n<h2><span class=\"ez-toc-section\" id=\"Wandern_auf_den_Azoren\"><\/span>Wandern auf den Azoren<span class=\"ez-toc-section-end\"><\/span><\/h2>\n<\/div>\n<\/div><\/div><\/div><\/div><div id=\"pg-23855-2\"  class=\"panel-grid panel-no-style\" ><div id=\"pgc-23855-2-0\"  class=\"panel-grid-cell\" ><div id=\"panel-23855-2-0-0\" class=\"so-panel widget widget_sow-editor panel-first-child panel-last-child\" data-index=\"2\" ><div\n\t\t\t\n\t\t\tclass=\"so-widget-sow-editor so-widget-sow-editor-base\"\n\t\t\t\n\t\t>\n<div class=\"siteorigin-widget-tinymce textwidget\">\n\t<p>Pico ist eine der neun Azoreninseln und ein wundersch\u00f6ner Ort f\u00fcr Wanderungen. Da ich jedoch wegen der <a href=\"https:\/\/wildlife-travel.com\/de\/walbeobachtung-auf-den-azoren-insel-pico\/\" target=\"_blank\" rel=\"noopener\">Wale und Delfine<\/a> auf die Azoren gereist bin und ich nur f\u00fcr Halbtagswanderungen Zeit hatte, fragte ich mich schon zu Anfang meines Aufenthalts, ist es m\u00f6glich mit so einem knappen Zeitfenster den Ponta do Pico - den h\u00f6chsten Berg Portugals - zu besteigen? Und das auf einer Halbtagestour?<\/p>\n<p>Wale oder Wandern. Ich muss zugeben, dass ich hin und her gerissen war w\u00e4hrend meines zweiw\u00f6chigen Aufenthalts auf den Azoren. Einerseits wollte ich die Insel Pico entdecken, aber andererseits war ich wegen der Wale auf die Azoren gereist und wollte so viel wie m\u00f6glich von ihnen sehen.<\/p>\n<p>Um es daher gleich vorwegzunehmen. Nein. Ich habe den Ponta do Pico nicht bestiegen, habe daf\u00fcr aber ein paar andere sch\u00f6ne k\u00fcrzere Wanderungen unternommen \u00fcber die ich hier schreiben werde.<\/p>\n<\/div>\n<\/div><\/div><\/div><\/div><div id=\"pg-23855-3\"  class=\"panel-grid panel-no-style\" ><div id=\"pgc-23855-3-0\"  class=\"panel-grid-cell\" ><div id=\"panel-23855-3-0-0\" class=\"so-panel widget widget_sow-image panel-first-child panel-last-child\" data-index=\"3\" ><div\n\t\t\t\n\t\t\tclass=\"so-widget-sow-image so-widget-sow-image-default-8b5b6f678277-23855\"\n\t\t\t\n\t\t>\n<div class=\"sow-image-container\">\n\t\t<img \n\tsrc=\"https:\/\/wildlife-travel.com\/wp-content\/uploads\/2023\/02\/hiking-in-the-azores-1.jpg\" width=\"1276\" height=\"851\" srcset=\"https:\/\/wildlife-travel.com\/wp-content\/uploads\/2023\/02\/hiking-in-the-azores-1.jpg 1276w, https:\/\/wildlife-travel.com\/wp-content\/uploads\/2023\/02\/hiking-in-the-azores-1-300x200.jpg 300w, https:\/\/wildlife-travel.com\/wp-content\/uploads\/2023\/02\/hiking-in-the-azores-1-1024x683.jpg 1024w, https:\/\/wildlife-travel.com\/wp-content\/uploads\/2023\/02\/hiking-in-the-azores-1-768x512.jpg 768w, https:\/\/wildlife-travel.com\/wp-content\/uploads\/2023\/02\/hiking-in-the-azores-1-840x560.jpg 840w, https:\/\/wildlife-travel.com\/wp-content\/uploads\/2023\/02\/hiking-in-the-azores-1-120x80.jpg 120w, https:\/\/wildlife-travel.com\/wp-content\/uploads\/2023\/02\/hiking-in-the-azores-1-360x240.jpg 360w, https:\/\/wildlife-travel.com\/wp-content\/uploads\/2023\/02\/hiking-in-the-azores-1-600x400.jpg 600w, https:\/\/wildlife-travel.com\/wp-content\/uploads\/2023\/02\/hiking-in-the-azores-1-272x182.jpg 272w\" sizes=\"(max-width: 1276px) 100vw, 1276px\" title=\"wandern-auf-den-azoren\" alt=\"Blauwal auf den Azoren\" \t\tclass=\"so-widget-image\"\/>\n\t<\/div>\n\n<\/div><\/div><\/div><div id=\"pgc-23855-3-1\"  class=\"panel-grid-cell\" ><div id=\"panel-23855-3-1-0\" class=\"so-panel widget widget_sow-image panel-first-child panel-last-child\" data-index=\"4\" ><div\n\t\t\t\n\t\t\tclass=\"so-widget-sow-image so-widget-sow-image-default-8b5b6f678277-23855\"\n\t\t\t\n\t\t>\n<div class=\"sow-image-container\">\n\t\t<img \n\tsrc=\"https:\/\/wildlife-travel.com\/wp-content\/uploads\/2023\/02\/hiking-in-the-azores-2.jpg\" width=\"1300\" height=\"867\" srcset=\"https:\/\/wildlife-travel.com\/wp-content\/uploads\/2023\/02\/hiking-in-the-azores-2.jpg 1300w, https:\/\/wildlife-travel.com\/wp-content\/uploads\/2023\/02\/hiking-in-the-azores-2-300x200.jpg 300w, https:\/\/wildlife-travel.com\/wp-content\/uploads\/2023\/02\/hiking-in-the-azores-2-1024x683.jpg 1024w, https:\/\/wildlife-travel.com\/wp-content\/uploads\/2023\/02\/hiking-in-the-azores-2-768x512.jpg 768w, https:\/\/wildlife-travel.com\/wp-content\/uploads\/2023\/02\/hiking-in-the-azores-2-840x560.jpg 840w, https:\/\/wildlife-travel.com\/wp-content\/uploads\/2023\/02\/hiking-in-the-azores-2-120x80.jpg 120w, https:\/\/wildlife-travel.com\/wp-content\/uploads\/2023\/02\/hiking-in-the-azores-2-360x240.jpg 360w, https:\/\/wildlife-travel.com\/wp-content\/uploads\/2023\/02\/hiking-in-the-azores-2-600x400.jpg 600w, https:\/\/wildlife-travel.com\/wp-content\/uploads\/2023\/02\/hiking-in-the-azores-2-272x182.jpg 272w\" sizes=\"(max-width: 1300px) 100vw, 1300px\" title=\"wandern-auf-den-azoren\" alt=\"Gemeiner Delfin auf den Azoren\" \t\tclass=\"so-widget-image\"\/>\n\t<\/div>\n\n<\/div><\/div><\/div><\/div><div id=\"pg-23855-4\"  class=\"panel-grid panel-no-style\" ><div id=\"pgc-23855-4-0\"  class=\"panel-grid-cell\" ><div id=\"panel-23855-4-0-0\" class=\"so-panel widget widget_sow-editor panel-first-child panel-last-child\" data-index=\"5\" ><div\n\t\t\t\n\t\t\tclass=\"so-widget-sow-editor so-widget-sow-editor-base\"\n\t\t\t\n\t\t>\n<div class=\"siteorigin-widget-tinymce textwidget\">\n\t<p>Letzten Endes hatten die Wale und Delfine gewonnen und ich konnte nicht all die Wanderungen machen, die ich mir zuvor ausgedacht hatte.<\/p>\n<p>Warum?<\/p>\n<p>Erstens musste ich f\u00fcr die meisten Wanderwege einen ganzen Tag einplanen, weil die Startpunkte f\u00fcr diese Wanderungen nicht in Madalena waren (dort hatte ich meine Unterkunft).<\/p>\n<p>Zweitens f\u00fchren die Wanderwege auf Pico meistens nur in eine Richtung. Das hei\u00dft, so eine Wanderung durchzuf\u00fchren ist schwierig mit dem Auto und ein gutes \u00f6ffentliches Verkehrsnetz gibt es auf Pico noch nicht. Auch daf\u00fcr h\u00e4tte ich einen ganzen Tag gebraucht.<\/p>\n<p>Na klar. Und wie sollte unter solchen Umst\u00e4nden eine Wanderung auf den 2351 Meter hohen Ponta do Pico an einem halben Tag funktionieren? Nat\u00fcrlich gar nicht.<\/p>\n<\/div>\n<\/div><\/div><\/div><\/div><div id=\"pg-23855-5\"  class=\"panel-grid panel-no-style\" ><div id=\"pgc-23855-5-0\"  class=\"panel-grid-cell\" ><div id=\"panel-23855-5-0-0\" class=\"so-panel widget widget_sow-image panel-first-child panel-last-child\" data-index=\"6\" ><div\n\t\t\t\n\t\t\tclass=\"so-widget-sow-image so-widget-sow-image-default-8b5b6f678277-23855\"\n\t\t\t\n\t\t>\n<div class=\"sow-image-container\">\n\t\t<img \n\tsrc=\"https:\/\/wildlife-travel.com\/wp-content\/uploads\/2023\/02\/hiking-in-the-azores-3.jpg\" width=\"1292\" height=\"861\" srcset=\"https:\/\/wildlife-travel.com\/wp-content\/uploads\/2023\/02\/hiking-in-the-azores-3.jpg 1292w, https:\/\/wildlife-travel.com\/wp-content\/uploads\/2023\/02\/hiking-in-the-azores-3-300x200.jpg 300w, https:\/\/wildlife-travel.com\/wp-content\/uploads\/2023\/02\/hiking-in-the-azores-3-1024x682.jpg 1024w, https:\/\/wildlife-travel.com\/wp-content\/uploads\/2023\/02\/hiking-in-the-azores-3-768x512.jpg 768w, https:\/\/wildlife-travel.com\/wp-content\/uploads\/2023\/02\/hiking-in-the-azores-3-840x560.jpg 840w, https:\/\/wildlife-travel.com\/wp-content\/uploads\/2023\/02\/hiking-in-the-azores-3-120x80.jpg 120w, https:\/\/wildlife-travel.com\/wp-content\/uploads\/2023\/02\/hiking-in-the-azores-3-360x240.jpg 360w, https:\/\/wildlife-travel.com\/wp-content\/uploads\/2023\/02\/hiking-in-the-azores-3-600x400.jpg 600w, https:\/\/wildlife-travel.com\/wp-content\/uploads\/2023\/02\/hiking-in-the-azores-3-272x182.jpg 272w\" sizes=\"(max-width: 1292px) 100vw, 1292px\" title=\"wandern-auf-den-azoren\" alt=\"Pico auf den Azoren\" \t\tclass=\"so-widget-image\"\/>\n\t<\/div>\n\n<\/div><\/div><\/div><\/div><div id=\"pg-23855-6\"  class=\"panel-grid panel-no-style\" ><div id=\"pgc-23855-6-0\"  class=\"panel-grid-cell\" ><div id=\"panel-23855-6-0-0\" class=\"so-panel widget widget_sow-editor panel-first-child panel-last-child\" data-index=\"7\" ><div\n\t\t\t\n\t\t\tclass=\"so-widget-sow-editor so-widget-sow-editor-base\"\n\t\t\t\n\t\t>\n<div class=\"siteorigin-widget-tinymce textwidget\">\n\t<p>Daher sind alle Wanderwege, \u00fcber die ich in diesem Blogbeitrag schreibe, an einem halben Tag zu bew\u00e4ltigen. Weil die Wale meine Priorit\u00e4t hatten, habe ich keine Ganztageswanderungen gemacht.<\/p>\n<p>Es fiel mir einfach zu schwer, jeden Morgen an einer Walbeobachtungstour nicht teilzunehmen. Au\u00dfer das Wetter war schlecht... das passierte in der Tat auch mal. Aber an einem solchen Tag sind Wanderungen leider auch nicht m\u00f6glich.<\/p>\n<p>Aber alles nicht so schlimm. Ich war mit meiner Entscheidung zufrieden.<\/p>\n<p>Auch weil ich lieber einen angenehmen und ruhigen Tag ohne Stress hatte, als zu versuchen, alles M\u00f6gliche an einem Tag zu schaffen.<\/p>\n<p>Und somit sind alle hier von mir beschriebenen Wege an einem halben Tag zu schaffen.<\/p>\n<\/div>\n<\/div><\/div><\/div><\/div><div id=\"pg-23855-7\"  class=\"panel-grid panel-no-style\" ><div id=\"pgc-23855-7-0\"  class=\"panel-grid-cell\" ><div id=\"panel-23855-7-0-0\" class=\"so-panel widget widget_sow-image panel-first-child panel-last-child\" data-index=\"8\" ><div\n\t\t\t\n\t\t\tclass=\"so-widget-sow-image so-widget-sow-image-default-8b5b6f678277-23855\"\n\t\t\t\n\t\t>\n<div class=\"sow-image-container\">\n\t\t<img \n\tsrc=\"https:\/\/wildlife-travel.com\/wp-content\/uploads\/2023\/02\/hiking-in-the-azores-4.jpg\" width=\"1311\" height=\"874\" srcset=\"https:\/\/wildlife-travel.com\/wp-content\/uploads\/2023\/02\/hiking-in-the-azores-4.jpg 1311w, https:\/\/wildlife-travel.com\/wp-content\/uploads\/2023\/02\/hiking-in-the-azores-4-300x200.jpg 300w, https:\/\/wildlife-travel.com\/wp-content\/uploads\/2023\/02\/hiking-in-the-azores-4-1024x683.jpg 1024w, https:\/\/wildlife-travel.com\/wp-content\/uploads\/2023\/02\/hiking-in-the-azores-4-768x512.jpg 768w, https:\/\/wildlife-travel.com\/wp-content\/uploads\/2023\/02\/hiking-in-the-azores-4-840x560.jpg 840w, https:\/\/wildlife-travel.com\/wp-content\/uploads\/2023\/02\/hiking-in-the-azores-4-120x80.jpg 120w, https:\/\/wildlife-travel.com\/wp-content\/uploads\/2023\/02\/hiking-in-the-azores-4-360x240.jpg 360w, https:\/\/wildlife-travel.com\/wp-content\/uploads\/2023\/02\/hiking-in-the-azores-4-600x400.jpg 600w, https:\/\/wildlife-travel.com\/wp-content\/uploads\/2023\/02\/hiking-in-the-azores-4-272x182.jpg 272w\" sizes=\"(max-width: 1311px) 100vw, 1311px\" title=\"wandern-auf-den-azoren\" alt=\"Wandern auf Pico\" \t\tclass=\"so-widget-image\"\/>\n\t<\/div>\n\n<\/div><\/div><\/div><\/div><div id=\"pg-23855-8\"  class=\"panel-grid panel-no-style\" ><div id=\"pgc-23855-8-0\"  class=\"panel-grid-cell\" ><div id=\"panel-23855-8-0-0\" class=\"so-panel widget widget_sow-editor panel-first-child panel-last-child\" data-index=\"9\" ><div class=\"panel-widget-style panel-widget-style-for-23855-8-0-0\" ><div\n\t\t\t\n\t\t\tclass=\"so-widget-sow-editor so-widget-sow-editor-base\"\n\t\t\t\n\t\t>\n<div class=\"siteorigin-widget-tinymce textwidget\">\n\t<p><span style=\"font-size: 16pt;\"><strong>Information:<\/strong><\/span> Es gibt zahlreiche Wanderwege auf Pico und generell auf den Azoren. Eine gute Informationsquelle ist <a href=\"https:\/\/trails.visitazores.com\/de\/wanderwege-der-azoren\/pico\" target=\"_blank\" rel=\"noopener\">Visit Azores<\/a>. Auf dieser Webseite gibt es zahlreiche Tipps und Fotos zu den verschiedenen Wanderwegen.<\/p>\n<\/div>\n<\/div><\/div><\/div><\/div><\/div><div id=\"pg-23855-9\"  class=\"panel-grid panel-no-style\" ><div id=\"pgc-23855-9-0\"  class=\"panel-grid-cell\" ><div id=\"panel-23855-9-0-0\" class=\"so-panel widget widget_sow-editor panel-first-child panel-last-child\" data-index=\"10\" ><div\n\t\t\t\n\t\t\tclass=\"so-widget-sow-editor so-widget-sow-editor-base\"\n\t\t\t\n\t\t>\n<div class=\"siteorigin-widget-tinymce textwidget\">\n\t<h2><span class=\"ez-toc-section\" id=\"Wanderwege_auf_den_Azoren\"><\/span>Wanderwege auf den Azoren<span class=\"ez-toc-section-end\"><\/span><\/h2>\n<\/div>\n<\/div><\/div><\/div><\/div><div id=\"pg-23855-10\"  class=\"panel-grid panel-no-style\" ><div id=\"pgc-23855-10-0\"  class=\"panel-grid-cell\" ><div id=\"panel-23855-10-0-0\" class=\"so-panel widget widget_sow-editor panel-first-child panel-last-child\" data-index=\"11\" ><div\n\t\t\t\n\t\t\tclass=\"so-widget-sow-editor so-widget-sow-editor-base\"\n\t\t\t\n\t\t>\n<div class=\"siteorigin-widget-tinymce textwidget\">\n\t<h3><span class=\"ez-toc-section\" id=\"Vinhas_da_Criacao_Velha\"><\/span>Vinhas da Cria\u00e7\u00e3o Velha<span class=\"ez-toc-section-end\"><\/span><\/h3>\n<\/div>\n<\/div><\/div><\/div><\/div><div id=\"pg-23855-11\"  class=\"panel-grid panel-no-style\" ><div id=\"pgc-23855-11-0\"  class=\"panel-grid-cell\" ><div id=\"panel-23855-11-0-0\" class=\"so-panel widget widget_sow-editor panel-first-child panel-last-child\" data-index=\"12\" ><div\n\t\t\t\n\t\t\tclass=\"so-widget-sow-editor so-widget-sow-editor-base\"\n\t\t\t\n\t\t>\n<div class=\"siteorigin-widget-tinymce textwidget\">\n\t<p>Ein sehr sch\u00f6ner Wanderweg, den man gut an einem Vor- oder Nachmittag machen kann, ist Vinhas da Cria\u00e7\u00e3o Velha (PR05 PIC). Die Wege sind leicht zu wandern. Insgesamt ist der Wanderweg etwa 7km lang. Da es sich jedoch um einen Weg in nur eine Richtung handelt, muss man auch den R\u00fcckweg miteinplanen. Der Wanderweg verbindet Areia Larga - eine Gemeinde von Madalena - und Candel\u00e1ria.<\/p>\n<p>Ich ben\u00f6tigte etwa f\u00fcnf Stunden von Madalena bis Porto do Calhau - einschlie\u00dflich R\u00fcckweg. Ich nahm mir sehr viel Zeit.<\/p>\n<p>Ich ging auf Asphaltstra\u00dfen und auf Schotterwegen.<\/p>\n<\/div>\n<\/div><\/div><\/div><\/div><div id=\"pg-23855-12\"  class=\"panel-grid panel-no-style\" ><div id=\"pgc-23855-12-0\"  class=\"panel-grid-cell\" ><div id=\"panel-23855-12-0-0\" class=\"so-panel widget widget_sow-image panel-first-child panel-last-child\" data-index=\"13\" ><div\n\t\t\t\n\t\t\tclass=\"so-widget-sow-image so-widget-sow-image-default-8b5b6f678277-23855\"\n\t\t\t\n\t\t>\n<div class=\"sow-image-container\">\n\t\t<img \n\tsrc=\"https:\/\/wildlife-travel.com\/wp-content\/uploads\/2023\/02\/hiking-in-the-azores-5.jpg\" width=\"1284\" height=\"856\" srcset=\"https:\/\/wildlife-travel.com\/wp-content\/uploads\/2023\/02\/hiking-in-the-azores-5.jpg 1284w, https:\/\/wildlife-travel.com\/wp-content\/uploads\/2023\/02\/hiking-in-the-azores-5-300x200.jpg 300w, https:\/\/wildlife-travel.com\/wp-content\/uploads\/2023\/02\/hiking-in-the-azores-5-1024x683.jpg 1024w, https:\/\/wildlife-travel.com\/wp-content\/uploads\/2023\/02\/hiking-in-the-azores-5-768x512.jpg 768w, https:\/\/wildlife-travel.com\/wp-content\/uploads\/2023\/02\/hiking-in-the-azores-5-840x560.jpg 840w, https:\/\/wildlife-travel.com\/wp-content\/uploads\/2023\/02\/hiking-in-the-azores-5-120x80.jpg 120w, https:\/\/wildlife-travel.com\/wp-content\/uploads\/2023\/02\/hiking-in-the-azores-5-360x240.jpg 360w, https:\/\/wildlife-travel.com\/wp-content\/uploads\/2023\/02\/hiking-in-the-azores-5-600x400.jpg 600w, https:\/\/wildlife-travel.com\/wp-content\/uploads\/2023\/02\/hiking-in-the-azores-5-272x182.jpg 272w\" sizes=\"(max-width: 1284px) 100vw, 1284px\" title=\"wandern-auf-den-azoren\" alt=\"Vinhas da Cria\u00e7\u00e3o Velha\" \t\tclass=\"so-widget-image\"\/>\n\t<\/div>\n\n<\/div><\/div><\/div><div id=\"pgc-23855-12-1\"  class=\"panel-grid-cell\" ><div id=\"panel-23855-12-1-0\" class=\"so-panel widget widget_sow-image panel-first-child panel-last-child\" data-index=\"14\" ><div\n\t\t\t\n\t\t\tclass=\"so-widget-sow-image so-widget-sow-image-default-8b5b6f678277-23855\"\n\t\t\t\n\t\t>\n<div class=\"sow-image-container\">\n\t\t<img \n\tsrc=\"https:\/\/wildlife-travel.com\/wp-content\/uploads\/2023\/02\/hiking-in-the-azores-6.jpg\" width=\"1336\" height=\"891\" srcset=\"https:\/\/wildlife-travel.com\/wp-content\/uploads\/2023\/02\/hiking-in-the-azores-6.jpg 1336w, https:\/\/wildlife-travel.com\/wp-content\/uploads\/2023\/02\/hiking-in-the-azores-6-300x200.jpg 300w, https:\/\/wildlife-travel.com\/wp-content\/uploads\/2023\/02\/hiking-in-the-azores-6-1024x683.jpg 1024w, https:\/\/wildlife-travel.com\/wp-content\/uploads\/2023\/02\/hiking-in-the-azores-6-768x512.jpg 768w, https:\/\/wildlife-travel.com\/wp-content\/uploads\/2023\/02\/hiking-in-the-azores-6-840x560.jpg 840w, https:\/\/wildlife-travel.com\/wp-content\/uploads\/2023\/02\/hiking-in-the-azores-6-120x80.jpg 120w, https:\/\/wildlife-travel.com\/wp-content\/uploads\/2023\/02\/hiking-in-the-azores-6-360x240.jpg 360w, https:\/\/wildlife-travel.com\/wp-content\/uploads\/2023\/02\/hiking-in-the-azores-6-600x400.jpg 600w, https:\/\/wildlife-travel.com\/wp-content\/uploads\/2023\/02\/hiking-in-the-azores-6-272x182.jpg 272w\" sizes=\"(max-width: 1336px) 100vw, 1336px\" title=\"wandern-auf-den-azoren\" alt=\"Vinhas da Cria\u00e7\u00e3o Velha\" \t\tclass=\"so-widget-image\"\/>\n\t<\/div>\n\n<\/div><\/div><\/div><\/div><div id=\"pg-23855-13\"  class=\"panel-grid panel-no-style\" ><div id=\"pgc-23855-13-0\"  class=\"panel-grid-cell\" ><div id=\"panel-23855-13-0-0\" class=\"so-panel widget widget_sow-editor panel-first-child panel-last-child\" data-index=\"15\" ><div\n\t\t\t\n\t\t\tclass=\"so-widget-sow-editor so-widget-sow-editor-base\"\n\t\t\t\n\t\t>\n<div class=\"siteorigin-widget-tinymce textwidget\">\n\t<p>Der Wanderweg startete als K\u00fcstenweg bei dem ich die Kraft des Meeres zu sp\u00fcren bekam.<\/p>\n<\/div>\n<\/div><\/div><\/div><\/div><div id=\"pg-23855-14\"  class=\"panel-grid panel-no-style\" ><div id=\"pgc-23855-14-0\"  class=\"panel-grid-cell\" ><div id=\"panel-23855-14-0-0\" class=\"so-panel widget widget_sow-image panel-first-child panel-last-child\" data-index=\"16\" ><div\n\t\t\t\n\t\t\tclass=\"so-widget-sow-image so-widget-sow-image-default-8b5b6f678277-23855\"\n\t\t\t\n\t\t>\n<div class=\"sow-image-container\">\n\t\t<img \n\tsrc=\"https:\/\/wildlife-travel.com\/wp-content\/uploads\/2023\/02\/hiking-in-the-azores-7.jpg\" width=\"1336\" height=\"891\" srcset=\"https:\/\/wildlife-travel.com\/wp-content\/uploads\/2023\/02\/hiking-in-the-azores-7.jpg 1336w, https:\/\/wildlife-travel.com\/wp-content\/uploads\/2023\/02\/hiking-in-the-azores-7-300x200.jpg 300w, https:\/\/wildlife-travel.com\/wp-content\/uploads\/2023\/02\/hiking-in-the-azores-7-1024x683.jpg 1024w, https:\/\/wildlife-travel.com\/wp-content\/uploads\/2023\/02\/hiking-in-the-azores-7-768x512.jpg 768w, https:\/\/wildlife-travel.com\/wp-content\/uploads\/2023\/02\/hiking-in-the-azores-7-840x560.jpg 840w, https:\/\/wildlife-travel.com\/wp-content\/uploads\/2023\/02\/hiking-in-the-azores-7-120x80.jpg 120w, https:\/\/wildlife-travel.com\/wp-content\/uploads\/2023\/02\/hiking-in-the-azores-7-360x240.jpg 360w, https:\/\/wildlife-travel.com\/wp-content\/uploads\/2023\/02\/hiking-in-the-azores-7-600x400.jpg 600w, https:\/\/wildlife-travel.com\/wp-content\/uploads\/2023\/02\/hiking-in-the-azores-7-272x182.jpg 272w\" sizes=\"(max-width: 1336px) 100vw, 1336px\" title=\"wandern-auf-den-azoren\" alt=\"K\u00fcste auf den Azoren\" \t\tclass=\"so-widget-image\"\/>\n\t<\/div>\n\n<\/div><\/div><\/div><\/div><div id=\"pg-23855-15\"  class=\"panel-grid panel-no-style\" ><div id=\"pgc-23855-15-0\"  class=\"panel-grid-cell\" ><div id=\"panel-23855-15-0-0\" class=\"so-panel widget widget_sow-editor panel-first-child panel-last-child\" data-index=\"17\" ><div\n\t\t\t\n\t\t\tclass=\"so-widget-sow-editor so-widget-sow-editor-base\"\n\t\t\t\n\t\t>\n<div class=\"siteorigin-widget-tinymce textwidget\">\n\t<p>Der wichtigste Bereich des Wanderweges Vinhas da Cria\u00e7\u00e3o Velha sind die Weingebiete mit ihrer Windm\u00fchle Moinho do Frade. Dort sind auch zahlreiche Steinmauern vulkanischen Ursprungs zu sehen. Diese Steinmauern sollen die Weinreben vor der rauen Natur sch\u00fctzen.<\/p>\n<p>Die Windm\u00fchle Moinho do Frade ist f\u00fcr Besucher ge\u00f6ffnet.<\/p>\n<\/div>\n<\/div><\/div><\/div><\/div><div id=\"pg-23855-16\"  class=\"panel-grid panel-no-style\" ><div id=\"pgc-23855-16-0\"  class=\"panel-grid-cell\" ><div id=\"panel-23855-16-0-0\" class=\"so-panel widget widget_sow-image panel-first-child panel-last-child\" data-index=\"18\" ><div\n\t\t\t\n\t\t\tclass=\"so-widget-sow-image so-widget-sow-image-default-8b5b6f678277-23855\"\n\t\t\t\n\t\t>\n<div class=\"sow-image-container\">\n\t\t<img \n\tsrc=\"https:\/\/wildlife-travel.com\/wp-content\/uploads\/2023\/02\/hiking-in-the-azores-8.jpg\" width=\"1336\" height=\"891\" srcset=\"https:\/\/wildlife-travel.com\/wp-content\/uploads\/2023\/02\/hiking-in-the-azores-8.jpg 1336w, https:\/\/wildlife-travel.com\/wp-content\/uploads\/2023\/02\/hiking-in-the-azores-8-300x200.jpg 300w, https:\/\/wildlife-travel.com\/wp-content\/uploads\/2023\/02\/hiking-in-the-azores-8-1024x683.jpg 1024w, https:\/\/wildlife-travel.com\/wp-content\/uploads\/2023\/02\/hiking-in-the-azores-8-768x512.jpg 768w, https:\/\/wildlife-travel.com\/wp-content\/uploads\/2023\/02\/hiking-in-the-azores-8-840x560.jpg 840w, https:\/\/wildlife-travel.com\/wp-content\/uploads\/2023\/02\/hiking-in-the-azores-8-120x80.jpg 120w, https:\/\/wildlife-travel.com\/wp-content\/uploads\/2023\/02\/hiking-in-the-azores-8-360x240.jpg 360w, https:\/\/wildlife-travel.com\/wp-content\/uploads\/2023\/02\/hiking-in-the-azores-8-600x400.jpg 600w, https:\/\/wildlife-travel.com\/wp-content\/uploads\/2023\/02\/hiking-in-the-azores-8-272x182.jpg 272w\" sizes=\"(max-width: 1336px) 100vw, 1336px\" title=\"wandern-auf-den-azoren\" alt=\"Vinhas da Cria\u00e7\u00e3o Velha\" \t\tclass=\"so-widget-image\"\/>\n\t<\/div>\n\n<\/div><\/div><\/div><\/div><div id=\"pg-23855-17\"  class=\"panel-grid panel-no-style\" ><div id=\"pgc-23855-17-0\"  class=\"panel-grid-cell\" ><div id=\"panel-23855-17-0-0\" class=\"so-panel widget widget_sow-editor panel-first-child panel-last-child\" data-index=\"19\" ><div\n\t\t\t\n\t\t\tclass=\"so-widget-sow-editor so-widget-sow-editor-base\"\n\t\t\t\n\t\t>\n<div class=\"siteorigin-widget-tinymce textwidget\">\n\t<p>Sehr typisch f\u00fcr die Azoren ist das sehr wechselhafte Wetter. Bei einer Wanderung kann es schon vorkommen, dass man auf der einen Seite wundersch\u00f6nes Wetter mit blauem Himmel und Sonne sieht, w\u00e4hrend auf der anderen Seite Nebel die Landschaft tr\u00fcbt. So war es auch auf den Azoren bei meiner Wanderung. Blickte ich Richtung Ponta do Pico ins Landesinnere, blickte ich in eine vernebelte Landschaft. Seew\u00e4rts dagegen herrschte bestes Wetter.<\/p>\n<\/div>\n<\/div><\/div><\/div><\/div><div id=\"pg-23855-18\"  class=\"panel-grid panel-no-style\" ><div id=\"pgc-23855-18-0\"  class=\"panel-grid-cell\" ><div id=\"panel-23855-18-0-0\" class=\"so-panel widget widget_sow-image panel-first-child panel-last-child\" data-index=\"20\" ><div\n\t\t\t\n\t\t\tclass=\"so-widget-sow-image so-widget-sow-image-default-8b5b6f678277-23855\"\n\t\t\t\n\t\t>\n<div class=\"sow-image-container\">\n\t\t<img \n\tsrc=\"https:\/\/wildlife-travel.com\/wp-content\/uploads\/2023\/02\/hiking-in-the-azores-9.jpg\" width=\"1336\" height=\"891\" srcset=\"https:\/\/wildlife-travel.com\/wp-content\/uploads\/2023\/02\/hiking-in-the-azores-9.jpg 1336w, https:\/\/wildlife-travel.com\/wp-content\/uploads\/2023\/02\/hiking-in-the-azores-9-300x200.jpg 300w, https:\/\/wildlife-travel.com\/wp-content\/uploads\/2023\/02\/hiking-in-the-azores-9-1024x683.jpg 1024w, https:\/\/wildlife-travel.com\/wp-content\/uploads\/2023\/02\/hiking-in-the-azores-9-768x512.jpg 768w, https:\/\/wildlife-travel.com\/wp-content\/uploads\/2023\/02\/hiking-in-the-azores-9-840x560.jpg 840w, https:\/\/wildlife-travel.com\/wp-content\/uploads\/2023\/02\/hiking-in-the-azores-9-120x80.jpg 120w, https:\/\/wildlife-travel.com\/wp-content\/uploads\/2023\/02\/hiking-in-the-azores-9-360x240.jpg 360w, https:\/\/wildlife-travel.com\/wp-content\/uploads\/2023\/02\/hiking-in-the-azores-9-600x400.jpg 600w, https:\/\/wildlife-travel.com\/wp-content\/uploads\/2023\/02\/hiking-in-the-azores-9-272x182.jpg 272w\" sizes=\"(max-width: 1336px) 100vw, 1336px\" title=\"wandern-auf-den-azoren\" alt=\"Wandern auf den Azoren\" \t\tclass=\"so-widget-image\"\/>\n\t<\/div>\n\n<\/div><\/div><\/div><div id=\"pgc-23855-18-1\"  class=\"panel-grid-cell\" ><div id=\"panel-23855-18-1-0\" class=\"so-panel widget widget_sow-image panel-first-child panel-last-child\" data-index=\"21\" ><div\n\t\t\t\n\t\t\tclass=\"so-widget-sow-image so-widget-sow-image-default-8b5b6f678277-23855\"\n\t\t\t\n\t\t>\n<div class=\"sow-image-container\">\n\t\t<img \n\tsrc=\"https:\/\/wildlife-travel.com\/wp-content\/uploads\/2023\/02\/hiking-in-the-azores-10.jpg\" width=\"1300\" height=\"867\" srcset=\"https:\/\/wildlife-travel.com\/wp-content\/uploads\/2023\/02\/hiking-in-the-azores-10.jpg 1300w, https:\/\/wildlife-travel.com\/wp-content\/uploads\/2023\/02\/hiking-in-the-azores-10-300x200.jpg 300w, https:\/\/wildlife-travel.com\/wp-content\/uploads\/2023\/02\/hiking-in-the-azores-10-1024x683.jpg 1024w, https:\/\/wildlife-travel.com\/wp-content\/uploads\/2023\/02\/hiking-in-the-azores-10-768x512.jpg 768w, https:\/\/wildlife-travel.com\/wp-content\/uploads\/2023\/02\/hiking-in-the-azores-10-840x560.jpg 840w, https:\/\/wildlife-travel.com\/wp-content\/uploads\/2023\/02\/hiking-in-the-azores-10-120x80.jpg 120w, https:\/\/wildlife-travel.com\/wp-content\/uploads\/2023\/02\/hiking-in-the-azores-10-360x240.jpg 360w, https:\/\/wildlife-travel.com\/wp-content\/uploads\/2023\/02\/hiking-in-the-azores-10-600x400.jpg 600w, https:\/\/wildlife-travel.com\/wp-content\/uploads\/2023\/02\/hiking-in-the-azores-10-272x182.jpg 272w\" sizes=\"(max-width: 1300px) 100vw, 1300px\" title=\"wandern-auf-den-azoren\" alt=\"Wandern auf den Azoren\" \t\tclass=\"so-widget-image\"\/>\n\t<\/div>\n\n<\/div><\/div><\/div><\/div><div id=\"pg-23855-19\"  class=\"panel-grid panel-no-style\" ><div id=\"pgc-23855-19-0\"  class=\"panel-grid-cell\" ><div id=\"panel-23855-19-0-0\" class=\"so-panel widget widget_sow-editor panel-first-child panel-last-child\" data-index=\"22\" ><div\n\t\t\t\n\t\t\tclass=\"so-widget-sow-editor so-widget-sow-editor-base\"\n\t\t\t\n\t\t>\n<div class=\"siteorigin-widget-tinymce textwidget\">\n\t<p>An einem sch\u00f6nen Tag wie ich ihn hatte kann man hin\u00fcber bis zur Nachbarinsel Faial sehen.<\/p>\n<p>Das Weingebiet ist ein wichtiges Gebiet wo angeblich der beste Wein der Azoren produziert wird. Diese Weingebiete wurden von der UNESCO in 2004 sogar zum Welterbe hinzugef\u00fcgt.<\/p>\n<p>Nach der Windm\u00fchle f\u00fchrte ein Wanderweg weiter ins Inselinnere.<\/p>\n<\/div>\n<\/div><\/div><\/div><\/div><div id=\"pg-23855-20\"  class=\"panel-grid panel-no-style\" ><div id=\"pgc-23855-20-0\"  class=\"panel-grid-cell\" ><div id=\"panel-23855-20-0-0\" class=\"so-panel widget widget_sow-image panel-first-child panel-last-child\" data-index=\"23\" ><div\n\t\t\t\n\t\t\tclass=\"so-widget-sow-image so-widget-sow-image-default-8b5b6f678277-23855\"\n\t\t\t\n\t\t>\n<div class=\"sow-image-container\">\n\t\t<img \n\tsrc=\"https:\/\/wildlife-travel.com\/wp-content\/uploads\/2023\/02\/hiking-in-the-azores-11.jpg\" width=\"1336\" height=\"891\" srcset=\"https:\/\/wildlife-travel.com\/wp-content\/uploads\/2023\/02\/hiking-in-the-azores-11.jpg 1336w, https:\/\/wildlife-travel.com\/wp-content\/uploads\/2023\/02\/hiking-in-the-azores-11-300x200.jpg 300w, https:\/\/wildlife-travel.com\/wp-content\/uploads\/2023\/02\/hiking-in-the-azores-11-1024x683.jpg 1024w, https:\/\/wildlife-travel.com\/wp-content\/uploads\/2023\/02\/hiking-in-the-azores-11-768x512.jpg 768w, https:\/\/wildlife-travel.com\/wp-content\/uploads\/2023\/02\/hiking-in-the-azores-11-840x560.jpg 840w, https:\/\/wildlife-travel.com\/wp-content\/uploads\/2023\/02\/hiking-in-the-azores-11-120x80.jpg 120w, https:\/\/wildlife-travel.com\/wp-content\/uploads\/2023\/02\/hiking-in-the-azores-11-360x240.jpg 360w, https:\/\/wildlife-travel.com\/wp-content\/uploads\/2023\/02\/hiking-in-the-azores-11-600x400.jpg 600w, https:\/\/wildlife-travel.com\/wp-content\/uploads\/2023\/02\/hiking-in-the-azores-11-272x182.jpg 272w\" sizes=\"(max-width: 1336px) 100vw, 1336px\" title=\"wandern-auf-den-azoren\" alt=\"Wandern auf den Azoren\" \t\tclass=\"so-widget-image\"\/>\n\t<\/div>\n\n<\/div><\/div><\/div><\/div><div id=\"pg-23855-21\"  class=\"panel-grid panel-no-style\" ><div id=\"pgc-23855-21-0\"  class=\"panel-grid-cell\" ><div id=\"panel-23855-21-0-0\" class=\"so-panel widget widget_sow-editor panel-first-child panel-last-child\" data-index=\"24\" ><div\n\t\t\t\n\t\t\tclass=\"so-widget-sow-editor so-widget-sow-editor-base\"\n\t\t\t\n\t\t>\n<div class=\"siteorigin-widget-tinymce textwidget\">\n\t<p>Landeinw\u00e4rts sind die Wanderwege dichter bewachsen. Aber auch dort s\u00e4umen die typischen Steinmauern vulkanischen Ursprungs die Wanderwege.<\/p>\n<p>Die Wege sind generell flach und es gibt nur wenige kleinere H\u00fcgel zu bew\u00e4ltigen. Daher ist der Wanderweg sehr einfach zu gehen.<\/p>\n<p>Da ich jedoch wieder zur\u00fcck nach Madalena musste, entschied ich mich, nur bis Porto do Calhau zu wandern.<\/p>\n<\/div>\n<\/div><\/div><\/div><\/div><div id=\"pg-23855-22\"  class=\"panel-grid panel-no-style\" ><div id=\"pgc-23855-22-0\"  class=\"panel-grid-cell\" ><div id=\"panel-23855-22-0-0\" class=\"so-panel widget widget_sow-image panel-first-child panel-last-child\" data-index=\"25\" ><div\n\t\t\t\n\t\t\tclass=\"so-widget-sow-image so-widget-sow-image-default-8b5b6f678277-23855\"\n\t\t\t\n\t\t>\n<div class=\"sow-image-container\">\n\t\t<img \n\tsrc=\"https:\/\/wildlife-travel.com\/wp-content\/uploads\/2023\/02\/hiking-in-the-azores-12.jpg\" width=\"1336\" height=\"891\" srcset=\"https:\/\/wildlife-travel.com\/wp-content\/uploads\/2023\/02\/hiking-in-the-azores-12.jpg 1336w, https:\/\/wildlife-travel.com\/wp-content\/uploads\/2023\/02\/hiking-in-the-azores-12-300x200.jpg 300w, https:\/\/wildlife-travel.com\/wp-content\/uploads\/2023\/02\/hiking-in-the-azores-12-1024x683.jpg 1024w, https:\/\/wildlife-travel.com\/wp-content\/uploads\/2023\/02\/hiking-in-the-azores-12-768x512.jpg 768w, https:\/\/wildlife-travel.com\/wp-content\/uploads\/2023\/02\/hiking-in-the-azores-12-840x560.jpg 840w, https:\/\/wildlife-travel.com\/wp-content\/uploads\/2023\/02\/hiking-in-the-azores-12-120x80.jpg 120w, https:\/\/wildlife-travel.com\/wp-content\/uploads\/2023\/02\/hiking-in-the-azores-12-360x240.jpg 360w, https:\/\/wildlife-travel.com\/wp-content\/uploads\/2023\/02\/hiking-in-the-azores-12-600x400.jpg 600w, https:\/\/wildlife-travel.com\/wp-content\/uploads\/2023\/02\/hiking-in-the-azores-12-272x182.jpg 272w\" sizes=\"(max-width: 1336px) 100vw, 1336px\" title=\"wandern-auf-den-azoren\" alt=\"Vinhas da Cria\u00e7\u00e3o Velha\" \t\tclass=\"so-widget-image\"\/>\n\t<\/div>\n\n<\/div><\/div><\/div><\/div><div id=\"pg-23855-23\"  class=\"panel-grid panel-no-style\" ><div id=\"pgc-23855-23-0\"  class=\"panel-grid-cell\" ><div id=\"panel-23855-23-0-0\" class=\"so-panel widget widget_sow-editor panel-first-child panel-last-child\" data-index=\"26\" ><div\n\t\t\t\n\t\t\tclass=\"so-widget-sow-editor so-widget-sow-editor-base\"\n\t\t\t\n\t\t>\n<div class=\"siteorigin-widget-tinymce textwidget\">\n\t<p>Interessant ist, dass ich auf dem Wanderweg nur sehr, sehr wenige Menschen traf. Die meiste Zeit war ich f\u00fcr mich alleine.<\/p>\n<p>Ich wanderte allerdings nicht den gleichen Weg zur\u00fcck. Auf dem R\u00fcckweg nahm ich wieder den K\u00fcstenweg.<\/p>\n<\/div>\n<\/div><\/div><\/div><\/div><div id=\"pg-23855-24\"  class=\"panel-grid panel-no-style\" ><div id=\"pgc-23855-24-0\"  class=\"panel-grid-cell\" ><div id=\"panel-23855-24-0-0\" class=\"so-panel widget widget_sow-image panel-first-child panel-last-child\" data-index=\"27\" ><div\n\t\t\t\n\t\t\tclass=\"so-widget-sow-image so-widget-sow-image-default-8b5b6f678277-23855\"\n\t\t\t\n\t\t>\n<div class=\"sow-image-container\">\n\t\t<img \n\tsrc=\"https:\/\/wildlife-travel.com\/wp-content\/uploads\/2023\/02\/hiking-in-the-azores-13.jpg\" width=\"1280\" height=\"854\" srcset=\"https:\/\/wildlife-travel.com\/wp-content\/uploads\/2023\/02\/hiking-in-the-azores-13.jpg 1280w, https:\/\/wildlife-travel.com\/wp-content\/uploads\/2023\/02\/hiking-in-the-azores-13-300x200.jpg 300w, https:\/\/wildlife-travel.com\/wp-content\/uploads\/2023\/02\/hiking-in-the-azores-13-1024x683.jpg 1024w, https:\/\/wildlife-travel.com\/wp-content\/uploads\/2023\/02\/hiking-in-the-azores-13-768x512.jpg 768w, https:\/\/wildlife-travel.com\/wp-content\/uploads\/2023\/02\/hiking-in-the-azores-13-840x560.jpg 840w, https:\/\/wildlife-travel.com\/wp-content\/uploads\/2023\/02\/hiking-in-the-azores-13-120x80.jpg 120w, https:\/\/wildlife-travel.com\/wp-content\/uploads\/2023\/02\/hiking-in-the-azores-13-360x240.jpg 360w, https:\/\/wildlife-travel.com\/wp-content\/uploads\/2023\/02\/hiking-in-the-azores-13-600x400.jpg 600w, https:\/\/wildlife-travel.com\/wp-content\/uploads\/2023\/02\/hiking-in-the-azores-13-272x182.jpg 272w\" sizes=\"(max-width: 1280px) 100vw, 1280px\" title=\"wandern-auf-den-azoren\" alt=\"Vinhas da Cria\u00e7\u00e3o Velha\" \t\tclass=\"so-widget-image\"\/>\n\t<\/div>\n\n<\/div><\/div><\/div><\/div><div id=\"pg-23855-25\"  class=\"panel-grid panel-no-style\" ><div id=\"pgc-23855-25-0\"  class=\"panel-grid-cell\" ><div id=\"panel-23855-25-0-0\" class=\"so-panel widget widget_sow-editor panel-first-child panel-last-child\" data-index=\"28\" ><div\n\t\t\t\n\t\t\tclass=\"so-widget-sow-editor so-widget-sow-editor-base\"\n\t\t\t\n\t\t>\n<div class=\"siteorigin-widget-tinymce textwidget\">\n\t<p>Es war eine gute Entscheidung, denn so konnte ich noch mehr von der Insel Pico sehen. Und nat\u00fcrlich genoss ich die N\u00e4he zum Meer.<\/p>\n<p>Wandern auf den Azoren ist auch eine gute M\u00f6glichkeit, die Pflanzenwelt kennenzulernen. Entlang des Weges entdeckte ich ein paar Wildblumen wie beispielsweise der Acker-Gauchheil (linkes Foto) oder das L\u00f6wenm\u00e4ulchen (rechtes Foto).<\/p>\n<\/div>\n<\/div><\/div><\/div><\/div><div id=\"pg-23855-26\"  class=\"panel-grid panel-no-style\" ><div id=\"pgc-23855-26-0\"  class=\"panel-grid-cell\" ><div id=\"panel-23855-26-0-0\" class=\"so-panel widget widget_sow-image panel-first-child panel-last-child\" data-index=\"29\" ><div\n\t\t\t\n\t\t\tclass=\"so-widget-sow-image so-widget-sow-image-default-8b5b6f678277-23855\"\n\t\t\t\n\t\t>\n<div class=\"sow-image-container\">\n\t\t<img \n\tsrc=\"https:\/\/wildlife-travel.com\/wp-content\/uploads\/2023\/02\/hiking-in-the-azores-14.jpg\" width=\"1336\" height=\"891\" srcset=\"https:\/\/wildlife-travel.com\/wp-content\/uploads\/2023\/02\/hiking-in-the-azores-14.jpg 1336w, https:\/\/wildlife-travel.com\/wp-content\/uploads\/2023\/02\/hiking-in-the-azores-14-300x200.jpg 300w, https:\/\/wildlife-travel.com\/wp-content\/uploads\/2023\/02\/hiking-in-the-azores-14-1024x683.jpg 1024w, https:\/\/wildlife-travel.com\/wp-content\/uploads\/2023\/02\/hiking-in-the-azores-14-768x512.jpg 768w, https:\/\/wildlife-travel.com\/wp-content\/uploads\/2023\/02\/hiking-in-the-azores-14-840x560.jpg 840w, https:\/\/wildlife-travel.com\/wp-content\/uploads\/2023\/02\/hiking-in-the-azores-14-120x80.jpg 120w, https:\/\/wildlife-travel.com\/wp-content\/uploads\/2023\/02\/hiking-in-the-azores-14-360x240.jpg 360w, https:\/\/wildlife-travel.com\/wp-content\/uploads\/2023\/02\/hiking-in-the-azores-14-600x400.jpg 600w, https:\/\/wildlife-travel.com\/wp-content\/uploads\/2023\/02\/hiking-in-the-azores-14-272x182.jpg 272w\" sizes=\"(max-width: 1336px) 100vw, 1336px\" title=\"wandern-auf-den-azoren\" alt=\"Flora auf Pico\" \t\tclass=\"so-widget-image\"\/>\n\t<\/div>\n\n<\/div><\/div><\/div><div id=\"pgc-23855-26-1\"  class=\"panel-grid-cell\" ><div id=\"panel-23855-26-1-0\" class=\"so-panel widget widget_sow-image panel-first-child panel-last-child\" data-index=\"30\" ><div\n\t\t\t\n\t\t\tclass=\"so-widget-sow-image so-widget-sow-image-default-8b5b6f678277-23855\"\n\t\t\t\n\t\t>\n<div class=\"sow-image-container\">\n\t\t<img \n\tsrc=\"https:\/\/wildlife-travel.com\/wp-content\/uploads\/2023\/02\/hiking-in-the-azores-15.jpg\" width=\"1336\" height=\"891\" srcset=\"https:\/\/wildlife-travel.com\/wp-content\/uploads\/2023\/02\/hiking-in-the-azores-15.jpg 1336w, https:\/\/wildlife-travel.com\/wp-content\/uploads\/2023\/02\/hiking-in-the-azores-15-300x200.jpg 300w, https:\/\/wildlife-travel.com\/wp-content\/uploads\/2023\/02\/hiking-in-the-azores-15-1024x683.jpg 1024w, https:\/\/wildlife-travel.com\/wp-content\/uploads\/2023\/02\/hiking-in-the-azores-15-768x512.jpg 768w, https:\/\/wildlife-travel.com\/wp-content\/uploads\/2023\/02\/hiking-in-the-azores-15-840x560.jpg 840w, https:\/\/wildlife-travel.com\/wp-content\/uploads\/2023\/02\/hiking-in-the-azores-15-120x80.jpg 120w, https:\/\/wildlife-travel.com\/wp-content\/uploads\/2023\/02\/hiking-in-the-azores-15-360x240.jpg 360w, https:\/\/wildlife-travel.com\/wp-content\/uploads\/2023\/02\/hiking-in-the-azores-15-600x400.jpg 600w, https:\/\/wildlife-travel.com\/wp-content\/uploads\/2023\/02\/hiking-in-the-azores-15-272x182.jpg 272w\" sizes=\"(max-width: 1336px) 100vw, 1336px\" title=\"wandern-auf-den-azoren\" alt=\"Flora auf Pico\" \t\tclass=\"so-widget-image\"\/>\n\t<\/div>\n\n<\/div><\/div><\/div><\/div><div id=\"pg-23855-27\"  class=\"panel-grid panel-no-style\" ><div id=\"pgc-23855-27-0\"  class=\"panel-grid-cell\" ><div id=\"panel-23855-27-0-0\" class=\"so-panel widget widget_sow-editor panel-first-child panel-last-child\" data-index=\"31\" ><div class=\"panel-widget-style panel-widget-style-for-23855-27-0-0\" ><div\n\t\t\t\n\t\t\tclass=\"so-widget-sow-editor so-widget-sow-editor-base\"\n\t\t\t\n\t\t>\n<div class=\"siteorigin-widget-tinymce textwidget\">\n\t<p><span style=\"font-size: 16pt;\"><strong>Tipp:<\/strong><\/span> Ich nutzte eine App f\u00fcr die Planung meiner Wanderungen. Das war sehr hilfreich. Denn mit dieser App, stand mir eine Offline-Karte zur Verf\u00fcgung. Ich habe die Bezahlversion der App und bin bis jetzt mit ihr sehr zufrieden.<\/p>\n<\/div>\n<\/div><\/div><\/div><\/div><\/div><div id=\"pg-23855-28\"  class=\"panel-grid panel-no-style\" ><div id=\"pgc-23855-28-0\"  class=\"panel-grid-cell\" ><div id=\"panel-23855-28-0-0\" class=\"so-panel widget widget_sow-editor panel-first-child panel-last-child\" data-index=\"32\" ><div\n\t\t\t\n\t\t\tclass=\"so-widget-sow-editor so-widget-sow-editor-base\"\n\t\t\t\n\t\t>\n<div class=\"siteorigin-widget-tinymce textwidget\">\n\t<h3><span class=\"ez-toc-section\" id=\"Misterios_do_Sul_do_Pico\"><\/span>Mist\u00e9rios do Sul do Pico<span class=\"ez-toc-section-end\"><\/span><\/h3>\n<\/div>\n<\/div><\/div><\/div><\/div><div id=\"pg-23855-29\"  class=\"panel-grid panel-no-style\" ><div id=\"pgc-23855-29-0\"  class=\"panel-grid-cell\" ><div id=\"panel-23855-29-0-0\" class=\"so-panel widget widget_sow-editor panel-first-child panel-last-child\" data-index=\"33\" ><div\n\t\t\t\n\t\t\tclass=\"so-widget-sow-editor so-widget-sow-editor-base\"\n\t\t\t\n\t\t>\n<div class=\"siteorigin-widget-tinymce textwidget\">\n\t<p>Ein weiterer sch\u00f6ner Wanderweg ist Mist\u00e9rios do Sul do Pico (PR15 PIC). Bei diesem Wanderweg handelt es sich wieder um einen Weg, der nur in eine Richtung f\u00fchrt. Daher konnte ich auch diesen Weg nur an einem Nachmittag wandern. Wobei selbst ein Nachmittag war bei mir nicht ausreichend. Ich ging lediglich einen Teil des Weges. Ich musste n\u00e4mlich zuerst von Madalena zum Startpunkt des Weges fahren und dann wieder den Weg, den ich gewandert war, zur\u00fcckwandern.<\/p>\n<p>Der Wanderweg beginnt in der N\u00e4he des Parkplatzes im Parque Florestal de Recreio de S\u00e3o Jo\u00e3o Pequenino. Am Anfang des Weges s\u00e4umten noch viele B\u00e4ume den Weg.<\/p>\n<\/div>\n<\/div><\/div><\/div><\/div><div id=\"pg-23855-30\"  class=\"panel-grid panel-no-style\" ><div id=\"pgc-23855-30-0\"  class=\"panel-grid-cell\" ><div id=\"panel-23855-30-0-0\" class=\"so-panel widget widget_sow-image panel-first-child panel-last-child\" data-index=\"34\" ><div\n\t\t\t\n\t\t\tclass=\"so-widget-sow-image so-widget-sow-image-default-8b5b6f678277-23855\"\n\t\t\t\n\t\t>\n<div class=\"sow-image-container\">\n\t\t<img \n\tsrc=\"https:\/\/wildlife-travel.com\/wp-content\/uploads\/2023\/02\/hiking-in-the-azores-16.jpg\" width=\"1336\" height=\"891\" srcset=\"https:\/\/wildlife-travel.com\/wp-content\/uploads\/2023\/02\/hiking-in-the-azores-16.jpg 1336w, https:\/\/wildlife-travel.com\/wp-content\/uploads\/2023\/02\/hiking-in-the-azores-16-300x200.jpg 300w, https:\/\/wildlife-travel.com\/wp-content\/uploads\/2023\/02\/hiking-in-the-azores-16-1024x683.jpg 1024w, https:\/\/wildlife-travel.com\/wp-content\/uploads\/2023\/02\/hiking-in-the-azores-16-768x512.jpg 768w, https:\/\/wildlife-travel.com\/wp-content\/uploads\/2023\/02\/hiking-in-the-azores-16-840x560.jpg 840w, https:\/\/wildlife-travel.com\/wp-content\/uploads\/2023\/02\/hiking-in-the-azores-16-120x80.jpg 120w, https:\/\/wildlife-travel.com\/wp-content\/uploads\/2023\/02\/hiking-in-the-azores-16-360x240.jpg 360w, https:\/\/wildlife-travel.com\/wp-content\/uploads\/2023\/02\/hiking-in-the-azores-16-600x400.jpg 600w, https:\/\/wildlife-travel.com\/wp-content\/uploads\/2023\/02\/hiking-in-the-azores-16-272x182.jpg 272w\" sizes=\"(max-width: 1336px) 100vw, 1336px\" title=\"wandern-auf-den-azoren\" alt=\"Wandern auf den Azoren\" \t\tclass=\"so-widget-image\"\/>\n\t<\/div>\n\n<\/div><\/div><\/div><div id=\"pgc-23855-30-1\"  class=\"panel-grid-cell\" ><div id=\"panel-23855-30-1-0\" class=\"so-panel widget widget_sow-image panel-first-child panel-last-child\" data-index=\"35\" ><div\n\t\t\t\n\t\t\tclass=\"so-widget-sow-image so-widget-sow-image-default-8b5b6f678277-23855\"\n\t\t\t\n\t\t>\n<div class=\"sow-image-container\">\n\t\t<img \n\tsrc=\"https:\/\/wildlife-travel.com\/wp-content\/uploads\/2023\/02\/hiking-in-the-azores-17.jpg\" width=\"1336\" height=\"891\" srcset=\"https:\/\/wildlife-travel.com\/wp-content\/uploads\/2023\/02\/hiking-in-the-azores-17.jpg 1336w, https:\/\/wildlife-travel.com\/wp-content\/uploads\/2023\/02\/hiking-in-the-azores-17-300x200.jpg 300w, https:\/\/wildlife-travel.com\/wp-content\/uploads\/2023\/02\/hiking-in-the-azores-17-1024x683.jpg 1024w, https:\/\/wildlife-travel.com\/wp-content\/uploads\/2023\/02\/hiking-in-the-azores-17-768x512.jpg 768w, https:\/\/wildlife-travel.com\/wp-content\/uploads\/2023\/02\/hiking-in-the-azores-17-840x560.jpg 840w, https:\/\/wildlife-travel.com\/wp-content\/uploads\/2023\/02\/hiking-in-the-azores-17-120x80.jpg 120w, https:\/\/wildlife-travel.com\/wp-content\/uploads\/2023\/02\/hiking-in-the-azores-17-360x240.jpg 360w, https:\/\/wildlife-travel.com\/wp-content\/uploads\/2023\/02\/hiking-in-the-azores-17-600x400.jpg 600w, https:\/\/wildlife-travel.com\/wp-content\/uploads\/2023\/02\/hiking-in-the-azores-17-272x182.jpg 272w\" sizes=\"(max-width: 1336px) 100vw, 1336px\" title=\"wandern-auf-den-azoren\" alt=\"Mist\u00e9rios do Sul do Pico\" \t\tclass=\"so-widget-image\"\/>\n\t<\/div>\n\n<\/div><\/div><\/div><\/div><div id=\"pg-23855-31\"  class=\"panel-grid panel-no-style\" ><div id=\"pgc-23855-31-0\"  class=\"panel-grid-cell\" ><div id=\"panel-23855-31-0-0\" class=\"so-panel widget widget_sow-editor panel-first-child panel-last-child\" data-index=\"36\" ><div\n\t\t\t\n\t\t\tclass=\"so-widget-sow-editor so-widget-sow-editor-base\"\n\t\t\t\n\t\t>\n<div class=\"siteorigin-widget-tinymce textwidget\">\n\t<p>\u00c4hnlich wie auf dem Wanderweg Vinhas da Cria\u00e7\u00e3o Velha, wechselten sich Asphaltwege und Schotterwege ab.<\/p>\n<p>Ich entschied mich, den Schotterweg in Richtung Meer zu wandern. Es gab zu Beginn des Weges n\u00e4mliche verschiedene Optionen.<\/p>\n<\/div>\n<\/div><\/div><\/div><\/div><div id=\"pg-23855-32\"  class=\"panel-grid panel-no-style\" ><div id=\"pgc-23855-32-0\"  class=\"panel-grid-cell\" ><div id=\"panel-23855-32-0-0\" class=\"so-panel widget widget_sow-image panel-first-child panel-last-child\" data-index=\"37\" ><div\n\t\t\t\n\t\t\tclass=\"so-widget-sow-image so-widget-sow-image-default-8b5b6f678277-23855\"\n\t\t\t\n\t\t>\n<div class=\"sow-image-container\">\n\t\t<img \n\tsrc=\"https:\/\/wildlife-travel.com\/wp-content\/uploads\/2023\/02\/hiking-in-the-azores-18.jpg\" width=\"1296\" height=\"864\" srcset=\"https:\/\/wildlife-travel.com\/wp-content\/uploads\/2023\/02\/hiking-in-the-azores-18.jpg 1296w, https:\/\/wildlife-travel.com\/wp-content\/uploads\/2023\/02\/hiking-in-the-azores-18-300x200.jpg 300w, https:\/\/wildlife-travel.com\/wp-content\/uploads\/2023\/02\/hiking-in-the-azores-18-1024x683.jpg 1024w, https:\/\/wildlife-travel.com\/wp-content\/uploads\/2023\/02\/hiking-in-the-azores-18-768x512.jpg 768w, https:\/\/wildlife-travel.com\/wp-content\/uploads\/2023\/02\/hiking-in-the-azores-18-840x560.jpg 840w, https:\/\/wildlife-travel.com\/wp-content\/uploads\/2023\/02\/hiking-in-the-azores-18-120x80.jpg 120w, https:\/\/wildlife-travel.com\/wp-content\/uploads\/2023\/02\/hiking-in-the-azores-18-360x240.jpg 360w, https:\/\/wildlife-travel.com\/wp-content\/uploads\/2023\/02\/hiking-in-the-azores-18-600x400.jpg 600w, https:\/\/wildlife-travel.com\/wp-content\/uploads\/2023\/02\/hiking-in-the-azores-18-272x182.jpg 272w\" sizes=\"(max-width: 1296px) 100vw, 1296px\" title=\"wandern-auf-den-azoren\" alt=\"Mist\u00e9rios do Sul do Pico\" \t\tclass=\"so-widget-image\"\/>\n\t<\/div>\n\n<\/div><\/div><\/div><\/div><div id=\"pg-23855-33\"  class=\"panel-grid panel-no-style\" ><div id=\"pgc-23855-33-0\"  class=\"panel-grid-cell\" ><div id=\"panel-23855-33-0-0\" class=\"so-panel widget widget_sow-editor panel-first-child panel-last-child\" data-index=\"38\" ><div\n\t\t\t\n\t\t\tclass=\"so-widget-sow-editor so-widget-sow-editor-base\"\n\t\t\t\n\t\t>\n<div class=\"siteorigin-widget-tinymce textwidget\">\n\t<p>Und wieder war ich fast ganz f\u00fcr mich alleine. Auf diesem Wanderweg traf ich auf noch viel weniger Menschen als auf dem Weg Vinhas da Cria\u00e7\u00e3o Velha - obwohl der Parque Florestal de Recreio de S\u00e3o Jo\u00e3o Pequenino ein beliebtes und sch\u00f6nes Naherholungsgebiet ist. Am Anfang des Weges in der N\u00e4he des Parkplatzes sah ich n\u00e4mlich einige Menschen sitzen, reden, lachen, spielen usw.<\/p>\n<p>Es war ein Sonntagnachmittag und ich hatte den Wanderweg und das weite Meer gef\u00fchlt ganz f\u00fcr mich alleine.<\/p>\n<\/div>\n<\/div><\/div><\/div><\/div><div id=\"pg-23855-34\"  class=\"panel-grid panel-no-style\" ><div id=\"pgc-23855-34-0\"  class=\"panel-grid-cell\" ><div id=\"panel-23855-34-0-0\" class=\"so-panel widget widget_sow-image panel-first-child panel-last-child\" data-index=\"39\" ><div\n\t\t\t\n\t\t\tclass=\"so-widget-sow-image so-widget-sow-image-default-8b5b6f678277-23855\"\n\t\t\t\n\t\t>\n<div class=\"sow-image-container\">\n\t\t<img \n\tsrc=\"https:\/\/wildlife-travel.com\/wp-content\/uploads\/2023\/02\/hiking-in-the-azores-19.jpg\" width=\"1336\" height=\"891\" srcset=\"https:\/\/wildlife-travel.com\/wp-content\/uploads\/2023\/02\/hiking-in-the-azores-19.jpg 1336w, https:\/\/wildlife-travel.com\/wp-content\/uploads\/2023\/02\/hiking-in-the-azores-19-300x200.jpg 300w, https:\/\/wildlife-travel.com\/wp-content\/uploads\/2023\/02\/hiking-in-the-azores-19-1024x683.jpg 1024w, https:\/\/wildlife-travel.com\/wp-content\/uploads\/2023\/02\/hiking-in-the-azores-19-768x512.jpg 768w, https:\/\/wildlife-travel.com\/wp-content\/uploads\/2023\/02\/hiking-in-the-azores-19-840x560.jpg 840w, https:\/\/wildlife-travel.com\/wp-content\/uploads\/2023\/02\/hiking-in-the-azores-19-120x80.jpg 120w, https:\/\/wildlife-travel.com\/wp-content\/uploads\/2023\/02\/hiking-in-the-azores-19-360x240.jpg 360w, https:\/\/wildlife-travel.com\/wp-content\/uploads\/2023\/02\/hiking-in-the-azores-19-600x400.jpg 600w, https:\/\/wildlife-travel.com\/wp-content\/uploads\/2023\/02\/hiking-in-the-azores-19-272x182.jpg 272w\" sizes=\"(max-width: 1336px) 100vw, 1336px\" title=\"wandern-auf-den-azoren\" alt=\"Wandern auf den Azoren\" \t\tclass=\"so-widget-image\"\/>\n\t<\/div>\n\n<\/div><\/div><\/div><div id=\"pgc-23855-34-1\"  class=\"panel-grid-cell\" ><div id=\"panel-23855-34-1-0\" class=\"so-panel widget widget_sow-image panel-first-child panel-last-child\" data-index=\"40\" ><div\n\t\t\t\n\t\t\tclass=\"so-widget-sow-image so-widget-sow-image-default-8b5b6f678277-23855\"\n\t\t\t\n\t\t>\n<div class=\"sow-image-container\">\n\t\t<img \n\tsrc=\"https:\/\/wildlife-travel.com\/wp-content\/uploads\/2023\/02\/hiking-in-the-azores-20.jpg\" width=\"1280\" height=\"853\" srcset=\"https:\/\/wildlife-travel.com\/wp-content\/uploads\/2023\/02\/hiking-in-the-azores-20.jpg 1280w, https:\/\/wildlife-travel.com\/wp-content\/uploads\/2023\/02\/hiking-in-the-azores-20-300x200.jpg 300w, https:\/\/wildlife-travel.com\/wp-content\/uploads\/2023\/02\/hiking-in-the-azores-20-1024x682.jpg 1024w, https:\/\/wildlife-travel.com\/wp-content\/uploads\/2023\/02\/hiking-in-the-azores-20-768x512.jpg 768w, https:\/\/wildlife-travel.com\/wp-content\/uploads\/2023\/02\/hiking-in-the-azores-20-840x560.jpg 840w, https:\/\/wildlife-travel.com\/wp-content\/uploads\/2023\/02\/hiking-in-the-azores-20-120x80.jpg 120w, https:\/\/wildlife-travel.com\/wp-content\/uploads\/2023\/02\/hiking-in-the-azores-20-360x240.jpg 360w, https:\/\/wildlife-travel.com\/wp-content\/uploads\/2023\/02\/hiking-in-the-azores-20-600x400.jpg 600w, https:\/\/wildlife-travel.com\/wp-content\/uploads\/2023\/02\/hiking-in-the-azores-20-272x182.jpg 272w\" sizes=\"(max-width: 1280px) 100vw, 1280px\" title=\"wandern-auf-den-azoren\" alt=\"Wandern auf den Azoren\" \t\tclass=\"so-widget-image\"\/>\n\t<\/div>\n\n<\/div><\/div><\/div><\/div><div id=\"pg-23855-35\"  class=\"panel-grid panel-no-style\" ><div id=\"pgc-23855-35-0\"  class=\"panel-grid-cell\" ><div id=\"panel-23855-35-0-0\" class=\"so-panel widget widget_sow-editor panel-first-child panel-last-child\" data-index=\"41\" ><div\n\t\t\t\n\t\t\tclass=\"so-widget-sow-editor so-widget-sow-editor-base\"\n\t\t\t\n\t\t>\n<div class=\"siteorigin-widget-tinymce textwidget\">\n\t<p>Wie es f\u00fcr die Azoren ganz typisch ist, na klar, hatte ich auf der Meerseite sch\u00f6nstes sonniges Wetter, w\u00e4hrend landeinw\u00e4rts der Nebel die Landschaft verdeckte.<\/p>\n<\/div>\n<\/div><\/div><\/div><\/div><div id=\"pg-23855-36\"  class=\"panel-grid panel-no-style\" ><div id=\"pgc-23855-36-0\"  class=\"panel-grid-cell\" ><div id=\"panel-23855-36-0-0\" class=\"so-panel widget widget_sow-image panel-first-child panel-last-child\" data-index=\"42\" ><div\n\t\t\t\n\t\t\tclass=\"so-widget-sow-image so-widget-sow-image-default-8b5b6f678277-23855\"\n\t\t\t\n\t\t>\n<div class=\"sow-image-container\">\n\t\t<img \n\tsrc=\"https:\/\/wildlife-travel.com\/wp-content\/uploads\/2023\/02\/hiking-in-the-azores-21.jpg\" width=\"1336\" height=\"891\" srcset=\"https:\/\/wildlife-travel.com\/wp-content\/uploads\/2023\/02\/hiking-in-the-azores-21.jpg 1336w, https:\/\/wildlife-travel.com\/wp-content\/uploads\/2023\/02\/hiking-in-the-azores-21-300x200.jpg 300w, https:\/\/wildlife-travel.com\/wp-content\/uploads\/2023\/02\/hiking-in-the-azores-21-1024x683.jpg 1024w, https:\/\/wildlife-travel.com\/wp-content\/uploads\/2023\/02\/hiking-in-the-azores-21-768x512.jpg 768w, https:\/\/wildlife-travel.com\/wp-content\/uploads\/2023\/02\/hiking-in-the-azores-21-840x560.jpg 840w, https:\/\/wildlife-travel.com\/wp-content\/uploads\/2023\/02\/hiking-in-the-azores-21-120x80.jpg 120w, https:\/\/wildlife-travel.com\/wp-content\/uploads\/2023\/02\/hiking-in-the-azores-21-360x240.jpg 360w, https:\/\/wildlife-travel.com\/wp-content\/uploads\/2023\/02\/hiking-in-the-azores-21-600x400.jpg 600w, https:\/\/wildlife-travel.com\/wp-content\/uploads\/2023\/02\/hiking-in-the-azores-21-272x182.jpg 272w\" sizes=\"(max-width: 1336px) 100vw, 1336px\" title=\"wandern-auf-den-azoren\" alt=\"Mist\u00e9rios do Sul do Pico\" \t\tclass=\"so-widget-image\"\/>\n\t<\/div>\n\n<\/div><\/div><\/div><\/div><div id=\"pg-23855-37\"  class=\"panel-grid panel-no-style\" ><div id=\"pgc-23855-37-0\"  class=\"panel-grid-cell\" ><div id=\"panel-23855-37-0-0\" class=\"so-panel widget widget_sow-editor panel-first-child panel-last-child\" data-index=\"43\" ><div\n\t\t\t\n\t\t\tclass=\"so-widget-sow-editor so-widget-sow-editor-base\"\n\t\t\t\n\t\t>\n<div class=\"siteorigin-widget-tinymce textwidget\">\n\t<p>Der gesamte Wanderweg hat eine L\u00e4nge von ungef\u00e4hr 8,5 km. Auch dieser Wanderweg ist einfach zu laufen, aber man sollte f\u00fcr eine Richtung schon etwa drei Stunden einplanen.<\/p>\n<p>Die K\u00fcstenlandschaft ist gepr\u00e4gt von gro\u00dfen Felsen und Steinstr\u00e4nden. Sandstr\u00e4nde findet man auf Pico \u00fcbrigens dagegen vergeblich. Jedenfalls wurde mir das so gesagt...<\/p>\n<\/div>\n<\/div><\/div><\/div><\/div><div id=\"pg-23855-38\"  class=\"panel-grid panel-no-style\" ><div id=\"pgc-23855-38-0\"  class=\"panel-grid-cell\" ><div id=\"panel-23855-38-0-0\" class=\"so-panel widget widget_sow-image panel-first-child panel-last-child\" data-index=\"44\" ><div\n\t\t\t\n\t\t\tclass=\"so-widget-sow-image so-widget-sow-image-default-8b5b6f678277-23855\"\n\t\t\t\n\t\t>\n<div class=\"sow-image-container\">\n\t\t<img \n\tsrc=\"https:\/\/wildlife-travel.com\/wp-content\/uploads\/2023\/02\/hiking-in-the-azores-22.jpg\" width=\"1336\" height=\"891\" srcset=\"https:\/\/wildlife-travel.com\/wp-content\/uploads\/2023\/02\/hiking-in-the-azores-22.jpg 1336w, https:\/\/wildlife-travel.com\/wp-content\/uploads\/2023\/02\/hiking-in-the-azores-22-300x200.jpg 300w, https:\/\/wildlife-travel.com\/wp-content\/uploads\/2023\/02\/hiking-in-the-azores-22-1024x683.jpg 1024w, https:\/\/wildlife-travel.com\/wp-content\/uploads\/2023\/02\/hiking-in-the-azores-22-768x512.jpg 768w, https:\/\/wildlife-travel.com\/wp-content\/uploads\/2023\/02\/hiking-in-the-azores-22-840x560.jpg 840w, https:\/\/wildlife-travel.com\/wp-content\/uploads\/2023\/02\/hiking-in-the-azores-22-120x80.jpg 120w, https:\/\/wildlife-travel.com\/wp-content\/uploads\/2023\/02\/hiking-in-the-azores-22-360x240.jpg 360w, https:\/\/wildlife-travel.com\/wp-content\/uploads\/2023\/02\/hiking-in-the-azores-22-600x400.jpg 600w, https:\/\/wildlife-travel.com\/wp-content\/uploads\/2023\/02\/hiking-in-the-azores-22-272x182.jpg 272w\" sizes=\"(max-width: 1336px) 100vw, 1336px\" title=\"wandern-auf-den-azoren\" alt=\"Mist\u00e9rios do Sul do Pico\" \t\tclass=\"so-widget-image\"\/>\n\t<\/div>\n\n<\/div><\/div><\/div><\/div><div id=\"pg-23855-39\"  class=\"panel-grid panel-no-style\" ><div id=\"pgc-23855-39-0\"  class=\"panel-grid-cell\" ><div id=\"panel-23855-39-0-0\" class=\"so-panel widget widget_sow-editor panel-first-child panel-last-child\" data-index=\"45\" ><div\n\t\t\t\n\t\t\tclass=\"so-widget-sow-editor so-widget-sow-editor-base\"\n\t\t\t\n\t\t>\n<div class=\"siteorigin-widget-tinymce textwidget\">\n\t<p>An vielen Orten auf Pico leben die Menschen direkt an den K\u00fcsten.<\/p>\n<\/div>\n<\/div><\/div><\/div><\/div><div id=\"pg-23855-40\"  class=\"panel-grid panel-no-style\" ><div id=\"pgc-23855-40-0\"  class=\"panel-grid-cell\" ><div id=\"panel-23855-40-0-0\" class=\"so-panel widget widget_sow-image panel-first-child panel-last-child\" data-index=\"46\" ><div\n\t\t\t\n\t\t\tclass=\"so-widget-sow-image so-widget-sow-image-default-8b5b6f678277-23855\"\n\t\t\t\n\t\t>\n<div class=\"sow-image-container\">\n\t\t<img \n\tsrc=\"https:\/\/wildlife-travel.com\/wp-content\/uploads\/2023\/02\/hiking-in-the-azores-23.jpg\" width=\"1305\" height=\"870\" srcset=\"https:\/\/wildlife-travel.com\/wp-content\/uploads\/2023\/02\/hiking-in-the-azores-23.jpg 1305w, https:\/\/wildlife-travel.com\/wp-content\/uploads\/2023\/02\/hiking-in-the-azores-23-300x200.jpg 300w, https:\/\/wildlife-travel.com\/wp-content\/uploads\/2023\/02\/hiking-in-the-azores-23-1024x683.jpg 1024w, https:\/\/wildlife-travel.com\/wp-content\/uploads\/2023\/02\/hiking-in-the-azores-23-768x512.jpg 768w, https:\/\/wildlife-travel.com\/wp-content\/uploads\/2023\/02\/hiking-in-the-azores-23-840x560.jpg 840w, https:\/\/wildlife-travel.com\/wp-content\/uploads\/2023\/02\/hiking-in-the-azores-23-120x80.jpg 120w, https:\/\/wildlife-travel.com\/wp-content\/uploads\/2023\/02\/hiking-in-the-azores-23-360x240.jpg 360w, https:\/\/wildlife-travel.com\/wp-content\/uploads\/2023\/02\/hiking-in-the-azores-23-600x400.jpg 600w, https:\/\/wildlife-travel.com\/wp-content\/uploads\/2023\/02\/hiking-in-the-azores-23-272x182.jpg 272w\" sizes=\"(max-width: 1305px) 100vw, 1305px\" title=\"wandern-auf-den-azoren\" alt=\"Wandern auf den Azoren\" \t\tclass=\"so-widget-image\"\/>\n\t<\/div>\n\n<\/div><\/div><\/div><div id=\"pgc-23855-40-1\"  class=\"panel-grid-cell\" ><div id=\"panel-23855-40-1-0\" class=\"so-panel widget widget_sow-image panel-first-child panel-last-child\" data-index=\"47\" ><div\n\t\t\t\n\t\t\tclass=\"so-widget-sow-image so-widget-sow-image-default-8b5b6f678277-23855\"\n\t\t\t\n\t\t>\n<div class=\"sow-image-container\">\n\t\t<img \n\tsrc=\"https:\/\/wildlife-travel.com\/wp-content\/uploads\/2023\/02\/hiking-in-the-azores-24.jpg\" width=\"1285\" height=\"857\" srcset=\"https:\/\/wildlife-travel.com\/wp-content\/uploads\/2023\/02\/hiking-in-the-azores-24.jpg 1285w, https:\/\/wildlife-travel.com\/wp-content\/uploads\/2023\/02\/hiking-in-the-azores-24-300x200.jpg 300w, https:\/\/wildlife-travel.com\/wp-content\/uploads\/2023\/02\/hiking-in-the-azores-24-1024x683.jpg 1024w, https:\/\/wildlife-travel.com\/wp-content\/uploads\/2023\/02\/hiking-in-the-azores-24-768x512.jpg 768w, https:\/\/wildlife-travel.com\/wp-content\/uploads\/2023\/02\/hiking-in-the-azores-24-840x560.jpg 840w, https:\/\/wildlife-travel.com\/wp-content\/uploads\/2023\/02\/hiking-in-the-azores-24-120x80.jpg 120w, https:\/\/wildlife-travel.com\/wp-content\/uploads\/2023\/02\/hiking-in-the-azores-24-360x240.jpg 360w, https:\/\/wildlife-travel.com\/wp-content\/uploads\/2023\/02\/hiking-in-the-azores-24-600x400.jpg 600w, https:\/\/wildlife-travel.com\/wp-content\/uploads\/2023\/02\/hiking-in-the-azores-24-272x182.jpg 272w\" sizes=\"(max-width: 1285px) 100vw, 1285px\" title=\"wandern-auf-den-azoren\" alt=\"Wandern auf den Azoren\" \t\tclass=\"so-widget-image\"\/>\n\t<\/div>\n\n<\/div><\/div><\/div><\/div><div id=\"pg-23855-41\"  class=\"panel-grid panel-no-style\" ><div id=\"pgc-23855-41-0\"  class=\"panel-grid-cell\" ><div id=\"panel-23855-41-0-0\" class=\"so-panel widget widget_sow-editor panel-first-child panel-last-child\" data-index=\"48\" ><div\n\t\t\t\n\t\t\tclass=\"so-widget-sow-editor so-widget-sow-editor-base\"\n\t\t\t\n\t\t>\n<div class=\"siteorigin-widget-tinymce textwidget\">\n\t<p>Ich wanderte bis zum Dorf S\u00e3o Jo\u00e3o.<\/p>\n<p>Da ich den Weg wieder zur\u00fcckgehen musste, drehte ich dort um und machte mich wieder auf in Richtung des Parkplatzes.<\/p>\n<\/div>\n<\/div><\/div><\/div><\/div><div id=\"pg-23855-42\"  class=\"panel-grid panel-no-style\" ><div id=\"pgc-23855-42-0\"  class=\"panel-grid-cell\" ><div id=\"panel-23855-42-0-0\" class=\"so-panel widget widget_sow-image panel-first-child panel-last-child\" data-index=\"49\" ><div\n\t\t\t\n\t\t\tclass=\"so-widget-sow-image so-widget-sow-image-default-8b5b6f678277-23855\"\n\t\t\t\n\t\t>\n<div class=\"sow-image-container\">\n\t\t<img \n\tsrc=\"https:\/\/wildlife-travel.com\/wp-content\/uploads\/2023\/02\/hiking-in-the-azores-25.jpg\" width=\"1297\" height=\"865\" srcset=\"https:\/\/wildlife-travel.com\/wp-content\/uploads\/2023\/02\/hiking-in-the-azores-25.jpg 1297w, https:\/\/wildlife-travel.com\/wp-content\/uploads\/2023\/02\/hiking-in-the-azores-25-300x200.jpg 300w, https:\/\/wildlife-travel.com\/wp-content\/uploads\/2023\/02\/hiking-in-the-azores-25-1024x683.jpg 1024w, https:\/\/wildlife-travel.com\/wp-content\/uploads\/2023\/02\/hiking-in-the-azores-25-768x512.jpg 768w, https:\/\/wildlife-travel.com\/wp-content\/uploads\/2023\/02\/hiking-in-the-azores-25-840x560.jpg 840w, https:\/\/wildlife-travel.com\/wp-content\/uploads\/2023\/02\/hiking-in-the-azores-25-120x80.jpg 120w, https:\/\/wildlife-travel.com\/wp-content\/uploads\/2023\/02\/hiking-in-the-azores-25-360x240.jpg 360w, https:\/\/wildlife-travel.com\/wp-content\/uploads\/2023\/02\/hiking-in-the-azores-25-600x400.jpg 600w, https:\/\/wildlife-travel.com\/wp-content\/uploads\/2023\/02\/hiking-in-the-azores-25-272x182.jpg 272w\" sizes=\"(max-width: 1297px) 100vw, 1297px\" title=\"wandern-auf-den-azoren\" alt=\"Wandern auf den Azoren\" \t\tclass=\"so-widget-image\"\/>\n\t<\/div>\n\n<\/div><\/div><\/div><\/div><div id=\"pg-23855-43\"  class=\"panel-grid panel-no-style\" ><div id=\"pgc-23855-43-0\"  class=\"panel-grid-cell\" ><div id=\"panel-23855-43-0-0\" class=\"so-panel widget widget_sow-editor panel-first-child panel-last-child\" data-index=\"50\" ><div class=\"panel-widget-style panel-widget-style-for-23855-43-0-0\" ><div\n\t\t\t\n\t\t\tclass=\"so-widget-sow-editor so-widget-sow-editor-base\"\n\t\t\t\n\t\t>\n<div class=\"siteorigin-widget-tinymce textwidget\">\n\t<p><span style=\"font-size: 16pt;\"><strong>Tipp:<\/strong><\/span> Falls du den ganzen Wanderweg gehen m\u00f6chtest, ein Taxi k\u00f6nnte eine Option sein, das dich wieder zum Startpunkt des Wanderwege (oder sogar bis zu deiner Unterkunft) bringt.<\/p>\n<\/div>\n<\/div><\/div><\/div><\/div><\/div><div id=\"pg-23855-44\"  class=\"panel-grid panel-no-style\" ><div id=\"pgc-23855-44-0\"  class=\"panel-grid-cell\" ><div id=\"panel-23855-44-0-0\" class=\"so-panel widget widget_sow-editor panel-first-child panel-last-child\" data-index=\"51\" ><div\n\t\t\t\n\t\t\tclass=\"so-widget-sow-editor so-widget-sow-editor-base\"\n\t\t\t\n\t\t>\n<div class=\"siteorigin-widget-tinymce textwidget\">\n\t<h3><span class=\"ez-toc-section\" id=\"Ponta_da_Ilha\"><\/span>Ponta da Ilha<span class=\"ez-toc-section-end\"><\/span><\/h3>\n<\/div>\n<\/div><\/div><\/div><\/div><div id=\"pg-23855-45\"  class=\"panel-grid panel-no-style\" ><div id=\"pgc-23855-45-0\"  class=\"panel-grid-cell\" ><div id=\"panel-23855-45-0-0\" class=\"so-panel widget widget_sow-editor panel-first-child panel-last-child\" data-index=\"52\" ><div\n\t\t\t\n\t\t\tclass=\"so-widget-sow-editor so-widget-sow-editor-base\"\n\t\t\t\n\t\t>\n<div class=\"siteorigin-widget-tinymce textwidget\">\n\t<p>Wenn ich auf den Azoren mehr Zeit gehabt h\u00e4tte - oder besser gesagt, wenn ich meine Priorit\u00e4ten auf das Wandern gesetzt h\u00e4tte - dann h\u00e4tte ich auf jeden Fall noch mehr vom \u00f6stlichen Teil Picos sehen wollen. An einem Samstag fuhr ich mit einem Mietauto einmal um die gesamte Insel. Auch dieser Ausflug machte ich an nur einem Nachmittag\/Abend, da ich am Vormittag ja noch Wale und Delfine beobachten wollte...<\/p>\n<p>Ich hielt an mehreren Stellen.<\/p>\n<p>Im S\u00fcden hielt ich zum Beispiel in Lajes - ein wichtiger Ort f\u00fcr alle Walbegeisterten. Denn dort gibt es Walbeobachtungstourenanbieter. In dem Dort befindet sich auch das Walmuseum <a href=\"https:\/\/wildlife-travel.com\/de\/tiere-auf-den-azoren-die-insel-pico\/\" target=\"_blank\" rel=\"noopener\">Museu dos Baleeiros<\/a>.<\/p>\n<\/div>\n<\/div><\/div><\/div><\/div><div id=\"pg-23855-46\"  class=\"panel-grid panel-no-style\" ><div id=\"pgc-23855-46-0\"  class=\"panel-grid-cell\" ><div id=\"panel-23855-46-0-0\" class=\"so-panel widget widget_sow-image panel-first-child panel-last-child\" data-index=\"53\" ><div\n\t\t\t\n\t\t\tclass=\"so-widget-sow-image so-widget-sow-image-default-8b5b6f678277-23855\"\n\t\t\t\n\t\t>\n<div class=\"sow-image-container\">\n\t\t<img \n\tsrc=\"https:\/\/wildlife-travel.com\/wp-content\/uploads\/2023\/02\/hiking-in-the-azores-26.jpg\" width=\"1336\" height=\"891\" srcset=\"https:\/\/wildlife-travel.com\/wp-content\/uploads\/2023\/02\/hiking-in-the-azores-26.jpg 1336w, https:\/\/wildlife-travel.com\/wp-content\/uploads\/2023\/02\/hiking-in-the-azores-26-300x200.jpg 300w, https:\/\/wildlife-travel.com\/wp-content\/uploads\/2023\/02\/hiking-in-the-azores-26-1024x683.jpg 1024w, https:\/\/wildlife-travel.com\/wp-content\/uploads\/2023\/02\/hiking-in-the-azores-26-768x512.jpg 768w, https:\/\/wildlife-travel.com\/wp-content\/uploads\/2023\/02\/hiking-in-the-azores-26-840x560.jpg 840w, https:\/\/wildlife-travel.com\/wp-content\/uploads\/2023\/02\/hiking-in-the-azores-26-120x80.jpg 120w, https:\/\/wildlife-travel.com\/wp-content\/uploads\/2023\/02\/hiking-in-the-azores-26-360x240.jpg 360w, https:\/\/wildlife-travel.com\/wp-content\/uploads\/2023\/02\/hiking-in-the-azores-26-600x400.jpg 600w, https:\/\/wildlife-travel.com\/wp-content\/uploads\/2023\/02\/hiking-in-the-azores-26-272x182.jpg 272w\" sizes=\"(max-width: 1336px) 100vw, 1336px\" title=\"wandern-auf-den-azoren\" alt=\"Walmuseum in Lajes\" \t\tclass=\"so-widget-image\"\/>\n\t<\/div>\n\n<\/div><\/div><\/div><\/div><div id=\"pg-23855-47\"  class=\"panel-grid panel-no-style\" ><div id=\"pgc-23855-47-0\"  class=\"panel-grid-cell\" ><div id=\"panel-23855-47-0-0\" class=\"so-panel widget widget_sow-editor panel-first-child panel-last-child\" data-index=\"54\" ><div\n\t\t\t\n\t\t\tclass=\"so-widget-sow-editor so-widget-sow-editor-base\"\n\t\t\t\n\t\t>\n<div class=\"siteorigin-widget-tinymce textwidget\">\n\t<p>Ich hielt an einigen Aussichtspunkten an. An einem Aussichtspunkt erhielt ich eine sch\u00f6ne Sicht auf Santa Cruz.<\/p>\n<\/div>\n<\/div><\/div><\/div><\/div><div id=\"pg-23855-48\"  class=\"panel-grid panel-no-style\" ><div id=\"pgc-23855-48-0\"  class=\"panel-grid-cell\" ><div id=\"panel-23855-48-0-0\" class=\"so-panel widget widget_sow-image panel-first-child panel-last-child\" data-index=\"55\" ><div\n\t\t\t\n\t\t\tclass=\"so-widget-sow-image so-widget-sow-image-default-8b5b6f678277-23855\"\n\t\t\t\n\t\t>\n<div class=\"sow-image-container\">\n\t\t<img \n\tsrc=\"https:\/\/wildlife-travel.com\/wp-content\/uploads\/2023\/02\/hiking-in-the-azores-27.jpg\" width=\"1336\" height=\"891\" srcset=\"https:\/\/wildlife-travel.com\/wp-content\/uploads\/2023\/02\/hiking-in-the-azores-27.jpg 1336w, https:\/\/wildlife-travel.com\/wp-content\/uploads\/2023\/02\/hiking-in-the-azores-27-300x200.jpg 300w, https:\/\/wildlife-travel.com\/wp-content\/uploads\/2023\/02\/hiking-in-the-azores-27-1024x683.jpg 1024w, https:\/\/wildlife-travel.com\/wp-content\/uploads\/2023\/02\/hiking-in-the-azores-27-768x512.jpg 768w, https:\/\/wildlife-travel.com\/wp-content\/uploads\/2023\/02\/hiking-in-the-azores-27-840x560.jpg 840w, https:\/\/wildlife-travel.com\/wp-content\/uploads\/2023\/02\/hiking-in-the-azores-27-120x80.jpg 120w, https:\/\/wildlife-travel.com\/wp-content\/uploads\/2023\/02\/hiking-in-the-azores-27-360x240.jpg 360w, https:\/\/wildlife-travel.com\/wp-content\/uploads\/2023\/02\/hiking-in-the-azores-27-600x400.jpg 600w, https:\/\/wildlife-travel.com\/wp-content\/uploads\/2023\/02\/hiking-in-the-azores-27-272x182.jpg 272w\" sizes=\"(max-width: 1336px) 100vw, 1336px\" title=\"wandern-auf-den-azoren\" alt=\"Pico\" \t\tclass=\"so-widget-image\"\/>\n\t<\/div>\n\n<\/div><\/div><\/div><\/div><div id=\"pg-23855-49\"  class=\"panel-grid panel-no-style\" ><div id=\"pgc-23855-49-0\"  class=\"panel-grid-cell\" ><div id=\"panel-23855-49-0-0\" class=\"so-panel widget widget_sow-editor panel-first-child panel-last-child\" data-index=\"56\" ><div\n\t\t\t\n\t\t\tclass=\"so-widget-sow-editor so-widget-sow-editor-base\"\n\t\t\t\n\t\t>\n<div class=\"siteorigin-widget-tinymce textwidget\">\n\t<p>Im Nordosten der Insel Pico gibt es einige unterschiedliche Wanderwege.<\/p>\n<p>Es gibt beispielsweise den Caminho das Voltas (PR07 PIC) oder den Wanderweg Canadas da Ribeirinha (PR18 PIC). Ein weiterer Wanderweg ist der Prainha do Norte (PRC09 PIC).<\/p>\n<p>Ich lief ein St\u00fcck des Wanderweges Ponta da Ilha (PR03 PIC), welcher in Piedade beginnt.<\/p>\n<p>Es ist eine h\u00fcgeligere Region. Daher musste ich an manchen Stellen einen Berg hochwandern. Und das an einem sonnigen und warmen Tag. Aber die Anstrengung hielt sich dennoch in Grenzen.<\/p>\n<\/div>\n<\/div><\/div><\/div><\/div><div id=\"pg-23855-50\"  class=\"panel-grid panel-no-style\" ><div id=\"pgc-23855-50-0\"  class=\"panel-grid-cell\" ><div id=\"panel-23855-50-0-0\" class=\"so-panel widget widget_sow-image panel-first-child panel-last-child\" data-index=\"57\" ><div\n\t\t\t\n\t\t\tclass=\"so-widget-sow-image so-widget-sow-image-default-8b5b6f678277-23855\"\n\t\t\t\n\t\t>\n<div class=\"sow-image-container\">\n\t\t<img \n\tsrc=\"https:\/\/wildlife-travel.com\/wp-content\/uploads\/2023\/02\/hiking-in-the-azores-28.jpg\" width=\"1336\" height=\"891\" srcset=\"https:\/\/wildlife-travel.com\/wp-content\/uploads\/2023\/02\/hiking-in-the-azores-28.jpg 1336w, https:\/\/wildlife-travel.com\/wp-content\/uploads\/2023\/02\/hiking-in-the-azores-28-300x200.jpg 300w, https:\/\/wildlife-travel.com\/wp-content\/uploads\/2023\/02\/hiking-in-the-azores-28-1024x683.jpg 1024w, https:\/\/wildlife-travel.com\/wp-content\/uploads\/2023\/02\/hiking-in-the-azores-28-768x512.jpg 768w, https:\/\/wildlife-travel.com\/wp-content\/uploads\/2023\/02\/hiking-in-the-azores-28-840x560.jpg 840w, https:\/\/wildlife-travel.com\/wp-content\/uploads\/2023\/02\/hiking-in-the-azores-28-120x80.jpg 120w, https:\/\/wildlife-travel.com\/wp-content\/uploads\/2023\/02\/hiking-in-the-azores-28-360x240.jpg 360w, https:\/\/wildlife-travel.com\/wp-content\/uploads\/2023\/02\/hiking-in-the-azores-28-600x400.jpg 600w, https:\/\/wildlife-travel.com\/wp-content\/uploads\/2023\/02\/hiking-in-the-azores-28-272x182.jpg 272w\" sizes=\"(max-width: 1336px) 100vw, 1336px\" title=\"wandern-auf-den-azoren\" alt=\"Wandern auf den Azoren\" \t\tclass=\"so-widget-image\"\/>\n\t<\/div>\n\n<\/div><\/div><\/div><\/div><div id=\"pg-23855-51\"  class=\"panel-grid panel-no-style\" ><div id=\"pgc-23855-51-0\"  class=\"panel-grid-cell\" ><div id=\"panel-23855-51-0-0\" class=\"so-panel widget widget_sow-editor panel-first-child panel-last-child\" data-index=\"58\" ><div\n\t\t\t\n\t\t\tclass=\"so-widget-sow-editor so-widget-sow-editor-base\"\n\t\t\t\n\t\t>\n<div class=\"siteorigin-widget-tinymce textwidget\">\n\t<p>Ich traf auf sehr freundliche Menschen, die mich mit einem \u201eHallo\u201c gr\u00fc\u00dften.<\/p>\n<p>Und schon wieder war ich die einzige Person, die zu wandern schien. Auf diesem Weg sah ich tats\u00e4chlich niemanden wandern. Ich sah lediglich die Menschen, die auf dem Feld arbeiteten.<\/p>\n<\/div>\n<\/div><\/div><\/div><\/div><div id=\"pg-23855-52\"  class=\"panel-grid panel-no-style\" ><div id=\"pgc-23855-52-0\"  class=\"panel-grid-cell\" ><div id=\"panel-23855-52-0-0\" class=\"so-panel widget widget_sow-image panel-first-child panel-last-child\" data-index=\"59\" ><div\n\t\t\t\n\t\t\tclass=\"so-widget-sow-image so-widget-sow-image-default-8b5b6f678277-23855\"\n\t\t\t\n\t\t>\n<div class=\"sow-image-container\">\n\t\t<img \n\tsrc=\"https:\/\/wildlife-travel.com\/wp-content\/uploads\/2023\/02\/hiking-in-the-azores-29.jpg\" width=\"1336\" height=\"891\" srcset=\"https:\/\/wildlife-travel.com\/wp-content\/uploads\/2023\/02\/hiking-in-the-azores-29.jpg 1336w, https:\/\/wildlife-travel.com\/wp-content\/uploads\/2023\/02\/hiking-in-the-azores-29-300x200.jpg 300w, https:\/\/wildlife-travel.com\/wp-content\/uploads\/2023\/02\/hiking-in-the-azores-29-1024x683.jpg 1024w, https:\/\/wildlife-travel.com\/wp-content\/uploads\/2023\/02\/hiking-in-the-azores-29-768x512.jpg 768w, https:\/\/wildlife-travel.com\/wp-content\/uploads\/2023\/02\/hiking-in-the-azores-29-840x560.jpg 840w, https:\/\/wildlife-travel.com\/wp-content\/uploads\/2023\/02\/hiking-in-the-azores-29-120x80.jpg 120w, https:\/\/wildlife-travel.com\/wp-content\/uploads\/2023\/02\/hiking-in-the-azores-29-360x240.jpg 360w, https:\/\/wildlife-travel.com\/wp-content\/uploads\/2023\/02\/hiking-in-the-azores-29-600x400.jpg 600w, https:\/\/wildlife-travel.com\/wp-content\/uploads\/2023\/02\/hiking-in-the-azores-29-272x182.jpg 272w\" sizes=\"(max-width: 1336px) 100vw, 1336px\" title=\"wandern-auf-den-azoren\" alt=\"Wandern auf den Azoren\" \t\tclass=\"so-widget-image\"\/>\n\t<\/div>\n\n<\/div><\/div><\/div><div id=\"pgc-23855-52-1\"  class=\"panel-grid-cell\" ><div id=\"panel-23855-52-1-0\" class=\"so-panel widget widget_sow-image panel-first-child panel-last-child\" data-index=\"60\" ><div\n\t\t\t\n\t\t\tclass=\"so-widget-sow-image so-widget-sow-image-default-8b5b6f678277-23855\"\n\t\t\t\n\t\t>\n<div class=\"sow-image-container\">\n\t\t<img \n\tsrc=\"https:\/\/wildlife-travel.com\/wp-content\/uploads\/2023\/02\/hiking-in-the-azores-30.jpg\" width=\"1336\" height=\"891\" srcset=\"https:\/\/wildlife-travel.com\/wp-content\/uploads\/2023\/02\/hiking-in-the-azores-30.jpg 1336w, https:\/\/wildlife-travel.com\/wp-content\/uploads\/2023\/02\/hiking-in-the-azores-30-300x200.jpg 300w, https:\/\/wildlife-travel.com\/wp-content\/uploads\/2023\/02\/hiking-in-the-azores-30-1024x683.jpg 1024w, https:\/\/wildlife-travel.com\/wp-content\/uploads\/2023\/02\/hiking-in-the-azores-30-768x512.jpg 768w, https:\/\/wildlife-travel.com\/wp-content\/uploads\/2023\/02\/hiking-in-the-azores-30-840x560.jpg 840w, https:\/\/wildlife-travel.com\/wp-content\/uploads\/2023\/02\/hiking-in-the-azores-30-120x80.jpg 120w, https:\/\/wildlife-travel.com\/wp-content\/uploads\/2023\/02\/hiking-in-the-azores-30-360x240.jpg 360w, https:\/\/wildlife-travel.com\/wp-content\/uploads\/2023\/02\/hiking-in-the-azores-30-600x400.jpg 600w, https:\/\/wildlife-travel.com\/wp-content\/uploads\/2023\/02\/hiking-in-the-azores-30-272x182.jpg 272w\" sizes=\"(max-width: 1336px) 100vw, 1336px\" title=\"wandern-auf-den-azoren\" alt=\"Wandern auf den Azoren\" \t\tclass=\"so-widget-image\"\/>\n\t<\/div>\n\n<\/div><\/div><\/div><\/div><div id=\"pg-23855-53\"  class=\"panel-grid panel-no-style\" ><div id=\"pgc-23855-53-0\"  class=\"panel-grid-cell\" ><div id=\"panel-23855-53-0-0\" class=\"so-panel widget widget_sow-editor panel-first-child panel-last-child\" data-index=\"61\" ><div\n\t\t\t\n\t\t\tclass=\"so-widget-sow-editor so-widget-sow-editor-base\"\n\t\t\t\n\t\t>\n<div class=\"siteorigin-widget-tinymce textwidget\">\n\t<p>Es war ein wundersch\u00f6ner Ort am Meer.<\/p>\n<\/div>\n<\/div><\/div><\/div><\/div><div id=\"pg-23855-54\"  class=\"panel-grid panel-no-style\" ><div id=\"pgc-23855-54-0\"  class=\"panel-grid-cell\" ><div id=\"panel-23855-54-0-0\" class=\"so-panel widget widget_sow-image panel-first-child panel-last-child\" data-index=\"62\" ><div\n\t\t\t\n\t\t\tclass=\"so-widget-sow-image so-widget-sow-image-default-8b5b6f678277-23855\"\n\t\t\t\n\t\t>\n<div class=\"sow-image-container\">\n\t\t<img \n\tsrc=\"https:\/\/wildlife-travel.com\/wp-content\/uploads\/2023\/02\/hiking-in-the-azores-31.jpg\" width=\"1336\" height=\"891\" srcset=\"https:\/\/wildlife-travel.com\/wp-content\/uploads\/2023\/02\/hiking-in-the-azores-31.jpg 1336w, https:\/\/wildlife-travel.com\/wp-content\/uploads\/2023\/02\/hiking-in-the-azores-31-300x200.jpg 300w, https:\/\/wildlife-travel.com\/wp-content\/uploads\/2023\/02\/hiking-in-the-azores-31-1024x683.jpg 1024w, https:\/\/wildlife-travel.com\/wp-content\/uploads\/2023\/02\/hiking-in-the-azores-31-768x512.jpg 768w, https:\/\/wildlife-travel.com\/wp-content\/uploads\/2023\/02\/hiking-in-the-azores-31-840x560.jpg 840w, https:\/\/wildlife-travel.com\/wp-content\/uploads\/2023\/02\/hiking-in-the-azores-31-120x80.jpg 120w, https:\/\/wildlife-travel.com\/wp-content\/uploads\/2023\/02\/hiking-in-the-azores-31-360x240.jpg 360w, https:\/\/wildlife-travel.com\/wp-content\/uploads\/2023\/02\/hiking-in-the-azores-31-600x400.jpg 600w, https:\/\/wildlife-travel.com\/wp-content\/uploads\/2023\/02\/hiking-in-the-azores-31-272x182.jpg 272w\" sizes=\"(max-width: 1336px) 100vw, 1336px\" title=\"wandern-auf-den-azoren\" alt=\"Wandern auf den Azoren\" \t\tclass=\"so-widget-image\"\/>\n\t<\/div>\n\n<\/div><\/div><\/div><\/div><div id=\"pg-23855-55\"  class=\"panel-grid panel-no-style\" ><div id=\"pgc-23855-55-0\"  class=\"panel-grid-cell\" ><div id=\"panel-23855-55-0-0\" class=\"so-panel widget widget_sow-editor panel-first-child panel-last-child\" data-index=\"63\" ><div\n\t\t\t\n\t\t\tclass=\"so-widget-sow-editor so-widget-sow-editor-base\"\n\t\t\t\n\t\t>\n<div class=\"siteorigin-widget-tinymce textwidget\">\n\t<p>Ich ging durch Cais do Galego und fragte mich, wie das Leben so abgeschieden und nah am Meer wohl sein mag.<\/p>\n<\/div>\n<\/div><\/div><\/div><\/div><div id=\"pg-23855-56\"  class=\"panel-grid panel-no-style\" ><div id=\"pgc-23855-56-0\"  class=\"panel-grid-cell\" ><div id=\"panel-23855-56-0-0\" class=\"so-panel widget widget_sow-image panel-first-child panel-last-child\" data-index=\"64\" ><div\n\t\t\t\n\t\t\tclass=\"so-widget-sow-image so-widget-sow-image-default-8b5b6f678277-23855\"\n\t\t\t\n\t\t>\n<div class=\"sow-image-container\">\n\t\t<img \n\tsrc=\"https:\/\/wildlife-travel.com\/wp-content\/uploads\/2023\/02\/hiking-in-the-azores-32.jpg\" width=\"1284\" height=\"856\" srcset=\"https:\/\/wildlife-travel.com\/wp-content\/uploads\/2023\/02\/hiking-in-the-azores-32.jpg 1284w, https:\/\/wildlife-travel.com\/wp-content\/uploads\/2023\/02\/hiking-in-the-azores-32-300x200.jpg 300w, https:\/\/wildlife-travel.com\/wp-content\/uploads\/2023\/02\/hiking-in-the-azores-32-1024x683.jpg 1024w, https:\/\/wildlife-travel.com\/wp-content\/uploads\/2023\/02\/hiking-in-the-azores-32-768x512.jpg 768w, https:\/\/wildlife-travel.com\/wp-content\/uploads\/2023\/02\/hiking-in-the-azores-32-840x560.jpg 840w, https:\/\/wildlife-travel.com\/wp-content\/uploads\/2023\/02\/hiking-in-the-azores-32-120x80.jpg 120w, https:\/\/wildlife-travel.com\/wp-content\/uploads\/2023\/02\/hiking-in-the-azores-32-360x240.jpg 360w, https:\/\/wildlife-travel.com\/wp-content\/uploads\/2023\/02\/hiking-in-the-azores-32-600x400.jpg 600w, https:\/\/wildlife-travel.com\/wp-content\/uploads\/2023\/02\/hiking-in-the-azores-32-272x182.jpg 272w\" sizes=\"(max-width: 1284px) 100vw, 1284px\" title=\"wandern-auf-den-azoren\" alt=\"Wandern auf den Azoren\" \t\tclass=\"so-widget-image\"\/>\n\t<\/div>\n\n<\/div><\/div><\/div><\/div><div id=\"pg-23855-57\"  class=\"panel-grid panel-no-style\" ><div id=\"pgc-23855-57-0\"  class=\"panel-grid-cell\" ><div id=\"panel-23855-57-0-0\" class=\"so-panel widget widget_sow-image panel-first-child panel-last-child\" data-index=\"65\" ><div\n\t\t\t\n\t\t\tclass=\"so-widget-sow-image so-widget-sow-image-default-8b5b6f678277-23855\"\n\t\t\t\n\t\t>\n<div class=\"sow-image-container\">\n\t\t<img \n\tsrc=\"https:\/\/wildlife-travel.com\/wp-content\/uploads\/2023\/02\/hiking-in-the-azores-33.jpg\" width=\"1336\" height=\"891\" srcset=\"https:\/\/wildlife-travel.com\/wp-content\/uploads\/2023\/02\/hiking-in-the-azores-33.jpg 1336w, https:\/\/wildlife-travel.com\/wp-content\/uploads\/2023\/02\/hiking-in-the-azores-33-300x200.jpg 300w, https:\/\/wildlife-travel.com\/wp-content\/uploads\/2023\/02\/hiking-in-the-azores-33-1024x683.jpg 1024w, https:\/\/wildlife-travel.com\/wp-content\/uploads\/2023\/02\/hiking-in-the-azores-33-768x512.jpg 768w, https:\/\/wildlife-travel.com\/wp-content\/uploads\/2023\/02\/hiking-in-the-azores-33-840x560.jpg 840w, https:\/\/wildlife-travel.com\/wp-content\/uploads\/2023\/02\/hiking-in-the-azores-33-120x80.jpg 120w, https:\/\/wildlife-travel.com\/wp-content\/uploads\/2023\/02\/hiking-in-the-azores-33-360x240.jpg 360w, https:\/\/wildlife-travel.com\/wp-content\/uploads\/2023\/02\/hiking-in-the-azores-33-600x400.jpg 600w, https:\/\/wildlife-travel.com\/wp-content\/uploads\/2023\/02\/hiking-in-the-azores-33-272x182.jpg 272w\" sizes=\"(max-width: 1336px) 100vw, 1336px\" title=\"wandern-auf-den-azoren\" alt=\"Wandern auf den Azoren\" \t\tclass=\"so-widget-image\"\/>\n\t<\/div>\n\n<\/div><\/div><\/div><div id=\"pgc-23855-57-1\"  class=\"panel-grid-cell\" ><div id=\"panel-23855-57-1-0\" class=\"so-panel widget widget_sow-image panel-first-child panel-last-child\" data-index=\"66\" ><div\n\t\t\t\n\t\t\tclass=\"so-widget-sow-image so-widget-sow-image-default-8b5b6f678277-23855\"\n\t\t\t\n\t\t>\n<div class=\"sow-image-container\">\n\t\t<img \n\tsrc=\"https:\/\/wildlife-travel.com\/wp-content\/uploads\/2023\/02\/hiking-in-the-azores-34.jpg\" width=\"1336\" height=\"891\" srcset=\"https:\/\/wildlife-travel.com\/wp-content\/uploads\/2023\/02\/hiking-in-the-azores-34.jpg 1336w, https:\/\/wildlife-travel.com\/wp-content\/uploads\/2023\/02\/hiking-in-the-azores-34-300x200.jpg 300w, https:\/\/wildlife-travel.com\/wp-content\/uploads\/2023\/02\/hiking-in-the-azores-34-1024x683.jpg 1024w, https:\/\/wildlife-travel.com\/wp-content\/uploads\/2023\/02\/hiking-in-the-azores-34-768x512.jpg 768w, https:\/\/wildlife-travel.com\/wp-content\/uploads\/2023\/02\/hiking-in-the-azores-34-840x560.jpg 840w, https:\/\/wildlife-travel.com\/wp-content\/uploads\/2023\/02\/hiking-in-the-azores-34-120x80.jpg 120w, https:\/\/wildlife-travel.com\/wp-content\/uploads\/2023\/02\/hiking-in-the-azores-34-360x240.jpg 360w, https:\/\/wildlife-travel.com\/wp-content\/uploads\/2023\/02\/hiking-in-the-azores-34-600x400.jpg 600w, https:\/\/wildlife-travel.com\/wp-content\/uploads\/2023\/02\/hiking-in-the-azores-34-272x182.jpg 272w\" sizes=\"(max-width: 1336px) 100vw, 1336px\" title=\"wandern-auf-den-azoren\" alt=\"Wandern auf den Azoren\" \t\tclass=\"so-widget-image\"\/>\n\t<\/div>\n\n<\/div><\/div><\/div><\/div><div id=\"pg-23855-58\"  class=\"panel-grid panel-no-style\" ><div id=\"pgc-23855-58-0\"  class=\"panel-grid-cell\" ><div id=\"panel-23855-58-0-0\" class=\"so-panel widget widget_sow-editor panel-first-child panel-last-child\" data-index=\"67\" ><div\n\t\t\t\n\t\t\tclass=\"so-widget-sow-editor so-widget-sow-editor-base\"\n\t\t\t\n\t\t>\n<div class=\"siteorigin-widget-tinymce textwidget\">\n\t<p>Nach der kurzen Wanderung stieg ich wieder ins Auto und setzte meinen Rundweg auf Pico fort. In Santo Amaro (unten linkes Foto) und S\u00e3o Roque (unten rechtes Foto) hielt ich kurz an.<\/p>\n<\/div>\n<\/div><\/div><\/div><\/div><div id=\"pg-23855-59\"  class=\"panel-grid panel-no-style\" ><div id=\"pgc-23855-59-0\"  class=\"panel-grid-cell\" ><div id=\"panel-23855-59-0-0\" class=\"so-panel widget widget_sow-image panel-first-child panel-last-child\" data-index=\"68\" ><div\n\t\t\t\n\t\t\tclass=\"so-widget-sow-image so-widget-sow-image-default-8b5b6f678277-23855\"\n\t\t\t\n\t\t>\n<div class=\"sow-image-container\">\n\t\t<img \n\tsrc=\"https:\/\/wildlife-travel.com\/wp-content\/uploads\/2023\/02\/hiking-in-the-azores-35.jpg\" width=\"1336\" height=\"891\" srcset=\"https:\/\/wildlife-travel.com\/wp-content\/uploads\/2023\/02\/hiking-in-the-azores-35.jpg 1336w, https:\/\/wildlife-travel.com\/wp-content\/uploads\/2023\/02\/hiking-in-the-azores-35-300x200.jpg 300w, https:\/\/wildlife-travel.com\/wp-content\/uploads\/2023\/02\/hiking-in-the-azores-35-1024x683.jpg 1024w, https:\/\/wildlife-travel.com\/wp-content\/uploads\/2023\/02\/hiking-in-the-azores-35-768x512.jpg 768w, https:\/\/wildlife-travel.com\/wp-content\/uploads\/2023\/02\/hiking-in-the-azores-35-840x560.jpg 840w, https:\/\/wildlife-travel.com\/wp-content\/uploads\/2023\/02\/hiking-in-the-azores-35-120x80.jpg 120w, https:\/\/wildlife-travel.com\/wp-content\/uploads\/2023\/02\/hiking-in-the-azores-35-360x240.jpg 360w, https:\/\/wildlife-travel.com\/wp-content\/uploads\/2023\/02\/hiking-in-the-azores-35-600x400.jpg 600w, https:\/\/wildlife-travel.com\/wp-content\/uploads\/2023\/02\/hiking-in-the-azores-35-272x182.jpg 272w\" sizes=\"(max-width: 1336px) 100vw, 1336px\" title=\"wandern-auf-den-azoren\" alt=\"Wandern auf den Azoren\" \t\tclass=\"so-widget-image\"\/>\n\t<\/div>\n\n<\/div><\/div><\/div><div id=\"pgc-23855-59-1\"  class=\"panel-grid-cell\" ><div id=\"panel-23855-59-1-0\" class=\"so-panel widget widget_sow-image panel-first-child panel-last-child\" data-index=\"69\" ><div\n\t\t\t\n\t\t\tclass=\"so-widget-sow-image so-widget-sow-image-default-8b5b6f678277-23855\"\n\t\t\t\n\t\t>\n<div class=\"sow-image-container\">\n\t\t<img \n\tsrc=\"https:\/\/wildlife-travel.com\/wp-content\/uploads\/2023\/02\/hiking-in-the-azores-36.jpg\" width=\"1323\" height=\"882\" srcset=\"https:\/\/wildlife-travel.com\/wp-content\/uploads\/2023\/02\/hiking-in-the-azores-36.jpg 1323w, https:\/\/wildlife-travel.com\/wp-content\/uploads\/2023\/02\/hiking-in-the-azores-36-300x200.jpg 300w, https:\/\/wildlife-travel.com\/wp-content\/uploads\/2023\/02\/hiking-in-the-azores-36-1024x683.jpg 1024w, https:\/\/wildlife-travel.com\/wp-content\/uploads\/2023\/02\/hiking-in-the-azores-36-768x512.jpg 768w, https:\/\/wildlife-travel.com\/wp-content\/uploads\/2023\/02\/hiking-in-the-azores-36-840x560.jpg 840w, https:\/\/wildlife-travel.com\/wp-content\/uploads\/2023\/02\/hiking-in-the-azores-36-120x80.jpg 120w, https:\/\/wildlife-travel.com\/wp-content\/uploads\/2023\/02\/hiking-in-the-azores-36-360x240.jpg 360w, https:\/\/wildlife-travel.com\/wp-content\/uploads\/2023\/02\/hiking-in-the-azores-36-600x400.jpg 600w, https:\/\/wildlife-travel.com\/wp-content\/uploads\/2023\/02\/hiking-in-the-azores-36-272x182.jpg 272w\" sizes=\"(max-width: 1323px) 100vw, 1323px\" title=\"wandern-auf-den-azoren\" alt=\"Wandern auf den Azoren\" \t\tclass=\"so-widget-image\"\/>\n\t<\/div>\n\n<\/div><\/div><\/div><\/div><div id=\"pg-23855-60\"  class=\"panel-grid panel-no-style\" ><div id=\"pgc-23855-60-0\"  class=\"panel-grid-cell\" ><div id=\"panel-23855-60-0-0\" class=\"so-panel widget widget_sow-editor panel-first-child panel-last-child\" data-index=\"70\" ><div class=\"panel-widget-style panel-widget-style-for-23855-60-0-0\" ><div\n\t\t\t\n\t\t\tclass=\"so-widget-sow-editor so-widget-sow-editor-base\"\n\t\t\t\n\t\t>\n<div class=\"siteorigin-widget-tinymce textwidget\">\n\t<p><span style=\"font-size: 16pt;\"><strong>Information:<\/strong><\/span> Die Stra\u00dfen auf der Insel sind in einem relativ guten Zustand. Nur die Stra\u00dfen in den D\u00f6rfern sind teilweise sehr, sehr eng und man muss sich auf irgendeine Art und Weise mit dem Gegenverkehr verst\u00e4ndigen.<\/p>\n<\/div>\n<\/div><\/div><\/div><\/div><\/div><div id=\"pg-23855-61\"  class=\"panel-grid panel-no-style\" ><div id=\"pgc-23855-61-0\"  class=\"panel-grid-cell\" ><div id=\"panel-23855-61-0-0\" class=\"so-panel widget widget_sow-editor panel-first-child panel-last-child\" data-index=\"71\" ><div\n\t\t\t\n\t\t\tclass=\"so-widget-sow-editor so-widget-sow-editor-base\"\n\t\t\t\n\t\t>\n<div class=\"siteorigin-widget-tinymce textwidget\">\n\t<h3><span class=\"ez-toc-section\" id=\"Von_der_Alma_do_Pico_zur_Gruta_das_Torres\"><\/span>Von der Alma do Pico zur Gruta das Torres<span class=\"ez-toc-section-end\"><\/span><\/h3>\n<\/div>\n<\/div><\/div><\/div><\/div><div id=\"pg-23855-62\"  class=\"panel-grid panel-no-style\" ><div id=\"pgc-23855-62-0\"  class=\"panel-grid-cell\" ><div id=\"panel-23855-62-0-0\" class=\"so-panel widget widget_sow-editor panel-first-child panel-last-child\" data-index=\"72\" ><div\n\t\t\t\n\t\t\tclass=\"so-widget-sow-editor so-widget-sow-editor-base\"\n\t\t\t\n\t\t>\n<div class=\"siteorigin-widget-tinymce textwidget\">\n\t<p>W\u00e4hrend meines Azoren-Aufenthalts \u00fcbernachtete ich auf der Alma do Pico - eine wirklich tolle Unterkunft, die von wundersch\u00f6nen Landschaften umgeben ist.<\/p>\n<p>An einem Tag unternahm ich eine kleine Wanderung zur Gruta das Torres - eine Lavah\u00f6hle in der N\u00e4he von Madalena.<\/p>\n<p>Da die Alma do Pico und die Gruta das Torres nicht so weit auseinanderliegen, unternahm ich eine Wanderung von meiner Unterkunft aus zu dieser Lavah\u00f6hle.<\/p>\n<p>Das Wetter war an dem Tag allerdings nicht so gut. Trotzdem war es eine sch\u00f6ne Wanderung.<\/p>\n<\/div>\n<\/div><\/div><\/div><\/div><div id=\"pg-23855-63\"  class=\"panel-grid panel-no-style\" ><div id=\"pgc-23855-63-0\"  class=\"panel-grid-cell\" ><div id=\"panel-23855-63-0-0\" class=\"so-panel widget widget_sow-image panel-first-child panel-last-child\" data-index=\"73\" ><div\n\t\t\t\n\t\t\tclass=\"so-widget-sow-image so-widget-sow-image-default-8b5b6f678277-23855\"\n\t\t\t\n\t\t>\n<div class=\"sow-image-container\">\n\t\t<img \n\tsrc=\"https:\/\/wildlife-travel.com\/wp-content\/uploads\/2023\/02\/hiking-in-the-azores-37.jpg\" width=\"1336\" height=\"891\" srcset=\"https:\/\/wildlife-travel.com\/wp-content\/uploads\/2023\/02\/hiking-in-the-azores-37.jpg 1336w, https:\/\/wildlife-travel.com\/wp-content\/uploads\/2023\/02\/hiking-in-the-azores-37-300x200.jpg 300w, https:\/\/wildlife-travel.com\/wp-content\/uploads\/2023\/02\/hiking-in-the-azores-37-1024x683.jpg 1024w, https:\/\/wildlife-travel.com\/wp-content\/uploads\/2023\/02\/hiking-in-the-azores-37-768x512.jpg 768w, https:\/\/wildlife-travel.com\/wp-content\/uploads\/2023\/02\/hiking-in-the-azores-37-840x560.jpg 840w, https:\/\/wildlife-travel.com\/wp-content\/uploads\/2023\/02\/hiking-in-the-azores-37-120x80.jpg 120w, https:\/\/wildlife-travel.com\/wp-content\/uploads\/2023\/02\/hiking-in-the-azores-37-360x240.jpg 360w, https:\/\/wildlife-travel.com\/wp-content\/uploads\/2023\/02\/hiking-in-the-azores-37-600x400.jpg 600w, https:\/\/wildlife-travel.com\/wp-content\/uploads\/2023\/02\/hiking-in-the-azores-37-272x182.jpg 272w\" sizes=\"(max-width: 1336px) 100vw, 1336px\" title=\"wandern-auf-den-azoren\" alt=\"Wandern auf den Azoren\" \t\tclass=\"so-widget-image\"\/>\n\t<\/div>\n\n<\/div><\/div><\/div><\/div><div id=\"pg-23855-64\"  class=\"panel-grid panel-no-style\" ><div id=\"pgc-23855-64-0\"  class=\"panel-grid-cell\" ><div id=\"panel-23855-64-0-0\" class=\"so-panel widget widget_sow-editor panel-first-child panel-last-child\" data-index=\"74\" ><div\n\t\t\t\n\t\t\tclass=\"so-widget-sow-editor so-widget-sow-editor-base\"\n\t\t\t\n\t\t>\n<div class=\"siteorigin-widget-tinymce textwidget\">\n\t<p>Wie auf den meisten Wanderwegen, wechselten sich auch hier Asphaltstra\u00dfen und Schotterwege ab.<\/p>\n<p>Und auch wie immer, war ich auf meiner Wanderung so gut wie alleine. Wo waren blo\u00df all die Menschen auf den Azoren? Es gab doch einige Besucher! Aber ich fand es - muss ich zugeben - so eigentlich ganz sch\u00f6n.<\/p>\n<\/div>\n<\/div><\/div><\/div><\/div><div id=\"pg-23855-65\"  class=\"panel-grid panel-no-style\" ><div id=\"pgc-23855-65-0\"  class=\"panel-grid-cell\" ><div id=\"panel-23855-65-0-0\" class=\"so-panel widget widget_sow-image panel-first-child panel-last-child\" data-index=\"75\" ><div\n\t\t\t\n\t\t\tclass=\"so-widget-sow-image so-widget-sow-image-default-8b5b6f678277-23855\"\n\t\t\t\n\t\t>\n<div class=\"sow-image-container\">\n\t\t<img \n\tsrc=\"https:\/\/wildlife-travel.com\/wp-content\/uploads\/2023\/02\/hiking-in-the-azores-38.jpg\" width=\"1336\" height=\"891\" srcset=\"https:\/\/wildlife-travel.com\/wp-content\/uploads\/2023\/02\/hiking-in-the-azores-38.jpg 1336w, https:\/\/wildlife-travel.com\/wp-content\/uploads\/2023\/02\/hiking-in-the-azores-38-300x200.jpg 300w, https:\/\/wildlife-travel.com\/wp-content\/uploads\/2023\/02\/hiking-in-the-azores-38-1024x683.jpg 1024w, https:\/\/wildlife-travel.com\/wp-content\/uploads\/2023\/02\/hiking-in-the-azores-38-768x512.jpg 768w, https:\/\/wildlife-travel.com\/wp-content\/uploads\/2023\/02\/hiking-in-the-azores-38-840x560.jpg 840w, https:\/\/wildlife-travel.com\/wp-content\/uploads\/2023\/02\/hiking-in-the-azores-38-120x80.jpg 120w, https:\/\/wildlife-travel.com\/wp-content\/uploads\/2023\/02\/hiking-in-the-azores-38-360x240.jpg 360w, https:\/\/wildlife-travel.com\/wp-content\/uploads\/2023\/02\/hiking-in-the-azores-38-600x400.jpg 600w, https:\/\/wildlife-travel.com\/wp-content\/uploads\/2023\/02\/hiking-in-the-azores-38-272x182.jpg 272w\" sizes=\"(max-width: 1336px) 100vw, 1336px\" title=\"wandern-auf-den-azoren\" alt=\"Wandern auf den Azoren\" \t\tclass=\"so-widget-image\"\/>\n\t<\/div>\n\n<\/div><\/div><\/div><div id=\"pgc-23855-65-1\"  class=\"panel-grid-cell\" ><div id=\"panel-23855-65-1-0\" class=\"so-panel widget widget_sow-image panel-first-child panel-last-child\" data-index=\"76\" ><div\n\t\t\t\n\t\t\tclass=\"so-widget-sow-image so-widget-sow-image-default-8b5b6f678277-23855\"\n\t\t\t\n\t\t>\n<div class=\"sow-image-container\">\n\t\t<img \n\tsrc=\"https:\/\/wildlife-travel.com\/wp-content\/uploads\/2023\/02\/hiking-in-the-azores-39.jpg\" width=\"1336\" height=\"891\" srcset=\"https:\/\/wildlife-travel.com\/wp-content\/uploads\/2023\/02\/hiking-in-the-azores-39.jpg 1336w, https:\/\/wildlife-travel.com\/wp-content\/uploads\/2023\/02\/hiking-in-the-azores-39-300x200.jpg 300w, https:\/\/wildlife-travel.com\/wp-content\/uploads\/2023\/02\/hiking-in-the-azores-39-1024x683.jpg 1024w, https:\/\/wildlife-travel.com\/wp-content\/uploads\/2023\/02\/hiking-in-the-azores-39-768x512.jpg 768w, https:\/\/wildlife-travel.com\/wp-content\/uploads\/2023\/02\/hiking-in-the-azores-39-840x560.jpg 840w, https:\/\/wildlife-travel.com\/wp-content\/uploads\/2023\/02\/hiking-in-the-azores-39-120x80.jpg 120w, https:\/\/wildlife-travel.com\/wp-content\/uploads\/2023\/02\/hiking-in-the-azores-39-360x240.jpg 360w, https:\/\/wildlife-travel.com\/wp-content\/uploads\/2023\/02\/hiking-in-the-azores-39-600x400.jpg 600w, https:\/\/wildlife-travel.com\/wp-content\/uploads\/2023\/02\/hiking-in-the-azores-39-272x182.jpg 272w\" sizes=\"(max-width: 1336px) 100vw, 1336px\" title=\"wandern-auf-den-azoren\" alt=\"Wandern auf Pico\" \t\tclass=\"so-widget-image\"\/>\n\t<\/div>\n\n<\/div><\/div><\/div><\/div><div id=\"pg-23855-66\"  class=\"panel-grid panel-no-style\" ><div id=\"pgc-23855-66-0\"  class=\"panel-grid-cell\" ><div id=\"panel-23855-66-0-0\" class=\"so-panel widget widget_sow-editor panel-first-child panel-last-child\" data-index=\"77\" ><div\n\t\t\t\n\t\t\tclass=\"so-widget-sow-editor so-widget-sow-editor-base\"\n\t\t\t\n\t\t>\n<div class=\"siteorigin-widget-tinymce textwidget\">\n\t<p>An manchen Stellen des Weges konnte ich aufs Meer blicken.<\/p>\n<p>Und das an einem bew\u00f6lkten und nebligen Tag.<\/p>\n<\/div>\n<\/div><\/div><\/div><\/div><div id=\"pg-23855-67\"  class=\"panel-grid panel-no-style\" ><div id=\"pgc-23855-67-0\"  class=\"panel-grid-cell\" ><div id=\"panel-23855-67-0-0\" class=\"so-panel widget widget_sow-image panel-first-child panel-last-child\" data-index=\"78\" ><div\n\t\t\t\n\t\t\tclass=\"so-widget-sow-image so-widget-sow-image-default-8b5b6f678277-23855\"\n\t\t\t\n\t\t>\n<div class=\"sow-image-container\">\n\t\t<img \n\tsrc=\"https:\/\/wildlife-travel.com\/wp-content\/uploads\/2023\/02\/hiking-in-the-azores-40.jpg\" width=\"1336\" height=\"891\" srcset=\"https:\/\/wildlife-travel.com\/wp-content\/uploads\/2023\/02\/hiking-in-the-azores-40.jpg 1336w, https:\/\/wildlife-travel.com\/wp-content\/uploads\/2023\/02\/hiking-in-the-azores-40-300x200.jpg 300w, https:\/\/wildlife-travel.com\/wp-content\/uploads\/2023\/02\/hiking-in-the-azores-40-1024x683.jpg 1024w, https:\/\/wildlife-travel.com\/wp-content\/uploads\/2023\/02\/hiking-in-the-azores-40-768x512.jpg 768w, https:\/\/wildlife-travel.com\/wp-content\/uploads\/2023\/02\/hiking-in-the-azores-40-840x560.jpg 840w, https:\/\/wildlife-travel.com\/wp-content\/uploads\/2023\/02\/hiking-in-the-azores-40-120x80.jpg 120w, https:\/\/wildlife-travel.com\/wp-content\/uploads\/2023\/02\/hiking-in-the-azores-40-360x240.jpg 360w, https:\/\/wildlife-travel.com\/wp-content\/uploads\/2023\/02\/hiking-in-the-azores-40-600x400.jpg 600w, https:\/\/wildlife-travel.com\/wp-content\/uploads\/2023\/02\/hiking-in-the-azores-40-272x182.jpg 272w\" sizes=\"(max-width: 1336px) 100vw, 1336px\" title=\"wandern-auf-den-azoren\" alt=\"Wandern auf Pico\" \t\tclass=\"so-widget-image\"\/>\n\t<\/div>\n\n<\/div><\/div><\/div><div id=\"pgc-23855-67-1\"  class=\"panel-grid-cell\" ><div id=\"panel-23855-67-1-0\" class=\"so-panel widget widget_sow-image panel-first-child panel-last-child\" data-index=\"79\" ><div\n\t\t\t\n\t\t\tclass=\"so-widget-sow-image so-widget-sow-image-default-8b5b6f678277-23855\"\n\t\t\t\n\t\t>\n<div class=\"sow-image-container\">\n\t\t<img \n\tsrc=\"https:\/\/wildlife-travel.com\/wp-content\/uploads\/2023\/02\/hiking-in-the-azores-41.jpg\" width=\"1336\" height=\"891\" srcset=\"https:\/\/wildlife-travel.com\/wp-content\/uploads\/2023\/02\/hiking-in-the-azores-41.jpg 1336w, https:\/\/wildlife-travel.com\/wp-content\/uploads\/2023\/02\/hiking-in-the-azores-41-300x200.jpg 300w, https:\/\/wildlife-travel.com\/wp-content\/uploads\/2023\/02\/hiking-in-the-azores-41-1024x683.jpg 1024w, https:\/\/wildlife-travel.com\/wp-content\/uploads\/2023\/02\/hiking-in-the-azores-41-768x512.jpg 768w, https:\/\/wildlife-travel.com\/wp-content\/uploads\/2023\/02\/hiking-in-the-azores-41-840x560.jpg 840w, https:\/\/wildlife-travel.com\/wp-content\/uploads\/2023\/02\/hiking-in-the-azores-41-120x80.jpg 120w, https:\/\/wildlife-travel.com\/wp-content\/uploads\/2023\/02\/hiking-in-the-azores-41-360x240.jpg 360w, https:\/\/wildlife-travel.com\/wp-content\/uploads\/2023\/02\/hiking-in-the-azores-41-600x400.jpg 600w, https:\/\/wildlife-travel.com\/wp-content\/uploads\/2023\/02\/hiking-in-the-azores-41-272x182.jpg 272w\" sizes=\"(max-width: 1336px) 100vw, 1336px\" title=\"wandern-auf-den-azoren\" alt=\"Wandern auf Pico\" \t\tclass=\"so-widget-image\"\/>\n\t<\/div>\n\n<\/div><\/div><\/div><\/div><div id=\"pg-23855-68\"  class=\"panel-grid panel-no-style\" ><div id=\"pgc-23855-68-0\"  class=\"panel-grid-cell\" ><div id=\"panel-23855-68-0-0\" class=\"so-panel widget widget_sow-editor panel-first-child panel-last-child\" data-index=\"80\" ><div\n\t\t\t\n\t\t\tclass=\"so-widget-sow-editor so-widget-sow-editor-base\"\n\t\t\t\n\t\t>\n<div class=\"siteorigin-widget-tinymce textwidget\">\n\t<p>Als ich die Lavah\u00f6hle Gruta das Torres schlie\u00dflich erreichte, wurde mir mitgeteilt, dass ich leider an keiner der Touren teilnehmen konnte. Alles war schon ausgebucht. Auch f\u00fcr den darauffolgenden Tag konnte ich keine Tour mehr buchen, weil das Interesse an der Gruta das Torres so gro\u00df war, dass auch f\u00fcr jenen Tag alle Tickets schon verkauft waren. Und am \u00fcbern\u00e4chsten Tag war die Lavah\u00f6hle geschlossen.<\/p>\n<p>Auch wenn ich auf den Azoren keine gro\u00dfen Wanderungen unternommen hatte, so halte ich die Insel - wie die Insel Pico - trotzdem f\u00fcr ein sehr sch\u00f6nes Wanderreiseziel. Vielleicht kannst ja du mir von deinen Wandererlebnissen auf den Azoren in den Kommentaren berichten?<\/p>\n<\/div>\n<\/div><\/div><\/div><\/div><div id=\"pg-23855-69\"  class=\"panel-grid panel-no-style\" ><div id=\"pgc-23855-69-0\"  class=\"panel-grid-cell\" ><div id=\"panel-23855-69-0-0\" class=\"so-panel widget widget_sow-image panel-first-child panel-last-child\" data-index=\"81\" ><div\n\t\t\t\n\t\t\tclass=\"so-widget-sow-image so-widget-sow-image-default-8b5b6f678277-23855\"\n\t\t\t\n\t\t>\n<div class=\"sow-image-container\">\n\t\t<img \n\tsrc=\"https:\/\/wildlife-travel.com\/wp-content\/uploads\/2023\/02\/hiking-in-the-azores-42.jpg\" width=\"1336\" height=\"891\" srcset=\"https:\/\/wildlife-travel.com\/wp-content\/uploads\/2023\/02\/hiking-in-the-azores-42.jpg 1336w, https:\/\/wildlife-travel.com\/wp-content\/uploads\/2023\/02\/hiking-in-the-azores-42-300x200.jpg 300w, https:\/\/wildlife-travel.com\/wp-content\/uploads\/2023\/02\/hiking-in-the-azores-42-1024x683.jpg 1024w, https:\/\/wildlife-travel.com\/wp-content\/uploads\/2023\/02\/hiking-in-the-azores-42-768x512.jpg 768w, https:\/\/wildlife-travel.com\/wp-content\/uploads\/2023\/02\/hiking-in-the-azores-42-840x560.jpg 840w, https:\/\/wildlife-travel.com\/wp-content\/uploads\/2023\/02\/hiking-in-the-azores-42-120x80.jpg 120w, https:\/\/wildlife-travel.com\/wp-content\/uploads\/2023\/02\/hiking-in-the-azores-42-360x240.jpg 360w, https:\/\/wildlife-travel.com\/wp-content\/uploads\/2023\/02\/hiking-in-the-azores-42-600x400.jpg 600w, https:\/\/wildlife-travel.com\/wp-content\/uploads\/2023\/02\/hiking-in-the-azores-42-272x182.jpg 272w\" sizes=\"(max-width: 1336px) 100vw, 1336px\" title=\"wandern-auf-den-azoren\" alt=\"Wandern auf den Azoren\" \t\tclass=\"so-widget-image\"\/>\n\t<\/div>\n\n<\/div><\/div><\/div><\/div><div id=\"pg-23855-70\"  class=\"panel-grid panel-no-style\" ><div id=\"pgc-23855-70-0\"  class=\"panel-grid-cell\" ><div id=\"panel-23855-70-0-0\" class=\"so-panel widget widget_sow-editor panel-first-child panel-last-child\" data-index=\"82\" ><div\n\t\t\t\n\t\t\tclass=\"so-widget-sow-editor so-widget-sow-editor-base\"\n\t\t\t\n\t\t>\n<div class=\"siteorigin-widget-tinymce textwidget\">\n\t<h2><span class=\"ez-toc-section\" id=\"Mehr_Informationen_ueber_die_Azoren\"><\/span>Mehr Informationen \u00fcber die Azoren<span class=\"ez-toc-section-end\"><\/span><\/h2>\n<\/div>\n<\/div><\/div><\/div><\/div><div id=\"pg-23855-71\"  class=\"panel-grid panel-no-style\" ><div id=\"pgc-23855-71-0\"  class=\"panel-grid-cell\" ><div id=\"panel-23855-71-0-0\" class=\"so-panel widget widget_sow-editor panel-first-child panel-last-child\" data-index=\"83\" ><div class=\"panel-widget-style panel-widget-style-for-23855-71-0-0\" ><div\n\t\t\t\n\t\t\tclass=\"so-widget-sow-editor so-widget-sow-editor-base\"\n\t\t\t\n\t\t>\n<div class=\"siteorigin-widget-tinymce textwidget\">\n\t<p><strong>Blogartikel:<\/strong><\/p>\n<p><a href=\"https:\/\/wildlife-travel.com\/de\/walbeobachtung-auf-den-azoren-insel-pico\/\" target=\"_blank\" rel=\"noopener\">Walbeobachtung auf den Azoren - Insel Pico<\/a><strong><br \/>\n<\/strong><\/p>\n<p><a href=\"https:\/\/wildlife-travel.com\/de\/tiere-auf-den-azoren-die-insel-pico\/\" target=\"_blank\" rel=\"noopener\">Tiere auf den Azoren - Die Insel Pico<\/a><\/p>\n<p><a href=\"https:\/\/wildlife-travel.com\/de\/reisen-und-citizen-science-auf-den-azoren\/\" target=\"_blank\" rel=\"noopener\">Reisen und Citizen Science auf den Azoren<\/a><\/p>\n<p>Wie w\u00e4re es mit einer <a href=\"https:\/\/wildlife-travel.com\/de\/wandern-auf-korfu-griechenland\/\" target=\"_blank\" rel=\"noopener\">Wanderung auf Korfu<\/a> in Griechenland?<\/p>\n<p>Oder mit Italien wie <a href=\"https:\/\/wildlife-travel.com\/de\/alghero-im-april-sardinien\/\" target=\"_blank\" rel=\"noopener\">Alghero im April<\/a>?<\/p>\n<\/div>\n<\/div><\/div><\/div><\/div><\/div><div id=\"pg-23855-72\"  class=\"panel-grid panel-no-style\" ><div id=\"pgc-23855-72-0\"  class=\"panel-grid-cell\" ><div id=\"panel-23855-72-0-0\" class=\"so-panel widget widget_sow-image panel-first-child panel-last-child\" data-index=\"84\" ><div\n\t\t\t\n\t\t\tclass=\"so-widget-sow-image so-widget-sow-image-default-8b5b6f678277-23855\"\n\t\t\t\n\t\t>\n<div class=\"sow-image-container\">\n\t\t<img \n\tsrc=\"https:\/\/wildlife-travel.com\/wp-content\/uploads\/2023\/03\/wandern-auf-den-azoren.jpg\" width=\"800\" height=\"1200\" srcset=\"https:\/\/wildlife-travel.com\/wp-content\/uploads\/2023\/03\/wandern-auf-den-azoren.jpg 800w, https:\/\/wildlife-travel.com\/wp-content\/uploads\/2023\/03\/wandern-auf-den-azoren-200x300.jpg 200w, https:\/\/wildlife-travel.com\/wp-content\/uploads\/2023\/03\/wandern-auf-den-azoren-683x1024.jpg 683w, https:\/\/wildlife-travel.com\/wp-content\/uploads\/2023\/03\/wandern-auf-den-azoren-768x1152.jpg 768w\" sizes=\"(max-width: 800px) 100vw, 800px\" alt=\"Wandern auf den Azoren\" \t\tclass=\"so-widget-image\"\/>\n\t<\/div>\n\n<\/div><\/div><\/div><div id=\"pgc-23855-72-1\"  class=\"panel-grid-cell\" ><div id=\"panel-23855-72-1-0\" class=\"so-panel widget widget_sow-image panel-first-child panel-last-child\" data-index=\"85\" ><div\n\t\t\t\n\t\t\tclass=\"so-widget-sow-image so-widget-sow-image-default-8b5b6f678277-23855\"\n\t\t\t\n\t\t>\n<div class=\"sow-image-container\">\n\t\t<img \n\tsrc=\"https:\/\/wildlife-travel.com\/wp-content\/uploads\/2023\/03\/wandern-auf-den-azoren-2.jpg\" width=\"800\" height=\"1200\" srcset=\"https:\/\/wildlife-travel.com\/wp-content\/uploads\/2023\/03\/wandern-auf-den-azoren-2.jpg 800w, https:\/\/wildlife-travel.com\/wp-content\/uploads\/2023\/03\/wandern-auf-den-azoren-2-200x300.jpg 200w, https:\/\/wildlife-travel.com\/wp-content\/uploads\/2023\/03\/wandern-auf-den-azoren-2-683x1024.jpg 683w, https:\/\/wildlife-travel.com\/wp-content\/uploads\/2023\/03\/wandern-auf-den-azoren-2-768x1152.jpg 768w\" sizes=\"(max-width: 800px) 100vw, 800px\" title=\"wandern-auf-den-azoren\" alt=\"Wandern auf den Azoren\" \t\tclass=\"so-widget-image\"\/>\n\t<\/div>\n\n<\/div><\/div><\/div><\/div><div id=\"pg-23855-73\"  class=\"panel-grid panel-no-style\" ><div id=\"pgc-23855-73-0\"  class=\"panel-grid-cell\" ><div id=\"panel-23855-73-0-0\" class=\"so-panel widget widget_sow-editor panel-first-child panel-last-child\" data-index=\"86\" ><div\n\t\t\t\n\t\t\tclass=\"so-widget-sow-editor so-widget-sow-editor-base\"\n\t\t\t\n\t\t>\n<div class=\"siteorigin-widget-tinymce textwidget\">\n\t<p><strong>Kennst du dich mit Wandern auf den Azoren aus? Warst du auf der Ponta do Pico? Lass mich deine Erfahrungen doch in den Kommentaren wissen. <\/strong><\/p>\n<\/div>\n<\/div><\/div><\/div><\/div><\/div>","protected":false},"excerpt":{"rendered":"","protected":false},"author":1,"featured_media":23488,"comment_status":"open","ping_status":"closed","sticky":false,"template":"","format":"standard","meta":{"_monsterinsights_skip_tracking":false,"_monsterinsights_sitenote_active":false,"_monsterinsights_sitenote_note":"","_monsterinsights_sitenote_category":0,"footnotes":""},"categories":[215],"tags":[144],"class_list":["post-23855","post","type-post","status-publish","format-standard","has-post-thumbnail","hentry","category-portugal","tag-verantwortungsvoller-tourismus"],"yoast_head":"<!-- This site is optimized with the Yoast SEO plugin v27.5 - https:\/\/yoast.com\/product\/yoast-seo-wordpress\/ -->\n<title>Wandern auf den Azoren - Die Insel Pico<\/title>\n<meta name=\"description\" content=\"Wandern auf den Azoren: Es gibt zahlreiche Wanderwege auf Pico wie Vinhas da Cria\u00e7\u00e3o Velha oder Mist\u00e9rios do Sul do Pico. Erfahre mehr...\" \/>\n<meta name=\"robots\" content=\"index, follow, max-snippet:-1, max-image-preview:large, max-video-preview:-1\" \/>\n<link rel=\"canonical\" href=\"https:\/\/wildlife-travel.com\/de\/wandern-auf-den-azoren-die-insel-pico\/\" \/>\n<meta property=\"og:locale\" content=\"de_DE\" \/>\n<meta property=\"og:type\" content=\"article\" \/>\n<meta property=\"og:title\" content=\"Wandern auf den Azoren - Die Insel Pico\" \/>\n<meta property=\"og:description\" content=\"Wandern auf den Azoren: Es gibt zahlreiche Wanderwege auf Pico wie Vinhas da Cria\u00e7\u00e3o Velha oder Mist\u00e9rios do Sul do Pico. Erfahre mehr...\" \/>\n<meta property=\"og:url\" content=\"https:\/\/wildlife-travel.com\/de\/wandern-auf-den-azoren-die-insel-pico\/\" \/>\n<meta property=\"article:published_time\" content=\"2023-03-26T10:00:11+00:00\" \/>\n<meta property=\"article:modified_time\" content=\"2025-05-03T10:52:02+00:00\" \/>\n<meta property=\"og:image\" content=\"https:\/\/wildlife-travel.com\/wp-content\/uploads\/2023\/02\/hiking-in-the-azores.jpg\" \/>\n\t<meta property=\"og:image:width\" content=\"2500\" \/>\n\t<meta property=\"og:image:height\" content=\"800\" \/>\n\t<meta property=\"og:image:type\" content=\"image\/jpeg\" \/>\n<meta name=\"author\" content=\"Tanja Heinz\" \/>\n<meta name=\"twitter:card\" content=\"summary_large_image\" \/>\n<meta name=\"twitter:label1\" content=\"Written by\" \/>\n\t<meta name=\"twitter:data1\" content=\"Tanja Heinz\" \/>\n\t<meta name=\"twitter:label2\" content=\"Est. reading time\" \/>\n\t<meta name=\"twitter:data2\" content=\"20 minutes\" \/>\n<script type=\"application\/ld+json\" class=\"yoast-schema-graph\">{\"@context\":\"https:\\\/\\\/schema.org\",\"@graph\":[{\"@type\":\"Article\",\"@id\":\"https:\\\/\\\/wildlife-travel.com\\\/de\\\/wandern-auf-den-azoren-die-insel-pico\\\/#article\",\"isPartOf\":{\"@id\":\"https:\\\/\\\/wildlife-travel.com\\\/de\\\/wandern-auf-den-azoren-die-insel-pico\\\/\"},\"author\":{\"name\":\"Tanja Heinz\",\"@id\":\"https:\\\/\\\/wildlife-travel.com\\\/de\\\/#\\\/schema\\\/person\\\/37ec276948c84f4f860abef1a19c2e62\"},\"headline\":\"Wandern auf den Azoren &#8211; Die Insel Pico\",\"datePublished\":\"2023-03-26T10:00:11+00:00\",\"dateModified\":\"2025-05-03T10:52:02+00:00\",\"mainEntityOfPage\":{\"@id\":\"https:\\\/\\\/wildlife-travel.com\\\/de\\\/wandern-auf-den-azoren-die-insel-pico\\\/\"},\"wordCount\":2569,\"commentCount\":0,\"publisher\":{\"@id\":\"https:\\\/\\\/wildlife-travel.com\\\/de\\\/#\\\/schema\\\/person\\\/37ec276948c84f4f860abef1a19c2e62\"},\"image\":{\"@id\":\"https:\\\/\\\/wildlife-travel.com\\\/de\\\/wandern-auf-den-azoren-die-insel-pico\\\/#primaryimage\"},\"thumbnailUrl\":\"https:\\\/\\\/wildlife-travel.com\\\/wp-content\\\/uploads\\\/2023\\\/02\\\/hiking-in-the-azores.jpg\",\"keywords\":[\"Verantwortungsvoller Tourismus\"],\"articleSection\":[\"Portugal\"],\"inLanguage\":\"de-DE\",\"potentialAction\":[{\"@type\":\"CommentAction\",\"name\":\"Comment\",\"target\":[\"https:\\\/\\\/wildlife-travel.com\\\/de\\\/wandern-auf-den-azoren-die-insel-pico\\\/#respond\"]}]},{\"@type\":\"WebPage\",\"@id\":\"https:\\\/\\\/wildlife-travel.com\\\/de\\\/wandern-auf-den-azoren-die-insel-pico\\\/\",\"url\":\"https:\\\/\\\/wildlife-travel.com\\\/de\\\/wandern-auf-den-azoren-die-insel-pico\\\/\",\"name\":\"Wandern auf den Azoren - Die Insel Pico\",\"isPartOf\":{\"@id\":\"https:\\\/\\\/wildlife-travel.com\\\/de\\\/#website\"},\"primaryImageOfPage\":{\"@id\":\"https:\\\/\\\/wildlife-travel.com\\\/de\\\/wandern-auf-den-azoren-die-insel-pico\\\/#primaryimage\"},\"image\":{\"@id\":\"https:\\\/\\\/wildlife-travel.com\\\/de\\\/wandern-auf-den-azoren-die-insel-pico\\\/#primaryimage\"},\"thumbnailUrl\":\"https:\\\/\\\/wildlife-travel.com\\\/wp-content\\\/uploads\\\/2023\\\/02\\\/hiking-in-the-azores.jpg\",\"datePublished\":\"2023-03-26T10:00:11+00:00\",\"dateModified\":\"2025-05-03T10:52:02+00:00\",\"description\":\"Wandern auf den Azoren: Es gibt zahlreiche Wanderwege auf Pico wie Vinhas da Cria\u00e7\u00e3o Velha oder Mist\u00e9rios do Sul do Pico. Erfahre mehr...\",\"breadcrumb\":{\"@id\":\"https:\\\/\\\/wildlife-travel.com\\\/de\\\/wandern-auf-den-azoren-die-insel-pico\\\/#breadcrumb\"},\"inLanguage\":\"de-DE\",\"potentialAction\":[{\"@type\":\"ReadAction\",\"target\":[\"https:\\\/\\\/wildlife-travel.com\\\/de\\\/wandern-auf-den-azoren-die-insel-pico\\\/\"]}]},{\"@type\":\"ImageObject\",\"inLanguage\":\"de-DE\",\"@id\":\"https:\\\/\\\/wildlife-travel.com\\\/de\\\/wandern-auf-den-azoren-die-insel-pico\\\/#primaryimage\",\"url\":\"https:\\\/\\\/wildlife-travel.com\\\/wp-content\\\/uploads\\\/2023\\\/02\\\/hiking-in-the-azores.jpg\",\"contentUrl\":\"https:\\\/\\\/wildlife-travel.com\\\/wp-content\\\/uploads\\\/2023\\\/02\\\/hiking-in-the-azores.jpg\",\"width\":2500,\"height\":800,\"caption\":\"Wandern auf den Azoren\"},{\"@type\":\"BreadcrumbList\",\"@id\":\"https:\\\/\\\/wildlife-travel.com\\\/de\\\/wandern-auf-den-azoren-die-insel-pico\\\/#breadcrumb\",\"itemListElement\":[{\"@type\":\"ListItem\",\"position\":1,\"name\":\"Startseite\",\"item\":\"https:\\\/\\\/wildlife-travel.com\\\/de\\\/\"},{\"@type\":\"ListItem\",\"position\":2,\"name\":\"Wandern auf den Azoren &#8211; Die Insel Pico\"}]},{\"@type\":\"WebSite\",\"@id\":\"https:\\\/\\\/wildlife-travel.com\\\/de\\\/#website\",\"url\":\"https:\\\/\\\/wildlife-travel.com\\\/de\\\/\",\"name\":\"\",\"description\":\"Wildlife Travel\",\"publisher\":{\"@id\":\"https:\\\/\\\/wildlife-travel.com\\\/de\\\/#\\\/schema\\\/person\\\/37ec276948c84f4f860abef1a19c2e62\"},\"potentialAction\":[{\"@type\":\"SearchAction\",\"target\":{\"@type\":\"EntryPoint\",\"urlTemplate\":\"https:\\\/\\\/wildlife-travel.com\\\/de\\\/?s={search_term_string}\"},\"query-input\":{\"@type\":\"PropertyValueSpecification\",\"valueRequired\":true,\"valueName\":\"search_term_string\"}}],\"inLanguage\":\"de-DE\"},{\"@type\":[\"Person\",\"Organization\"],\"@id\":\"https:\\\/\\\/wildlife-travel.com\\\/de\\\/#\\\/schema\\\/person\\\/37ec276948c84f4f860abef1a19c2e62\",\"name\":\"Tanja Heinz\",\"logo\":{\"@id\":\"https:\\\/\\\/wildlife-travel.com\\\/de\\\/#\\\/schema\\\/person\\\/image\\\/\"}}]}<\/script>\n<!-- \/ Yoast SEO plugin. -->","yoast_head_json":{"title":"Wandern auf den Azoren - Die Insel Pico","description":"Wandern auf den Azoren: Es gibt zahlreiche Wanderwege auf Pico wie Vinhas da Cria\u00e7\u00e3o Velha oder Mist\u00e9rios do Sul do Pico. Erfahre mehr...","robots":{"index":"index","follow":"follow","max-snippet":"max-snippet:-1","max-image-preview":"max-image-preview:large","max-video-preview":"max-video-preview:-1"},"canonical":"https:\/\/wildlife-travel.com\/de\/wandern-auf-den-azoren-die-insel-pico\/","og_locale":"de_DE","og_type":"article","og_title":"Wandern auf den Azoren - Die Insel Pico","og_description":"Wandern auf den Azoren: Es gibt zahlreiche Wanderwege auf Pico wie Vinhas da Cria\u00e7\u00e3o Velha oder Mist\u00e9rios do Sul do Pico. Erfahre mehr...","og_url":"https:\/\/wildlife-travel.com\/de\/wandern-auf-den-azoren-die-insel-pico\/","article_published_time":"2023-03-26T10:00:11+00:00","article_modified_time":"2025-05-03T10:52:02+00:00","og_image":[{"width":2500,"height":800,"url":"https:\/\/wildlife-travel.com\/wp-content\/uploads\/2023\/02\/hiking-in-the-azores.jpg","type":"image\/jpeg"}],"author":"Tanja Heinz","twitter_card":"summary_large_image","twitter_misc":{"Written by":"Tanja Heinz","Est. reading time":"20 minutes"},"schema":{"@context":"https:\/\/schema.org","@graph":[{"@type":"Article","@id":"https:\/\/wildlife-travel.com\/de\/wandern-auf-den-azoren-die-insel-pico\/#article","isPartOf":{"@id":"https:\/\/wildlife-travel.com\/de\/wandern-auf-den-azoren-die-insel-pico\/"},"author":{"name":"Tanja Heinz","@id":"https:\/\/wildlife-travel.com\/de\/#\/schema\/person\/37ec276948c84f4f860abef1a19c2e62"},"headline":"Wandern auf den Azoren &#8211; Die Insel Pico","datePublished":"2023-03-26T10:00:11+00:00","dateModified":"2025-05-03T10:52:02+00:00","mainEntityOfPage":{"@id":"https:\/\/wildlife-travel.com\/de\/wandern-auf-den-azoren-die-insel-pico\/"},"wordCount":2569,"commentCount":0,"publisher":{"@id":"https:\/\/wildlife-travel.com\/de\/#\/schema\/person\/37ec276948c84f4f860abef1a19c2e62"},"image":{"@id":"https:\/\/wildlife-travel.com\/de\/wandern-auf-den-azoren-die-insel-pico\/#primaryimage"},"thumbnailUrl":"https:\/\/wildlife-travel.com\/wp-content\/uploads\/2023\/02\/hiking-in-the-azores.jpg","keywords":["Verantwortungsvoller Tourismus"],"articleSection":["Portugal"],"inLanguage":"de-DE","potentialAction":[{"@type":"CommentAction","name":"Comment","target":["https:\/\/wildlife-travel.com\/de\/wandern-auf-den-azoren-die-insel-pico\/#respond"]}]},{"@type":"WebPage","@id":"https:\/\/wildlife-travel.com\/de\/wandern-auf-den-azoren-die-insel-pico\/","url":"https:\/\/wildlife-travel.com\/de\/wandern-auf-den-azoren-die-insel-pico\/","name":"Wandern auf den Azoren - Die Insel Pico","isPartOf":{"@id":"https:\/\/wildlife-travel.com\/de\/#website"},"primaryImageOfPage":{"@id":"https:\/\/wildlife-travel.com\/de\/wandern-auf-den-azoren-die-insel-pico\/#primaryimage"},"image":{"@id":"https:\/\/wildlife-travel.com\/de\/wandern-auf-den-azoren-die-insel-pico\/#primaryimage"},"thumbnailUrl":"https:\/\/wildlife-travel.com\/wp-content\/uploads\/2023\/02\/hiking-in-the-azores.jpg","datePublished":"2023-03-26T10:00:11+00:00","dateModified":"2025-05-03T10:52:02+00:00","description":"Wandern auf den Azoren: Es gibt zahlreiche Wanderwege auf Pico wie Vinhas da Cria\u00e7\u00e3o Velha oder Mist\u00e9rios do Sul do Pico. Erfahre mehr...","breadcrumb":{"@id":"https:\/\/wildlife-travel.com\/de\/wandern-auf-den-azoren-die-insel-pico\/#breadcrumb"},"inLanguage":"de-DE","potentialAction":[{"@type":"ReadAction","target":["https:\/\/wildlife-travel.com\/de\/wandern-auf-den-azoren-die-insel-pico\/"]}]},{"@type":"ImageObject","inLanguage":"de-DE","@id":"https:\/\/wildlife-travel.com\/de\/wandern-auf-den-azoren-die-insel-pico\/#primaryimage","url":"https:\/\/wildlife-travel.com\/wp-content\/uploads\/2023\/02\/hiking-in-the-azores.jpg","contentUrl":"https:\/\/wildlife-travel.com\/wp-content\/uploads\/2023\/02\/hiking-in-the-azores.jpg","width":2500,"height":800,"caption":"Wandern auf den Azoren"},{"@type":"BreadcrumbList","@id":"https:\/\/wildlife-travel.com\/de\/wandern-auf-den-azoren-die-insel-pico\/#breadcrumb","itemListElement":[{"@type":"ListItem","position":1,"name":"Startseite","item":"https:\/\/wildlife-travel.com\/de\/"},{"@type":"ListItem","position":2,"name":"Wandern auf den Azoren &#8211; Die Insel Pico"}]},{"@type":"WebSite","@id":"https:\/\/wildlife-travel.com\/de\/#website","url":"https:\/\/wildlife-travel.com\/de\/","name":"","description":"Wildlife Travel","publisher":{"@id":"https:\/\/wildlife-travel.com\/de\/#\/schema\/person\/37ec276948c84f4f860abef1a19c2e62"},"potentialAction":[{"@type":"SearchAction","target":{"@type":"EntryPoint","urlTemplate":"https:\/\/wildlife-travel.com\/de\/?s={search_term_string}"},"query-input":{"@type":"PropertyValueSpecification","valueRequired":true,"valueName":"search_term_string"}}],"inLanguage":"de-DE"},{"@type":["Person","Organization"],"@id":"https:\/\/wildlife-travel.com\/de\/#\/schema\/person\/37ec276948c84f4f860abef1a19c2e62","name":"Tanja Heinz","logo":{"@id":"https:\/\/wildlife-travel.com\/de\/#\/schema\/person\/image\/"}}]}},"_links":{"self":[{"href":"https:\/\/wildlife-travel.com\/de\/wp-json\/wp\/v2\/posts\/23855","targetHints":{"allow":["GET"]}}],"collection":[{"href":"https:\/\/wildlife-travel.com\/de\/wp-json\/wp\/v2\/posts"}],"about":[{"href":"https:\/\/wildlife-travel.com\/de\/wp-json\/wp\/v2\/types\/post"}],"author":[{"embeddable":true,"href":"https:\/\/wildlife-travel.com\/de\/wp-json\/wp\/v2\/users\/1"}],"replies":[{"embeddable":true,"href":"https:\/\/wildlife-travel.com\/de\/wp-json\/wp\/v2\/comments?post=23855"}],"version-history":[{"count":0,"href":"https:\/\/wildlife-travel.com\/de\/wp-json\/wp\/v2\/posts\/23855\/revisions"}],"wp:featuredmedia":[{"embeddable":true,"href":"https:\/\/wildlife-travel.com\/de\/wp-json\/wp\/v2\/media\/23488"}],"wp:attachment":[{"href":"https:\/\/wildlife-travel.com\/de\/wp-json\/wp\/v2\/media?parent=23855"}],"wp:term":[{"taxonomy":"category","embeddable":true,"href":"https:\/\/wildlife-travel.com\/de\/wp-json\/wp\/v2\/categories?post=23855"},{"taxonomy":"post_tag","embeddable":true,"href":"https:\/\/wildlife-travel.com\/de\/wp-json\/wp\/v2\/tags?post=23855"}],"curies":[{"name":"wp","href":"https:\/\/api.w.org\/{rel}","templated":true}]}}