{"id":27945,"date":"2025-02-09T12:00:37","date_gmt":"2025-02-09T11:00:37","guid":{"rendered":"https:\/\/wildlife-travel.com\/?p=27945"},"modified":"2026-01-22T11:39:52","modified_gmt":"2026-01-22T10:39:52","slug":"stunde-der-wintervoegel-2025","status":"publish","type":"post","link":"https:\/\/wildlife-travel.com\/de\/stunde-der-wintervoegel-2025\/","title":{"rendered":"Stunde der Winterv\u00f6gel 2025"},"content":{"rendered":"<div id=\"pl-27945\"  class=\"panel-layout\" ><div id=\"pg-27945-0\"  class=\"panel-grid panel-no-style\" ><div id=\"pgc-27945-0-0\"  class=\"panel-grid-cell\" ><div id=\"panel-27945-0-0-0\" class=\"so-panel widget widget_sow-editor panel-first-child panel-last-child\" data-index=\"0\" ><div\n\t\t\t\n\t\t\tclass=\"so-widget-sow-editor so-widget-sow-editor-base\"\n\t\t\t\n\t\t>\n<div class=\"siteorigin-widget-tinymce textwidget\">\n\t<p><strong>Wie jedes Jahr fand auch in diesem Jahr am zweiten Wochenende im Januar die Stunde der Winterv\u00f6gel 2025 statt. Wer hat es dieses Mal an die Spitze geschafft? Gab es R\u00fcckg\u00e4nge bei den Beobachtungen bestimmter V\u00f6gel? Und wie viele haben dieses Jahr mitgemacht? In diesem Blogbeitrag berichte ich \u00fcber meine Teilnahme bei der Stunde der Winterv\u00f6gel 2025.<\/strong><\/p>\n<\/div>\n<\/div><\/div><\/div><\/div><div id=\"pg-27945-1\"  class=\"panel-grid panel-no-style\" ><div id=\"pgc-27945-1-0\"  class=\"panel-grid-cell\" ><div id=\"panel-27945-1-0-0\" class=\"so-panel widget widget_sow-editor panel-first-child panel-last-child\" data-index=\"1\" ><div\n\t\t\t\n\t\t\tclass=\"so-widget-sow-editor so-widget-sow-editor-base\"\n\t\t\t\n\t\t>\n<div class=\"siteorigin-widget-tinymce textwidget\">\n\t<div id=\"ez-toc-container\" class=\"ez-toc-v2_0_82_2 counter-hierarchy ez-toc-counter ez-toc-custom ez-toc-container-direction\">\n<div class=\"ez-toc-title-container\"><p class=\"ez-toc-title\" style=\"cursor:inherit\"><\/p>\n<\/div><nav><ul class='ez-toc-list ez-toc-list-level-1 ' ><li class='ez-toc-page-1 ez-toc-heading-level-2'><a class=\"ez-toc-link ez-toc-heading-1\" href=\"https:\/\/wildlife-travel.com\/de\/stunde-der-wintervoegel-2025\/#Stunde_der_Wintervoegel_2025\" >Stunde der Winterv\u00f6gel 2025<\/a><\/li><li class='ez-toc-page-1 ez-toc-heading-level-2'><a class=\"ez-toc-link ez-toc-heading-2\" href=\"https:\/\/wildlife-travel.com\/de\/stunde-der-wintervoegel-2025\/#Ergebnisse_der_Stunde_der_Wintervoegel_2025\" >Ergebnisse der Stunde der Winterv\u00f6gel 2025<\/a><\/li><li class='ez-toc-page-1 ez-toc-heading-level-2'><a class=\"ez-toc-link ez-toc-heading-3\" href=\"https:\/\/wildlife-travel.com\/de\/stunde-der-wintervoegel-2025\/#Mehr_Informationen\" >Mehr Informationen<\/a><\/li><\/ul><\/nav><\/div>\n<h2><span class=\"ez-toc-section\" id=\"Stunde_der_Wintervoegel_2025\"><\/span>Stunde der Winterv\u00f6gel 2025<span class=\"ez-toc-section-end\"><\/span><\/h2>\n<\/div>\n<\/div><\/div><\/div><\/div><div id=\"pg-27945-2\"  class=\"panel-grid panel-no-style\" ><div id=\"pgc-27945-2-0\"  class=\"panel-grid-cell\" ><div id=\"panel-27945-2-0-0\" class=\"so-panel widget widget_sow-editor panel-first-child panel-last-child\" data-index=\"2\" ><div\n\t\t\t\n\t\t\tclass=\"so-widget-sow-editor so-widget-sow-editor-base\"\n\t\t\t\n\t\t>\n<div class=\"siteorigin-widget-tinymce textwidget\">\n\t<p>Nachdem ich im letzten Januar bei der Stunde der Winterv\u00f6gel 2024 nicht teilgenommen hatte, wollte ich dieses Jahr unbedingt wieder mitmachen.<\/p>\n<p>Ich habe mich somit an einem Sonntagnachmittag auf den Weg gemacht und V\u00f6gel in einem nahegelegenen Stadtpark beobachtet. Und zwar im Volkspark Friedrichshain. Auch wenn der Park an Sonntagen recht voll werden kann, bin ich trotzdem dorthin. Es war auch nicht \u00fcberf\u00fcllt. Wahrscheinlich wegen des Winters.<\/p>\n<p>Nichtsdestotrotz habe ich einige V\u00f6gel z\u00e4hlen k\u00f6nnen. Ich bin immer wieder beeindruckt, was f\u00fcr eine Vogelvielfalt ich in einem Stadtpark \u2013 der manchmal recht gut besucht ist \u2013 begegne.<\/p>\n<p>Der erste Vogel, dem ich begegnet war, war eine einzelne Nebelkr\u00e4he. Waren dort noch mehr Nebelkr\u00e4hen? Ich konnte keine weitere ausfindig machen, war mir aber sicher, dass irgendwo in der N\u00e4he noch weitere Nebelkr\u00e4hen sein mussten.<\/p>\n<\/div>\n<\/div><\/div><\/div><\/div><div id=\"pg-27945-3\"  class=\"panel-grid panel-no-style\" ><div id=\"pgc-27945-3-0\"  class=\"panel-grid-cell\" ><div id=\"panel-27945-3-0-0\" class=\"so-panel widget widget_sow-image panel-first-child panel-last-child\" data-index=\"3\" ><div\n\t\t\t\n\t\t\tclass=\"so-widget-sow-image so-widget-sow-image-default-8b5b6f678277-27945\"\n\t\t\t\n\t\t>\n<div class=\"sow-image-container\">\n\t\t<img \n\tsrc=\"https:\/\/wildlife-travel.com\/wp-content\/uploads\/2025\/02\/Stunde-der-Wintervoegel-2025-1.jpg\" width=\"1336\" height=\"891\" srcset=\"https:\/\/wildlife-travel.com\/wp-content\/uploads\/2025\/02\/Stunde-der-Wintervoegel-2025-1.jpg 1336w, https:\/\/wildlife-travel.com\/wp-content\/uploads\/2025\/02\/Stunde-der-Wintervoegel-2025-1-300x200.jpg 300w, https:\/\/wildlife-travel.com\/wp-content\/uploads\/2025\/02\/Stunde-der-Wintervoegel-2025-1-1024x683.jpg 1024w, https:\/\/wildlife-travel.com\/wp-content\/uploads\/2025\/02\/Stunde-der-Wintervoegel-2025-1-768x512.jpg 768w, https:\/\/wildlife-travel.com\/wp-content\/uploads\/2025\/02\/Stunde-der-Wintervoegel-2025-1-840x560.jpg 840w, https:\/\/wildlife-travel.com\/wp-content\/uploads\/2025\/02\/Stunde-der-Wintervoegel-2025-1-120x80.jpg 120w, https:\/\/wildlife-travel.com\/wp-content\/uploads\/2025\/02\/Stunde-der-Wintervoegel-2025-1-360x240.jpg 360w, https:\/\/wildlife-travel.com\/wp-content\/uploads\/2025\/02\/Stunde-der-Wintervoegel-2025-1-600x400.jpg 600w, https:\/\/wildlife-travel.com\/wp-content\/uploads\/2025\/02\/Stunde-der-Wintervoegel-2025-1-272x182.jpg 272w\" sizes=\"(max-width: 1336px) 100vw, 1336px\" title=\"Stunde-der-Winterv\u00f6gel-2025 (1)\" alt=\"Stunde der Winterv\u00f6gel 2025\" \t\tclass=\"so-widget-image\"\/>\n\t<\/div>\n\n<\/div><\/div><\/div><\/div><div id=\"pg-27945-4\"  class=\"panel-grid panel-no-style\" ><div id=\"pgc-27945-4-0\"  class=\"panel-grid-cell\" ><div id=\"panel-27945-4-0-0\" class=\"so-panel widget widget_sow-editor panel-first-child panel-last-child\" data-index=\"4\" ><div\n\t\t\t\n\t\t\tclass=\"so-widget-sow-editor so-widget-sow-editor-base\"\n\t\t\t\n\t\t>\n<div class=\"siteorigin-widget-tinymce textwidget\">\n\t<p>Ja. In der Tat. Sp\u00e4ter sah ich noch weitere Nebelkr\u00e4hen. In einem Moment z\u00e4hlte ich insgesamt f\u00fcnf Nebelkr\u00e4hen.<\/p>\n<\/div>\n<\/div><\/div><\/div><\/div><div id=\"pg-27945-5\"  class=\"panel-grid panel-no-style\" ><div id=\"pgc-27945-5-0\"  class=\"panel-grid-cell\" ><div id=\"panel-27945-5-0-0\" class=\"so-panel widget widget_sow-editor panel-first-child panel-last-child\" data-index=\"5\" ><div class=\"panel-widget-style panel-widget-style-for-27945-5-0-0\" ><div\n\t\t\t\n\t\t\tclass=\"so-widget-sow-editor so-widget-sow-editor-base\"\n\t\t\t\n\t\t>\n<div class=\"siteorigin-widget-tinymce textwidget\">\n\t<p><span style=\"font-size: 16pt;\"><strong>Wichtig:<\/strong><\/span> Bitte z\u00e4hle f\u00fcr die Stunde der Winterv\u00f6gel \u2013 das gilt auf f\u00fcr die Stunde der Gartenv\u00f6gel \u2013 nur die V\u00f6gel, die du gleichzeitig an einem Ort sehen kannst. Das ist wichtig, da die V\u00f6gel auch wegfliegen und wieder auftauchen k\u00f6nnen. So wird verhindert, dass V\u00f6gel doppelt oder dreifach gez\u00e4hlt werden.<\/p>\n<\/div>\n<\/div><\/div><\/div><\/div><\/div><div id=\"pg-27945-6\"  class=\"panel-grid panel-no-style\" ><div id=\"pgc-27945-6-0\"  class=\"panel-grid-cell\" ><div id=\"panel-27945-6-0-0\" class=\"so-panel widget widget_sow-editor panel-first-child panel-last-child\" data-index=\"6\" ><div\n\t\t\t\n\t\t\tclass=\"so-widget-sow-editor so-widget-sow-editor-base\"\n\t\t\t\n\t\t>\n<div class=\"siteorigin-widget-tinymce textwidget\">\n\t<p>Nur wenige Meter entfernt, h\u00f6rte ich einen Kleiber lautstark rufen. Oder waren es vielleicht zwei?<\/p>\n<p>Naja, sicher sagen konnte ich es nicht, da ich den Kleiber nicht ausfindig machen konnte. Aber ich z\u00e4hlte ihn zu meinen Beobachtungen.<\/p>\n<p>Auch ein Gartenbauml\u00e4ufer konnte ich h\u00f6ren, aber nicht sehen. Sowohl Kleiber als auch Gartenbauml\u00e4ufer sind relativ einfach an ihren Stimmen zu erkennen.<\/p>\n<p>Schade, dass ich beide nur h\u00f6ren, aber nicht sehen konnte. Die folgenden Fotoaufnahmen sind daher an anderen Tagen entstanden.<\/p>\n<\/div>\n<\/div><\/div><\/div><\/div><div id=\"pg-27945-7\"  class=\"panel-grid panel-no-style\" ><div id=\"pgc-27945-7-0\"  class=\"panel-grid-cell\" ><div id=\"panel-27945-7-0-0\" class=\"so-panel widget widget_sow-image panel-first-child panel-last-child\" data-index=\"7\" ><div\n\t\t\t\n\t\t\tclass=\"so-widget-sow-image so-widget-sow-image-default-8b5b6f678277-27945\"\n\t\t\t\n\t\t>\n<div class=\"sow-image-container\">\n\t\t<img \n\tsrc=\"https:\/\/wildlife-travel.com\/wp-content\/uploads\/2025\/02\/Stunde-der-Wintervoegel-2025-2.jpg\" width=\"1336\" height=\"891\" srcset=\"https:\/\/wildlife-travel.com\/wp-content\/uploads\/2025\/02\/Stunde-der-Wintervoegel-2025-2.jpg 1336w, https:\/\/wildlife-travel.com\/wp-content\/uploads\/2025\/02\/Stunde-der-Wintervoegel-2025-2-300x200.jpg 300w, https:\/\/wildlife-travel.com\/wp-content\/uploads\/2025\/02\/Stunde-der-Wintervoegel-2025-2-1024x683.jpg 1024w, https:\/\/wildlife-travel.com\/wp-content\/uploads\/2025\/02\/Stunde-der-Wintervoegel-2025-2-768x512.jpg 768w, https:\/\/wildlife-travel.com\/wp-content\/uploads\/2025\/02\/Stunde-der-Wintervoegel-2025-2-840x560.jpg 840w, https:\/\/wildlife-travel.com\/wp-content\/uploads\/2025\/02\/Stunde-der-Wintervoegel-2025-2-120x80.jpg 120w, https:\/\/wildlife-travel.com\/wp-content\/uploads\/2025\/02\/Stunde-der-Wintervoegel-2025-2-360x240.jpg 360w, https:\/\/wildlife-travel.com\/wp-content\/uploads\/2025\/02\/Stunde-der-Wintervoegel-2025-2-600x400.jpg 600w, https:\/\/wildlife-travel.com\/wp-content\/uploads\/2025\/02\/Stunde-der-Wintervoegel-2025-2-272x182.jpg 272w\" sizes=\"(max-width: 1336px) 100vw, 1336px\" title=\"Stunde-der-Winterv\u00f6gel-2025 (2)\" alt=\"Kleiber\" \t\tclass=\"so-widget-image\"\/>\n\t<\/div>\n\n<\/div><\/div><\/div><div id=\"pgc-27945-7-1\"  class=\"panel-grid-cell\" ><div id=\"panel-27945-7-1-0\" class=\"so-panel widget widget_sow-image panel-first-child panel-last-child\" data-index=\"8\" ><div\n\t\t\t\n\t\t\tclass=\"so-widget-sow-image so-widget-sow-image-default-8b5b6f678277-27945\"\n\t\t\t\n\t\t>\n<div class=\"sow-image-container\">\n\t\t<img \n\tsrc=\"https:\/\/wildlife-travel.com\/wp-content\/uploads\/2025\/02\/Stunde-der-Wintervoegel-2025-3.jpg\" width=\"1336\" height=\"891\" srcset=\"https:\/\/wildlife-travel.com\/wp-content\/uploads\/2025\/02\/Stunde-der-Wintervoegel-2025-3.jpg 1336w, https:\/\/wildlife-travel.com\/wp-content\/uploads\/2025\/02\/Stunde-der-Wintervoegel-2025-3-300x200.jpg 300w, https:\/\/wildlife-travel.com\/wp-content\/uploads\/2025\/02\/Stunde-der-Wintervoegel-2025-3-1024x683.jpg 1024w, https:\/\/wildlife-travel.com\/wp-content\/uploads\/2025\/02\/Stunde-der-Wintervoegel-2025-3-768x512.jpg 768w, https:\/\/wildlife-travel.com\/wp-content\/uploads\/2025\/02\/Stunde-der-Wintervoegel-2025-3-840x560.jpg 840w, https:\/\/wildlife-travel.com\/wp-content\/uploads\/2025\/02\/Stunde-der-Wintervoegel-2025-3-120x80.jpg 120w, https:\/\/wildlife-travel.com\/wp-content\/uploads\/2025\/02\/Stunde-der-Wintervoegel-2025-3-360x240.jpg 360w, https:\/\/wildlife-travel.com\/wp-content\/uploads\/2025\/02\/Stunde-der-Wintervoegel-2025-3-600x400.jpg 600w, https:\/\/wildlife-travel.com\/wp-content\/uploads\/2025\/02\/Stunde-der-Wintervoegel-2025-3-272x182.jpg 272w\" sizes=\"(max-width: 1336px) 100vw, 1336px\" title=\"Stunde-der-Winterv\u00f6gel-2025 (3)\" alt=\"Gartenbauml\u00e4ufer\" \t\tclass=\"so-widget-image\"\/>\n\t<\/div>\n\n<\/div><\/div><\/div><\/div><div id=\"pg-27945-8\"  class=\"panel-grid panel-no-style\" ><div id=\"pgc-27945-8-0\"  class=\"panel-grid-cell\" ><div id=\"panel-27945-8-0-0\" class=\"so-panel widget widget_sow-editor panel-first-child panel-last-child\" data-index=\"9\" ><div\n\t\t\t\n\t\t\tclass=\"so-widget-sow-editor so-widget-sow-editor-base\"\n\t\t\t\n\t\t>\n<div class=\"siteorigin-widget-tinymce textwidget\">\n\t<p>Bei der Stunde der Winterv\u00f6gel sollte man \u00fcbrigens in keinem allzu gro\u00dfen Bereich z\u00e4hlen. Ich bewegte mich zwar schon etwas, hielt mich aber in der N\u00e4he eines Futterh\u00e4uschens auf.<\/p>\n<p>Ganz oben in einem Baum entdeckte ich einen Eichelh\u00e4her. Auch er war mir zun\u00e4chst durch seine Rufe aufgefallen. Zum Gl\u00fcck konnte ich ihn beobachten. Ich sah sogar noch einen weiteren.<\/p>\n<\/div>\n<\/div><\/div><\/div><\/div><div id=\"pg-27945-9\"  class=\"panel-grid panel-no-style\" ><div id=\"pgc-27945-9-0\"  class=\"panel-grid-cell\" ><div id=\"panel-27945-9-0-0\" class=\"so-panel widget widget_sow-image panel-first-child panel-last-child\" data-index=\"10\" ><div\n\t\t\t\n\t\t\tclass=\"so-widget-sow-image so-widget-sow-image-default-8b5b6f678277-27945\"\n\t\t\t\n\t\t>\n<div class=\"sow-image-container\">\n\t\t<img \n\tsrc=\"https:\/\/wildlife-travel.com\/wp-content\/uploads\/2025\/02\/Stunde-der-Wintervoegel-2025-4.jpg\" width=\"1336\" height=\"891\" srcset=\"https:\/\/wildlife-travel.com\/wp-content\/uploads\/2025\/02\/Stunde-der-Wintervoegel-2025-4.jpg 1336w, https:\/\/wildlife-travel.com\/wp-content\/uploads\/2025\/02\/Stunde-der-Wintervoegel-2025-4-300x200.jpg 300w, https:\/\/wildlife-travel.com\/wp-content\/uploads\/2025\/02\/Stunde-der-Wintervoegel-2025-4-1024x683.jpg 1024w, https:\/\/wildlife-travel.com\/wp-content\/uploads\/2025\/02\/Stunde-der-Wintervoegel-2025-4-768x512.jpg 768w, https:\/\/wildlife-travel.com\/wp-content\/uploads\/2025\/02\/Stunde-der-Wintervoegel-2025-4-840x560.jpg 840w, https:\/\/wildlife-travel.com\/wp-content\/uploads\/2025\/02\/Stunde-der-Wintervoegel-2025-4-120x80.jpg 120w, https:\/\/wildlife-travel.com\/wp-content\/uploads\/2025\/02\/Stunde-der-Wintervoegel-2025-4-360x240.jpg 360w, https:\/\/wildlife-travel.com\/wp-content\/uploads\/2025\/02\/Stunde-der-Wintervoegel-2025-4-600x400.jpg 600w, https:\/\/wildlife-travel.com\/wp-content\/uploads\/2025\/02\/Stunde-der-Wintervoegel-2025-4-272x182.jpg 272w\" sizes=\"(max-width: 1336px) 100vw, 1336px\" title=\"Stunde-der-Winterv\u00f6gel-2025 (4)\" alt=\"Stunde der Winterv\u00f6gel 2025\" \t\tclass=\"so-widget-image\"\/>\n\t<\/div>\n\n<\/div><\/div><\/div><\/div><div id=\"pg-27945-10\"  class=\"panel-grid panel-no-style\" ><div id=\"pgc-27945-10-0\"  class=\"panel-grid-cell\" ><div id=\"panel-27945-10-0-0\" class=\"so-panel widget widget_sow-editor panel-first-child panel-last-child\" data-index=\"11\" ><div\n\t\t\t\n\t\t\tclass=\"so-widget-sow-editor so-widget-sow-editor-base\"\n\t\t\t\n\t\t>\n<div class=\"siteorigin-widget-tinymce textwidget\">\n\t<p>Auf einem anderen Baum entdeckte ich einen weiteren Vogel. Und zwar einen Buntspecht. Da er so weit oben war, konnte ich ihn leider nicht fotografieren.<\/p>\n<p>An anderen Tagen hatte ich schon mehr Gl\u00fcck mit einem von ihnen.<\/p>\n<\/div>\n<\/div><\/div><\/div><\/div><div id=\"pg-27945-11\"  class=\"panel-grid panel-no-style\" ><div id=\"pgc-27945-11-0\"  class=\"panel-grid-cell\" ><div id=\"panel-27945-11-0-0\" class=\"so-panel widget widget_sow-image panel-first-child panel-last-child\" data-index=\"12\" ><div\n\t\t\t\n\t\t\tclass=\"so-widget-sow-image so-widget-sow-image-default-8b5b6f678277-27945\"\n\t\t\t\n\t\t>\n<div class=\"sow-image-container\">\n\t\t<img \n\tsrc=\"https:\/\/wildlife-travel.com\/wp-content\/uploads\/2025\/02\/Stunde-der-Wintervoegel-2025-5.jpg\" width=\"1336\" height=\"891\" srcset=\"https:\/\/wildlife-travel.com\/wp-content\/uploads\/2025\/02\/Stunde-der-Wintervoegel-2025-5.jpg 1336w, https:\/\/wildlife-travel.com\/wp-content\/uploads\/2025\/02\/Stunde-der-Wintervoegel-2025-5-300x200.jpg 300w, https:\/\/wildlife-travel.com\/wp-content\/uploads\/2025\/02\/Stunde-der-Wintervoegel-2025-5-1024x683.jpg 1024w, https:\/\/wildlife-travel.com\/wp-content\/uploads\/2025\/02\/Stunde-der-Wintervoegel-2025-5-768x512.jpg 768w, https:\/\/wildlife-travel.com\/wp-content\/uploads\/2025\/02\/Stunde-der-Wintervoegel-2025-5-840x560.jpg 840w, https:\/\/wildlife-travel.com\/wp-content\/uploads\/2025\/02\/Stunde-der-Wintervoegel-2025-5-120x80.jpg 120w, https:\/\/wildlife-travel.com\/wp-content\/uploads\/2025\/02\/Stunde-der-Wintervoegel-2025-5-360x240.jpg 360w, https:\/\/wildlife-travel.com\/wp-content\/uploads\/2025\/02\/Stunde-der-Wintervoegel-2025-5-600x400.jpg 600w, https:\/\/wildlife-travel.com\/wp-content\/uploads\/2025\/02\/Stunde-der-Wintervoegel-2025-5-272x182.jpg 272w\" sizes=\"(max-width: 1336px) 100vw, 1336px\" title=\"Stunde-der-Winterv\u00f6gel-2025 (5)\" alt=\"Buntspecht\" \t\tclass=\"so-widget-image\"\/>\n\t<\/div>\n\n<\/div><\/div><\/div><\/div><div id=\"pg-27945-12\"  class=\"panel-grid panel-no-style\" ><div id=\"pgc-27945-12-0\"  class=\"panel-grid-cell\" ><div id=\"panel-27945-12-0-0\" class=\"so-panel widget widget_sow-editor panel-first-child panel-last-child\" data-index=\"13\" ><div\n\t\t\t\n\t\t\tclass=\"so-widget-sow-editor so-widget-sow-editor-base\"\n\t\t\t\n\t\t>\n<div class=\"siteorigin-widget-tinymce textwidget\">\n\t<p>Doch dann h\u00f6rte ich das typische \u201eLachen\u201c eines Gr\u00fcnspechts. Ich wusste, dass im Volkspark Friedrichshain Gr\u00fcnspechte leben. Ich habe sie auch schon ein paar Mal zu Gesicht bekommen. Als Foto konnte ich sie jedoch noch nicht gut aufnehmen.<\/p>\n<p>Auch dieses Mal nicht.<\/p>\n<p>Als mich der Gr\u00fcnspecht unten erblickte, versteckte er sich schnell hinter dem Baumstamm und flog weg. Dabei war ich unten doch noch so weit von ihm entfernt.<\/p>\n<\/div>\n<\/div><\/div><\/div><\/div><div id=\"pg-27945-13\"  class=\"panel-grid panel-no-style\" ><div id=\"pgc-27945-13-0\"  class=\"panel-grid-cell\" ><div id=\"panel-27945-13-0-0\" class=\"so-panel widget widget_sow-image panel-first-child panel-last-child\" data-index=\"14\" ><div\n\t\t\t\n\t\t\tclass=\"so-widget-sow-image so-widget-sow-image-default-8b5b6f678277-27945\"\n\t\t\t\n\t\t>\n<div class=\"sow-image-container\">\n\t\t<img \n\tsrc=\"https:\/\/wildlife-travel.com\/wp-content\/uploads\/2025\/02\/Stunde-der-Wintervoegel-2025-6.jpg\" width=\"1336\" height=\"891\" srcset=\"https:\/\/wildlife-travel.com\/wp-content\/uploads\/2025\/02\/Stunde-der-Wintervoegel-2025-6.jpg 1336w, https:\/\/wildlife-travel.com\/wp-content\/uploads\/2025\/02\/Stunde-der-Wintervoegel-2025-6-300x200.jpg 300w, https:\/\/wildlife-travel.com\/wp-content\/uploads\/2025\/02\/Stunde-der-Wintervoegel-2025-6-1024x683.jpg 1024w, https:\/\/wildlife-travel.com\/wp-content\/uploads\/2025\/02\/Stunde-der-Wintervoegel-2025-6-768x512.jpg 768w, https:\/\/wildlife-travel.com\/wp-content\/uploads\/2025\/02\/Stunde-der-Wintervoegel-2025-6-840x560.jpg 840w, https:\/\/wildlife-travel.com\/wp-content\/uploads\/2025\/02\/Stunde-der-Wintervoegel-2025-6-120x80.jpg 120w, https:\/\/wildlife-travel.com\/wp-content\/uploads\/2025\/02\/Stunde-der-Wintervoegel-2025-6-360x240.jpg 360w, https:\/\/wildlife-travel.com\/wp-content\/uploads\/2025\/02\/Stunde-der-Wintervoegel-2025-6-600x400.jpg 600w, https:\/\/wildlife-travel.com\/wp-content\/uploads\/2025\/02\/Stunde-der-Wintervoegel-2025-6-272x182.jpg 272w\" sizes=\"(max-width: 1336px) 100vw, 1336px\" title=\"Stunde-der-Winterv\u00f6gel-2025 (6)\" alt=\"Gr\u00fcnspecht\" \t\tclass=\"so-widget-image\"\/>\n\t<\/div>\n\n<\/div><\/div><\/div><\/div><div id=\"pg-27945-14\"  class=\"panel-grid panel-no-style\" ><div id=\"pgc-27945-14-0\"  class=\"panel-grid-cell\" ><div id=\"panel-27945-14-0-0\" class=\"so-panel widget widget_sow-editor panel-first-child panel-last-child\" data-index=\"15\" ><div\n\t\t\t\n\t\t\tclass=\"so-widget-sow-editor so-widget-sow-editor-base\"\n\t\t\t\n\t\t>\n<div class=\"siteorigin-widget-tinymce textwidget\">\n\t<p>In der letzten halben Stunde in meiner Beobachtungsstunde hielt ich mich ausschlie\u00dflich am Futterh\u00e4uschen auf.<\/p>\n<p>Ich war allerdings nicht die Einzige. Ich war die Einzige, die gez\u00e4hlt hatte, glaube ich, aber es waren noch viele weitere Parkbesucher:innen am Futterh\u00e4uschen, die die V\u00f6gelchen bewunderten.<\/p>\n<p>Der erste Vogel, der mir auffiel, war ein Star. Ich liebe Stare und ihre Laut\u00e4u\u00dferungen. Aber es schien sich hier um einen einzelnen Vogel zu handeln. Ich sah an dem Tag keinen weiteren Star.<\/p>\n<\/div>\n<\/div><\/div><\/div><\/div><div id=\"pg-27945-15\"  class=\"panel-grid panel-no-style\" ><div id=\"pgc-27945-15-0\"  class=\"panel-grid-cell\" ><div id=\"panel-27945-15-0-0\" class=\"so-panel widget widget_sow-image panel-first-child panel-last-child\" data-index=\"16\" ><div\n\t\t\t\n\t\t\tclass=\"so-widget-sow-image so-widget-sow-image-default-8b5b6f678277-27945\"\n\t\t\t\n\t\t>\n<div class=\"sow-image-container\">\n\t\t<img \n\tsrc=\"https:\/\/wildlife-travel.com\/wp-content\/uploads\/2025\/02\/Stunde-der-Wintervoegel-2025-7.jpg\" width=\"1336\" height=\"891\" srcset=\"https:\/\/wildlife-travel.com\/wp-content\/uploads\/2025\/02\/Stunde-der-Wintervoegel-2025-7.jpg 1336w, https:\/\/wildlife-travel.com\/wp-content\/uploads\/2025\/02\/Stunde-der-Wintervoegel-2025-7-300x200.jpg 300w, https:\/\/wildlife-travel.com\/wp-content\/uploads\/2025\/02\/Stunde-der-Wintervoegel-2025-7-1024x683.jpg 1024w, https:\/\/wildlife-travel.com\/wp-content\/uploads\/2025\/02\/Stunde-der-Wintervoegel-2025-7-768x512.jpg 768w, https:\/\/wildlife-travel.com\/wp-content\/uploads\/2025\/02\/Stunde-der-Wintervoegel-2025-7-840x560.jpg 840w, https:\/\/wildlife-travel.com\/wp-content\/uploads\/2025\/02\/Stunde-der-Wintervoegel-2025-7-120x80.jpg 120w, https:\/\/wildlife-travel.com\/wp-content\/uploads\/2025\/02\/Stunde-der-Wintervoegel-2025-7-360x240.jpg 360w, https:\/\/wildlife-travel.com\/wp-content\/uploads\/2025\/02\/Stunde-der-Wintervoegel-2025-7-600x400.jpg 600w, https:\/\/wildlife-travel.com\/wp-content\/uploads\/2025\/02\/Stunde-der-Wintervoegel-2025-7-272x182.jpg 272w\" sizes=\"(max-width: 1336px) 100vw, 1336px\" title=\"Stunde-der-Winterv\u00f6gel-2025 (7)\" alt=\"Stare in Berlin\" \t\tclass=\"so-widget-image\"\/>\n\t<\/div>\n\n<\/div><\/div><\/div><\/div><div id=\"pg-27945-16\"  class=\"panel-grid panel-no-style\" ><div id=\"pgc-27945-16-0\"  class=\"panel-grid-cell\" ><div id=\"panel-27945-16-0-0\" class=\"so-panel widget widget_sow-editor panel-first-child panel-last-child\" data-index=\"17\" ><div\n\t\t\t\n\t\t\tclass=\"so-widget-sow-editor so-widget-sow-editor-base\"\n\t\t\t\n\t\t>\n<div class=\"siteorigin-widget-tinymce textwidget\">\n\t<p>Besonders viele V\u00f6gel sah ich von den Kohlmeisen. Ich z\u00e4hlte insgesamt neun von ihnen. Aber ich glaube, es waren mehr. Da sie st\u00e4ndig hin und her flogen und st\u00e4ndig neue Kohlmeisen auftauchten, war es ziemlich schwierig diese V\u00f6gel zu z\u00e4hlen. Ich gab mein Bestes.<\/p>\n<\/div>\n<\/div><\/div><\/div><\/div><div id=\"pg-27945-17\"  class=\"panel-grid panel-no-style\" ><div id=\"pgc-27945-17-0\"  class=\"panel-grid-cell\" ><div id=\"panel-27945-17-0-0\" class=\"so-panel widget widget_sow-image panel-first-child panel-last-child\" data-index=\"18\" ><div\n\t\t\t\n\t\t\tclass=\"so-widget-sow-image so-widget-sow-image-default-8b5b6f678277-27945\"\n\t\t\t\n\t\t>\n<div class=\"sow-image-container\">\n\t\t<img \n\tsrc=\"https:\/\/wildlife-travel.com\/wp-content\/uploads\/2025\/02\/Stunde-der-Wintervoegel-2025-8.jpg\" width=\"1336\" height=\"891\" srcset=\"https:\/\/wildlife-travel.com\/wp-content\/uploads\/2025\/02\/Stunde-der-Wintervoegel-2025-8.jpg 1336w, https:\/\/wildlife-travel.com\/wp-content\/uploads\/2025\/02\/Stunde-der-Wintervoegel-2025-8-300x200.jpg 300w, https:\/\/wildlife-travel.com\/wp-content\/uploads\/2025\/02\/Stunde-der-Wintervoegel-2025-8-1024x683.jpg 1024w, https:\/\/wildlife-travel.com\/wp-content\/uploads\/2025\/02\/Stunde-der-Wintervoegel-2025-8-768x512.jpg 768w, https:\/\/wildlife-travel.com\/wp-content\/uploads\/2025\/02\/Stunde-der-Wintervoegel-2025-8-840x560.jpg 840w, https:\/\/wildlife-travel.com\/wp-content\/uploads\/2025\/02\/Stunde-der-Wintervoegel-2025-8-120x80.jpg 120w, https:\/\/wildlife-travel.com\/wp-content\/uploads\/2025\/02\/Stunde-der-Wintervoegel-2025-8-360x240.jpg 360w, https:\/\/wildlife-travel.com\/wp-content\/uploads\/2025\/02\/Stunde-der-Wintervoegel-2025-8-600x400.jpg 600w, https:\/\/wildlife-travel.com\/wp-content\/uploads\/2025\/02\/Stunde-der-Wintervoegel-2025-8-272x182.jpg 272w\" sizes=\"(max-width: 1336px) 100vw, 1336px\" title=\"Stunde-der-Winterv\u00f6gel-2025 (8)\" alt=\"Stunde der Winterv\u00f6gel 2025\" \t\tclass=\"so-widget-image\"\/>\n\t<\/div>\n\n<\/div><\/div><\/div><\/div><div id=\"pg-27945-18\"  class=\"panel-grid panel-no-style\" ><div id=\"pgc-27945-18-0\"  class=\"panel-grid-cell\" ><div id=\"panel-27945-18-0-0\" class=\"so-panel widget widget_sow-editor panel-first-child panel-last-child\" data-index=\"19\" ><div\n\t\t\t\n\t\t\tclass=\"so-widget-sow-editor so-widget-sow-editor-base\"\n\t\t\t\n\t\t>\n<div class=\"siteorigin-widget-tinymce textwidget\">\n\t<p>Hinzu kam, dass neben den Kohlmeisen, auch noch einige Blaumeisen unterwegs waren. Zwar nicht so viele wie die der Kohlmeisen, aber doch einige. Ich z\u00e4hlte vier Blaumeisen. Aber auch hier vermute ich, dass es mehr waren.<\/p>\n<\/div>\n<\/div><\/div><\/div><\/div><div id=\"pg-27945-19\"  class=\"panel-grid panel-no-style\" ><div id=\"pgc-27945-19-0\"  class=\"panel-grid-cell\" ><div id=\"panel-27945-19-0-0\" class=\"so-panel widget widget_sow-image panel-first-child panel-last-child\" data-index=\"20\" ><div\n\t\t\t\n\t\t\tclass=\"so-widget-sow-image so-widget-sow-image-default-8b5b6f678277-27945\"\n\t\t\t\n\t\t>\n<div class=\"sow-image-container\">\n\t\t<img \n\tsrc=\"https:\/\/wildlife-travel.com\/wp-content\/uploads\/2025\/02\/Stunde-der-Wintervoegel-2025-9.jpg\" width=\"1336\" height=\"891\" srcset=\"https:\/\/wildlife-travel.com\/wp-content\/uploads\/2025\/02\/Stunde-der-Wintervoegel-2025-9.jpg 1336w, https:\/\/wildlife-travel.com\/wp-content\/uploads\/2025\/02\/Stunde-der-Wintervoegel-2025-9-300x200.jpg 300w, https:\/\/wildlife-travel.com\/wp-content\/uploads\/2025\/02\/Stunde-der-Wintervoegel-2025-9-1024x683.jpg 1024w, https:\/\/wildlife-travel.com\/wp-content\/uploads\/2025\/02\/Stunde-der-Wintervoegel-2025-9-768x512.jpg 768w, https:\/\/wildlife-travel.com\/wp-content\/uploads\/2025\/02\/Stunde-der-Wintervoegel-2025-9-840x560.jpg 840w, https:\/\/wildlife-travel.com\/wp-content\/uploads\/2025\/02\/Stunde-der-Wintervoegel-2025-9-120x80.jpg 120w, https:\/\/wildlife-travel.com\/wp-content\/uploads\/2025\/02\/Stunde-der-Wintervoegel-2025-9-360x240.jpg 360w, https:\/\/wildlife-travel.com\/wp-content\/uploads\/2025\/02\/Stunde-der-Wintervoegel-2025-9-600x400.jpg 600w, https:\/\/wildlife-travel.com\/wp-content\/uploads\/2025\/02\/Stunde-der-Wintervoegel-2025-9-272x182.jpg 272w\" sizes=\"(max-width: 1336px) 100vw, 1336px\" title=\"Stunde-der-Winterv\u00f6gel-2025 (9)\" alt=\"Blaumeise\" \t\tclass=\"so-widget-image\"\/>\n\t<\/div>\n\n<\/div><\/div><\/div><\/div><div id=\"pg-27945-20\"  class=\"panel-grid panel-no-style\" ><div id=\"pgc-27945-20-0\"  class=\"panel-grid-cell\" ><div id=\"panel-27945-20-0-0\" class=\"so-panel widget widget_sow-editor panel-first-child panel-last-child\" data-index=\"21\" ><div\n\t\t\t\n\t\t\tclass=\"so-widget-sow-editor so-widget-sow-editor-base\"\n\t\t\t\n\t\t>\n<div class=\"siteorigin-widget-tinymce textwidget\">\n\t<p>Weitaus weniger auff\u00e4llig war dagegen eine einzelne Amsel. Was mir in der letzten Zeit aufgefallen war, ist, dass ich immer seltener Amseln sehe. Ist das nur eine Beobachtung, die ich gerade mache oder nimmt die Anzahl der Amseln gerade tats\u00e4chlich ab?<\/p>\n<\/div>\n<\/div><\/div><\/div><\/div><div id=\"pg-27945-21\"  class=\"panel-grid panel-no-style\" ><div id=\"pgc-27945-21-0\"  class=\"panel-grid-cell\" ><div id=\"panel-27945-21-0-0\" class=\"so-panel widget widget_sow-image panel-first-child panel-last-child\" data-index=\"22\" ><div\n\t\t\t\n\t\t\tclass=\"so-widget-sow-image so-widget-sow-image-default-8b5b6f678277-27945\"\n\t\t\t\n\t\t>\n<div class=\"sow-image-container\">\n\t\t<img \n\tsrc=\"https:\/\/wildlife-travel.com\/wp-content\/uploads\/2025\/02\/Stunde-der-Wintervoegel-2025-10.jpg\" width=\"1336\" height=\"891\" srcset=\"https:\/\/wildlife-travel.com\/wp-content\/uploads\/2025\/02\/Stunde-der-Wintervoegel-2025-10.jpg 1336w, https:\/\/wildlife-travel.com\/wp-content\/uploads\/2025\/02\/Stunde-der-Wintervoegel-2025-10-300x200.jpg 300w, https:\/\/wildlife-travel.com\/wp-content\/uploads\/2025\/02\/Stunde-der-Wintervoegel-2025-10-1024x683.jpg 1024w, https:\/\/wildlife-travel.com\/wp-content\/uploads\/2025\/02\/Stunde-der-Wintervoegel-2025-10-768x512.jpg 768w, https:\/\/wildlife-travel.com\/wp-content\/uploads\/2025\/02\/Stunde-der-Wintervoegel-2025-10-840x560.jpg 840w, https:\/\/wildlife-travel.com\/wp-content\/uploads\/2025\/02\/Stunde-der-Wintervoegel-2025-10-120x80.jpg 120w, https:\/\/wildlife-travel.com\/wp-content\/uploads\/2025\/02\/Stunde-der-Wintervoegel-2025-10-360x240.jpg 360w, https:\/\/wildlife-travel.com\/wp-content\/uploads\/2025\/02\/Stunde-der-Wintervoegel-2025-10-600x400.jpg 600w, https:\/\/wildlife-travel.com\/wp-content\/uploads\/2025\/02\/Stunde-der-Wintervoegel-2025-10-272x182.jpg 272w\" sizes=\"(max-width: 1336px) 100vw, 1336px\" title=\"Stunde-der-Winterv\u00f6gel-2025 (10)\" alt=\"Amsel in Berlin\" \t\tclass=\"so-widget-image\"\/>\n\t<\/div>\n\n<\/div><\/div><\/div><\/div><div id=\"pg-27945-22\"  class=\"panel-grid panel-no-style\" ><div id=\"pgc-27945-22-0\"  class=\"panel-grid-cell\" ><div id=\"panel-27945-22-0-0\" class=\"so-panel widget widget_sow-editor panel-first-child panel-last-child\" data-index=\"23\" ><div\n\t\t\t\n\t\t\tclass=\"so-widget-sow-editor so-widget-sow-editor-base\"\n\t\t\t\n\t\t>\n<div class=\"siteorigin-widget-tinymce textwidget\">\n\t<p>Eher versteckt verhielten sich auch die Haussperlinge. Sie wirkten auf mich sehr wohlgen\u00e4hrt und im Vergleich zu den ganzen Kohl- und Blaumeisen sehr ruhig.<\/p>\n<p>Haussperlinge sehe ich wie die Kohl- und Blaumeisen regelm\u00e4\u00dfig am Futterh\u00e4uschen. Doch nicht immer.<\/p>\n<p>Ach ja, hat man etwas Vogelfutter in der Hand und h\u00e4lt es hoch, kommen die Meisen vorbei und holen sich etwas. Die Haussperlinge habe ich dagegen noch nie beobachtet, dass sie das machen.<\/p>\n<\/div>\n<\/div><\/div><\/div><\/div><div id=\"pg-27945-23\"  class=\"panel-grid panel-no-style\" ><div id=\"pgc-27945-23-0\"  class=\"panel-grid-cell\" ><div id=\"panel-27945-23-0-0\" class=\"so-panel widget widget_sow-image panel-first-child panel-last-child\" data-index=\"24\" ><div\n\t\t\t\n\t\t\tclass=\"so-widget-sow-image so-widget-sow-image-default-8b5b6f678277-27945\"\n\t\t\t\n\t\t>\n<div class=\"sow-image-container\">\n\t\t<img \n\tsrc=\"https:\/\/wildlife-travel.com\/wp-content\/uploads\/2025\/02\/Stunde-der-Wintervoegel-2025-11.jpg\" width=\"1336\" height=\"891\" srcset=\"https:\/\/wildlife-travel.com\/wp-content\/uploads\/2025\/02\/Stunde-der-Wintervoegel-2025-11.jpg 1336w, https:\/\/wildlife-travel.com\/wp-content\/uploads\/2025\/02\/Stunde-der-Wintervoegel-2025-11-300x200.jpg 300w, https:\/\/wildlife-travel.com\/wp-content\/uploads\/2025\/02\/Stunde-der-Wintervoegel-2025-11-1024x683.jpg 1024w, https:\/\/wildlife-travel.com\/wp-content\/uploads\/2025\/02\/Stunde-der-Wintervoegel-2025-11-768x512.jpg 768w, https:\/\/wildlife-travel.com\/wp-content\/uploads\/2025\/02\/Stunde-der-Wintervoegel-2025-11-840x560.jpg 840w, https:\/\/wildlife-travel.com\/wp-content\/uploads\/2025\/02\/Stunde-der-Wintervoegel-2025-11-120x80.jpg 120w, https:\/\/wildlife-travel.com\/wp-content\/uploads\/2025\/02\/Stunde-der-Wintervoegel-2025-11-360x240.jpg 360w, https:\/\/wildlife-travel.com\/wp-content\/uploads\/2025\/02\/Stunde-der-Wintervoegel-2025-11-600x400.jpg 600w, https:\/\/wildlife-travel.com\/wp-content\/uploads\/2025\/02\/Stunde-der-Wintervoegel-2025-11-272x182.jpg 272w\" sizes=\"(max-width: 1336px) 100vw, 1336px\" title=\"Stunde-der-Winterv\u00f6gel-2025 (11)\" alt=\"Haussperling\" \t\tclass=\"so-widget-image\"\/>\n\t<\/div>\n\n<\/div><\/div><\/div><\/div><div id=\"pg-27945-24\"  class=\"panel-grid panel-no-style\" ><div id=\"pgc-27945-24-0\"  class=\"panel-grid-cell\" ><div id=\"panel-27945-24-0-0\" class=\"so-panel widget widget_sow-editor panel-first-child panel-last-child\" data-index=\"25\" ><div\n\t\t\t\n\t\t\tclass=\"so-widget-sow-editor so-widget-sow-editor-base\"\n\t\t\t\n\t\t>\n<div class=\"siteorigin-widget-tinymce textwidget\">\n\t<p>In einem Moment sah ich einen einzelnen Buchfinken auf einem Ast sitzen. Wie sch\u00f6n. Ich h\u00f6re den Buchfinken im Fr\u00fchling immer so gern zu. Im Winter begegne ich ihm sehr, sehr selten. Aber auch sie besuchen hin und wieder das Futterh\u00e4uschen, so wie an dem Tag als ich bei der Stunde der Winterv\u00f6gel 2025 teilnahm.<\/p>\n<\/div>\n<\/div><\/div><\/div><\/div><div id=\"pg-27945-25\"  class=\"panel-grid panel-no-style\" ><div id=\"pgc-27945-25-0\"  class=\"panel-grid-cell\" ><div id=\"panel-27945-25-0-0\" class=\"so-panel widget widget_sow-image panel-first-child panel-last-child\" data-index=\"26\" ><div\n\t\t\t\n\t\t\tclass=\"so-widget-sow-image so-widget-sow-image-default-8b5b6f678277-27945\"\n\t\t\t\n\t\t>\n<div class=\"sow-image-container\">\n\t\t<img \n\tsrc=\"https:\/\/wildlife-travel.com\/wp-content\/uploads\/2025\/02\/Stunde-der-Wintervoegel-2025-12.jpg\" width=\"1336\" height=\"891\" srcset=\"https:\/\/wildlife-travel.com\/wp-content\/uploads\/2025\/02\/Stunde-der-Wintervoegel-2025-12.jpg 1336w, https:\/\/wildlife-travel.com\/wp-content\/uploads\/2025\/02\/Stunde-der-Wintervoegel-2025-12-300x200.jpg 300w, https:\/\/wildlife-travel.com\/wp-content\/uploads\/2025\/02\/Stunde-der-Wintervoegel-2025-12-1024x683.jpg 1024w, https:\/\/wildlife-travel.com\/wp-content\/uploads\/2025\/02\/Stunde-der-Wintervoegel-2025-12-768x512.jpg 768w, https:\/\/wildlife-travel.com\/wp-content\/uploads\/2025\/02\/Stunde-der-Wintervoegel-2025-12-840x560.jpg 840w, https:\/\/wildlife-travel.com\/wp-content\/uploads\/2025\/02\/Stunde-der-Wintervoegel-2025-12-120x80.jpg 120w, https:\/\/wildlife-travel.com\/wp-content\/uploads\/2025\/02\/Stunde-der-Wintervoegel-2025-12-360x240.jpg 360w, https:\/\/wildlife-travel.com\/wp-content\/uploads\/2025\/02\/Stunde-der-Wintervoegel-2025-12-600x400.jpg 600w, https:\/\/wildlife-travel.com\/wp-content\/uploads\/2025\/02\/Stunde-der-Wintervoegel-2025-12-272x182.jpg 272w\" sizes=\"(max-width: 1336px) 100vw, 1336px\" title=\"Stunde-der-Winterv\u00f6gel-2025 (12)\" alt=\"Stunde der Winterv\u00f6gel 2025\" \t\tclass=\"so-widget-image\"\/>\n\t<\/div>\n\n<\/div><\/div><\/div><\/div><div id=\"pg-27945-26\"  class=\"panel-grid panel-no-style\" ><div id=\"pgc-27945-26-0\"  class=\"panel-grid-cell\" ><div id=\"panel-27945-26-0-0\" class=\"so-panel widget widget_sow-editor panel-first-child panel-last-child\" data-index=\"27\" ><div\n\t\t\t\n\t\t\tclass=\"so-widget-sow-editor so-widget-sow-editor-base\"\n\t\t\t\n\t\t>\n<div class=\"siteorigin-widget-tinymce textwidget\">\n\t<p>Neben den kleineren Singv\u00f6geln und den gr\u00f6\u00dferen Nebelkr\u00e4hen, waren noch die Ringeltauben anwesend. Oft sehe ich sie ruhig in den B\u00e4umen rasten. Auch dieses Mal.<\/p>\n<p>Im Volkspark Friedrichshain sind Ringeltauben neben den Nebelkr\u00e4hen, sowie den Kohl- und Blaumeisen recht h\u00e4ufige V\u00f6gel. Ich sehe sie jedenfalls relativ oft und in gr\u00f6\u00dferen Gruppen, wenn ich im Park bin.<\/p>\n<\/div>\n<\/div><\/div><\/div><\/div><div id=\"pg-27945-27\"  class=\"panel-grid panel-no-style\" ><div id=\"pgc-27945-27-0\"  class=\"panel-grid-cell\" ><div id=\"panel-27945-27-0-0\" class=\"so-panel widget widget_sow-image panel-first-child panel-last-child\" data-index=\"28\" ><div\n\t\t\t\n\t\t\tclass=\"so-widget-sow-image so-widget-sow-image-default-8b5b6f678277-27945\"\n\t\t\t\n\t\t>\n<div class=\"sow-image-container\">\n\t\t<img \n\tsrc=\"https:\/\/wildlife-travel.com\/wp-content\/uploads\/2025\/02\/Stunde-der-Wintervoegel-2025-13.jpg\" width=\"1336\" height=\"891\" srcset=\"https:\/\/wildlife-travel.com\/wp-content\/uploads\/2025\/02\/Stunde-der-Wintervoegel-2025-13.jpg 1336w, https:\/\/wildlife-travel.com\/wp-content\/uploads\/2025\/02\/Stunde-der-Wintervoegel-2025-13-300x200.jpg 300w, https:\/\/wildlife-travel.com\/wp-content\/uploads\/2025\/02\/Stunde-der-Wintervoegel-2025-13-1024x683.jpg 1024w, https:\/\/wildlife-travel.com\/wp-content\/uploads\/2025\/02\/Stunde-der-Wintervoegel-2025-13-768x512.jpg 768w, https:\/\/wildlife-travel.com\/wp-content\/uploads\/2025\/02\/Stunde-der-Wintervoegel-2025-13-840x560.jpg 840w, https:\/\/wildlife-travel.com\/wp-content\/uploads\/2025\/02\/Stunde-der-Wintervoegel-2025-13-120x80.jpg 120w, https:\/\/wildlife-travel.com\/wp-content\/uploads\/2025\/02\/Stunde-der-Wintervoegel-2025-13-360x240.jpg 360w, https:\/\/wildlife-travel.com\/wp-content\/uploads\/2025\/02\/Stunde-der-Wintervoegel-2025-13-600x400.jpg 600w, https:\/\/wildlife-travel.com\/wp-content\/uploads\/2025\/02\/Stunde-der-Wintervoegel-2025-13-272x182.jpg 272w\" sizes=\"(max-width: 1336px) 100vw, 1336px\" title=\"Stunde-der-Winterv\u00f6gel-2025 (13)\" alt=\"Ringeltaube in Berlin\" \t\tclass=\"so-widget-image\"\/>\n\t<\/div>\n\n<\/div><\/div><\/div><\/div><div id=\"pg-27945-28\"  class=\"panel-grid panel-no-style\" ><div id=\"pgc-27945-28-0\"  class=\"panel-grid-cell\" ><div id=\"panel-27945-28-0-0\" class=\"so-panel widget widget_sow-editor panel-first-child panel-last-child\" data-index=\"29\" ><div\n\t\t\t\n\t\t\tclass=\"so-widget-sow-editor so-widget-sow-editor-base\"\n\t\t\t\n\t\t>\n<div class=\"siteorigin-widget-tinymce textwidget\">\n\t<p>Neben den V\u00f6geln hatte ich noch zwei weitere sch\u00f6ne Tierbeobachtungen. Eine Beobachtung war f\u00fcr mich etwas Besonderes, weil ich diese Tiere sehr selten sehe. Und zwar handelte es sich bei diesem Tier um eine Brandmaus.<\/p>\n<p>Ganz scheu lugte sie f\u00fcr ein paar Momente hervor und holte sich ein paar Nussreste, die auf dem Boden lagen.<\/p>\n<p>Die Brandmaus war nat\u00fcrlich nicht nur f\u00fcr mich eine sch\u00f6ne Beobachtung.<\/p>\n<p>Und die andere Beobachtung war die mit einem Eichh\u00f6rnchen. Die Eichh\u00f6rnchen halten sich regelm\u00e4\u00dfig am Futterh\u00e4uschen auf, wo sie sich entweder am Vogelfutter bedienen oder sich den Parkbesuchern n\u00e4hern, in der Hoffnung eine Nuss zu bekommen. Haseln\u00fcsse m\u00f6gen diese Eichh\u00f6rnchen besonders gern.<\/p>\n<\/div>\n<\/div><\/div><\/div><\/div><div id=\"pg-27945-29\"  class=\"panel-grid panel-no-style\" ><div id=\"pgc-27945-29-0\"  class=\"panel-grid-cell\" ><div id=\"panel-27945-29-0-0\" class=\"so-panel widget widget_sow-image panel-first-child panel-last-child\" data-index=\"30\" ><div\n\t\t\t\n\t\t\tclass=\"so-widget-sow-image so-widget-sow-image-default-8b5b6f678277-27945\"\n\t\t\t\n\t\t>\n<div class=\"sow-image-container\">\n\t\t<img \n\tsrc=\"https:\/\/wildlife-travel.com\/wp-content\/uploads\/2025\/02\/Stunde-der-Wintervoegel-2025-14.jpg\" width=\"1336\" height=\"891\" srcset=\"https:\/\/wildlife-travel.com\/wp-content\/uploads\/2025\/02\/Stunde-der-Wintervoegel-2025-14.jpg 1336w, https:\/\/wildlife-travel.com\/wp-content\/uploads\/2025\/02\/Stunde-der-Wintervoegel-2025-14-300x200.jpg 300w, https:\/\/wildlife-travel.com\/wp-content\/uploads\/2025\/02\/Stunde-der-Wintervoegel-2025-14-1024x683.jpg 1024w, https:\/\/wildlife-travel.com\/wp-content\/uploads\/2025\/02\/Stunde-der-Wintervoegel-2025-14-768x512.jpg 768w, https:\/\/wildlife-travel.com\/wp-content\/uploads\/2025\/02\/Stunde-der-Wintervoegel-2025-14-840x560.jpg 840w, https:\/\/wildlife-travel.com\/wp-content\/uploads\/2025\/02\/Stunde-der-Wintervoegel-2025-14-120x80.jpg 120w, https:\/\/wildlife-travel.com\/wp-content\/uploads\/2025\/02\/Stunde-der-Wintervoegel-2025-14-360x240.jpg 360w, https:\/\/wildlife-travel.com\/wp-content\/uploads\/2025\/02\/Stunde-der-Wintervoegel-2025-14-600x400.jpg 600w, https:\/\/wildlife-travel.com\/wp-content\/uploads\/2025\/02\/Stunde-der-Wintervoegel-2025-14-272x182.jpg 272w\" sizes=\"(max-width: 1336px) 100vw, 1336px\" title=\"Stunde-der-Winterv\u00f6gel-2025 (14)\" alt=\"Brandmaus im Volkspark Friedrichshain\" \t\tclass=\"so-widget-image\"\/>\n\t<\/div>\n\n<\/div><\/div><\/div><div id=\"pgc-27945-29-1\"  class=\"panel-grid-cell\" ><div id=\"panel-27945-29-1-0\" class=\"so-panel widget widget_sow-image panel-first-child panel-last-child\" data-index=\"31\" ><div\n\t\t\t\n\t\t\tclass=\"so-widget-sow-image so-widget-sow-image-default-8b5b6f678277-27945\"\n\t\t\t\n\t\t>\n<div class=\"sow-image-container\">\n\t\t<img \n\tsrc=\"https:\/\/wildlife-travel.com\/wp-content\/uploads\/2025\/02\/Stunde-der-Wintervoegel-2025-15.jpg\" width=\"1336\" height=\"891\" srcset=\"https:\/\/wildlife-travel.com\/wp-content\/uploads\/2025\/02\/Stunde-der-Wintervoegel-2025-15.jpg 1336w, https:\/\/wildlife-travel.com\/wp-content\/uploads\/2025\/02\/Stunde-der-Wintervoegel-2025-15-300x200.jpg 300w, https:\/\/wildlife-travel.com\/wp-content\/uploads\/2025\/02\/Stunde-der-Wintervoegel-2025-15-1024x683.jpg 1024w, https:\/\/wildlife-travel.com\/wp-content\/uploads\/2025\/02\/Stunde-der-Wintervoegel-2025-15-768x512.jpg 768w, https:\/\/wildlife-travel.com\/wp-content\/uploads\/2025\/02\/Stunde-der-Wintervoegel-2025-15-840x560.jpg 840w, https:\/\/wildlife-travel.com\/wp-content\/uploads\/2025\/02\/Stunde-der-Wintervoegel-2025-15-120x80.jpg 120w, https:\/\/wildlife-travel.com\/wp-content\/uploads\/2025\/02\/Stunde-der-Wintervoegel-2025-15-360x240.jpg 360w, https:\/\/wildlife-travel.com\/wp-content\/uploads\/2025\/02\/Stunde-der-Wintervoegel-2025-15-600x400.jpg 600w, https:\/\/wildlife-travel.com\/wp-content\/uploads\/2025\/02\/Stunde-der-Wintervoegel-2025-15-272x182.jpg 272w\" sizes=\"(max-width: 1336px) 100vw, 1336px\" title=\"Stunde-der-Winterv\u00f6gel-2025 (15)\" alt=\"Eichh\u00f6rnchen in Berlin\" \t\tclass=\"so-widget-image\"\/>\n\t<\/div>\n\n<\/div><\/div><\/div><\/div><div id=\"pg-27945-30\"  class=\"panel-grid panel-no-style\" ><div id=\"pgc-27945-30-0\"  class=\"panel-grid-cell\" ><div id=\"panel-27945-30-0-0\" class=\"so-panel widget widget_sow-editor panel-first-child panel-last-child\" data-index=\"32\" ><div class=\"panel-widget-style panel-widget-style-for-27945-30-0-0\" ><div\n\t\t\t\n\t\t\tclass=\"so-widget-sow-editor so-widget-sow-editor-base\"\n\t\t\t\n\t\t>\n<div class=\"siteorigin-widget-tinymce textwidget\">\n\t<p><span style=\"font-size: 16pt;\"><strong>Information:<\/strong><\/span> M\u00f6chtest du auch an der Stunde der Winterv\u00f6gel teilnehmen? Das n\u00e4chste Mal findet die Stunde der Winterv\u00f6gel im Jahr <a href=\"https:\/\/www.nabu.de\/tiere-und-pflanzen\/aktionen-und-projekte\/stunde-der-wintervoegel\/index.html\" target=\"_blank\" rel=\"noopener nofollow\">2026<\/a> statt. Das hei\u00dft, vom 9. bis zum 11. Januar.<\/p>\n<\/div>\n<\/div><\/div><\/div><\/div><\/div><div id=\"pg-27945-31\"  class=\"panel-grid panel-no-style\" ><div id=\"pgc-27945-31-0\"  class=\"panel-grid-cell\" ><div id=\"panel-27945-31-0-0\" class=\"so-panel widget widget_sow-editor panel-first-child panel-last-child\" data-index=\"33\" ><div\n\t\t\t\n\t\t\tclass=\"so-widget-sow-editor so-widget-sow-editor-base\"\n\t\t\t\n\t\t>\n<div class=\"siteorigin-widget-tinymce textwidget\">\n\t<h2><span class=\"ez-toc-section\" id=\"Ergebnisse_der_Stunde_der_Wintervoegel_2025\"><\/span>Ergebnisse der Stunde der Winterv\u00f6gel 2025<span class=\"ez-toc-section-end\"><\/span><\/h2>\n<\/div>\n<\/div><\/div><\/div><\/div><div id=\"pg-27945-32\"  class=\"panel-grid panel-no-style\" ><div id=\"pgc-27945-32-0\"  class=\"panel-grid-cell\" ><div id=\"panel-27945-32-0-0\" class=\"so-panel widget widget_sow-editor panel-first-child panel-last-child\" data-index=\"34\" ><div\n\t\t\t\n\t\t\tclass=\"so-widget-sow-editor so-widget-sow-editor-base\"\n\t\t\t\n\t\t>\n<div class=\"siteorigin-widget-tinymce textwidget\">\n\t<p>Um auf die Fragen am Anfang meines Blogbeitrages zur\u00fcckzukommen, es haben \u00fcber 120.000 Vogelfreunde \u2013 wie es der NABU nennt \u2013 mitgemacht (es waren genau 122.056 Vogelfreunde). So viele Vogelfreunde haben \u00fcber 2,7 Millionen V\u00f6gel in G\u00e4rten oder Parks gez\u00e4hlt (hier waren es genau 2.767.249).<\/p>\n<p>An die Spitze deutschlandweit hat es in diesem Jahr der Haussperling geschafft.<\/p>\n<\/div>\n<\/div><\/div><\/div><\/div><div id=\"pg-27945-33\"  class=\"panel-grid panel-no-style\" ><div id=\"pgc-27945-33-0\"  class=\"panel-grid-cell\" ><div id=\"panel-27945-33-0-0\" class=\"so-panel widget widget_sow-image panel-first-child panel-last-child\" data-index=\"35\" ><div\n\t\t\t\n\t\t\tclass=\"so-widget-sow-image so-widget-sow-image-default-8b5b6f678277-27945\"\n\t\t\t\n\t\t>\n<div class=\"sow-image-container\">\n\t\t<img \n\tsrc=\"https:\/\/wildlife-travel.com\/wp-content\/uploads\/2025\/02\/Stunde-der-Wintervoegel-2025-16.jpg\" width=\"1336\" height=\"891\" srcset=\"https:\/\/wildlife-travel.com\/wp-content\/uploads\/2025\/02\/Stunde-der-Wintervoegel-2025-16.jpg 1336w, https:\/\/wildlife-travel.com\/wp-content\/uploads\/2025\/02\/Stunde-der-Wintervoegel-2025-16-300x200.jpg 300w, https:\/\/wildlife-travel.com\/wp-content\/uploads\/2025\/02\/Stunde-der-Wintervoegel-2025-16-1024x683.jpg 1024w, https:\/\/wildlife-travel.com\/wp-content\/uploads\/2025\/02\/Stunde-der-Wintervoegel-2025-16-768x512.jpg 768w, https:\/\/wildlife-travel.com\/wp-content\/uploads\/2025\/02\/Stunde-der-Wintervoegel-2025-16-840x560.jpg 840w, https:\/\/wildlife-travel.com\/wp-content\/uploads\/2025\/02\/Stunde-der-Wintervoegel-2025-16-120x80.jpg 120w, https:\/\/wildlife-travel.com\/wp-content\/uploads\/2025\/02\/Stunde-der-Wintervoegel-2025-16-360x240.jpg 360w, https:\/\/wildlife-travel.com\/wp-content\/uploads\/2025\/02\/Stunde-der-Wintervoegel-2025-16-600x400.jpg 600w, https:\/\/wildlife-travel.com\/wp-content\/uploads\/2025\/02\/Stunde-der-Wintervoegel-2025-16-272x182.jpg 272w\" sizes=\"(max-width: 1336px) 100vw, 1336px\" title=\"Stunde-der-Winterv\u00f6gel-2025 (16)\" alt=\"Stunde der Winterv\u00f6gel 2025\" \t\tclass=\"so-widget-image\"\/>\n\t<\/div>\n\n<\/div><\/div><\/div><\/div><div id=\"pg-27945-34\"  class=\"panel-grid panel-no-style\" ><div id=\"pgc-27945-34-0\"  class=\"panel-grid-cell\" ><div id=\"panel-27945-34-0-0\" class=\"so-panel widget widget_sow-editor panel-first-child panel-last-child\" data-index=\"36\" ><div\n\t\t\t\n\t\t\tclass=\"so-widget-sow-editor so-widget-sow-editor-base\"\n\t\t\t\n\t\t>\n<div class=\"siteorigin-widget-tinymce textwidget\">\n\t<p>Auch im letzten Jahr war der Haussperling der am h\u00e4ufigsten gez\u00e4hlter Vogel in Deutschlands G\u00e4rten und Parks. Auch wenn es der Haussperling wieder an die Spitze geschafft hat, so haben die Beobachtungen im Vergleich zum Vorjahr um 13% abgenommen.<\/p>\n<p>In Berlin war der Haussperling auch der am h\u00e4ufigsten beobachteter Vogel. Dort haben die Beobachtungen im Vergleich zum Vorjahr sogar um 17% abgenommen.<\/p>\n<p>Sowohl deutschlandweit als auch in Berlin landete die Kohlmeise auf dem zweiten Platz.<\/p>\n<\/div>\n<\/div><\/div><\/div><\/div><div id=\"pg-27945-35\"  class=\"panel-grid panel-no-style\" ><div id=\"pgc-27945-35-0\"  class=\"panel-grid-cell\" ><div id=\"panel-27945-35-0-0\" class=\"so-panel widget widget_sow-image panel-first-child panel-last-child\" data-index=\"37\" ><div\n\t\t\t\n\t\t\tclass=\"so-widget-sow-image so-widget-sow-image-default-8b5b6f678277-27945\"\n\t\t\t\n\t\t>\n<div class=\"sow-image-container\">\n\t\t<img \n\tsrc=\"https:\/\/wildlife-travel.com\/wp-content\/uploads\/2025\/02\/Stunde-der-Wintervoegel-2025-17.jpg\" width=\"1336\" height=\"891\" srcset=\"https:\/\/wildlife-travel.com\/wp-content\/uploads\/2025\/02\/Stunde-der-Wintervoegel-2025-17.jpg 1336w, https:\/\/wildlife-travel.com\/wp-content\/uploads\/2025\/02\/Stunde-der-Wintervoegel-2025-17-300x200.jpg 300w, https:\/\/wildlife-travel.com\/wp-content\/uploads\/2025\/02\/Stunde-der-Wintervoegel-2025-17-1024x683.jpg 1024w, https:\/\/wildlife-travel.com\/wp-content\/uploads\/2025\/02\/Stunde-der-Wintervoegel-2025-17-768x512.jpg 768w, https:\/\/wildlife-travel.com\/wp-content\/uploads\/2025\/02\/Stunde-der-Wintervoegel-2025-17-840x560.jpg 840w, https:\/\/wildlife-travel.com\/wp-content\/uploads\/2025\/02\/Stunde-der-Wintervoegel-2025-17-120x80.jpg 120w, https:\/\/wildlife-travel.com\/wp-content\/uploads\/2025\/02\/Stunde-der-Wintervoegel-2025-17-360x240.jpg 360w, https:\/\/wildlife-travel.com\/wp-content\/uploads\/2025\/02\/Stunde-der-Wintervoegel-2025-17-600x400.jpg 600w, https:\/\/wildlife-travel.com\/wp-content\/uploads\/2025\/02\/Stunde-der-Wintervoegel-2025-17-272x182.jpg 272w\" sizes=\"(max-width: 1336px) 100vw, 1336px\" title=\"Stunde-der-Winterv\u00f6gel-2025 (17)\" alt=\"Kohlmeisen in Berlin\" \t\tclass=\"so-widget-image\"\/>\n\t<\/div>\n\n<\/div><\/div><\/div><\/div><div id=\"pg-27945-36\"  class=\"panel-grid panel-no-style\" ><div id=\"pgc-27945-36-0\"  class=\"panel-grid-cell\" ><div id=\"panel-27945-36-0-0\" class=\"so-panel widget widget_sow-editor panel-first-child panel-last-child\" data-index=\"38\" ><div\n\t\t\t\n\t\t\tclass=\"so-widget-sow-editor so-widget-sow-editor-base\"\n\t\t\t\n\t\t>\n<div class=\"siteorigin-widget-tinymce textwidget\">\n\t<p>Deutschlandweit nahm ihre Beobachtungen um 7% ab, in Berlin waren es 8% weniger im Vergleich zum Vorjahr.<\/p>\n<p>Auf dem dritten Platz schaffte es deutschlandweit die Blaumeise. In Berlin war es jedoch die Nebelkr\u00e4he.<br \/>\nIm Vergleich zum Vorjahr nahmen die Beobachtungen der Nebelkr\u00e4he in Berlin sogar um 15% zu. Deutschlandweit landete die Nebelkr\u00e4he jedoch nur auf dem 34. Platz. Wenn man die Beobachtungen der Nebelkr\u00e4he in ganz Deutschland betrachtet, haben diese sogar um 16% abgenommen.<\/p>\n<p>Konzentrieren sich die Nebelkr\u00e4hen auch weiterhin in Regionen wie Berlin in Zukunft?<\/p>\n<\/div>\n<\/div><\/div><\/div><\/div><div id=\"pg-27945-37\"  class=\"panel-grid panel-no-style\" ><div id=\"pgc-27945-37-0\"  class=\"panel-grid-cell\" ><div id=\"panel-27945-37-0-0\" class=\"so-panel widget widget_sow-image panel-first-child panel-last-child\" data-index=\"39\" ><div\n\t\t\t\n\t\t\tclass=\"so-widget-sow-image so-widget-sow-image-default-8b5b6f678277-27945\"\n\t\t\t\n\t\t>\n<div class=\"sow-image-container\">\n\t\t<img \n\tsrc=\"https:\/\/wildlife-travel.com\/wp-content\/uploads\/2025\/02\/Stunde-der-Wintervoegel-2025-18.jpg\" width=\"1336\" height=\"891\" srcset=\"https:\/\/wildlife-travel.com\/wp-content\/uploads\/2025\/02\/Stunde-der-Wintervoegel-2025-18.jpg 1336w, https:\/\/wildlife-travel.com\/wp-content\/uploads\/2025\/02\/Stunde-der-Wintervoegel-2025-18-300x200.jpg 300w, https:\/\/wildlife-travel.com\/wp-content\/uploads\/2025\/02\/Stunde-der-Wintervoegel-2025-18-1024x683.jpg 1024w, https:\/\/wildlife-travel.com\/wp-content\/uploads\/2025\/02\/Stunde-der-Wintervoegel-2025-18-768x512.jpg 768w, https:\/\/wildlife-travel.com\/wp-content\/uploads\/2025\/02\/Stunde-der-Wintervoegel-2025-18-840x560.jpg 840w, https:\/\/wildlife-travel.com\/wp-content\/uploads\/2025\/02\/Stunde-der-Wintervoegel-2025-18-120x80.jpg 120w, https:\/\/wildlife-travel.com\/wp-content\/uploads\/2025\/02\/Stunde-der-Wintervoegel-2025-18-360x240.jpg 360w, https:\/\/wildlife-travel.com\/wp-content\/uploads\/2025\/02\/Stunde-der-Wintervoegel-2025-18-600x400.jpg 600w, https:\/\/wildlife-travel.com\/wp-content\/uploads\/2025\/02\/Stunde-der-Wintervoegel-2025-18-272x182.jpg 272w\" sizes=\"(max-width: 1336px) 100vw, 1336px\" title=\"Stunde-der-Winterv\u00f6gel-2025 (18)\" alt=\"Stunde der Winterv\u00f6gel 2025\" \t\tclass=\"so-widget-image\"\/>\n\t<\/div>\n\n<\/div><\/div><\/div><div id=\"pgc-27945-37-1\"  class=\"panel-grid-cell\" ><div id=\"panel-27945-37-1-0\" class=\"so-panel widget widget_sow-image panel-first-child panel-last-child\" data-index=\"40\" ><div\n\t\t\t\n\t\t\tclass=\"so-widget-sow-image so-widget-sow-image-default-8b5b6f678277-27945\"\n\t\t\t\n\t\t>\n<div class=\"sow-image-container\">\n\t\t<img \n\tsrc=\"https:\/\/wildlife-travel.com\/wp-content\/uploads\/2025\/02\/Stunde-der-Wintervoegel-2025-19.jpg\" width=\"1336\" height=\"891\" srcset=\"https:\/\/wildlife-travel.com\/wp-content\/uploads\/2025\/02\/Stunde-der-Wintervoegel-2025-19.jpg 1336w, https:\/\/wildlife-travel.com\/wp-content\/uploads\/2025\/02\/Stunde-der-Wintervoegel-2025-19-300x200.jpg 300w, https:\/\/wildlife-travel.com\/wp-content\/uploads\/2025\/02\/Stunde-der-Wintervoegel-2025-19-1024x683.jpg 1024w, https:\/\/wildlife-travel.com\/wp-content\/uploads\/2025\/02\/Stunde-der-Wintervoegel-2025-19-768x512.jpg 768w, https:\/\/wildlife-travel.com\/wp-content\/uploads\/2025\/02\/Stunde-der-Wintervoegel-2025-19-840x560.jpg 840w, https:\/\/wildlife-travel.com\/wp-content\/uploads\/2025\/02\/Stunde-der-Wintervoegel-2025-19-120x80.jpg 120w, https:\/\/wildlife-travel.com\/wp-content\/uploads\/2025\/02\/Stunde-der-Wintervoegel-2025-19-360x240.jpg 360w, https:\/\/wildlife-travel.com\/wp-content\/uploads\/2025\/02\/Stunde-der-Wintervoegel-2025-19-600x400.jpg 600w, https:\/\/wildlife-travel.com\/wp-content\/uploads\/2025\/02\/Stunde-der-Wintervoegel-2025-19-272x182.jpg 272w\" sizes=\"(max-width: 1336px) 100vw, 1336px\" title=\"Stunde-der-Winterv\u00f6gel-2025 (19)\" alt=\"Nebelkr\u00e4hen in Berlin\" \t\tclass=\"so-widget-image\"\/>\n\t<\/div>\n\n<\/div><\/div><\/div><\/div><div id=\"pg-27945-38\"  class=\"panel-grid panel-no-style\" ><div id=\"pgc-27945-38-0\"  class=\"panel-grid-cell\" ><div id=\"panel-27945-38-0-0\" class=\"so-panel widget widget_sow-editor panel-first-child panel-last-child\" data-index=\"41\" ><div\n\t\t\t\n\t\t\tclass=\"so-widget-sow-editor so-widget-sow-editor-base\"\n\t\t\t\n\t\t>\n<div class=\"siteorigin-widget-tinymce textwidget\">\n\t<p>Im Jahr davor, also in 2024, haben noch gut 130.000 Vogelfreunde an der Stunde der Winterv\u00f6gel teilgenommen. Ich hoffe, dass im n\u00e4chsten Jahr die Anzahl der Teilnehmenden wieder zunimmt. Entsprechend wurden auch weniger V\u00f6gel gez\u00e4hlt. Im Vorjahr waren es n\u00e4mlich mehr als 3,1 Millionen V\u00f6gel.<\/p>\n<p>Aber bei den Trends bez\u00fcglich Zunahme und Abnahme der V\u00f6gel, wurde die abnehmende Teilnehmerzahl laut meinen Berechnungen ber\u00fccksichtigt.<\/p>\n<p>Das hei\u00dft, dass der Trend laut NABU bei der Amsel deutschlandweit um 18% und in Berlin sogar um 30% nach unten zeigt. Im letzten Jahr schien es der Amsel noch gut zu gehen, da die Beobachtungen im Vergleich zum Jahr davor, also zum Jahr 2023, zugenommen hatten.<\/p>\n<\/div>\n<\/div><\/div><\/div><\/div><div id=\"pg-27945-39\"  class=\"panel-grid panel-no-style\" ><div id=\"pgc-27945-39-0\"  class=\"panel-grid-cell\" ><div id=\"panel-27945-39-0-0\" class=\"so-panel widget widget_sow-image panel-first-child panel-last-child\" data-index=\"42\" ><div\n\t\t\t\n\t\t\tclass=\"so-widget-sow-image so-widget-sow-image-default-8b5b6f678277-27945\"\n\t\t\t\n\t\t>\n<div class=\"sow-image-container\">\n\t\t<img \n\tsrc=\"https:\/\/wildlife-travel.com\/wp-content\/uploads\/2025\/02\/Stunde-der-Wintervoegel-2025-20.jpg\" width=\"1336\" height=\"891\" srcset=\"https:\/\/wildlife-travel.com\/wp-content\/uploads\/2025\/02\/Stunde-der-Wintervoegel-2025-20.jpg 1336w, https:\/\/wildlife-travel.com\/wp-content\/uploads\/2025\/02\/Stunde-der-Wintervoegel-2025-20-300x200.jpg 300w, https:\/\/wildlife-travel.com\/wp-content\/uploads\/2025\/02\/Stunde-der-Wintervoegel-2025-20-1024x683.jpg 1024w, https:\/\/wildlife-travel.com\/wp-content\/uploads\/2025\/02\/Stunde-der-Wintervoegel-2025-20-768x512.jpg 768w, https:\/\/wildlife-travel.com\/wp-content\/uploads\/2025\/02\/Stunde-der-Wintervoegel-2025-20-840x560.jpg 840w, https:\/\/wildlife-travel.com\/wp-content\/uploads\/2025\/02\/Stunde-der-Wintervoegel-2025-20-120x80.jpg 120w, https:\/\/wildlife-travel.com\/wp-content\/uploads\/2025\/02\/Stunde-der-Wintervoegel-2025-20-360x240.jpg 360w, https:\/\/wildlife-travel.com\/wp-content\/uploads\/2025\/02\/Stunde-der-Wintervoegel-2025-20-600x400.jpg 600w, https:\/\/wildlife-travel.com\/wp-content\/uploads\/2025\/02\/Stunde-der-Wintervoegel-2025-20-272x182.jpg 272w\" sizes=\"(max-width: 1336px) 100vw, 1336px\" title=\"Stunde-der-Winterv\u00f6gel-2025 (20)\" alt=\"Stunde der Winterv\u00f6gel 2025\" \t\tclass=\"so-widget-image\"\/>\n\t<\/div>\n\n<\/div><\/div><\/div><\/div><div id=\"pg-27945-40\"  class=\"panel-grid panel-no-style\" ><div id=\"pgc-27945-40-0\"  class=\"panel-grid-cell\" ><div id=\"panel-27945-40-0-0\" class=\"so-panel widget widget_sow-editor panel-first-child panel-last-child\" data-index=\"43\" ><div\n\t\t\t\n\t\t\tclass=\"so-widget-sow-editor so-widget-sow-editor-base\"\n\t\t\t\n\t\t>\n<div class=\"siteorigin-widget-tinymce textwidget\">\n\t<p>Der <a href=\"https:\/\/www.nabu.de\/news\/2025\/01\/35775.html\" target=\"_blank\" rel=\"noopener nofollow\">NABU<\/a> hat in einem Bericht die Stunde der Winterv\u00f6gel 2025 zusammengefasst.<\/p>\n<p>Neben der Amsel haben auf den vorderen Pl\u00e4tzen die Anzahl der Beobachtungen auch f\u00fcr den Feldsperling (Rang 10, -23%), den Star (Rang 14, -35%) oder das Rotkehlchen (Rang 18, -32%) abgenommen.<\/p>\n<p>Feldsperlinge habe ich ehrlich gesagt noch nie in Berlin gesehen, aber daf\u00fcr in Brandenburg. Rotkehlchen entdecke ich hin und wieder im Winter.<\/p>\n<\/div>\n<\/div><\/div><\/div><\/div><div id=\"pg-27945-41\"  class=\"panel-grid panel-no-style\" ><div id=\"pgc-27945-41-0\"  class=\"panel-grid-cell\" ><div id=\"panel-27945-41-0-0\" class=\"so-panel widget widget_sow-image panel-first-child panel-last-child\" data-index=\"44\" ><div\n\t\t\t\n\t\t\tclass=\"so-widget-sow-image so-widget-sow-image-default-8b5b6f678277-27945\"\n\t\t\t\n\t\t>\n<div class=\"sow-image-container\">\n\t\t<img \n\tsrc=\"https:\/\/wildlife-travel.com\/wp-content\/uploads\/2025\/02\/Stunde-der-Wintervoegel-2025-21.jpg\" width=\"1336\" height=\"891\" srcset=\"https:\/\/wildlife-travel.com\/wp-content\/uploads\/2025\/02\/Stunde-der-Wintervoegel-2025-21.jpg 1336w, https:\/\/wildlife-travel.com\/wp-content\/uploads\/2025\/02\/Stunde-der-Wintervoegel-2025-21-300x200.jpg 300w, https:\/\/wildlife-travel.com\/wp-content\/uploads\/2025\/02\/Stunde-der-Wintervoegel-2025-21-1024x683.jpg 1024w, https:\/\/wildlife-travel.com\/wp-content\/uploads\/2025\/02\/Stunde-der-Wintervoegel-2025-21-768x512.jpg 768w, https:\/\/wildlife-travel.com\/wp-content\/uploads\/2025\/02\/Stunde-der-Wintervoegel-2025-21-840x560.jpg 840w, https:\/\/wildlife-travel.com\/wp-content\/uploads\/2025\/02\/Stunde-der-Wintervoegel-2025-21-120x80.jpg 120w, https:\/\/wildlife-travel.com\/wp-content\/uploads\/2025\/02\/Stunde-der-Wintervoegel-2025-21-360x240.jpg 360w, https:\/\/wildlife-travel.com\/wp-content\/uploads\/2025\/02\/Stunde-der-Wintervoegel-2025-21-600x400.jpg 600w, https:\/\/wildlife-travel.com\/wp-content\/uploads\/2025\/02\/Stunde-der-Wintervoegel-2025-21-272x182.jpg 272w\" sizes=\"(max-width: 1336px) 100vw, 1336px\" title=\"Stunde-der-Winterv\u00f6gel-2025 (21)\" alt=\"Feldsperling in Brandenburg\" \t\tclass=\"so-widget-image\"\/>\n\t<\/div>\n\n<\/div><\/div><\/div><div id=\"pgc-27945-41-1\"  class=\"panel-grid-cell\" ><div id=\"panel-27945-41-1-0\" class=\"so-panel widget widget_sow-image panel-first-child panel-last-child\" data-index=\"45\" ><div\n\t\t\t\n\t\t\tclass=\"so-widget-sow-image so-widget-sow-image-default-8b5b6f678277-27945\"\n\t\t\t\n\t\t>\n<div class=\"sow-image-container\">\n\t\t<img \n\tsrc=\"https:\/\/wildlife-travel.com\/wp-content\/uploads\/2025\/02\/Stunde-der-Wintervoegel-2025-22.jpg\" width=\"1336\" height=\"891\" srcset=\"https:\/\/wildlife-travel.com\/wp-content\/uploads\/2025\/02\/Stunde-der-Wintervoegel-2025-22.jpg 1336w, https:\/\/wildlife-travel.com\/wp-content\/uploads\/2025\/02\/Stunde-der-Wintervoegel-2025-22-300x200.jpg 300w, https:\/\/wildlife-travel.com\/wp-content\/uploads\/2025\/02\/Stunde-der-Wintervoegel-2025-22-1024x683.jpg 1024w, https:\/\/wildlife-travel.com\/wp-content\/uploads\/2025\/02\/Stunde-der-Wintervoegel-2025-22-768x512.jpg 768w, https:\/\/wildlife-travel.com\/wp-content\/uploads\/2025\/02\/Stunde-der-Wintervoegel-2025-22-840x560.jpg 840w, https:\/\/wildlife-travel.com\/wp-content\/uploads\/2025\/02\/Stunde-der-Wintervoegel-2025-22-120x80.jpg 120w, https:\/\/wildlife-travel.com\/wp-content\/uploads\/2025\/02\/Stunde-der-Wintervoegel-2025-22-360x240.jpg 360w, https:\/\/wildlife-travel.com\/wp-content\/uploads\/2025\/02\/Stunde-der-Wintervoegel-2025-22-600x400.jpg 600w, https:\/\/wildlife-travel.com\/wp-content\/uploads\/2025\/02\/Stunde-der-Wintervoegel-2025-22-272x182.jpg 272w\" sizes=\"(max-width: 1336px) 100vw, 1336px\" title=\"Stunde-der-Winterv\u00f6gel-2025 (22)\" alt=\"Rotkehlchen\" \t\tclass=\"so-widget-image\"\/>\n\t<\/div>\n\n<\/div><\/div><\/div><\/div><div id=\"pg-27945-42\"  class=\"panel-grid panel-no-style\" ><div id=\"pgc-27945-42-0\"  class=\"panel-grid-cell\" ><div id=\"panel-27945-42-0-0\" class=\"so-panel widget widget_sow-editor panel-first-child panel-last-child\" data-index=\"46\" ><div\n\t\t\t\n\t\t\tclass=\"so-widget-sow-editor so-widget-sow-editor-base\"\n\t\t\t\n\t\t>\n<div class=\"siteorigin-widget-tinymce textwidget\">\n\t<p>Beim Star war ich ehrlich gesagt etwas \u00fcberrascht, weil ich diese V\u00f6gel in den vergangenen Jahren immer h\u00e4ufiger im Volkspark Friedrichshain beobachte. Aber ja. Es sind berlinweite Zahlen und nicht nur meine einzelnen Beobachtungen.<\/p>\n<\/div>\n<\/div><\/div><\/div><\/div><div id=\"pg-27945-43\"  class=\"panel-grid panel-no-style\" ><div id=\"pgc-27945-43-0\"  class=\"panel-grid-cell\" ><div id=\"panel-27945-43-0-0\" class=\"so-panel widget widget_sow-image panel-first-child panel-last-child\" data-index=\"47\" ><div\n\t\t\t\n\t\t\tclass=\"so-widget-sow-image so-widget-sow-image-default-8b5b6f678277-27945\"\n\t\t\t\n\t\t>\n<div class=\"sow-image-container\">\n\t\t<img \n\tsrc=\"https:\/\/wildlife-travel.com\/wp-content\/uploads\/2025\/02\/Stunde-der-Wintervoegel-2025-23.jpg\" width=\"1336\" height=\"891\" srcset=\"https:\/\/wildlife-travel.com\/wp-content\/uploads\/2025\/02\/Stunde-der-Wintervoegel-2025-23.jpg 1336w, https:\/\/wildlife-travel.com\/wp-content\/uploads\/2025\/02\/Stunde-der-Wintervoegel-2025-23-300x200.jpg 300w, https:\/\/wildlife-travel.com\/wp-content\/uploads\/2025\/02\/Stunde-der-Wintervoegel-2025-23-1024x683.jpg 1024w, https:\/\/wildlife-travel.com\/wp-content\/uploads\/2025\/02\/Stunde-der-Wintervoegel-2025-23-768x512.jpg 768w, https:\/\/wildlife-travel.com\/wp-content\/uploads\/2025\/02\/Stunde-der-Wintervoegel-2025-23-840x560.jpg 840w, https:\/\/wildlife-travel.com\/wp-content\/uploads\/2025\/02\/Stunde-der-Wintervoegel-2025-23-120x80.jpg 120w, https:\/\/wildlife-travel.com\/wp-content\/uploads\/2025\/02\/Stunde-der-Wintervoegel-2025-23-360x240.jpg 360w, https:\/\/wildlife-travel.com\/wp-content\/uploads\/2025\/02\/Stunde-der-Wintervoegel-2025-23-600x400.jpg 600w, https:\/\/wildlife-travel.com\/wp-content\/uploads\/2025\/02\/Stunde-der-Wintervoegel-2025-23-272x182.jpg 272w\" sizes=\"(max-width: 1336px) 100vw, 1336px\" title=\"Stunde-der-Winterv\u00f6gel-2025 (23)\" alt=\"Stunde der Winterv\u00f6gel 2025\" \t\tclass=\"so-widget-image\"\/>\n\t<\/div>\n\n<\/div><\/div><\/div><\/div><div id=\"pg-27945-44\"  class=\"panel-grid panel-no-style\" ><div id=\"pgc-27945-44-0\"  class=\"panel-grid-cell\" ><div id=\"panel-27945-44-0-0\" class=\"so-panel widget widget_sow-editor panel-first-child panel-last-child\" data-index=\"48\" ><div\n\t\t\t\n\t\t\tclass=\"so-widget-sow-editor so-widget-sow-editor-base\"\n\t\t\t\n\t\t>\n<div class=\"siteorigin-widget-tinymce textwidget\">\n\t<p>In Berlin haben neben der Nebelkr\u00e4he auf den vorderen R\u00e4ngen die Graug\u00e4nse (Rang 9, +225%), die Wacholderdrosseln (Rang 15, +104%) und die Lachm\u00f6wen (Rang 16, +129%) zugenommen. Das ist interessant, da ich in Berlin zwar schon mal Graug\u00e4nse (linkes Foto) gesehen habe, aber noch nie Wacholderdrosseln oder Lachm\u00f6wen (rechtes Foto).<\/p>\n<\/div>\n<\/div><\/div><\/div><\/div><div id=\"pg-27945-45\"  class=\"panel-grid panel-no-style\" ><div id=\"pgc-27945-45-0\"  class=\"panel-grid-cell\" ><div id=\"panel-27945-45-0-0\" class=\"so-panel widget widget_sow-image panel-first-child panel-last-child\" data-index=\"49\" ><div\n\t\t\t\n\t\t\tclass=\"so-widget-sow-image so-widget-sow-image-default-8b5b6f678277-27945\"\n\t\t\t\n\t\t>\n<div class=\"sow-image-container\">\n\t\t<img \n\tsrc=\"https:\/\/wildlife-travel.com\/wp-content\/uploads\/2025\/02\/Stunde-der-Wintervoegel-2025-24.jpg\" width=\"1336\" height=\"891\" srcset=\"https:\/\/wildlife-travel.com\/wp-content\/uploads\/2025\/02\/Stunde-der-Wintervoegel-2025-24.jpg 1336w, https:\/\/wildlife-travel.com\/wp-content\/uploads\/2025\/02\/Stunde-der-Wintervoegel-2025-24-300x200.jpg 300w, https:\/\/wildlife-travel.com\/wp-content\/uploads\/2025\/02\/Stunde-der-Wintervoegel-2025-24-1024x683.jpg 1024w, https:\/\/wildlife-travel.com\/wp-content\/uploads\/2025\/02\/Stunde-der-Wintervoegel-2025-24-768x512.jpg 768w, https:\/\/wildlife-travel.com\/wp-content\/uploads\/2025\/02\/Stunde-der-Wintervoegel-2025-24-840x560.jpg 840w, https:\/\/wildlife-travel.com\/wp-content\/uploads\/2025\/02\/Stunde-der-Wintervoegel-2025-24-120x80.jpg 120w, https:\/\/wildlife-travel.com\/wp-content\/uploads\/2025\/02\/Stunde-der-Wintervoegel-2025-24-360x240.jpg 360w, https:\/\/wildlife-travel.com\/wp-content\/uploads\/2025\/02\/Stunde-der-Wintervoegel-2025-24-600x400.jpg 600w, https:\/\/wildlife-travel.com\/wp-content\/uploads\/2025\/02\/Stunde-der-Wintervoegel-2025-24-272x182.jpg 272w\" sizes=\"(max-width: 1336px) 100vw, 1336px\" title=\"Stunde-der-Winterv\u00f6gel-2025 (24)\" alt=\"Graugans\" \t\tclass=\"so-widget-image\"\/>\n\t<\/div>\n\n<\/div><\/div><\/div><div id=\"pgc-27945-45-1\"  class=\"panel-grid-cell\" ><div id=\"panel-27945-45-1-0\" class=\"so-panel widget widget_sow-image panel-first-child panel-last-child\" data-index=\"50\" ><div\n\t\t\t\n\t\t\tclass=\"so-widget-sow-image so-widget-sow-image-default-8b5b6f678277-27945\"\n\t\t\t\n\t\t>\n<div class=\"sow-image-container\">\n\t\t<img \n\tsrc=\"https:\/\/wildlife-travel.com\/wp-content\/uploads\/2025\/02\/Stunde-der-Wintervoegel-2025-25.jpg\" width=\"1025\" height=\"683\" srcset=\"https:\/\/wildlife-travel.com\/wp-content\/uploads\/2025\/02\/Stunde-der-Wintervoegel-2025-25.jpg 1025w, https:\/\/wildlife-travel.com\/wp-content\/uploads\/2025\/02\/Stunde-der-Wintervoegel-2025-25-300x200.jpg 300w, https:\/\/wildlife-travel.com\/wp-content\/uploads\/2025\/02\/Stunde-der-Wintervoegel-2025-25-768x512.jpg 768w, https:\/\/wildlife-travel.com\/wp-content\/uploads\/2025\/02\/Stunde-der-Wintervoegel-2025-25-840x560.jpg 840w, https:\/\/wildlife-travel.com\/wp-content\/uploads\/2025\/02\/Stunde-der-Wintervoegel-2025-25-120x80.jpg 120w, https:\/\/wildlife-travel.com\/wp-content\/uploads\/2025\/02\/Stunde-der-Wintervoegel-2025-25-360x240.jpg 360w, https:\/\/wildlife-travel.com\/wp-content\/uploads\/2025\/02\/Stunde-der-Wintervoegel-2025-25-600x400.jpg 600w, https:\/\/wildlife-travel.com\/wp-content\/uploads\/2025\/02\/Stunde-der-Wintervoegel-2025-25-272x182.jpg 272w\" sizes=\"(max-width: 1025px) 100vw, 1025px\" title=\"Stunde-der-Winterv\u00f6gel-2025 (25)\" alt=\"Lachm\u00f6we\" \t\tclass=\"so-widget-image\"\/>\n\t<\/div>\n\n<\/div><\/div><\/div><\/div><div id=\"pg-27945-46\"  class=\"panel-grid panel-no-style\" ><div id=\"pgc-27945-46-0\"  class=\"panel-grid-cell\" ><div id=\"panel-27945-46-0-0\" class=\"so-panel widget widget_sow-editor panel-first-child panel-last-child\" data-index=\"51\" ><div\n\t\t\t\n\t\t\tclass=\"so-widget-sow-editor so-widget-sow-editor-base\"\n\t\t\t\n\t\t>\n<div class=\"siteorigin-widget-tinymce textwidget\">\n\t<p>Ich werde meine Augen offenhalten und nach ihnen Ausschau halten.<\/p>\n<p>Falls du mehr \u00fcber meine Beobachtungen w\u00e4hrend der vergangenen Z\u00e4hlaktionen zur Stunde der Winterv\u00f6gel wissen m\u00f6chtest, dann findest du die Links weiter unten. Dort findest du auch die Links zur Stunde der Gartenv\u00f6gel.<\/p>\n<\/div>\n<\/div><\/div><\/div><\/div><div id=\"pg-27945-47\"  class=\"panel-grid panel-no-style\" ><div id=\"pgc-27945-47-0\"  class=\"panel-grid-cell\" ><div id=\"panel-27945-47-0-0\" class=\"so-panel widget widget_sow-editor panel-first-child panel-last-child\" data-index=\"52\" ><div\n\t\t\t\n\t\t\tclass=\"so-widget-sow-editor so-widget-sow-editor-base\"\n\t\t\t\n\t\t>\n<div class=\"siteorigin-widget-tinymce textwidget\">\n\t<h2><span class=\"ez-toc-section\" id=\"Mehr_Informationen\"><\/span>Mehr Informationen<span class=\"ez-toc-section-end\"><\/span><\/h2>\n<\/div>\n<\/div><\/div><\/div><\/div><div id=\"pg-27945-48\"  class=\"panel-grid panel-no-style\" ><div id=\"pgc-27945-48-0\"  class=\"panel-grid-cell\" ><div id=\"panel-27945-48-0-0\" class=\"so-panel widget widget_sow-editor panel-first-child panel-last-child\" data-index=\"53\" ><div class=\"panel-widget-style panel-widget-style-for-27945-48-0-0\" ><div\n\t\t\t\n\t\t\tclass=\"so-widget-sow-editor so-widget-sow-editor-base\"\n\t\t\t\n\t\t>\n<div class=\"siteorigin-widget-tinymce textwidget\">\n\t<p><a href=\"https:\/\/www.nabu.de\/tiere-und-pflanzen\/aktionen-und-projekte\/stunde-der-wintervoegel\/ergebnisse\/21784.html\" target=\"_blank\" rel=\"noopener nofollow\">Ergebnisse<\/a> der Stunde der Winterv\u00f6gel 2025<\/p>\n<p><a href=\"https:\/\/www.nabu.de\/news\/2025\/01\/35775.html\" target=\"_blank\" rel=\"noopener\">Zusammenfassung<\/a> des NABUs zur Stunde der Winterv\u00f6gel 2025<\/p>\n<p>Stunde der Winterv\u00f6gel auf Wildlife Travel: <a href=\"https:\/\/wildlife-travel.com\/de\/die-stunde-der-wintervoegel-voegel-zaehlen-im-januar\/\" target=\"_blank\" rel=\"noopener\">2020<\/a>, <a href=\"https:\/\/wildlife-travel.com\/de\/stunde-der-wintervoegel-2021-voegel-zaehlen-in-berlin\/\" target=\"_blank\" rel=\"noopener\">2021<\/a>, <a href=\"https:\/\/wildlife-travel.com\/de\/stunde-der-wintervoegel-2022\/\" target=\"_blank\" rel=\"noopener\">2022<\/a>, <a href=\"https:\/\/wildlife-travel.com\/de\/stunde-der-wintervoegel-2023\/\" target=\"_blank\" rel=\"noopener\">2023<\/a> und <a href=\"https:\/\/wildlife-travel.com\/de\/die-stunde-der-wintervoegel-2026\/\" target=\"_blank\" rel=\"noopener\">2026<\/a><\/p>\n<p>Stunde der Gartenv\u00f6gel auf Wildlife Travel: <a href=\"https:\/\/wildlife-travel.com\/de\/die-stunde-der-gartenvoegel-voegel-zaehlen-im-mai\/\" target=\"_blank\" rel=\"noopener\">2020<\/a>, <a href=\"https:\/\/wildlife-travel.com\/de\/die-stunde-der-gartenvoegel-2021\/\" target=\"_blank\" rel=\"noopener\">2021<\/a>, <a href=\"https:\/\/wildlife-travel.com\/de\/die-stunde-der-gartenvoegel-2022\/\" target=\"_blank\" rel=\"noopener\">2022,<\/a> <a href=\"https:\/\/wildlife-travel.com\/de\/die-stunde-der-gartenvoegel-2024\/\" target=\"_blank\" rel=\"noopener\">2024<\/a> und <a href=\"https:\/\/wildlife-travel.com\/de\/die-stunde-der-gartenvoegel-2025\/\" target=\"_blank\" rel=\"noopener\">2025<\/a><\/p>\n<\/div>\n<\/div><\/div><\/div><\/div><\/div><div id=\"pg-27945-49\"  class=\"panel-grid panel-no-style\" ><div id=\"pgc-27945-49-0\"  class=\"panel-grid-cell\" ><div id=\"panel-27945-49-0-0\" class=\"so-panel widget widget_sow-editor panel-first-child panel-last-child\" data-index=\"54\" ><div\n\t\t\t\n\t\t\tclass=\"so-widget-sow-editor so-widget-sow-editor-base\"\n\t\t\t\n\t\t>\n<div class=\"siteorigin-widget-tinymce textwidget\">\n\t<p><strong>Hast du bei der Stunde der Winterv\u00f6gel 2025 teilgenommen? Falls ja, welche V\u00f6gel hast du beobachtet? Oder was sind deine Erfahrungen mit Vogelz\u00e4hlungen? Lass es mich doch in den Kommentaren wissen.<\/strong><\/p>\n<\/div>\n<\/div><\/div><\/div><\/div><div id=\"pg-27945-50\"  class=\"panel-grid panel-no-style\" ><div id=\"pgc-27945-50-0\"  class=\"panel-grid-cell\" ><div id=\"panel-27945-50-0-0\" class=\"so-panel widget widget_sow-image panel-first-child panel-last-child\" data-index=\"55\" ><div\n\t\t\t\n\t\t\tclass=\"so-widget-sow-image so-widget-sow-image-default-8b5b6f678277-27945\"\n\t\t\t\n\t\t>\n<div class=\"sow-image-container\">\n\t\t<img \n\tsrc=\"https:\/\/wildlife-travel.com\/wp-content\/uploads\/2025\/02\/Stunde-der-Wintervoegel-DE1.jpg\" width=\"800\" height=\"1200\" srcset=\"https:\/\/wildlife-travel.com\/wp-content\/uploads\/2025\/02\/Stunde-der-Wintervoegel-DE1.jpg 800w, https:\/\/wildlife-travel.com\/wp-content\/uploads\/2025\/02\/Stunde-der-Wintervoegel-DE1-200x300.jpg 200w, https:\/\/wildlife-travel.com\/wp-content\/uploads\/2025\/02\/Stunde-der-Wintervoegel-DE1-683x1024.jpg 683w, https:\/\/wildlife-travel.com\/wp-content\/uploads\/2025\/02\/Stunde-der-Wintervoegel-DE1-768x1152.jpg 768w\" sizes=\"(max-width: 800px) 100vw, 800px\" title=\"Stunde-der-Winterv\u00f6gel-DE1\" alt=\"Stunde der Winterv\u00f6gel 2025\" \t\tclass=\"so-widget-image\"\/>\n\t<\/div>\n\n<\/div><\/div><\/div><div id=\"pgc-27945-50-1\"  class=\"panel-grid-cell\" ><div id=\"panel-27945-50-1-0\" class=\"so-panel widget widget_sow-image panel-first-child panel-last-child\" data-index=\"56\" ><div\n\t\t\t\n\t\t\tclass=\"so-widget-sow-image so-widget-sow-image-default-8b5b6f678277-27945\"\n\t\t\t\n\t\t>\n<div class=\"sow-image-container\">\n\t\t<img \n\tsrc=\"https:\/\/wildlife-travel.com\/wp-content\/uploads\/2025\/02\/Stunde-der-Wintervoegel-DE2.jpg\" width=\"800\" height=\"1200\" srcset=\"https:\/\/wildlife-travel.com\/wp-content\/uploads\/2025\/02\/Stunde-der-Wintervoegel-DE2.jpg 800w, https:\/\/wildlife-travel.com\/wp-content\/uploads\/2025\/02\/Stunde-der-Wintervoegel-DE2-200x300.jpg 200w, https:\/\/wildlife-travel.com\/wp-content\/uploads\/2025\/02\/Stunde-der-Wintervoegel-DE2-683x1024.jpg 683w, https:\/\/wildlife-travel.com\/wp-content\/uploads\/2025\/02\/Stunde-der-Wintervoegel-DE2-768x1152.jpg 768w\" sizes=\"(max-width: 800px) 100vw, 800px\" title=\"Stunde-der-Winterv\u00f6gel-DE2\" alt=\"Stunde der Winterv\u00f6gel 2025\" \t\tclass=\"so-widget-image\"\/>\n\t<\/div>\n\n<\/div><\/div><\/div><\/div><\/div>","protected":false},"excerpt":{"rendered":"","protected":false},"author":1,"featured_media":27946,"comment_status":"open","ping_status":"closed","sticky":false,"template":"","format":"standard","meta":{"_monsterinsights_skip_tracking":false,"_monsterinsights_sitenote_active":false,"_monsterinsights_sitenote_note":"","_monsterinsights_sitenote_category":0,"footnotes":""},"categories":[152,153],"tags":[],"class_list":["post-27945","post","type-post","status-publish","format-standard","has-post-thumbnail","hentry","category-citizen-science-2","category-deutschland"],"yoast_head":"<!-- This site is optimized with the Yoast SEO plugin v27.5 - https:\/\/yoast.com\/product\/yoast-seo-wordpress\/ -->\n<title>Stunde der Winterv\u00f6gel 2025<\/title>\n<meta name=\"description\" content=\"Stunde der Winterv\u00f6gel 2025 - Kohlmeisen, Blaumeisen, Buchfinken, oder Nebelkr\u00e4hen und viele weitere V\u00f6gel auf Wildlife Travel...\" \/>\n<meta name=\"robots\" content=\"index, follow, max-snippet:-1, max-image-preview:large, max-video-preview:-1\" \/>\n<link rel=\"canonical\" href=\"https:\/\/wildlife-travel.com\/de\/stunde-der-wintervoegel-2025\/\" \/>\n<meta property=\"og:locale\" content=\"de_DE\" \/>\n<meta property=\"og:type\" content=\"article\" \/>\n<meta property=\"og:title\" content=\"Stunde der Winterv\u00f6gel 2025\" \/>\n<meta property=\"og:description\" content=\"Stunde der Winterv\u00f6gel 2025 - Kohlmeisen, Blaumeisen, Buchfinken, oder Nebelkr\u00e4hen und viele weitere V\u00f6gel auf Wildlife Travel...\" \/>\n<meta property=\"og:url\" content=\"https:\/\/wildlife-travel.com\/de\/stunde-der-wintervoegel-2025\/\" \/>\n<meta property=\"article:published_time\" content=\"2025-02-09T11:00:37+00:00\" \/>\n<meta property=\"article:modified_time\" content=\"2026-01-22T10:39:52+00:00\" \/>\n<meta property=\"og:image\" content=\"https:\/\/wildlife-travel.com\/wp-content\/uploads\/2025\/02\/Stunde-der-Wintervoegel.jpg\" \/>\n\t<meta property=\"og:image:width\" content=\"2500\" \/>\n\t<meta property=\"og:image:height\" content=\"800\" \/>\n\t<meta property=\"og:image:type\" content=\"image\/jpeg\" \/>\n<meta name=\"author\" content=\"Tanja Heinz\" \/>\n<meta name=\"twitter:card\" content=\"summary_large_image\" \/>\n<meta name=\"twitter:label1\" content=\"Written by\" \/>\n\t<meta name=\"twitter:data1\" content=\"Tanja Heinz\" \/>\n\t<meta name=\"twitter:label2\" content=\"Est. reading time\" \/>\n\t<meta name=\"twitter:data2\" content=\"15 minutes\" \/>\n<script type=\"application\/ld+json\" class=\"yoast-schema-graph\">{\"@context\":\"https:\\\/\\\/schema.org\",\"@graph\":[{\"@type\":\"Article\",\"@id\":\"https:\\\/\\\/wildlife-travel.com\\\/de\\\/stunde-der-wintervoegel-2025\\\/#article\",\"isPartOf\":{\"@id\":\"https:\\\/\\\/wildlife-travel.com\\\/de\\\/stunde-der-wintervoegel-2025\\\/\"},\"author\":{\"name\":\"Tanja Heinz\",\"@id\":\"https:\\\/\\\/wildlife-travel.com\\\/de\\\/#\\\/schema\\\/person\\\/37ec276948c84f4f860abef1a19c2e62\"},\"headline\":\"Stunde der Winterv\u00f6gel 2025\",\"datePublished\":\"2025-02-09T11:00:37+00:00\",\"dateModified\":\"2026-01-22T10:39:52+00:00\",\"mainEntityOfPage\":{\"@id\":\"https:\\\/\\\/wildlife-travel.com\\\/de\\\/stunde-der-wintervoegel-2025\\\/\"},\"wordCount\":1965,\"commentCount\":0,\"publisher\":{\"@id\":\"https:\\\/\\\/wildlife-travel.com\\\/de\\\/#\\\/schema\\\/person\\\/37ec276948c84f4f860abef1a19c2e62\"},\"image\":{\"@id\":\"https:\\\/\\\/wildlife-travel.com\\\/de\\\/stunde-der-wintervoegel-2025\\\/#primaryimage\"},\"thumbnailUrl\":\"https:\\\/\\\/wildlife-travel.com\\\/wp-content\\\/uploads\\\/2025\\\/02\\\/Stunde-der-Wintervoegel.jpg\",\"articleSection\":[\"Citizen Science\",\"Deutschland\"],\"inLanguage\":\"de-DE\",\"potentialAction\":[{\"@type\":\"CommentAction\",\"name\":\"Comment\",\"target\":[\"https:\\\/\\\/wildlife-travel.com\\\/de\\\/stunde-der-wintervoegel-2025\\\/#respond\"]}]},{\"@type\":\"WebPage\",\"@id\":\"https:\\\/\\\/wildlife-travel.com\\\/de\\\/stunde-der-wintervoegel-2025\\\/\",\"url\":\"https:\\\/\\\/wildlife-travel.com\\\/de\\\/stunde-der-wintervoegel-2025\\\/\",\"name\":\"Stunde der Winterv\u00f6gel 2025\",\"isPartOf\":{\"@id\":\"https:\\\/\\\/wildlife-travel.com\\\/de\\\/#website\"},\"primaryImageOfPage\":{\"@id\":\"https:\\\/\\\/wildlife-travel.com\\\/de\\\/stunde-der-wintervoegel-2025\\\/#primaryimage\"},\"image\":{\"@id\":\"https:\\\/\\\/wildlife-travel.com\\\/de\\\/stunde-der-wintervoegel-2025\\\/#primaryimage\"},\"thumbnailUrl\":\"https:\\\/\\\/wildlife-travel.com\\\/wp-content\\\/uploads\\\/2025\\\/02\\\/Stunde-der-Wintervoegel.jpg\",\"datePublished\":\"2025-02-09T11:00:37+00:00\",\"dateModified\":\"2026-01-22T10:39:52+00:00\",\"description\":\"Stunde der Winterv\u00f6gel 2025 - Kohlmeisen, Blaumeisen, Buchfinken, oder Nebelkr\u00e4hen und viele weitere V\u00f6gel auf Wildlife Travel...\",\"breadcrumb\":{\"@id\":\"https:\\\/\\\/wildlife-travel.com\\\/de\\\/stunde-der-wintervoegel-2025\\\/#breadcrumb\"},\"inLanguage\":\"de-DE\",\"potentialAction\":[{\"@type\":\"ReadAction\",\"target\":[\"https:\\\/\\\/wildlife-travel.com\\\/de\\\/stunde-der-wintervoegel-2025\\\/\"]}]},{\"@type\":\"ImageObject\",\"inLanguage\":\"de-DE\",\"@id\":\"https:\\\/\\\/wildlife-travel.com\\\/de\\\/stunde-der-wintervoegel-2025\\\/#primaryimage\",\"url\":\"https:\\\/\\\/wildlife-travel.com\\\/wp-content\\\/uploads\\\/2025\\\/02\\\/Stunde-der-Wintervoegel.jpg\",\"contentUrl\":\"https:\\\/\\\/wildlife-travel.com\\\/wp-content\\\/uploads\\\/2025\\\/02\\\/Stunde-der-Wintervoegel.jpg\",\"width\":2500,\"height\":800,\"caption\":\"Stunde der Winterv\u00f6gel 2025\"},{\"@type\":\"BreadcrumbList\",\"@id\":\"https:\\\/\\\/wildlife-travel.com\\\/de\\\/stunde-der-wintervoegel-2025\\\/#breadcrumb\",\"itemListElement\":[{\"@type\":\"ListItem\",\"position\":1,\"name\":\"Startseite\",\"item\":\"https:\\\/\\\/wildlife-travel.com\\\/de\\\/\"},{\"@type\":\"ListItem\",\"position\":2,\"name\":\"Stunde der Winterv\u00f6gel 2025\"}]},{\"@type\":\"WebSite\",\"@id\":\"https:\\\/\\\/wildlife-travel.com\\\/de\\\/#website\",\"url\":\"https:\\\/\\\/wildlife-travel.com\\\/de\\\/\",\"name\":\"\",\"description\":\"Wildlife Travel\",\"publisher\":{\"@id\":\"https:\\\/\\\/wildlife-travel.com\\\/de\\\/#\\\/schema\\\/person\\\/37ec276948c84f4f860abef1a19c2e62\"},\"potentialAction\":[{\"@type\":\"SearchAction\",\"target\":{\"@type\":\"EntryPoint\",\"urlTemplate\":\"https:\\\/\\\/wildlife-travel.com\\\/de\\\/?s={search_term_string}\"},\"query-input\":{\"@type\":\"PropertyValueSpecification\",\"valueRequired\":true,\"valueName\":\"search_term_string\"}}],\"inLanguage\":\"de-DE\"},{\"@type\":[\"Person\",\"Organization\"],\"@id\":\"https:\\\/\\\/wildlife-travel.com\\\/de\\\/#\\\/schema\\\/person\\\/37ec276948c84f4f860abef1a19c2e62\",\"name\":\"Tanja Heinz\",\"logo\":{\"@id\":\"https:\\\/\\\/wildlife-travel.com\\\/de\\\/#\\\/schema\\\/person\\\/image\\\/\"}}]}<\/script>\n<!-- \/ Yoast SEO plugin. -->","yoast_head_json":{"title":"Stunde der Winterv\u00f6gel 2025","description":"Stunde der Winterv\u00f6gel 2025 - Kohlmeisen, Blaumeisen, Buchfinken, oder Nebelkr\u00e4hen und viele weitere V\u00f6gel auf Wildlife Travel...","robots":{"index":"index","follow":"follow","max-snippet":"max-snippet:-1","max-image-preview":"max-image-preview:large","max-video-preview":"max-video-preview:-1"},"canonical":"https:\/\/wildlife-travel.com\/de\/stunde-der-wintervoegel-2025\/","og_locale":"de_DE","og_type":"article","og_title":"Stunde der Winterv\u00f6gel 2025","og_description":"Stunde der Winterv\u00f6gel 2025 - Kohlmeisen, Blaumeisen, Buchfinken, oder Nebelkr\u00e4hen und viele weitere V\u00f6gel auf Wildlife Travel...","og_url":"https:\/\/wildlife-travel.com\/de\/stunde-der-wintervoegel-2025\/","article_published_time":"2025-02-09T11:00:37+00:00","article_modified_time":"2026-01-22T10:39:52+00:00","og_image":[{"width":2500,"height":800,"url":"https:\/\/wildlife-travel.com\/wp-content\/uploads\/2025\/02\/Stunde-der-Wintervoegel.jpg","type":"image\/jpeg"}],"author":"Tanja Heinz","twitter_card":"summary_large_image","twitter_misc":{"Written by":"Tanja Heinz","Est. reading time":"15 minutes"},"schema":{"@context":"https:\/\/schema.org","@graph":[{"@type":"Article","@id":"https:\/\/wildlife-travel.com\/de\/stunde-der-wintervoegel-2025\/#article","isPartOf":{"@id":"https:\/\/wildlife-travel.com\/de\/stunde-der-wintervoegel-2025\/"},"author":{"name":"Tanja Heinz","@id":"https:\/\/wildlife-travel.com\/de\/#\/schema\/person\/37ec276948c84f4f860abef1a19c2e62"},"headline":"Stunde der Winterv\u00f6gel 2025","datePublished":"2025-02-09T11:00:37+00:00","dateModified":"2026-01-22T10:39:52+00:00","mainEntityOfPage":{"@id":"https:\/\/wildlife-travel.com\/de\/stunde-der-wintervoegel-2025\/"},"wordCount":1965,"commentCount":0,"publisher":{"@id":"https:\/\/wildlife-travel.com\/de\/#\/schema\/person\/37ec276948c84f4f860abef1a19c2e62"},"image":{"@id":"https:\/\/wildlife-travel.com\/de\/stunde-der-wintervoegel-2025\/#primaryimage"},"thumbnailUrl":"https:\/\/wildlife-travel.com\/wp-content\/uploads\/2025\/02\/Stunde-der-Wintervoegel.jpg","articleSection":["Citizen Science","Deutschland"],"inLanguage":"de-DE","potentialAction":[{"@type":"CommentAction","name":"Comment","target":["https:\/\/wildlife-travel.com\/de\/stunde-der-wintervoegel-2025\/#respond"]}]},{"@type":"WebPage","@id":"https:\/\/wildlife-travel.com\/de\/stunde-der-wintervoegel-2025\/","url":"https:\/\/wildlife-travel.com\/de\/stunde-der-wintervoegel-2025\/","name":"Stunde der Winterv\u00f6gel 2025","isPartOf":{"@id":"https:\/\/wildlife-travel.com\/de\/#website"},"primaryImageOfPage":{"@id":"https:\/\/wildlife-travel.com\/de\/stunde-der-wintervoegel-2025\/#primaryimage"},"image":{"@id":"https:\/\/wildlife-travel.com\/de\/stunde-der-wintervoegel-2025\/#primaryimage"},"thumbnailUrl":"https:\/\/wildlife-travel.com\/wp-content\/uploads\/2025\/02\/Stunde-der-Wintervoegel.jpg","datePublished":"2025-02-09T11:00:37+00:00","dateModified":"2026-01-22T10:39:52+00:00","description":"Stunde der Winterv\u00f6gel 2025 - Kohlmeisen, Blaumeisen, Buchfinken, oder Nebelkr\u00e4hen und viele weitere V\u00f6gel auf Wildlife Travel...","breadcrumb":{"@id":"https:\/\/wildlife-travel.com\/de\/stunde-der-wintervoegel-2025\/#breadcrumb"},"inLanguage":"de-DE","potentialAction":[{"@type":"ReadAction","target":["https:\/\/wildlife-travel.com\/de\/stunde-der-wintervoegel-2025\/"]}]},{"@type":"ImageObject","inLanguage":"de-DE","@id":"https:\/\/wildlife-travel.com\/de\/stunde-der-wintervoegel-2025\/#primaryimage","url":"https:\/\/wildlife-travel.com\/wp-content\/uploads\/2025\/02\/Stunde-der-Wintervoegel.jpg","contentUrl":"https:\/\/wildlife-travel.com\/wp-content\/uploads\/2025\/02\/Stunde-der-Wintervoegel.jpg","width":2500,"height":800,"caption":"Stunde der Winterv\u00f6gel 2025"},{"@type":"BreadcrumbList","@id":"https:\/\/wildlife-travel.com\/de\/stunde-der-wintervoegel-2025\/#breadcrumb","itemListElement":[{"@type":"ListItem","position":1,"name":"Startseite","item":"https:\/\/wildlife-travel.com\/de\/"},{"@type":"ListItem","position":2,"name":"Stunde der Winterv\u00f6gel 2025"}]},{"@type":"WebSite","@id":"https:\/\/wildlife-travel.com\/de\/#website","url":"https:\/\/wildlife-travel.com\/de\/","name":"","description":"Wildlife Travel","publisher":{"@id":"https:\/\/wildlife-travel.com\/de\/#\/schema\/person\/37ec276948c84f4f860abef1a19c2e62"},"potentialAction":[{"@type":"SearchAction","target":{"@type":"EntryPoint","urlTemplate":"https:\/\/wildlife-travel.com\/de\/?s={search_term_string}"},"query-input":{"@type":"PropertyValueSpecification","valueRequired":true,"valueName":"search_term_string"}}],"inLanguage":"de-DE"},{"@type":["Person","Organization"],"@id":"https:\/\/wildlife-travel.com\/de\/#\/schema\/person\/37ec276948c84f4f860abef1a19c2e62","name":"Tanja Heinz","logo":{"@id":"https:\/\/wildlife-travel.com\/de\/#\/schema\/person\/image\/"}}]}},"_links":{"self":[{"href":"https:\/\/wildlife-travel.com\/de\/wp-json\/wp\/v2\/posts\/27945","targetHints":{"allow":["GET"]}}],"collection":[{"href":"https:\/\/wildlife-travel.com\/de\/wp-json\/wp\/v2\/posts"}],"about":[{"href":"https:\/\/wildlife-travel.com\/de\/wp-json\/wp\/v2\/types\/post"}],"author":[{"embeddable":true,"href":"https:\/\/wildlife-travel.com\/de\/wp-json\/wp\/v2\/users\/1"}],"replies":[{"embeddable":true,"href":"https:\/\/wildlife-travel.com\/de\/wp-json\/wp\/v2\/comments?post=27945"}],"version-history":[{"count":0,"href":"https:\/\/wildlife-travel.com\/de\/wp-json\/wp\/v2\/posts\/27945\/revisions"}],"wp:featuredmedia":[{"embeddable":true,"href":"https:\/\/wildlife-travel.com\/de\/wp-json\/wp\/v2\/media\/27946"}],"wp:attachment":[{"href":"https:\/\/wildlife-travel.com\/de\/wp-json\/wp\/v2\/media?parent=27945"}],"wp:term":[{"taxonomy":"category","embeddable":true,"href":"https:\/\/wildlife-travel.com\/de\/wp-json\/wp\/v2\/categories?post=27945"},{"taxonomy":"post_tag","embeddable":true,"href":"https:\/\/wildlife-travel.com\/de\/wp-json\/wp\/v2\/tags?post=27945"}],"curies":[{"name":"wp","href":"https:\/\/api.w.org\/{rel}","templated":true}]}}