{"id":30570,"date":"2025-10-11T12:00:04","date_gmt":"2025-10-11T10:00:04","guid":{"rendered":"https:\/\/wildlife-travel.com\/?p=30570"},"modified":"2025-12-30T08:09:43","modified_gmt":"2025-12-30T07:09:43","slug":"finnwale-vor-spaniens-kuesten-vilanova-i-la-geltru-in-katalonien","status":"publish","type":"post","link":"https:\/\/wildlife-travel.com\/de\/finnwale-vor-spaniens-kuesten-vilanova-i-la-geltru-in-katalonien\/","title":{"rendered":"Finnwale vor Spaniens K\u00fcsten, Vilanova i la Geltr\u00fa in Katalonien"},"content":{"rendered":"<div id=\"pl-30570\"  class=\"panel-layout\" ><div id=\"pg-30570-0\"  class=\"panel-grid panel-no-style\" ><div id=\"pgc-30570-0-0\"  class=\"panel-grid-cell\" ><div id=\"panel-30570-0-0-0\" class=\"so-panel widget widget_sow-editor panel-first-child panel-last-child\" data-index=\"0\" ><div\n\t\t\t\n\t\t\tclass=\"so-widget-sow-editor so-widget-sow-editor-base\"\n\t\t\t\n\t\t>\n<div class=\"siteorigin-widget-tinymce textwidget\">\n\t<p><strong>In einem Fr\u00fchling machte ich mich auf den Weg nach Spanien, um vor der K\u00fcste Kataloniens Finnwale zu beobachten. Ob mir das gelungen ist, welche Herausforderungen es gab und welche faszinierenden Delfine mir sonst noch begegnet sind, erz\u00e4hle ich in diesem Blogbeitrag.<\/strong><\/p>\n<\/div>\n<\/div><\/div><\/div><\/div><div id=\"pg-30570-1\"  class=\"panel-grid panel-no-style\" ><div id=\"pgc-30570-1-0\"  class=\"panel-grid-cell\" ><div id=\"panel-30570-1-0-0\" class=\"so-panel widget widget_sow-editor panel-first-child panel-last-child\" data-index=\"1\" ><div\n\t\t\t\n\t\t\tclass=\"so-widget-sow-editor so-widget-sow-editor-base\"\n\t\t\t\n\t\t>\n<div class=\"siteorigin-widget-tinymce textwidget\">\n\t<div id=\"ez-toc-container\" class=\"ez-toc-v2_0_82_2 counter-hierarchy ez-toc-counter ez-toc-custom ez-toc-container-direction\">\n<div class=\"ez-toc-title-container\"><p class=\"ez-toc-title\" style=\"cursor:inherit\"><\/p>\n<\/div><nav><ul class='ez-toc-list ez-toc-list-level-1 ' ><li class='ez-toc-page-1 ez-toc-heading-level-2'><a class=\"ez-toc-link ez-toc-heading-1\" href=\"https:\/\/wildlife-travel.com\/de\/finnwale-vor-spaniens-kuesten-vilanova-i-la-geltru-in-katalonien\/#Finnwale_vor_Spaniens_Kuesten\" >Finnwale vor Spaniens K\u00fcsten<\/a><\/li><li class='ez-toc-page-1 ez-toc-heading-level-2'><a class=\"ez-toc-link ez-toc-heading-2\" href=\"https:\/\/wildlife-travel.com\/de\/finnwale-vor-spaniens-kuesten-vilanova-i-la-geltru-in-katalonien\/#Begegnungen_mit_Delfinen\" >Begegnungen mit Delfinen<\/a><\/li><li class='ez-toc-page-1 ez-toc-heading-level-2'><a class=\"ez-toc-link ez-toc-heading-3\" href=\"https:\/\/wildlife-travel.com\/de\/finnwale-vor-spaniens-kuesten-vilanova-i-la-geltru-in-katalonien\/#Tage_an_Land_Barcelona_und_Wanderungen_in_der_Umgebung\" >Tage an Land: Barcelona und Wanderungen in der Umgebung<\/a><\/li><li class='ez-toc-page-1 ez-toc-heading-level-2'><a class=\"ez-toc-link ez-toc-heading-4\" href=\"https:\/\/wildlife-travel.com\/de\/finnwale-vor-spaniens-kuesten-vilanova-i-la-geltru-in-katalonien\/#Praktische_Informationen\" >Praktische Informationen<\/a><\/li><li class='ez-toc-page-1 ez-toc-heading-level-2'><a class=\"ez-toc-link ez-toc-heading-5\" href=\"https:\/\/wildlife-travel.com\/de\/finnwale-vor-spaniens-kuesten-vilanova-i-la-geltru-in-katalonien\/#Mehr_Informationen\" >Mehr Informationen<\/a><\/li><\/ul><\/nav><\/div>\n<h2><span class=\"ez-toc-section\" id=\"Finnwale_vor_Spaniens_Kuesten\"><\/span>Finnwale vor Spaniens K\u00fcsten<span class=\"ez-toc-section-end\"><\/span><\/h2>\n<\/div>\n<\/div><\/div><\/div><\/div><div id=\"pg-30570-2\"  class=\"panel-grid panel-no-style\" ><div id=\"pgc-30570-2-0\"  class=\"panel-grid-cell\" ><div id=\"panel-30570-2-0-0\" class=\"so-panel widget widget_sow-editor panel-first-child panel-last-child\" data-index=\"2\" ><div\n\t\t\t\n\t\t\tclass=\"so-widget-sow-editor so-widget-sow-editor-base\"\n\t\t\t\n\t\t>\n<div class=\"siteorigin-widget-tinymce textwidget\">\n\t<p>Auf den Azoren durfte ich schon Blauwale, Pottwale und zahlreiche Delfinarten erleben \u2013 beeindruckende Begegnungen mit einigen der <a href=\"https:\/\/wildlife-travel.com\/de\/walbeobachtung-auf-den-azoren-insel-pico\/\" target=\"_blank\" rel=\"noopener\">gr\u00f6\u00dften<\/a> und lebendigsten Bewohner unserer Ozeane. Doch ein Tier fehlte stets auf meiner Liste: der Finnwal. Auch in Island, weder bei Ausfahrten ab <a href=\"https:\/\/wildlife-travel.com\/de\/wale-beobachten-in-husavik-island\/\" target=\"_blank\" rel=\"noopener\">H\u00fasav\u00edk<\/a> noch in <a href=\"https:\/\/wildlife-travel.com\/de\/wale-beobachten-in-reykjavik-island\/\" target=\"_blank\" rel=\"noopener\">Reykjav\u00edk<\/a>, hatte ich das Gl\u00fcck, einem dieser Meeresriesen zu begegnen. Und in <a href=\"https:\/\/wildlife-travel.com\/de\/wale-und-delfine-im-mittelmeer-sanremo-italien\/\" target=\"_blank\" rel=\"noopener\">Italien<\/a>? Da sah ich den Finnwal leider auch nicht.<\/p>\n<p>Stattdessen stand ich irgendwann vor dem Skelett eines Finnwals <a href=\"https:\/\/wildlife-travel.com\/de\/das-ozeaneum-in-stralsund-an-der-ostsee\/\" target=\"_blank\" rel=\"noopener\">im Ozeaneum<\/a> \u2013 imposant, gewiss. Und doch blieb der Wunsch nach einer echten, lebendigen Begegnung mit einem Finnwal bestehen.<\/p>\n<p>So reifte der Entschluss, im Fr\u00fchling nach Spanien zu reisen \u2013 genauer gesagt nach Vilanova i la Geltr\u00fa, eine kleine K\u00fcstenstadt s\u00fcdlich von Barcelona. Dort wollte ich mein Gl\u00fcck erneut versuchen \u2013 mit der Hoffnung, endlich einem Finnwal in freier Wildbahn zu begegnen.<\/p>\n<\/div>\n<\/div><\/div><\/div><\/div><div id=\"pg-30570-3\"  class=\"panel-grid panel-no-style\" ><div id=\"pgc-30570-3-0\"  class=\"panel-grid-cell\" ><div id=\"panel-30570-3-0-0\" class=\"so-panel widget widget_sow-image panel-first-child panel-last-child\" data-index=\"3\" ><div\n\t\t\t\n\t\t\tclass=\"so-widget-sow-image so-widget-sow-image-default-8b5b6f678277-30570\"\n\t\t\t\n\t\t>\n<div class=\"sow-image-container\">\n\t\t<img \n\tsrc=\"https:\/\/wildlife-travel.com\/wp-content\/uploads\/2025\/10\/finnwale-vor-spaniens-kuesten-1-scaled.jpg\" width=\"2560\" height=\"1707\" srcset=\"https:\/\/wildlife-travel.com\/wp-content\/uploads\/2025\/10\/finnwale-vor-spaniens-kuesten-1-scaled.jpg 2560w, https:\/\/wildlife-travel.com\/wp-content\/uploads\/2025\/10\/finnwale-vor-spaniens-kuesten-1-300x200.jpg 300w, https:\/\/wildlife-travel.com\/wp-content\/uploads\/2025\/10\/finnwale-vor-spaniens-kuesten-1-1024x683.jpg 1024w, https:\/\/wildlife-travel.com\/wp-content\/uploads\/2025\/10\/finnwale-vor-spaniens-kuesten-1-768x512.jpg 768w, https:\/\/wildlife-travel.com\/wp-content\/uploads\/2025\/10\/finnwale-vor-spaniens-kuesten-1-1536x1024.jpg 1536w, https:\/\/wildlife-travel.com\/wp-content\/uploads\/2025\/10\/finnwale-vor-spaniens-kuesten-1-2048x1365.jpg 2048w, https:\/\/wildlife-travel.com\/wp-content\/uploads\/2025\/10\/finnwale-vor-spaniens-kuesten-1-840x560.jpg 840w, https:\/\/wildlife-travel.com\/wp-content\/uploads\/2025\/10\/finnwale-vor-spaniens-kuesten-1-120x80.jpg 120w, https:\/\/wildlife-travel.com\/wp-content\/uploads\/2025\/10\/finnwale-vor-spaniens-kuesten-1-360x240.jpg 360w, https:\/\/wildlife-travel.com\/wp-content\/uploads\/2025\/10\/finnwale-vor-spaniens-kuesten-1-600x400.jpg 600w, https:\/\/wildlife-travel.com\/wp-content\/uploads\/2025\/10\/finnwale-vor-spaniens-kuesten-1-272x182.jpg 272w\" sizes=\"(max-width: 2560px) 100vw, 2560px\" title=\"finnwale-vor-spaniens-k\u00fcsten (1)\" alt=\"Finnwale vor Spaniens K\u00fcsten\" \t\tclass=\"so-widget-image\"\/>\n\t<\/div>\n\n<\/div><\/div><\/div><\/div><div id=\"pg-30570-4\"  class=\"panel-grid panel-no-style\" ><div id=\"pgc-30570-4-0\"  class=\"panel-grid-cell\" ><div id=\"panel-30570-4-0-0\" class=\"so-panel widget widget_sow-editor panel-first-child panel-last-child\" data-index=\"4\" ><div\n\t\t\t\n\t\t\tclass=\"so-widget-sow-editor so-widget-sow-editor-base\"\n\t\t\t\n\t\t>\n<div class=\"siteorigin-widget-tinymce textwidget\">\n\t<p>Meine Reise f\u00fchrte mich nach Vilanova i la Geltr\u00fa allerdings nicht zuf\u00e4llig, sondern aus einem ganz bestimmten Grund: Dort hat die Organisation EDMAKTUB ihren Sitz. Die gemeinn\u00fctzige Initiative widmet sich der wissenschaftlichen Erforschung von Meeress\u00e4ugern, mit besonderem Augenmerk auf die Finnwale, die jedes Jahr zwischen Februar und Juni entlang der katalanischen K\u00fcste wandern.<\/p>\n<\/div>\n<\/div><\/div><\/div><\/div><div id=\"pg-30570-5\"  class=\"panel-grid panel-no-style\" ><div id=\"pgc-30570-5-0\"  class=\"panel-grid-cell\" ><div id=\"panel-30570-5-0-0\" class=\"so-panel widget widget_sow-editor panel-first-child panel-last-child\" data-index=\"5\" ><div class=\"panel-widget-style panel-widget-style-for-30570-5-0-0\" ><div\n\t\t\t\n\t\t\tclass=\"so-widget-sow-editor so-widget-sow-editor-base\"\n\t\t\t\n\t\t>\n<div class=\"siteorigin-widget-tinymce textwidget\">\n\t<p><span style=\"font-size: 16pt;\"><strong>Information:<\/strong><\/span> Neben Vilanova i la Geltr\u00fa gilt \u00fcbrigens auch D\u00e9nia, weiter s\u00fcdlich an der Mittelmeerk\u00fcste gelegen, als ein guter Ort, um Finnwale w\u00e4hrend ihrer saisonalen Wanderung zu beobachten. Auch dort ziehen die Tiere <a href=\"https:\/\/de.denia.com\/denia-se-consolida-como-punto-clave-para-el-avistamiento-de-ballenas-mas-de-60-en-lo-que-va-de-ano\/\" target=\"_blank\" rel=\"noopener nofollow\">k\u00fcstennah<\/a> vorbei und bieten \u2013 mit etwas Gl\u00fcck \u2013 beeindruckende Sichtungen von Land aus.<\/p>\n<\/div>\n<\/div><\/div><\/div><\/div><\/div><div id=\"pg-30570-6\"  class=\"panel-grid panel-no-style\" ><div id=\"pgc-30570-6-0\"  class=\"panel-grid-cell\" ><div id=\"panel-30570-6-0-0\" class=\"so-panel widget widget_sow-editor panel-first-child panel-last-child\" data-index=\"6\" ><div\n\t\t\t\n\t\t\tclass=\"so-widget-sow-editor so-widget-sow-editor-base\"\n\t\t\t\n\t\t>\n<div class=\"siteorigin-widget-tinymce textwidget\">\n\t<p>Im Rahmen ihres Finnwalprojekts (Fin Whale Project) gehen die Forscher:innen regelm\u00e4\u00dfig mit einem speziell ausger\u00fcsteten Forschungsboot aufs Meer \u2013 und bieten interessierten Teilnehmer:innen die M\u00f6glichkeit, sie zu begleiten und einen Einblick in ihre Arbeit zu erhalten.<\/p>\n<p>F\u00fcr mich war das eine ideale Gelegenheit \u2013 nicht nur, um endlich einen Finnwal in freier Wildbahn zu sehen, sondern auch, um mehr \u00fcber das Verhalten, die Lebensweise und die Erforschung dieser beeindruckenden Tiere zu erfahren.<\/p>\n<p>Um es jedoch gleich vorwegzunehmen: Einen Finnwal habe ich zwar gesehen \u2013 allerdings nur aus gro\u00dfer, sehr gro\u00dfer Entfernung. Kein beeindruckendes Auftauchen in unmittelbarer N\u00e4he, kein tiefes Ausatmen neben dem Boot.<\/p>\n<p>Ja, ich gebe zu, das war ein wenig ern\u00fcchternd, zumal ich fast zwei Wochen vor Ort war. Und doch wei\u00df ich: Das Meer l\u00e4sst sich nicht planen. Feldforschung ist keine Show, sondern geduldige, oft unsichtbare Arbeit \u2013 gepr\u00e4gt von Wind, Wetter und der Freiheit der Tiere.<\/p>\n<p>Trotzdem war es eine wertvolle Erfahrung. Und vielleicht gerade deshalb ein authentischer Einblick in die Welt der Walbeobachtung und Meeresforschung.<\/p>\n<p>Daher kann ich in diesem Beitrag leider kein einziges Foto von Finnwalen zeigen.<\/p>\n<p>Wenn du beeindruckende Aufnahmen (auch mit der Drohne) von Finnwalen vor der spanischen K\u00fcste sehen m\u00f6chtest, empfehle ich dir einen Besuch auf dem Instagram-Profil von @edmaktub_org<\/p>\n<\/div>\n<\/div><\/div><\/div><\/div><div id=\"pg-30570-7\"  class=\"panel-grid panel-no-style\" ><div id=\"pgc-30570-7-0\"  class=\"panel-grid-cell\" ><div id=\"panel-30570-7-0-0\" class=\"so-panel widget widget_sow-editor panel-first-child panel-last-child\" data-index=\"7\" ><div\n\t\t\t\n\t\t\tclass=\"so-widget-sow-editor so-widget-sow-editor-base\"\n\t\t\t\n\t\t>\n<div class=\"siteorigin-widget-tinymce textwidget\">\n\t<blockquote class=\"instagram-media\" data-instgrm-captioned data-instgrm-permalink=\"https:\/\/www.instagram.com\/reel\/DNd5y9Bs-47\/?utm_source=ig_embed&amp;utm_campaign=loading\" data-instgrm-version=\"14\" style=\" background:#FFF; border:0; border-radius:3px; box-shadow:0 0 1px 0 rgba(0,0,0,0.5),0 1px 10px 0 rgba(0,0,0,0.15); margin: 1px; max-width:540px; min-width:326px; padding:0; width:99.375%; width:-webkit-calc(100% - 2px); width:calc(100% - 2px);\">\n<div style=\"padding:16px;\"> <a href=\"https:\/\/www.instagram.com\/reel\/DNd5y9Bs-47\/?utm_source=ig_embed&amp;utm_campaign=loading\" style=\" background:#FFFFFF; line-height:0; padding:0 0; text-align:center; text-decoration:none; width:100%;\" target=\"_blank\"> <\/p>\n<div style=\" display: flex; flex-direction: row; align-items: center;\">\n<div style=\"background-color: #F4F4F4; border-radius: 50%; flex-grow: 0; height: 40px; margin-right: 14px; width: 40px;\"><\/div>\n<div style=\"display: flex; flex-direction: column; flex-grow: 1; justify-content: center;\">\n<div style=\" background-color: #F4F4F4; border-radius: 4px; flex-grow: 0; height: 14px; margin-bottom: 6px; width: 100px;\"><\/div>\n<div style=\" background-color: #F4F4F4; border-radius: 4px; flex-grow: 0; height: 14px; width: 60px;\"><\/div>\n<\/div>\n<\/div>\n<div style=\"padding: 19% 0;\"><\/div>\n<div style=\"display:block; height:50px; margin:0 auto 12px; width:50px;\"><svg width=\"50px\" height=\"50px\" viewBox=\"0 0 60 60\" version=\"1.1\" xmlns=\"https:\/\/www.w3.org\/2000\/svg\" xmlns:xlink=\"https:\/\/www.w3.org\/1999\/xlink\"><g stroke=\"none\" stroke-width=\"1\" fill=\"none\" fill-rule=\"evenodd\"><\/g><g transform=\"translate(-511.000000, -20.000000)\" fill=\"#000000\"><\/g><g><path d=\"M556.869,30.41 C554.814,30.41 553.148,32.076 553.148,34.131 C553.148,36.186 554.814,37.852 556.869,37.852 C558.924,37.852 560.59,36.186 560.59,34.131 C560.59,32.076 558.924,30.41 556.869,30.41 M541,60.657 C535.114,60.657 530.342,55.887 530.342,50 C530.342,44.114 535.114,39.342 541,39.342 C546.887,39.342 551.658,44.114 551.658,50 C551.658,55.887 546.887,60.657 541,60.657 M541,33.886 C532.1,33.886 524.886,41.1 524.886,50 C524.886,58.899 532.1,66.113 541,66.113 C549.9,66.113 557.115,58.899 557.115,50 C557.115,41.1 549.9,33.886 541,33.886 M565.378,62.101 C565.244,65.022 564.756,66.606 564.346,67.663 C563.803,69.06 563.154,70.057 562.106,71.106 C561.058,72.155 560.06,72.803 558.662,73.347 C557.607,73.757 556.021,74.244 553.102,74.378 C549.944,74.521 548.997,74.552 541,74.552 C533.003,74.552 532.056,74.521 528.898,74.378 C525.979,74.244 524.393,73.757 523.338,73.347 C521.94,72.803 520.942,72.155 519.894,71.106 C518.846,70.057 518.197,69.06 517.654,67.663 C517.244,66.606 516.755,65.022 516.623,62.101 C516.479,58.943 516.448,57.996 516.448,50 C516.448,42.003 516.479,41.056 516.623,37.899 C516.755,34.978 517.244,33.391 517.654,32.338 C518.197,30.938 518.846,29.942 519.894,28.894 C520.942,27.846 521.94,27.196 523.338,26.654 C524.393,26.244 525.979,25.756 528.898,25.623 C532.057,25.479 533.004,25.448 541,25.448 C548.997,25.448 549.943,25.479 553.102,25.623 C556.021,25.756 557.607,26.244 558.662,26.654 C560.06,27.196 561.058,27.846 562.106,28.894 C563.154,29.942 563.803,30.938 564.346,32.338 C564.756,33.391 565.244,34.978 565.378,37.899 C565.522,41.056 565.552,42.003 565.552,50 C565.552,57.996 565.522,58.943 565.378,62.101 M570.82,37.631 C570.674,34.438 570.167,32.258 569.425,30.349 C568.659,28.377 567.633,26.702 565.965,25.035 C564.297,23.368 562.623,22.342 560.652,21.575 C558.743,20.834 556.562,20.326 553.369,20.18 C550.169,20.033 549.148,20 541,20 C532.853,20 531.831,20.033 528.631,20.18 C525.438,20.326 523.257,20.834 521.349,21.575 C519.376,22.342 517.703,23.368 516.035,25.035 C514.368,26.702 513.342,28.377 512.574,30.349 C511.834,32.258 511.326,34.438 511.181,37.631 C511.035,40.831 511,41.851 511,50 C511,58.147 511.035,59.17 511.181,62.369 C511.326,65.562 511.834,67.743 512.574,69.651 C513.342,71.625 514.368,73.296 516.035,74.965 C517.703,76.634 519.376,77.658 521.349,78.425 C523.257,79.167 525.438,79.673 528.631,79.82 C531.831,79.965 532.853,80.001 541,80.001 C549.148,80.001 550.169,79.965 553.369,79.82 C556.562,79.673 558.743,79.167 560.652,78.425 C562.623,77.658 564.297,76.634 565.965,74.965 C567.633,73.296 568.659,71.625 569.425,69.651 C570.167,67.743 570.674,65.562 570.82,62.369 C570.966,59.17 571,58.147 571,50 C571,41.851 570.966,40.831 570.82,37.631\"><\/path><\/g><\/svg><\/div>\n<div style=\"padding-top: 8px;\">\n<div style=\" color:#3897f0; font-family:Arial,sans-serif; font-size:14px; font-style:normal; font-weight:550; line-height:18px;\">Sieh dir diesen Beitrag auf Instagram an<\/div>\n<\/div>\n<div style=\"padding: 12.5% 0;\"><\/div>\n<div style=\"display: flex; flex-direction: row; margin-bottom: 14px; align-items: center;\">\n<div>\n<div style=\"background-color: #F4F4F4; border-radius: 50%; height: 12.5px; width: 12.5px; transform: translateX(0px) translateY(7px);\"><\/div>\n<div style=\"background-color: #F4F4F4; height: 12.5px; transform: rotate(-45deg) translateX(3px) translateY(1px); width: 12.5px; flex-grow: 0; margin-right: 14px; margin-left: 2px;\"><\/div>\n<div style=\"background-color: #F4F4F4; border-radius: 50%; height: 12.5px; width: 12.5px; transform: translateX(9px) translateY(-18px);\"><\/div>\n<\/div>\n<div style=\"margin-left: 8px;\">\n<div style=\" background-color: #F4F4F4; border-radius: 50%; flex-grow: 0; height: 20px; width: 20px;\"><\/div>\n<div style=\" width: 0; height: 0; border-top: 2px solid transparent; border-left: 6px solid #f4f4f4; border-bottom: 2px solid transparent; transform: translateX(16px) translateY(-4px) rotate(30deg)\"><\/div>\n<\/div>\n<div style=\"margin-left: auto;\">\n<div style=\" width: 0px; border-top: 8px solid #F4F4F4; border-right: 8px solid transparent; transform: translateY(16px);\"><\/div>\n<div style=\" background-color: #F4F4F4; flex-grow: 0; height: 12px; width: 16px; transform: translateY(-4px);\"><\/div>\n<div style=\" width: 0; height: 0; border-top: 8px solid #F4F4F4; border-left: 8px solid transparent; transform: translateY(-4px) translateX(8px);\"><\/div>\n<\/div>\n<\/div>\n<div style=\"display: flex; flex-direction: column; flex-grow: 1; justify-content: center; margin-bottom: 24px;\">\n<div style=\" background-color: #F4F4F4; border-radius: 4px; flex-grow: 0; height: 14px; margin-bottom: 6px; width: 224px;\"><\/div>\n<div style=\" background-color: #F4F4F4; border-radius: 4px; flex-grow: 0; height: 14px; width: 144px;\"><\/div>\n<\/div>\n<p><\/a><\/p>\n<p style=\" color:#c9c8cd; font-family:Arial,sans-serif; font-size:14px; line-height:17px; margin-bottom:0; margin-top:8px; overflow:hidden; padding:8px 0 7px; text-align:center; text-overflow:ellipsis; white-space:nowrap;\"><a href=\"https:\/\/www.instagram.com\/reel\/DNd5y9Bs-47\/?utm_source=ig_embed&amp;utm_campaign=loading\" style=\" color:#c9c8cd; font-family:Arial,sans-serif; font-size:14px; font-style:normal; font-weight:normal; line-height:17px; text-decoration:none;\" target=\"_blank\">Ein Beitrag geteilt von EDMAKTUB (@edmaktub)<\/a><\/p>\n<\/div>\n<\/blockquote>\n<p><script async src=\"\/\/www.instagram.com\/embed.js\"><\/script><\/p>\n<\/div>\n<\/div><\/div><\/div><\/div><div id=\"pg-30570-8\"  class=\"panel-grid panel-no-style\" ><div id=\"pgc-30570-8-0\"  class=\"panel-grid-cell\" ><div id=\"panel-30570-8-0-0\" class=\"so-panel widget widget_sow-editor panel-first-child panel-last-child\" data-index=\"8\" ><div\n\t\t\t\n\t\t\tclass=\"so-widget-sow-editor so-widget-sow-editor-base\"\n\t\t\t\n\t\t>\n<div class=\"siteorigin-widget-tinymce textwidget\">\n\t<p>Auch wenn ich keinem Finnwal aus n\u00e4chster N\u00e4he begegnet bin, hatte ich dennoch das Gl\u00fcck, verschiedene Meeress\u00e4uger beobachten zu k\u00f6nnen \u2013 welche genau, erz\u00e4hle ich weiter unten.<\/p>\n<p>Bevor ich jedoch zu diesen Begegnungen komme, m\u00f6chte ich noch ein paar Gedanken zu den Finnwalen teilen. Es ist mir wichtig, denn Finnwale geh\u00f6ren zu jenen Meeresgiganten, die oft im Schatten ihrer spektakul\u00e4reren Verwandten stehen \u2013 etwa der Buckelwale, die mit ihren kraftvollen Spr\u00fcngen aus dem Wasser begeistern und Menschenmengen anziehen.<\/p>\n<p>Ob Finnwale \u00fcberhaupt springen so wie es Buckelwale machen, wei\u00df ich ehrlich gesagt nicht (Foto: Buckelwal vor S\u00fcdafrika).<\/p>\n<\/div>\n<\/div><\/div><\/div><\/div><div id=\"pg-30570-9\"  class=\"panel-grid panel-no-style\" ><div id=\"pgc-30570-9-0\"  class=\"panel-grid-cell\" ><div id=\"panel-30570-9-0-0\" class=\"so-panel widget widget_sow-image panel-first-child panel-last-child\" data-index=\"9\" ><div\n\t\t\t\n\t\t\tclass=\"so-widget-sow-image so-widget-sow-image-default-8b5b6f678277-30570\"\n\t\t\t\n\t\t>\n<div class=\"sow-image-container\">\n\t\t<img \n\tsrc=\"https:\/\/wildlife-travel.com\/wp-content\/uploads\/2015\/03\/Plettenberg-Bay-2_pin_en-Kopie.jpg\" width=\"1493\" height=\"989\" srcset=\"https:\/\/wildlife-travel.com\/wp-content\/uploads\/2015\/03\/Plettenberg-Bay-2_pin_en-Kopie.jpg 1493w, https:\/\/wildlife-travel.com\/wp-content\/uploads\/2015\/03\/Plettenberg-Bay-2_pin_en-Kopie-300x199.jpg 300w, https:\/\/wildlife-travel.com\/wp-content\/uploads\/2015\/03\/Plettenberg-Bay-2_pin_en-Kopie-768x509.jpg 768w, https:\/\/wildlife-travel.com\/wp-content\/uploads\/2015\/03\/Plettenberg-Bay-2_pin_en-Kopie-1024x678.jpg 1024w, https:\/\/wildlife-travel.com\/wp-content\/uploads\/2015\/03\/Plettenberg-Bay-2_pin_en-Kopie-120x80.jpg 120w\" sizes=\"(max-width: 1493px) 100vw, 1493px\" title=\"Plettenberg Bay\" alt=\"Buckelwal\" \t\tclass=\"so-widget-image\"\/>\n\t<\/div>\n\n<\/div><\/div><\/div><\/div><div id=\"pg-30570-10\"  class=\"panel-grid panel-no-style\" ><div id=\"pgc-30570-10-0\"  class=\"panel-grid-cell\" ><div id=\"panel-30570-10-0-0\" class=\"so-panel widget widget_sow-editor panel-first-child panel-last-child\" data-index=\"10\" ><div\n\t\t\t\n\t\t\tclass=\"so-widget-sow-editor so-widget-sow-editor-base\"\n\t\t\t\n\t\t>\n<div class=\"siteorigin-widget-tinymce textwidget\">\n\t<p>Finnwale sind nach dem Blauwal die zweitgr\u00f6\u00dften Wale der Erde (Foto oben links: Blauwal vor den Azoren). Damit \u00fcbertreffen sie in ihrer Gr\u00f6\u00dfe andere beeindruckende Arten wie den S\u00fcdkaper (Foto oben rechts: vor S\u00fcdafrika), den Brydewal (Foto unten links: ebenfalls vor S\u00fcdafrika) oder den Zwergwal (Foto unten rechts: vor Reykjav\u00edk).<\/p>\n<p>Auch wenn der Finnwal nicht der gr\u00f6\u00dfte Wal auf der Erde ist, so ist er der gr\u00f6\u00dfte Wal im Mittelmeer.<\/p>\n<\/div>\n<\/div><\/div><\/div><\/div><div id=\"pg-30570-11\"  class=\"panel-grid panel-no-style\" ><div id=\"pgc-30570-11-0\"  class=\"panel-grid-cell\" ><div id=\"panel-30570-11-0-0\" class=\"so-panel widget widget_sow-image panel-first-child panel-last-child\" data-index=\"11\" ><div\n\t\t\t\n\t\t\tclass=\"so-widget-sow-image so-widget-sow-image-default-8b5b6f678277-30570\"\n\t\t\t\n\t\t>\n<div class=\"sow-image-container\">\n\t\t<img \n\tsrc=\"https:\/\/wildlife-travel.com\/wp-content\/uploads\/2022\/04\/Blauwal-auf-den-Azoren-Foto-des-Monats-April-2022-1.jpg\" width=\"1254\" height=\"836\" srcset=\"https:\/\/wildlife-travel.com\/wp-content\/uploads\/2022\/04\/Blauwal-auf-den-Azoren-Foto-des-Monats-April-2022-1.jpg 1254w, https:\/\/wildlife-travel.com\/wp-content\/uploads\/2022\/04\/Blauwal-auf-den-Azoren-Foto-des-Monats-April-2022-1-300x200.jpg 300w, https:\/\/wildlife-travel.com\/wp-content\/uploads\/2022\/04\/Blauwal-auf-den-Azoren-Foto-des-Monats-April-2022-1-1024x683.jpg 1024w, https:\/\/wildlife-travel.com\/wp-content\/uploads\/2022\/04\/Blauwal-auf-den-Azoren-Foto-des-Monats-April-2022-1-768x512.jpg 768w, https:\/\/wildlife-travel.com\/wp-content\/uploads\/2022\/04\/Blauwal-auf-den-Azoren-Foto-des-Monats-April-2022-1-840x560.jpg 840w, https:\/\/wildlife-travel.com\/wp-content\/uploads\/2022\/04\/Blauwal-auf-den-Azoren-Foto-des-Monats-April-2022-1-120x80.jpg 120w, https:\/\/wildlife-travel.com\/wp-content\/uploads\/2022\/04\/Blauwal-auf-den-Azoren-Foto-des-Monats-April-2022-1-360x240.jpg 360w, https:\/\/wildlife-travel.com\/wp-content\/uploads\/2022\/04\/Blauwal-auf-den-Azoren-Foto-des-Monats-April-2022-1-600x400.jpg 600w, https:\/\/wildlife-travel.com\/wp-content\/uploads\/2022\/04\/Blauwal-auf-den-Azoren-Foto-des-Monats-April-2022-1-272x182.jpg 272w\" sizes=\"(max-width: 1254px) 100vw, 1254px\" title=\"Blauwal\" alt=\"Blauwal\" \t\tclass=\"so-widget-image\"\/>\n\t<\/div>\n\n<\/div><\/div><\/div><div id=\"pgc-30570-11-1\"  class=\"panel-grid-cell\" ><div id=\"panel-30570-11-1-0\" class=\"so-panel widget widget_sow-image panel-first-child panel-last-child\" data-index=\"12\" ><div\n\t\t\t\n\t\t\tclass=\"so-widget-sow-image so-widget-sow-image-default-8b5b6f678277-30570\"\n\t\t\t\n\t\t>\n<div class=\"sow-image-container\">\n\t\t<img \n\tsrc=\"https:\/\/wildlife-travel.com\/wp-content\/uploads\/2015\/12\/Whale-watching-in-Plettenberg-Bay-6-Kopie-1.jpg\" width=\"1536\" height=\"1018\" srcset=\"https:\/\/wildlife-travel.com\/wp-content\/uploads\/2015\/12\/Whale-watching-in-Plettenberg-Bay-6-Kopie-1.jpg 1536w, https:\/\/wildlife-travel.com\/wp-content\/uploads\/2015\/12\/Whale-watching-in-Plettenberg-Bay-6-Kopie-1-300x199.jpg 300w, https:\/\/wildlife-travel.com\/wp-content\/uploads\/2015\/12\/Whale-watching-in-Plettenberg-Bay-6-Kopie-1-768x509.jpg 768w, https:\/\/wildlife-travel.com\/wp-content\/uploads\/2015\/12\/Whale-watching-in-Plettenberg-Bay-6-Kopie-1-1024x679.jpg 1024w, https:\/\/wildlife-travel.com\/wp-content\/uploads\/2015\/12\/Whale-watching-in-Plettenberg-Bay-6-Kopie-1-120x80.jpg 120w, https:\/\/wildlife-travel.com\/wp-content\/uploads\/2015\/12\/Whale-watching-in-Plettenberg-Bay-6-Kopie-1-360x240.jpg 360w\" sizes=\"(max-width: 1536px) 100vw, 1536px\" title=\"Whale watching in Plettenberg Bay\" alt=\"S\u00fcdkaper\" \t\tclass=\"so-widget-image\"\/>\n\t<\/div>\n\n<\/div><\/div><\/div><\/div><div id=\"pg-30570-12\"  class=\"panel-grid panel-no-style\" ><div id=\"pgc-30570-12-0\"  class=\"panel-grid-cell\" ><div id=\"panel-30570-12-0-0\" class=\"so-panel widget widget_sow-image panel-first-child panel-last-child\" data-index=\"13\" ><div\n\t\t\t\n\t\t\tclass=\"so-widget-sow-image so-widget-sow-image-default-8b5b6f678277-30570\"\n\t\t\t\n\t\t>\n<div class=\"sow-image-container\">\n\t\t<img \n\tsrc=\"https:\/\/wildlife-travel.com\/wp-content\/uploads\/2015\/12\/Whale-watching-in-Plettenberg-Bay_pin_en_de.jpg\" width=\"1501\" height=\"995\" srcset=\"https:\/\/wildlife-travel.com\/wp-content\/uploads\/2015\/12\/Whale-watching-in-Plettenberg-Bay_pin_en_de.jpg 1501w, https:\/\/wildlife-travel.com\/wp-content\/uploads\/2015\/12\/Whale-watching-in-Plettenberg-Bay_pin_en_de-300x199.jpg 300w, https:\/\/wildlife-travel.com\/wp-content\/uploads\/2015\/12\/Whale-watching-in-Plettenberg-Bay_pin_en_de-768x509.jpg 768w, https:\/\/wildlife-travel.com\/wp-content\/uploads\/2015\/12\/Whale-watching-in-Plettenberg-Bay_pin_en_de-1024x679.jpg 1024w, https:\/\/wildlife-travel.com\/wp-content\/uploads\/2015\/12\/Whale-watching-in-Plettenberg-Bay_pin_en_de-120x80.jpg 120w, https:\/\/wildlife-travel.com\/wp-content\/uploads\/2015\/12\/Whale-watching-in-Plettenberg-Bay_pin_en_de-360x240.jpg 360w\" sizes=\"(max-width: 1501px) 100vw, 1501px\" title=\"Whale watching in Plettenberg Bay\" alt=\"Brydewal\" \t\tclass=\"so-widget-image\"\/>\n\t<\/div>\n\n<\/div><\/div><\/div><div id=\"pgc-30570-12-1\"  class=\"panel-grid-cell\" ><div id=\"panel-30570-12-1-0\" class=\"so-panel widget widget_sow-image panel-first-child panel-last-child\" data-index=\"14\" ><div\n\t\t\t\n\t\t\tclass=\"so-widget-sow-image so-widget-sow-image-default-8b5b6f678277-30570\"\n\t\t\t\n\t\t>\n<div class=\"sow-image-container\">\n\t\t<img \n\tsrc=\"https:\/\/wildlife-travel.com\/wp-content\/uploads\/2024\/03\/whale-watching-in-reykjavik-29.jpg\" width=\"1272\" height=\"848\" srcset=\"https:\/\/wildlife-travel.com\/wp-content\/uploads\/2024\/03\/whale-watching-in-reykjavik-29.jpg 1272w, https:\/\/wildlife-travel.com\/wp-content\/uploads\/2024\/03\/whale-watching-in-reykjavik-29-300x200.jpg 300w, https:\/\/wildlife-travel.com\/wp-content\/uploads\/2024\/03\/whale-watching-in-reykjavik-29-1024x683.jpg 1024w, https:\/\/wildlife-travel.com\/wp-content\/uploads\/2024\/03\/whale-watching-in-reykjavik-29-768x512.jpg 768w, https:\/\/wildlife-travel.com\/wp-content\/uploads\/2024\/03\/whale-watching-in-reykjavik-29-840x560.jpg 840w, https:\/\/wildlife-travel.com\/wp-content\/uploads\/2024\/03\/whale-watching-in-reykjavik-29-120x80.jpg 120w, https:\/\/wildlife-travel.com\/wp-content\/uploads\/2024\/03\/whale-watching-in-reykjavik-29-360x240.jpg 360w, https:\/\/wildlife-travel.com\/wp-content\/uploads\/2024\/03\/whale-watching-in-reykjavik-29-600x400.jpg 600w, https:\/\/wildlife-travel.com\/wp-content\/uploads\/2024\/03\/whale-watching-in-reykjavik-29-272x182.jpg 272w\" sizes=\"(max-width: 1272px) 100vw, 1272px\" title=\"wale-beobachten-in Reykjav\u00edk\" alt=\"Zwergwal\" \t\tclass=\"so-widget-image\"\/>\n\t<\/div>\n\n<\/div><\/div><\/div><\/div><div id=\"pg-30570-13\"  class=\"panel-grid panel-no-style\" ><div id=\"pgc-30570-13-0\"  class=\"panel-grid-cell\" ><div id=\"panel-30570-13-0-0\" class=\"so-panel widget widget_sow-editor panel-first-child panel-last-child\" data-index=\"15\" ><div class=\"panel-widget-style panel-widget-style-for-30570-13-0-0\" ><div\n\t\t\t\n\t\t\tclass=\"so-widget-sow-editor so-widget-sow-editor-base\"\n\t\t\t\n\t\t>\n<div class=\"siteorigin-widget-tinymce textwidget\">\n\t<p><span style=\"font-size: 16pt;\"><strong>Information:<\/strong><\/span> Falls du wissen m\u00f6chtest, welche Wale und Delfine noch im Mittelmeer leben, dann schaue doch in einen meiner fr\u00fcheren Beitr\u00e4ge. Auch von Italien aus kann man <a href=\"https:\/\/wildlife-travel.com\/de\/wale-und-delfine-im-mittelmeer-sanremo-italien\/\" target=\"_blank\" rel=\"noopener\">Wale und Delfine im Mittelmeer<\/a> beobachten.<\/p>\n<\/div>\n<\/div><\/div><\/div><\/div><\/div><div id=\"pg-30570-14\"  class=\"panel-grid panel-no-style\" ><div id=\"pgc-30570-14-0\"  class=\"panel-grid-cell\" ><div id=\"panel-30570-14-0-0\" class=\"so-panel widget widget_sow-editor panel-first-child panel-last-child\" data-index=\"16\" ><div\n\t\t\t\n\t\t\tclass=\"so-widget-sow-editor so-widget-sow-editor-base\"\n\t\t\t\n\t\t>\n<div class=\"siteorigin-widget-tinymce textwidget\">\n\t<p>Finnwale geh\u00f6ren zur Familie der Furchenwale (<em>Balaenopteridae<\/em>). Charakteristisch sind die Kehlfurchen, die sich von der Kehle \u00fcber die Brust bis zur K\u00f6rpermitte ziehen. Diese Falten dehnen sich aus, wenn der Wal sein Maul weit \u00f6ffnet und gro\u00dfe Mengen Wasser aufnimmt \u2013 so kann sich der Rachenraum erheblich vergr\u00f6\u00dfern, um Beute effizient aufzunehmen (Tipp: Auf dem Instagram-Profil von EDMAKTUB findest du beeindruckende Videos, die dieses Verhalten eindrucksvoll zeigen).<\/p>\n<p>Zugleich z\u00e4hlen Finnwale zu den Bartenwalen (<em>Mysticeti<\/em>). Anstelle von Z\u00e4hnen besitzen sie sogenannte Barten \u2013 flexible Hornplatten im Oberkiefer, mit denen sie Krill und andere Kleinstorganismen aus dem Wasser filtern.<\/p>\n<\/div>\n<\/div><\/div><\/div><\/div><div id=\"pg-30570-15\"  class=\"panel-grid panel-no-style\" ><div id=\"pgc-30570-15-0\"  class=\"panel-grid-cell\" ><div id=\"panel-30570-15-0-0\" class=\"so-panel widget widget_sow-editor panel-first-child panel-last-child\" data-index=\"17\" ><div class=\"panel-widget-style panel-widget-style-for-30570-15-0-0\" ><div\n\t\t\t\n\t\t\tclass=\"so-widget-sow-editor so-widget-sow-editor-base\"\n\t\t\t\n\t\t>\n<div class=\"siteorigin-widget-tinymce textwidget\">\n\t<p><span style=\"font-size: 16pt;\"><strong>Information:<\/strong><\/span> Glattwale wie der S\u00fcdkaper, Nordkaper und Gr\u00f6nlandwal geh\u00f6ren ebenfalls zu den Bartenwalen, z\u00e4hlen aber nicht zu den Furchenwalen, da ihnen die typischen Kehlfurchen fehlen. Neben den Bartenwalen gibt es au\u00dferdem die Zahnwale (<em>Odontoceti<\/em>), zu denen unter anderem Pottwale, Schnabelwale, Schweinswale und Delfine geh\u00f6ren.<\/p>\n<\/div>\n<\/div><\/div><\/div><\/div><\/div><div id=\"pg-30570-16\"  class=\"panel-grid panel-no-style\" ><div id=\"pgc-30570-16-0\"  class=\"panel-grid-cell\" ><div id=\"panel-30570-16-0-0\" class=\"so-panel widget widget_sow-editor panel-first-child panel-last-child\" data-index=\"18\" ><div\n\t\t\t\n\t\t\tclass=\"so-widget-sow-editor so-widget-sow-editor-base\"\n\t\t\t\n\t\t>\n<div class=\"siteorigin-widget-tinymce textwidget\">\n\t<p>Die ersten best\u00e4tigten Sichtungen von Finnwalen vor der katalanischen K\u00fcste bei Vilanova i la Geltr\u00fa stammen aus den Jahren 2011 und 2013. Diese Entdeckungen waren der Ausgangspunkt f\u00fcr das Finnwalprojekt von EDMAKTUB, das 2013 ins Leben gerufen wurde. Seitdem versuchen die Forscher:innen jedes Jahr von M\u00e4rz bis Juni \u2013 sofern es das Wetter zul\u00e4sst \u2013 die Finnwale regelm\u00e4\u00dfig zu beobachten und wissenschaftlich zu begleiten.<\/p>\n<p>Im Laufe der Jahre konnte das Team zeigen, dass die Region ein wichtiges Nahrungsgebiet f\u00fcr Finnwale ist: Etwa 70\u202f% der gesichteten Tiere zeigten eindeutiges Fressverhalten. Um diese Beobachtungen wissenschaftlich zu untermauern, werden unter anderem auch Zooplanktonproben gesammelt, um die Nahrungszusammensetzung und -verf\u00fcgbarkeit zu analysieren. Die verschiedenen Methoden, die EDMAKTUB dabei anwendet, sind auf der <a href=\"https:\/\/edmaktub.org\/en\/fin-whale-project\/\" target=\"_blank\" rel=\"noopener nofollow\">Projektwebseite<\/a> ausf\u00fchrlich beschrieben.<\/p>\n<p>Als ich selbst vor Ort war, konnten wir w\u00e4hrend der zwei Wochen nur ein einziges Mal einen Finnwal sichten \u2013 und das auch nur aus gro\u00dfer Entfernung. Laut den Forscher:innen war das eher ungew\u00f6hnlich. Interessanterweise zeigte sich auch in den gesammelten Proben: Das Zooplankton war in diesem Jahr deutlich kleiner als \u00fcblich.<\/p>\n<p>Lag es vielleicht daran? Hatten die Wale schlicht zu wenig zu fressen \u2013 und deshalb die Region weitgehend gemieden?<\/p>\n<p>Ein besonders spannender Aspekt des Projekts ist der Einsatz von Drohnen, mit denen individuelle Finnwale identifiziert werden k\u00f6nnen. Laut Angaben von EDMAKTUB konnten auf diese Weise bislang rund 400 Tiere erfasst werden \u2013 deutlich mehr als \u00fcber die klassische Fotoidentifikation, bei der bislang etwa 280 Individuen katalogisiert wurden. Insgesamt wurden bis Oktober 2025 (d.h. bei Ver\u00f6ffentlichung dieses Beitrages) \u00fcber 730 Finnwale vor der <a href=\"https:\/\/edmaktub.org\/en\/fin-whale-project\/\" target=\"_blank\" rel=\"noopener nofollow\">katalanischen K\u00fcste<\/a> dokumentiert.<\/p>\n<\/div>\n<\/div><\/div><\/div><\/div><div id=\"pg-30570-17\"  class=\"panel-grid panel-no-style\" ><div id=\"pgc-30570-17-0\"  class=\"panel-grid-cell\" ><div id=\"panel-30570-17-0-0\" class=\"so-panel widget widget_sow-image panel-first-child panel-last-child\" data-index=\"19\" ><div\n\t\t\t\n\t\t\tclass=\"so-widget-sow-image so-widget-sow-image-default-8b5b6f678277-30570\"\n\t\t\t\n\t\t>\n<div class=\"sow-image-container\">\n\t\t<img \n\tsrc=\"https:\/\/wildlife-travel.com\/wp-content\/uploads\/2025\/10\/finnwale-vor-spaniens-kuesten-2-scaled.jpg\" width=\"2560\" height=\"1707\" srcset=\"https:\/\/wildlife-travel.com\/wp-content\/uploads\/2025\/10\/finnwale-vor-spaniens-kuesten-2-scaled.jpg 2560w, https:\/\/wildlife-travel.com\/wp-content\/uploads\/2025\/10\/finnwale-vor-spaniens-kuesten-2-300x200.jpg 300w, https:\/\/wildlife-travel.com\/wp-content\/uploads\/2025\/10\/finnwale-vor-spaniens-kuesten-2-1024x683.jpg 1024w, https:\/\/wildlife-travel.com\/wp-content\/uploads\/2025\/10\/finnwale-vor-spaniens-kuesten-2-768x512.jpg 768w, https:\/\/wildlife-travel.com\/wp-content\/uploads\/2025\/10\/finnwale-vor-spaniens-kuesten-2-1536x1024.jpg 1536w, https:\/\/wildlife-travel.com\/wp-content\/uploads\/2025\/10\/finnwale-vor-spaniens-kuesten-2-2048x1365.jpg 2048w, https:\/\/wildlife-travel.com\/wp-content\/uploads\/2025\/10\/finnwale-vor-spaniens-kuesten-2-840x560.jpg 840w, https:\/\/wildlife-travel.com\/wp-content\/uploads\/2025\/10\/finnwale-vor-spaniens-kuesten-2-120x80.jpg 120w, https:\/\/wildlife-travel.com\/wp-content\/uploads\/2025\/10\/finnwale-vor-spaniens-kuesten-2-360x240.jpg 360w, https:\/\/wildlife-travel.com\/wp-content\/uploads\/2025\/10\/finnwale-vor-spaniens-kuesten-2-600x400.jpg 600w, https:\/\/wildlife-travel.com\/wp-content\/uploads\/2025\/10\/finnwale-vor-spaniens-kuesten-2-272x182.jpg 272w\" sizes=\"(max-width: 2560px) 100vw, 2560px\" title=\"finnwale-vor-spaniens-k\u00fcsten (2)\" alt=\"Finnwale vor Spaniens K\u00fcsten\" \t\tclass=\"so-widget-image\"\/>\n\t<\/div>\n\n<\/div><\/div><\/div><\/div><div id=\"pg-30570-18\"  class=\"panel-grid panel-no-style\" ><div id=\"pgc-30570-18-0\"  class=\"panel-grid-cell\" ><div id=\"panel-30570-18-0-0\" class=\"so-panel widget widget_sow-editor panel-first-child panel-last-child\" data-index=\"20\" ><div class=\"panel-widget-style panel-widget-style-for-30570-18-0-0\" ><div\n\t\t\t\n\t\t\tclass=\"so-widget-sow-editor so-widget-sow-editor-base\"\n\t\t\t\n\t\t>\n<div class=\"siteorigin-widget-tinymce textwidget\">\n\t<p><span style=\"font-size: 16pt;\"><strong>Tipp:<\/strong><\/span> Wenn du mehr \u00fcber die Identifikation von Finnwalen mithilfe von Drohnen erfahren m\u00f6chtest, empfehle ich den Fachartikel \u201eA Novel Technique for Photo-Identification of the Fin Whale, <em>Balaenoptera physalus<\/em>, as Determined by Drone Aerial Images\u201c von <a href=\"https:\/\/www.mdpi.com\/2504-446X\/7\/3\/220\" target=\"_blank\" rel=\"noopener nofollow\">Degollada et al. (2023)<\/a>. Weitere wissenschaftliche Ver\u00f6ffentlichungen sowie faszinierende Drohnenaufnahmen findest du auf der Website von EDMAKTUB unter den Bereichen \u201e<a href=\"https:\/\/edmaktub.org\/en\/publications-and-work\/\" target=\"_blank\" rel=\"noopener nofollow\">Publications &amp; Work<\/a>\u201c und \u201e<a href=\"https:\/\/edmaktub.org\/en\/drones-applied-to-cetacean-research\/\" target=\"_blank\" rel=\"noopener nofollow\">Drones applied to Cetacean Research<\/a>\u201c.<\/p>\n<\/div>\n<\/div><\/div><\/div><\/div><\/div><div id=\"pg-30570-19\"  class=\"panel-grid panel-no-style\" ><div id=\"pgc-30570-19-0\"  class=\"panel-grid-cell\" ><div id=\"panel-30570-19-0-0\" class=\"so-panel widget widget_sow-editor panel-first-child panel-last-child\" data-index=\"21\" ><div\n\t\t\t\n\t\t\tclass=\"so-widget-sow-editor so-widget-sow-editor-base\"\n\t\t\t\n\t\t>\n<div class=\"siteorigin-widget-tinymce textwidget\">\n\t<p>Auch wenn ich keinen Finnwal aus der N\u00e4he beobachten konnte, war die Zeit vor Ort f\u00fcr mich dennoch sehr wertvoll. Ich konnte nicht nur spannende Erfahrungen sammeln, sondern auch miterleben, mit wie viel Einsatz und Hingabe zwei engagierte Forscher:innen die Finnwale vor der katalanischen K\u00fcste studieren.<\/p>\n<p>Obwohl ich inzwischen schon mehrfach an Walbeobachtungsfahrten teilgenommen habe, wird mir jedes Mal aufs Neue bewusst, wie fordernd diese Arbeit sein kann. So sehr ich es liebe, auf dem Meer zu sein \u2013 es ist zugleich k\u00f6rperlich anstrengend, wetterabh\u00e4ngig und voller Ungewissheit.<\/p>\n<p>Unsere Kenntnisse \u00fcber das Leben im Ozean sind noch immer l\u00fcckenhaft. Viele Meerestiere, darunter auch die Finnwale, entziehen sich einfacher Forschung. Umso dankbarer bin ich f\u00fcr Projekte wie EDMAKTUB, die sich mit viel Ausdauer und wissenschaftlichem Anspruch diesen Tieren widmen.<\/p>\n<p>Auch ohne eine nahe Begegnung mit Finnwalen gab es spannende Beobachtungen auf dem Meer. Welche Meeress\u00e4uger mir begegnet sind, liest du im n\u00e4chsten Abschnitt.<\/p>\n<p>EDMAKTUB freut sich \u00fcber Unterst\u00fctzung in vielerlei Form: Du kannst am Projekt teilnehmen, Sichtungen melden, wenn du selbst einen Finnwal entdeckst, oder die Forschung durch eine Spende <a href=\"https:\/\/edmaktub.org\/en\/collaborate\/\" target=\"_blank\" rel=\"noopener nofollow\">unterst\u00fctzen<\/a>. Auch der Kauf eines T-Shirts oder von Drohnenaufnahmen tr\u00e4gt zur Finanzierung der Arbeit bei.<\/p>\n<\/div>\n<\/div><\/div><\/div><\/div><div id=\"pg-30570-20\"  class=\"panel-grid panel-no-style\" ><div id=\"pgc-30570-20-0\"  class=\"panel-grid-cell\" ><div id=\"panel-30570-20-0-0\" class=\"so-panel widget widget_sow-editor panel-first-child panel-last-child\" data-index=\"22\" ><div\n\t\t\t\n\t\t\tclass=\"so-widget-sow-editor so-widget-sow-editor-base\"\n\t\t\t\n\t\t>\n<div class=\"siteorigin-widget-tinymce textwidget\">\n\t<h2><span class=\"ez-toc-section\" id=\"Begegnungen_mit_Delfinen\"><\/span>Begegnungen mit Delfinen<span class=\"ez-toc-section-end\"><\/span><\/h2>\n<\/div>\n<\/div><\/div><\/div><\/div><div id=\"pg-30570-21\"  class=\"panel-grid panel-no-style\" ><div id=\"pgc-30570-21-0\"  class=\"panel-grid-cell\" ><div id=\"panel-30570-21-0-0\" class=\"so-panel widget widget_sow-editor panel-first-child panel-last-child\" data-index=\"23\" ><div\n\t\t\t\n\t\t\tclass=\"so-widget-sow-editor so-widget-sow-editor-base\"\n\t\t\t\n\t\t>\n<div class=\"siteorigin-widget-tinymce textwidget\">\n\t<p data-start=\"140\" data-end=\"524\">An meinem ersten Tag auf dem Boot ging es fr\u00fch am Morgen los. Neben mir waren noch Praktikant:innen, Student:innen und engagierte Helfer:innen an Bord \u2013 es war also keine typische touristische Ausfahrt. Genau das entsprach meinen Vorstellungen: Ich wollte gemeinsam mit Menschen hinausfahren, die sich ebenso leidenschaftlich f\u00fcr Meerestiere interessieren wie ich.<\/p>\n<p data-start=\"526\" data-end=\"707\">Am Vortag hatte die Crew eine Gruppe Grindwale gesichtet, und ich hoffte sehr, dass wir neben den majest\u00e4tischen Finnwalen auch diesen faszinierenden Tieren begegnen w\u00fcrden.<\/p>\n<p data-start=\"709\" data-end=\"982\">Doch das Gl\u00fcck war an diesem Tag nicht auf unserer Seite: Weder Rundkopfdelfine noch Finnwale lie\u00dfen sich blicken \u2013 und auch sonst zeigte sich kein Meeress\u00e4ugetier. Aus meiner Sicht war es also kein besonders erfolgreicher erster Tag in puncto Wal- und Delfinbeobachtung.<\/p>\n<p data-start=\"984\" data-end=\"1108\">Trotzdem konnte ich au\u00dfergew\u00f6hnliche Beobachtungen machen \u2013 Erlebnisse, die diesen Tag f\u00fcr mich dennoch besonders machten.<\/p>\n<\/div>\n<\/div><\/div><\/div><\/div><div id=\"pg-30570-22\"  class=\"panel-grid panel-no-style\" ><div id=\"pgc-30570-22-0\"  class=\"panel-grid-cell\" ><div id=\"panel-30570-22-0-0\" class=\"so-panel widget widget_sow-image panel-first-child panel-last-child\" data-index=\"24\" ><div\n\t\t\t\n\t\t\tclass=\"so-widget-sow-image so-widget-sow-image-default-8b5b6f678277-30570\"\n\t\t\t\n\t\t>\n<div class=\"sow-image-container\">\n\t\t<img \n\tsrc=\"https:\/\/wildlife-travel.com\/wp-content\/uploads\/2025\/10\/finnwale-vor-spaniens-kuesten-3-scaled.jpg\" width=\"2560\" height=\"1707\" srcset=\"https:\/\/wildlife-travel.com\/wp-content\/uploads\/2025\/10\/finnwale-vor-spaniens-kuesten-3-scaled.jpg 2560w, https:\/\/wildlife-travel.com\/wp-content\/uploads\/2025\/10\/finnwale-vor-spaniens-kuesten-3-300x200.jpg 300w, https:\/\/wildlife-travel.com\/wp-content\/uploads\/2025\/10\/finnwale-vor-spaniens-kuesten-3-1024x683.jpg 1024w, https:\/\/wildlife-travel.com\/wp-content\/uploads\/2025\/10\/finnwale-vor-spaniens-kuesten-3-768x512.jpg 768w, https:\/\/wildlife-travel.com\/wp-content\/uploads\/2025\/10\/finnwale-vor-spaniens-kuesten-3-1536x1024.jpg 1536w, https:\/\/wildlife-travel.com\/wp-content\/uploads\/2025\/10\/finnwale-vor-spaniens-kuesten-3-2048x1365.jpg 2048w, https:\/\/wildlife-travel.com\/wp-content\/uploads\/2025\/10\/finnwale-vor-spaniens-kuesten-3-840x560.jpg 840w, https:\/\/wildlife-travel.com\/wp-content\/uploads\/2025\/10\/finnwale-vor-spaniens-kuesten-3-120x80.jpg 120w, https:\/\/wildlife-travel.com\/wp-content\/uploads\/2025\/10\/finnwale-vor-spaniens-kuesten-3-360x240.jpg 360w, https:\/\/wildlife-travel.com\/wp-content\/uploads\/2025\/10\/finnwale-vor-spaniens-kuesten-3-600x400.jpg 600w, https:\/\/wildlife-travel.com\/wp-content\/uploads\/2025\/10\/finnwale-vor-spaniens-kuesten-3-272x182.jpg 272w\" sizes=\"(max-width: 2560px) 100vw, 2560px\" title=\"finnwale-vor-spaniens-k\u00fcsten (3)\" alt=\"Laubs\u00e4nger\" \t\tclass=\"so-widget-image\"\/>\n\t<\/div>\n\n<\/div><\/div><\/div><\/div><div id=\"pg-30570-23\"  class=\"panel-grid panel-no-style\" ><div id=\"pgc-30570-23-0\"  class=\"panel-grid-cell\" ><div id=\"panel-30570-23-0-0\" class=\"so-panel widget widget_sow-editor panel-first-child panel-last-child\" data-index=\"25\" ><div\n\t\t\t\n\t\t\tclass=\"so-widget-sow-editor so-widget-sow-editor-base\"\n\t\t\t\n\t\t>\n<div class=\"siteorigin-widget-tinymce textwidget\">\n\t<p data-start=\"87\" data-end=\"349\">Tats\u00e4chlich \u2013 es war ein Laubs\u00e4nger! Damit h\u00e4tte ich mitten auf dem Mittelmeer wirklich nicht gerechnet. Andererseits ergibt es nat\u00fcrlich Sinn: Laubs\u00e4nger sind Zugv\u00f6gel und machen sich im Fr\u00fchling auf den Weg nach Norden, um dort ihre Brutgebiete zu erreichen.<\/p>\n<p data-start=\"351\" data-end=\"660\">Unser Boot bot diesem kleinen Reisenden eine willkommene Gelegenheit f\u00fcr eine kurze Pause. Wobei \u201ePause\u201c vielleicht nicht ganz das richtige Wort ist \u2013 der Laubs\u00e4nger wirkte alles andere als entspannt. Er flatterte unruhig von einer Stelle zur n\u00e4chsten und verweilte nirgends l\u00e4nger als ein paar Augenblicke.<\/p>\n<\/div>\n<\/div><\/div><\/div><\/div><div id=\"pg-30570-24\"  class=\"panel-grid panel-no-style\" ><div id=\"pgc-30570-24-0\"  class=\"panel-grid-cell\" ><div id=\"panel-30570-24-0-0\" class=\"so-panel widget widget_sow-image panel-first-child panel-last-child\" data-index=\"26\" ><div\n\t\t\t\n\t\t\tclass=\"so-widget-sow-image so-widget-sow-image-default-8b5b6f678277-30570\"\n\t\t\t\n\t\t>\n<div class=\"sow-image-container\">\n\t\t<img \n\tsrc=\"https:\/\/wildlife-travel.com\/wp-content\/uploads\/2025\/10\/finnwale-vor-spaniens-kuesten-4-scaled.jpg\" width=\"2560\" height=\"1707\" srcset=\"https:\/\/wildlife-travel.com\/wp-content\/uploads\/2025\/10\/finnwale-vor-spaniens-kuesten-4-scaled.jpg 2560w, https:\/\/wildlife-travel.com\/wp-content\/uploads\/2025\/10\/finnwale-vor-spaniens-kuesten-4-300x200.jpg 300w, https:\/\/wildlife-travel.com\/wp-content\/uploads\/2025\/10\/finnwale-vor-spaniens-kuesten-4-1024x683.jpg 1024w, https:\/\/wildlife-travel.com\/wp-content\/uploads\/2025\/10\/finnwale-vor-spaniens-kuesten-4-768x512.jpg 768w, https:\/\/wildlife-travel.com\/wp-content\/uploads\/2025\/10\/finnwale-vor-spaniens-kuesten-4-1536x1024.jpg 1536w, https:\/\/wildlife-travel.com\/wp-content\/uploads\/2025\/10\/finnwale-vor-spaniens-kuesten-4-2048x1365.jpg 2048w, https:\/\/wildlife-travel.com\/wp-content\/uploads\/2025\/10\/finnwale-vor-spaniens-kuesten-4-840x560.jpg 840w, https:\/\/wildlife-travel.com\/wp-content\/uploads\/2025\/10\/finnwale-vor-spaniens-kuesten-4-120x80.jpg 120w, https:\/\/wildlife-travel.com\/wp-content\/uploads\/2025\/10\/finnwale-vor-spaniens-kuesten-4-360x240.jpg 360w, https:\/\/wildlife-travel.com\/wp-content\/uploads\/2025\/10\/finnwale-vor-spaniens-kuesten-4-600x400.jpg 600w, https:\/\/wildlife-travel.com\/wp-content\/uploads\/2025\/10\/finnwale-vor-spaniens-kuesten-4-272x182.jpg 272w\" sizes=\"(max-width: 2560px) 100vw, 2560px\" title=\"finnwale-vor-spaniens-k\u00fcsten (4)\" alt=\"Laubs\u00e4nger\" \t\tclass=\"so-widget-image\"\/>\n\t<\/div>\n\n<\/div><\/div><\/div><div id=\"pgc-30570-24-1\"  class=\"panel-grid-cell\" ><div id=\"panel-30570-24-1-0\" class=\"so-panel widget widget_sow-image panel-first-child panel-last-child\" data-index=\"27\" ><div\n\t\t\t\n\t\t\tclass=\"so-widget-sow-image so-widget-sow-image-default-8b5b6f678277-30570\"\n\t\t\t\n\t\t>\n<div class=\"sow-image-container\">\n\t\t<img \n\tsrc=\"https:\/\/wildlife-travel.com\/wp-content\/uploads\/2025\/10\/finnwale-vor-spaniens-kuesten-5-scaled.jpg\" width=\"2560\" height=\"1707\" srcset=\"https:\/\/wildlife-travel.com\/wp-content\/uploads\/2025\/10\/finnwale-vor-spaniens-kuesten-5-scaled.jpg 2560w, https:\/\/wildlife-travel.com\/wp-content\/uploads\/2025\/10\/finnwale-vor-spaniens-kuesten-5-300x200.jpg 300w, https:\/\/wildlife-travel.com\/wp-content\/uploads\/2025\/10\/finnwale-vor-spaniens-kuesten-5-1024x683.jpg 1024w, https:\/\/wildlife-travel.com\/wp-content\/uploads\/2025\/10\/finnwale-vor-spaniens-kuesten-5-768x512.jpg 768w, https:\/\/wildlife-travel.com\/wp-content\/uploads\/2025\/10\/finnwale-vor-spaniens-kuesten-5-1536x1024.jpg 1536w, https:\/\/wildlife-travel.com\/wp-content\/uploads\/2025\/10\/finnwale-vor-spaniens-kuesten-5-2048x1365.jpg 2048w, https:\/\/wildlife-travel.com\/wp-content\/uploads\/2025\/10\/finnwale-vor-spaniens-kuesten-5-840x560.jpg 840w, https:\/\/wildlife-travel.com\/wp-content\/uploads\/2025\/10\/finnwale-vor-spaniens-kuesten-5-120x80.jpg 120w, https:\/\/wildlife-travel.com\/wp-content\/uploads\/2025\/10\/finnwale-vor-spaniens-kuesten-5-360x240.jpg 360w, https:\/\/wildlife-travel.com\/wp-content\/uploads\/2025\/10\/finnwale-vor-spaniens-kuesten-5-600x400.jpg 600w, https:\/\/wildlife-travel.com\/wp-content\/uploads\/2025\/10\/finnwale-vor-spaniens-kuesten-5-272x182.jpg 272w\" sizes=\"(max-width: 2560px) 100vw, 2560px\" title=\"finnwale-vor-spaniens-k\u00fcsten (5)\" alt=\"Laubs\u00e4nger\" \t\tclass=\"so-widget-image\"\/>\n\t<\/div>\n\n<\/div><\/div><\/div><\/div><div id=\"pg-30570-25\"  class=\"panel-grid panel-no-style\" ><div id=\"pgc-30570-25-0\"  class=\"panel-grid-cell\" ><div id=\"panel-30570-25-0-0\" class=\"so-panel widget widget_sow-editor panel-first-child panel-last-child\" data-index=\"28\" ><div\n\t\t\t\n\t\t\tclass=\"so-widget-sow-editor so-widget-sow-editor-base\"\n\t\t\t\n\t\t>\n<div class=\"siteorigin-widget-tinymce textwidget\">\n\t<p>So nah bekomme ich einen Laubs\u00e4nger nur selten zu Gesicht \u2013 eigentlich passiert das fast nie. Der kleine Vogel, der offenbar allein unterwegs war, zeigte sich au\u00dferdem deutlich weniger scheu, als ich es von seiner Art gewohnt bin. Vorsichtig pirschte ich mich ein St\u00fcck n\u00e4her heran, allerdings nicht zu sehr, um ihn nicht zu verschrecken. Vielleicht w\u00fcrde mir ja trotzdem eine Gro\u00dfaufnahme gelingen \u2013 auch wenn ich nat\u00fcrlich nicht mein 150\u2013600mm-Objektiv dabeihatte, das ich sonst f\u00fcr die Vogelfotografie nutze.<\/p>\n<\/div>\n<\/div><\/div><\/div><\/div><div id=\"pg-30570-26\"  class=\"panel-grid panel-no-style\" ><div id=\"pgc-30570-26-0\"  class=\"panel-grid-cell\" ><div id=\"panel-30570-26-0-0\" class=\"so-panel widget widget_sow-image panel-first-child panel-last-child\" data-index=\"29\" ><div\n\t\t\t\n\t\t\tclass=\"so-widget-sow-image so-widget-sow-image-default-8b5b6f678277-30570\"\n\t\t\t\n\t\t>\n<div class=\"sow-image-container\">\n\t\t<img \n\tsrc=\"https:\/\/wildlife-travel.com\/wp-content\/uploads\/2025\/10\/finnwale-vor-spaniens-kuesten-6-scaled.jpg\" width=\"2560\" height=\"1707\" srcset=\"https:\/\/wildlife-travel.com\/wp-content\/uploads\/2025\/10\/finnwale-vor-spaniens-kuesten-6-scaled.jpg 2560w, https:\/\/wildlife-travel.com\/wp-content\/uploads\/2025\/10\/finnwale-vor-spaniens-kuesten-6-300x200.jpg 300w, https:\/\/wildlife-travel.com\/wp-content\/uploads\/2025\/10\/finnwale-vor-spaniens-kuesten-6-1024x683.jpg 1024w, https:\/\/wildlife-travel.com\/wp-content\/uploads\/2025\/10\/finnwale-vor-spaniens-kuesten-6-768x512.jpg 768w, https:\/\/wildlife-travel.com\/wp-content\/uploads\/2025\/10\/finnwale-vor-spaniens-kuesten-6-1536x1024.jpg 1536w, https:\/\/wildlife-travel.com\/wp-content\/uploads\/2025\/10\/finnwale-vor-spaniens-kuesten-6-2048x1365.jpg 2048w, https:\/\/wildlife-travel.com\/wp-content\/uploads\/2025\/10\/finnwale-vor-spaniens-kuesten-6-840x560.jpg 840w, https:\/\/wildlife-travel.com\/wp-content\/uploads\/2025\/10\/finnwale-vor-spaniens-kuesten-6-120x80.jpg 120w, https:\/\/wildlife-travel.com\/wp-content\/uploads\/2025\/10\/finnwale-vor-spaniens-kuesten-6-360x240.jpg 360w, https:\/\/wildlife-travel.com\/wp-content\/uploads\/2025\/10\/finnwale-vor-spaniens-kuesten-6-600x400.jpg 600w, https:\/\/wildlife-travel.com\/wp-content\/uploads\/2025\/10\/finnwale-vor-spaniens-kuesten-6-272x182.jpg 272w\" sizes=\"(max-width: 2560px) 100vw, 2560px\" title=\"finnwale-vor-spaniens-k\u00fcsten (6)\" alt=\"Laubs\u00e4nger\" \t\tclass=\"so-widget-image\"\/>\n\t<\/div>\n\n<\/div><\/div><\/div><\/div><div id=\"pg-30570-27\"  class=\"panel-grid panel-no-style\" ><div id=\"pgc-30570-27-0\"  class=\"panel-grid-cell\" ><div id=\"panel-30570-27-0-0\" class=\"so-panel widget widget_sow-editor panel-first-child panel-last-child\" data-index=\"30\" ><div\n\t\t\t\n\t\t\tclass=\"so-widget-sow-editor so-widget-sow-editor-base\"\n\t\t\t\n\t\t>\n<div class=\"siteorigin-widget-tinymce textwidget\">\n\t<p>Der Laubs\u00e4nger lie\u00df sich tats\u00e4chlich von mir fotografieren.<br \/>\n<br data-start=\"140\" data-end=\"143\" \/>Kurz darauf flog er auf das Dach des Bootes, wo er einen Moment lang in die Ferne blickte \u2013 als w\u00fcrde er sich orientieren oder verabschieden. Dann drehte er sich um, hob ab und war verschwunden.<\/p>\n<\/div>\n<\/div><\/div><\/div><\/div><div id=\"pg-30570-28\"  class=\"panel-grid panel-no-style\" ><div id=\"pgc-30570-28-0\"  class=\"panel-grid-cell\" ><div id=\"panel-30570-28-0-0\" class=\"so-panel widget widget_sow-image panel-first-child panel-last-child\" data-index=\"31\" ><div\n\t\t\t\n\t\t\tclass=\"so-widget-sow-image so-widget-sow-image-default-8b5b6f678277-30570\"\n\t\t\t\n\t\t>\n<div class=\"sow-image-container\">\n\t\t<img \n\tsrc=\"https:\/\/wildlife-travel.com\/wp-content\/uploads\/2025\/10\/finnwale-vor-spaniens-kuesten-7-scaled.jpg\" width=\"2560\" height=\"1707\" srcset=\"https:\/\/wildlife-travel.com\/wp-content\/uploads\/2025\/10\/finnwale-vor-spaniens-kuesten-7-scaled.jpg 2560w, https:\/\/wildlife-travel.com\/wp-content\/uploads\/2025\/10\/finnwale-vor-spaniens-kuesten-7-300x200.jpg 300w, https:\/\/wildlife-travel.com\/wp-content\/uploads\/2025\/10\/finnwale-vor-spaniens-kuesten-7-1024x683.jpg 1024w, https:\/\/wildlife-travel.com\/wp-content\/uploads\/2025\/10\/finnwale-vor-spaniens-kuesten-7-768x512.jpg 768w, https:\/\/wildlife-travel.com\/wp-content\/uploads\/2025\/10\/finnwale-vor-spaniens-kuesten-7-1536x1024.jpg 1536w, https:\/\/wildlife-travel.com\/wp-content\/uploads\/2025\/10\/finnwale-vor-spaniens-kuesten-7-2048x1365.jpg 2048w, https:\/\/wildlife-travel.com\/wp-content\/uploads\/2025\/10\/finnwale-vor-spaniens-kuesten-7-840x560.jpg 840w, https:\/\/wildlife-travel.com\/wp-content\/uploads\/2025\/10\/finnwale-vor-spaniens-kuesten-7-120x80.jpg 120w, https:\/\/wildlife-travel.com\/wp-content\/uploads\/2025\/10\/finnwale-vor-spaniens-kuesten-7-360x240.jpg 360w, https:\/\/wildlife-travel.com\/wp-content\/uploads\/2025\/10\/finnwale-vor-spaniens-kuesten-7-600x400.jpg 600w, https:\/\/wildlife-travel.com\/wp-content\/uploads\/2025\/10\/finnwale-vor-spaniens-kuesten-7-272x182.jpg 272w\" sizes=\"(max-width: 2560px) 100vw, 2560px\" title=\"finnwale-vor-spaniens-k\u00fcsten (7)\" alt=\"V\u00f6gel beobachten auf dem Meer\" \t\tclass=\"so-widget-image\"\/>\n\t<\/div>\n\n<\/div><\/div><\/div><div id=\"pgc-30570-28-1\"  class=\"panel-grid-cell\" ><div id=\"panel-30570-28-1-0\" class=\"so-panel widget widget_sow-image panel-first-child panel-last-child\" data-index=\"32\" ><div\n\t\t\t\n\t\t\tclass=\"so-widget-sow-image so-widget-sow-image-default-8b5b6f678277-30570\"\n\t\t\t\n\t\t>\n<div class=\"sow-image-container\">\n\t\t<img \n\tsrc=\"https:\/\/wildlife-travel.com\/wp-content\/uploads\/2025\/10\/finnwale-vor-spaniens-kuesten-8-scaled.jpg\" width=\"2560\" height=\"1707\" srcset=\"https:\/\/wildlife-travel.com\/wp-content\/uploads\/2025\/10\/finnwale-vor-spaniens-kuesten-8-scaled.jpg 2560w, https:\/\/wildlife-travel.com\/wp-content\/uploads\/2025\/10\/finnwale-vor-spaniens-kuesten-8-300x200.jpg 300w, https:\/\/wildlife-travel.com\/wp-content\/uploads\/2025\/10\/finnwale-vor-spaniens-kuesten-8-1024x683.jpg 1024w, https:\/\/wildlife-travel.com\/wp-content\/uploads\/2025\/10\/finnwale-vor-spaniens-kuesten-8-768x512.jpg 768w, https:\/\/wildlife-travel.com\/wp-content\/uploads\/2025\/10\/finnwale-vor-spaniens-kuesten-8-1536x1024.jpg 1536w, https:\/\/wildlife-travel.com\/wp-content\/uploads\/2025\/10\/finnwale-vor-spaniens-kuesten-8-2048x1365.jpg 2048w, https:\/\/wildlife-travel.com\/wp-content\/uploads\/2025\/10\/finnwale-vor-spaniens-kuesten-8-840x560.jpg 840w, https:\/\/wildlife-travel.com\/wp-content\/uploads\/2025\/10\/finnwale-vor-spaniens-kuesten-8-120x80.jpg 120w, https:\/\/wildlife-travel.com\/wp-content\/uploads\/2025\/10\/finnwale-vor-spaniens-kuesten-8-360x240.jpg 360w, https:\/\/wildlife-travel.com\/wp-content\/uploads\/2025\/10\/finnwale-vor-spaniens-kuesten-8-600x400.jpg 600w, https:\/\/wildlife-travel.com\/wp-content\/uploads\/2025\/10\/finnwale-vor-spaniens-kuesten-8-272x182.jpg 272w\" sizes=\"(max-width: 2560px) 100vw, 2560px\" title=\"finnwale-vor-spaniens-k\u00fcsten (8)\" alt=\"V\u00f6gel beobachten auf dem Meer\" \t\tclass=\"so-widget-image\"\/>\n\t<\/div>\n\n<\/div><\/div><\/div><\/div><div id=\"pg-30570-29\"  class=\"panel-grid panel-no-style\" ><div id=\"pgc-30570-29-0\"  class=\"panel-grid-cell\" ><div id=\"panel-30570-29-0-0\" class=\"so-panel widget widget_sow-editor panel-first-child panel-last-child\" data-index=\"33\" ><div class=\"panel-widget-style panel-widget-style-for-30570-29-0-0\" ><div\n\t\t\t\n\t\t\tclass=\"so-widget-sow-editor so-widget-sow-editor-base\"\n\t\t\t\n\t\t>\n<div class=\"siteorigin-widget-tinymce textwidget\">\n\t<p><strong data-start=\"66\" data-end=\"82\">Information:<\/strong> Da ich den Vogel nicht h\u00f6ren konnte, fiel es mir schwer, ihn eindeutig zu bestimmen. Vermutlich handelte es sich jedoch um einen Zilpzalp. Normalerweise h\u00f6re ich den charakteristischen Ruf dieser Art <a href=\"https:\/\/wildlife-travel.com\/de\/die-city-nature-challenge-2022\/\" target=\"_blank\" rel=\"noopener\">regelm\u00e4\u00dfig im Wald<\/a> \u2013 zu Gesicht bekomme ich sie dagegen nur selten. Deshalb war es umso erstaunlicher, einem Zilpzalp an einem Ort zu begegnen, an dem ich ihn am allerwenigsten erwartet h\u00e4tte: mitten auf dem Mittelmeer.<\/p>\n<\/div>\n<\/div><\/div><\/div><\/div><\/div><div id=\"pg-30570-30\"  class=\"panel-grid panel-no-style\" ><div id=\"pgc-30570-30-0\"  class=\"panel-grid-cell\" ><div id=\"panel-30570-30-0-0\" class=\"so-panel widget widget_sow-editor panel-first-child panel-last-child\" data-index=\"34\" ><div\n\t\t\t\n\t\t\tclass=\"so-widget-sow-editor so-widget-sow-editor-base\"\n\t\t\t\n\t\t>\n<div class=\"siteorigin-widget-tinymce textwidget\">\n\t<p data-start=\"84\" data-end=\"355\">Ich glaube, niemand sonst an Bord interessierte sich so sehr f\u00fcr den kleinen Vogel wie ich. Nat\u00fcrlich hatten wir alle nach wie vor die Finnwale im Blick \u2013 doch von ihnen war weiterhin keine Spur zu sehen. Auch andere Delfine lie\u00dfen sich nicht blicken. Wo waren sie nur?<\/p>\n<p data-start=\"357\" data-end=\"449\">Und pl\u00f6tzlich er\u00f6ffnete sich mir eine neue, \u00fcberraschende Beobachtung: ein Papageitaucher!<\/p>\n<\/div>\n<\/div><\/div><\/div><\/div><div id=\"pg-30570-31\"  class=\"panel-grid panel-no-style\" ><div id=\"pgc-30570-31-0\"  class=\"panel-grid-cell\" ><div id=\"panel-30570-31-0-0\" class=\"so-panel widget widget_sow-image panel-first-child panel-last-child\" data-index=\"35\" ><div\n\t\t\t\n\t\t\tclass=\"so-widget-sow-image so-widget-sow-image-default-8b5b6f678277-30570\"\n\t\t\t\n\t\t>\n<div class=\"sow-image-container\">\n\t\t<img \n\tsrc=\"https:\/\/wildlife-travel.com\/wp-content\/uploads\/2025\/10\/finnwale-vor-spaniens-kuesten-9-scaled.jpg\" width=\"2560\" height=\"1707\" srcset=\"https:\/\/wildlife-travel.com\/wp-content\/uploads\/2025\/10\/finnwale-vor-spaniens-kuesten-9-scaled.jpg 2560w, https:\/\/wildlife-travel.com\/wp-content\/uploads\/2025\/10\/finnwale-vor-spaniens-kuesten-9-300x200.jpg 300w, https:\/\/wildlife-travel.com\/wp-content\/uploads\/2025\/10\/finnwale-vor-spaniens-kuesten-9-1024x683.jpg 1024w, https:\/\/wildlife-travel.com\/wp-content\/uploads\/2025\/10\/finnwale-vor-spaniens-kuesten-9-768x512.jpg 768w, https:\/\/wildlife-travel.com\/wp-content\/uploads\/2025\/10\/finnwale-vor-spaniens-kuesten-9-1536x1024.jpg 1536w, https:\/\/wildlife-travel.com\/wp-content\/uploads\/2025\/10\/finnwale-vor-spaniens-kuesten-9-2048x1365.jpg 2048w, https:\/\/wildlife-travel.com\/wp-content\/uploads\/2025\/10\/finnwale-vor-spaniens-kuesten-9-840x560.jpg 840w, https:\/\/wildlife-travel.com\/wp-content\/uploads\/2025\/10\/finnwale-vor-spaniens-kuesten-9-120x80.jpg 120w, https:\/\/wildlife-travel.com\/wp-content\/uploads\/2025\/10\/finnwale-vor-spaniens-kuesten-9-360x240.jpg 360w, https:\/\/wildlife-travel.com\/wp-content\/uploads\/2025\/10\/finnwale-vor-spaniens-kuesten-9-600x400.jpg 600w, https:\/\/wildlife-travel.com\/wp-content\/uploads\/2025\/10\/finnwale-vor-spaniens-kuesten-9-272x182.jpg 272w\" sizes=\"(max-width: 2560px) 100vw, 2560px\" title=\"finnwale-vor-spaniens-k\u00fcsten (9)\" alt=\"Papageitaucher im Mittelmeer\" \t\tclass=\"so-widget-image\"\/>\n\t<\/div>\n\n<\/div><\/div><\/div><\/div><div id=\"pg-30570-32\"  class=\"panel-grid panel-no-style\" ><div id=\"pgc-30570-32-0\"  class=\"panel-grid-cell\" ><div id=\"panel-30570-32-0-0\" class=\"so-panel widget widget_sow-editor panel-first-child panel-last-child\" data-index=\"36\" ><div\n\t\t\t\n\t\t\tclass=\"so-widget-sow-editor so-widget-sow-editor-base\"\n\t\t\t\n\t\t>\n<div class=\"siteorigin-widget-tinymce textwidget\">\n\t<p data-start=\"71\" data-end=\"381\">Papageitaucher kenne ich bisher vor allem von Island, doch schon zuvor hatte ich gelesen, dass sie angeblich auch im Mittelmeer vorkommen sollen. Dass ich tats\u00e4chlich einem begegnen w\u00fcrde \u2013 und dann noch in Spanien \u2013 hatte ich allerdings nicht erwartet. Nat\u00fcrlich freute ich mich riesig \u00fcber diese Begegnung!<\/p>\n<p data-start=\"383\" data-end=\"470\">Trotzdem blieben Wale und Delfine nach wie vor verschwunden. Wo mochten sie nur sein?<\/p>\n<p data-start=\"472\" data-end=\"595\">Daf\u00fcr entdeckten wir noch eine wundersch\u00f6ne Korallenm\u00f6we, deren Art ich sp\u00e4ter mithilfe von <a href=\"https:\/\/www.inaturalist.org\/\" target=\"_blank\" rel=\"noopener nofollow\">iNaturalist<\/a> bestimmen konnte.<\/p>\n<\/div>\n<\/div><\/div><\/div><\/div><div id=\"pg-30570-33\"  class=\"panel-grid panel-no-style\" ><div id=\"pgc-30570-33-0\"  class=\"panel-grid-cell\" ><div id=\"panel-30570-33-0-0\" class=\"so-panel widget widget_sow-image panel-first-child panel-last-child\" data-index=\"37\" ><div\n\t\t\t\n\t\t\tclass=\"so-widget-sow-image so-widget-sow-image-default-8b5b6f678277-30570\"\n\t\t\t\n\t\t>\n<div class=\"sow-image-container\">\n\t\t<img \n\tsrc=\"https:\/\/wildlife-travel.com\/wp-content\/uploads\/2025\/10\/finnwale-vor-spaniens-kuesten-10-scaled.jpg\" width=\"2560\" height=\"1707\" srcset=\"https:\/\/wildlife-travel.com\/wp-content\/uploads\/2025\/10\/finnwale-vor-spaniens-kuesten-10-scaled.jpg 2560w, https:\/\/wildlife-travel.com\/wp-content\/uploads\/2025\/10\/finnwale-vor-spaniens-kuesten-10-300x200.jpg 300w, https:\/\/wildlife-travel.com\/wp-content\/uploads\/2025\/10\/finnwale-vor-spaniens-kuesten-10-1024x683.jpg 1024w, https:\/\/wildlife-travel.com\/wp-content\/uploads\/2025\/10\/finnwale-vor-spaniens-kuesten-10-768x512.jpg 768w, https:\/\/wildlife-travel.com\/wp-content\/uploads\/2025\/10\/finnwale-vor-spaniens-kuesten-10-1536x1024.jpg 1536w, https:\/\/wildlife-travel.com\/wp-content\/uploads\/2025\/10\/finnwale-vor-spaniens-kuesten-10-2048x1365.jpg 2048w, https:\/\/wildlife-travel.com\/wp-content\/uploads\/2025\/10\/finnwale-vor-spaniens-kuesten-10-840x560.jpg 840w, https:\/\/wildlife-travel.com\/wp-content\/uploads\/2025\/10\/finnwale-vor-spaniens-kuesten-10-120x80.jpg 120w, https:\/\/wildlife-travel.com\/wp-content\/uploads\/2025\/10\/finnwale-vor-spaniens-kuesten-10-360x240.jpg 360w, https:\/\/wildlife-travel.com\/wp-content\/uploads\/2025\/10\/finnwale-vor-spaniens-kuesten-10-600x400.jpg 600w, https:\/\/wildlife-travel.com\/wp-content\/uploads\/2025\/10\/finnwale-vor-spaniens-kuesten-10-272x182.jpg 272w\" sizes=\"(max-width: 2560px) 100vw, 2560px\" title=\"finnwale-vor-spaniens-k\u00fcsten (10)\" alt=\"Korallenm\u00f6we im Mittelmeer\" \t\tclass=\"so-widget-image\"\/>\n\t<\/div>\n\n<\/div><\/div><\/div><\/div><div id=\"pg-30570-34\"  class=\"panel-grid panel-no-style\" ><div id=\"pgc-30570-34-0\"  class=\"panel-grid-cell\" ><div id=\"panel-30570-34-0-0\" class=\"so-panel widget widget_sow-editor panel-first-child panel-last-child\" data-index=\"38\" ><div\n\t\t\t\n\t\t\tclass=\"so-widget-sow-editor so-widget-sow-editor-base\"\n\t\t\t\n\t\t>\n<div class=\"siteorigin-widget-tinymce textwidget\">\n\t<p data-start=\"84\" data-end=\"437\">Leider meinte es das Wetter nicht gut mit uns, sodass wir die n\u00e4chsten f\u00fcnf Tage an Land verbringen mussten. Zwei Tage regnete es ununterbrochen, an den anderen Tagen war der Wind zu stark. Zum einen mussten wir aus Sicherheitsgr\u00fcnden an Land bleiben, zum anderen machen hohe Wellen die Beobachtung von Walen und Delfinen ohnehin deutlich schwieriger.<\/p>\n<p data-start=\"439\" data-end=\"903\">Die erste Ausfahrt hatte etwa acht Stunden gedauert. So sehr ich normalerweise die Zeit auf dem Boot genie\u00dfe, war es an diesem Tag fast angenehm, die n\u00e4chsten zwei Tage drinnen zu verbringen \u2013 immerhin war ich noch erk\u00e4ltet. Auf dem Boot war es kalt, ich hatte einen Pullover zu wenig an (am Morgen hatte es noch sonnig ausgesehen) und kam mitten in einer Erk\u00e4ltung in Spanien an. Eigentlich h\u00e4tte ich im Bett bleiben sollen, doch das kam f\u00fcr mich nicht infrage.<\/p>\n<\/div>\n<\/div><\/div><\/div><\/div><div id=\"pg-30570-35\"  class=\"panel-grid panel-no-style\" ><div id=\"pgc-30570-35-0\"  class=\"panel-grid-cell\" ><div id=\"panel-30570-35-0-0\" class=\"so-panel widget widget_sow-editor panel-first-child panel-last-child\" data-index=\"39\" ><div class=\"panel-widget-style panel-widget-style-for-30570-35-0-0\" ><div\n\t\t\t\n\t\t\tclass=\"so-widget-sow-editor so-widget-sow-editor-base\"\n\t\t\t\n\t\t>\n<div class=\"siteorigin-widget-tinymce textwidget\">\n\t<p><span style=\"font-size: 16pt;\"><strong data-start=\"74\" data-end=\"90\">Information:<\/strong><\/span> Eine Webseite, die ich regelm\u00e4\u00dfig nutzte, um zu pr\u00fcfen, ob das Wetter f\u00fcr eine Ausfahrt geeignet war, ist <a href=\"https:\/\/www.windy.com\/\" target=\"_blank\" rel=\"noopener nofollow\">Windy<\/a>. Sie ist auch an anderen Orten praktisch, um den aktuellen Wind und die Vorhersage f\u00fcr die kommenden Tage einzusehen.<\/p>\n<\/div>\n<\/div><\/div><\/div><\/div><\/div><div id=\"pg-30570-36\"  class=\"panel-grid panel-no-style\" ><div id=\"pgc-30570-36-0\"  class=\"panel-grid-cell\" ><div id=\"panel-30570-36-0-0\" class=\"so-panel widget widget_sow-editor panel-first-child panel-last-child\" data-index=\"40\" ><div\n\t\t\t\n\t\t\tclass=\"so-widget-sow-editor so-widget-sow-editor-base\"\n\t\t\t\n\t\t>\n<div class=\"siteorigin-widget-tinymce textwidget\">\n\t<p data-start=\"68\" data-end=\"388\">So verbrachten wir f\u00fcnf Tage an Land. Die ersten beiden Tage blieb ich wegen meiner noch andauernden Erk\u00e4ltung fast ausschlie\u00dflich drinnen. Als der Regen nachlie\u00df, begann ich, die Umgebung zu erkunden. Weiter unten zeige ich ein paar Eindr\u00fccke von der wundersch\u00f6nen Landschaft, die sich mir auf meinen Wanderungen bot.<\/p>\n<p data-start=\"390\" data-end=\"538\">Doch zun\u00e4chst soll es um die Wale und Delfine gehen. Auf unserer n\u00e4chsten, mehrere Stunden dauernden Ausfahrt begegneten wir Blau-wei\u00dfen Delfinen.<\/p>\n<\/div>\n<\/div><\/div><\/div><\/div><div id=\"pg-30570-37\"  class=\"panel-grid panel-no-style\" ><div id=\"pgc-30570-37-0\"  class=\"panel-grid-cell\" ><div id=\"panel-30570-37-0-0\" class=\"so-panel widget widget_sow-image panel-first-child panel-last-child\" data-index=\"41\" ><div\n\t\t\t\n\t\t\tclass=\"so-widget-sow-image so-widget-sow-image-default-8b5b6f678277-30570\"\n\t\t\t\n\t\t>\n<div class=\"sow-image-container\">\n\t\t<img \n\tsrc=\"https:\/\/wildlife-travel.com\/wp-content\/uploads\/2025\/10\/finnwale-vor-spaniens-kuesten-11-scaled.jpg\" width=\"2560\" height=\"1707\" srcset=\"https:\/\/wildlife-travel.com\/wp-content\/uploads\/2025\/10\/finnwale-vor-spaniens-kuesten-11-scaled.jpg 2560w, https:\/\/wildlife-travel.com\/wp-content\/uploads\/2025\/10\/finnwale-vor-spaniens-kuesten-11-300x200.jpg 300w, https:\/\/wildlife-travel.com\/wp-content\/uploads\/2025\/10\/finnwale-vor-spaniens-kuesten-11-1024x683.jpg 1024w, https:\/\/wildlife-travel.com\/wp-content\/uploads\/2025\/10\/finnwale-vor-spaniens-kuesten-11-768x512.jpg 768w, https:\/\/wildlife-travel.com\/wp-content\/uploads\/2025\/10\/finnwale-vor-spaniens-kuesten-11-1536x1024.jpg 1536w, https:\/\/wildlife-travel.com\/wp-content\/uploads\/2025\/10\/finnwale-vor-spaniens-kuesten-11-2048x1365.jpg 2048w, https:\/\/wildlife-travel.com\/wp-content\/uploads\/2025\/10\/finnwale-vor-spaniens-kuesten-11-840x560.jpg 840w, https:\/\/wildlife-travel.com\/wp-content\/uploads\/2025\/10\/finnwale-vor-spaniens-kuesten-11-120x80.jpg 120w, https:\/\/wildlife-travel.com\/wp-content\/uploads\/2025\/10\/finnwale-vor-spaniens-kuesten-11-360x240.jpg 360w, https:\/\/wildlife-travel.com\/wp-content\/uploads\/2025\/10\/finnwale-vor-spaniens-kuesten-11-600x400.jpg 600w, https:\/\/wildlife-travel.com\/wp-content\/uploads\/2025\/10\/finnwale-vor-spaniens-kuesten-11-272x182.jpg 272w\" sizes=\"(max-width: 2560px) 100vw, 2560px\" title=\"finnwale-vor-spaniens-k\u00fcsten (11)\" alt=\"Blau-Wei\u00dfer Delfin\" \t\tclass=\"so-widget-image\"\/>\n\t<\/div>\n\n<\/div><\/div><\/div><\/div><div id=\"pg-30570-38\"  class=\"panel-grid panel-no-style\" ><div id=\"pgc-30570-38-0\"  class=\"panel-grid-cell\" ><div id=\"panel-30570-38-0-0\" class=\"so-panel widget widget_sow-editor panel-first-child panel-last-child\" data-index=\"42\" ><div\n\t\t\t\n\t\t\tclass=\"so-widget-sow-editor so-widget-sow-editor-base\"\n\t\t\t\n\t\t>\n<div class=\"siteorigin-widget-tinymce textwidget\">\n\t<p data-start=\"69\" data-end=\"353\">Ihr Verhalten kannte ich nat\u00fcrlich nur allzu gut. Schnell, verspielt und f\u00fcr Tierfotograf:innen wie mich oft unberechenbar. In solchen Momenten wird mir immer wieder bewusst, wie wichtig es ist, die Gewohnheiten und Bewegungen der Tiere, die man fotografieren m\u00f6chte, gut zu kennen.<\/p>\n<p data-start=\"355\" data-end=\"707\">Da es mir nicht m\u00f6glich ist, regelm\u00e4\u00dfig auf einem Boot zu \u00fcben, musste ich improvisieren. Mal stand ein Seil im Weg, ein anderes Mal war ich zu langsam und konnte mit meiner Kamera nicht richtig fokussieren. Und wieder ein anderes Mal verfolgte ich die Delfine in der Hoffnung, dass sie auftauchen w\u00fcrden \u2013 doch sie lie\u00dfen sich einfach nicht blicken.<\/p>\n<\/div>\n<\/div><\/div><\/div><\/div><div id=\"pg-30570-39\"  class=\"panel-grid panel-no-style\" ><div id=\"pgc-30570-39-0\"  class=\"panel-grid-cell\" ><div id=\"panel-30570-39-0-0\" class=\"so-panel widget widget_sow-image panel-first-child panel-last-child\" data-index=\"43\" ><div\n\t\t\t\n\t\t\tclass=\"so-widget-sow-image so-widget-sow-image-default-8b5b6f678277-30570\"\n\t\t\t\n\t\t>\n<div class=\"sow-image-container\">\n\t\t<img \n\tsrc=\"https:\/\/wildlife-travel.com\/wp-content\/uploads\/2025\/10\/finnwale-vor-spaniens-kuesten-12-scaled.jpg\" width=\"2560\" height=\"1707\" srcset=\"https:\/\/wildlife-travel.com\/wp-content\/uploads\/2025\/10\/finnwale-vor-spaniens-kuesten-12-scaled.jpg 2560w, https:\/\/wildlife-travel.com\/wp-content\/uploads\/2025\/10\/finnwale-vor-spaniens-kuesten-12-300x200.jpg 300w, https:\/\/wildlife-travel.com\/wp-content\/uploads\/2025\/10\/finnwale-vor-spaniens-kuesten-12-1024x683.jpg 1024w, https:\/\/wildlife-travel.com\/wp-content\/uploads\/2025\/10\/finnwale-vor-spaniens-kuesten-12-768x512.jpg 768w, https:\/\/wildlife-travel.com\/wp-content\/uploads\/2025\/10\/finnwale-vor-spaniens-kuesten-12-1536x1024.jpg 1536w, https:\/\/wildlife-travel.com\/wp-content\/uploads\/2025\/10\/finnwale-vor-spaniens-kuesten-12-2048x1365.jpg 2048w, https:\/\/wildlife-travel.com\/wp-content\/uploads\/2025\/10\/finnwale-vor-spaniens-kuesten-12-840x560.jpg 840w, https:\/\/wildlife-travel.com\/wp-content\/uploads\/2025\/10\/finnwale-vor-spaniens-kuesten-12-120x80.jpg 120w, https:\/\/wildlife-travel.com\/wp-content\/uploads\/2025\/10\/finnwale-vor-spaniens-kuesten-12-360x240.jpg 360w, https:\/\/wildlife-travel.com\/wp-content\/uploads\/2025\/10\/finnwale-vor-spaniens-kuesten-12-600x400.jpg 600w, https:\/\/wildlife-travel.com\/wp-content\/uploads\/2025\/10\/finnwale-vor-spaniens-kuesten-12-272x182.jpg 272w\" sizes=\"(max-width: 2560px) 100vw, 2560px\" title=\"finnwale-vor-spaniens-k\u00fcsten (12)\" alt=\"Blau-Wei\u00dfe Delfine im Mittelmeer\" \t\tclass=\"so-widget-image\"\/>\n\t<\/div>\n\n<\/div><\/div><\/div><\/div><div id=\"pg-30570-40\"  class=\"panel-grid panel-no-style\" ><div id=\"pgc-30570-40-0\"  class=\"panel-grid-cell\" ><div id=\"panel-30570-40-0-0\" class=\"so-panel widget widget_sow-image panel-first-child panel-last-child\" data-index=\"44\" ><div\n\t\t\t\n\t\t\tclass=\"so-widget-sow-image so-widget-sow-image-default-8b5b6f678277-30570\"\n\t\t\t\n\t\t>\n<div class=\"sow-image-container\">\n\t\t<img \n\tsrc=\"https:\/\/wildlife-travel.com\/wp-content\/uploads\/2025\/10\/finnwale-vor-spaniens-kuesten-13-scaled.jpg\" width=\"2560\" height=\"1707\" srcset=\"https:\/\/wildlife-travel.com\/wp-content\/uploads\/2025\/10\/finnwale-vor-spaniens-kuesten-13-scaled.jpg 2560w, https:\/\/wildlife-travel.com\/wp-content\/uploads\/2025\/10\/finnwale-vor-spaniens-kuesten-13-300x200.jpg 300w, https:\/\/wildlife-travel.com\/wp-content\/uploads\/2025\/10\/finnwale-vor-spaniens-kuesten-13-1024x683.jpg 1024w, https:\/\/wildlife-travel.com\/wp-content\/uploads\/2025\/10\/finnwale-vor-spaniens-kuesten-13-768x512.jpg 768w, https:\/\/wildlife-travel.com\/wp-content\/uploads\/2025\/10\/finnwale-vor-spaniens-kuesten-13-1536x1024.jpg 1536w, https:\/\/wildlife-travel.com\/wp-content\/uploads\/2025\/10\/finnwale-vor-spaniens-kuesten-13-2048x1365.jpg 2048w, https:\/\/wildlife-travel.com\/wp-content\/uploads\/2025\/10\/finnwale-vor-spaniens-kuesten-13-840x560.jpg 840w, https:\/\/wildlife-travel.com\/wp-content\/uploads\/2025\/10\/finnwale-vor-spaniens-kuesten-13-120x80.jpg 120w, https:\/\/wildlife-travel.com\/wp-content\/uploads\/2025\/10\/finnwale-vor-spaniens-kuesten-13-360x240.jpg 360w, https:\/\/wildlife-travel.com\/wp-content\/uploads\/2025\/10\/finnwale-vor-spaniens-kuesten-13-600x400.jpg 600w, https:\/\/wildlife-travel.com\/wp-content\/uploads\/2025\/10\/finnwale-vor-spaniens-kuesten-13-272x182.jpg 272w\" sizes=\"(max-width: 2560px) 100vw, 2560px\" title=\"finnwale-vor-spaniens-k\u00fcsten (13)\" alt=\"Blau-Wei\u00dfe Delfine im Mittelmeer\" \t\tclass=\"so-widget-image\"\/>\n\t<\/div>\n\n<\/div><\/div><\/div><div id=\"pgc-30570-40-1\"  class=\"panel-grid-cell\" ><div id=\"panel-30570-40-1-0\" class=\"so-panel widget widget_sow-image panel-first-child panel-last-child\" data-index=\"45\" ><div\n\t\t\t\n\t\t\tclass=\"so-widget-sow-image so-widget-sow-image-default-8b5b6f678277-30570\"\n\t\t\t\n\t\t>\n<div class=\"sow-image-container\">\n\t\t<img \n\tsrc=\"https:\/\/wildlife-travel.com\/wp-content\/uploads\/2025\/10\/finnwale-vor-spaniens-kuesten-14-scaled.jpg\" width=\"2560\" height=\"1707\" srcset=\"https:\/\/wildlife-travel.com\/wp-content\/uploads\/2025\/10\/finnwale-vor-spaniens-kuesten-14-scaled.jpg 2560w, https:\/\/wildlife-travel.com\/wp-content\/uploads\/2025\/10\/finnwale-vor-spaniens-kuesten-14-300x200.jpg 300w, https:\/\/wildlife-travel.com\/wp-content\/uploads\/2025\/10\/finnwale-vor-spaniens-kuesten-14-1024x683.jpg 1024w, https:\/\/wildlife-travel.com\/wp-content\/uploads\/2025\/10\/finnwale-vor-spaniens-kuesten-14-768x512.jpg 768w, https:\/\/wildlife-travel.com\/wp-content\/uploads\/2025\/10\/finnwale-vor-spaniens-kuesten-14-1536x1024.jpg 1536w, https:\/\/wildlife-travel.com\/wp-content\/uploads\/2025\/10\/finnwale-vor-spaniens-kuesten-14-2048x1365.jpg 2048w, https:\/\/wildlife-travel.com\/wp-content\/uploads\/2025\/10\/finnwale-vor-spaniens-kuesten-14-840x560.jpg 840w, https:\/\/wildlife-travel.com\/wp-content\/uploads\/2025\/10\/finnwale-vor-spaniens-kuesten-14-120x80.jpg 120w, https:\/\/wildlife-travel.com\/wp-content\/uploads\/2025\/10\/finnwale-vor-spaniens-kuesten-14-360x240.jpg 360w, https:\/\/wildlife-travel.com\/wp-content\/uploads\/2025\/10\/finnwale-vor-spaniens-kuesten-14-600x400.jpg 600w, https:\/\/wildlife-travel.com\/wp-content\/uploads\/2025\/10\/finnwale-vor-spaniens-kuesten-14-272x182.jpg 272w\" sizes=\"(max-width: 2560px) 100vw, 2560px\" title=\"finnwale-vor-spaniens-k\u00fcsten (14)\" alt=\"Blau-Wei\u00dfe Delfine im Mittelmeer\" \t\tclass=\"so-widget-image\"\/>\n\t<\/div>\n\n<\/div><\/div><\/div><\/div><div id=\"pg-30570-41\"  class=\"panel-grid panel-no-style\" ><div id=\"pgc-30570-41-0\"  class=\"panel-grid-cell\" ><div id=\"panel-30570-41-0-0\" class=\"so-panel widget widget_sow-editor panel-first-child panel-last-child\" data-index=\"46\" ><div\n\t\t\t\n\t\t\tclass=\"so-widget-sow-editor so-widget-sow-editor-base\"\n\t\t\t\n\t\t>\n<div class=\"siteorigin-widget-tinymce textwidget\">\n\t<p>Im Englischen hei\u00dfen die Blau-wei\u00dfen Delfine \u00fcbrigens \u201eStriped dolphins\u201c, weil ein schwarzes Band vom Auge zu den Vorderflossen verl\u00e4uft. Au\u00dferdem verlaufen zwei weitere B\u00e4nder oder Streifen von den Augen entlang der Flanken bis in den hinteren Bereich.<\/p>\n<p>Blau-Wei\u00dfe Delfine sind \u00fcbrigens aus der Gattung <em>Stenella<\/em>, die am weitesten verbreiteten Art. Zugegeben, ich habe Blau-wei\u00dfe Delfine nun ein paar Mal sehen k\u00f6nnen, die anderen habe ich bis jetzt noch nicht selber sehen k\u00f6nnen.<\/p>\n<p>Am Ende des Tages erhielt ich dann gl\u00fccklicherweise noch eine Serie akzeptabler Fotos von den flinken Blau-Wei\u00dfen Delfinen, wo man den Verlauf der Streifen erkennen kann.<\/p>\n<\/div>\n<\/div><\/div><\/div><\/div><div id=\"pg-30570-42\"  class=\"panel-grid panel-no-style\" ><div id=\"pgc-30570-42-0\"  class=\"panel-grid-cell\" ><div id=\"panel-30570-42-0-0\" class=\"so-panel widget widget_sow-image panel-first-child panel-last-child\" data-index=\"47\" ><div\n\t\t\t\n\t\t\tclass=\"so-widget-sow-image so-widget-sow-image-default-8b5b6f678277-30570\"\n\t\t\t\n\t\t>\n<div class=\"sow-image-container\">\n\t\t<img \n\tsrc=\"https:\/\/wildlife-travel.com\/wp-content\/uploads\/2025\/10\/finnwale-vor-spaniens-kuesten-15-scaled.jpg\" width=\"2560\" height=\"1707\" srcset=\"https:\/\/wildlife-travel.com\/wp-content\/uploads\/2025\/10\/finnwale-vor-spaniens-kuesten-15-scaled.jpg 2560w, https:\/\/wildlife-travel.com\/wp-content\/uploads\/2025\/10\/finnwale-vor-spaniens-kuesten-15-300x200.jpg 300w, https:\/\/wildlife-travel.com\/wp-content\/uploads\/2025\/10\/finnwale-vor-spaniens-kuesten-15-1024x683.jpg 1024w, https:\/\/wildlife-travel.com\/wp-content\/uploads\/2025\/10\/finnwale-vor-spaniens-kuesten-15-768x512.jpg 768w, https:\/\/wildlife-travel.com\/wp-content\/uploads\/2025\/10\/finnwale-vor-spaniens-kuesten-15-1536x1024.jpg 1536w, https:\/\/wildlife-travel.com\/wp-content\/uploads\/2025\/10\/finnwale-vor-spaniens-kuesten-15-2048x1365.jpg 2048w, https:\/\/wildlife-travel.com\/wp-content\/uploads\/2025\/10\/finnwale-vor-spaniens-kuesten-15-840x560.jpg 840w, https:\/\/wildlife-travel.com\/wp-content\/uploads\/2025\/10\/finnwale-vor-spaniens-kuesten-15-120x80.jpg 120w, https:\/\/wildlife-travel.com\/wp-content\/uploads\/2025\/10\/finnwale-vor-spaniens-kuesten-15-360x240.jpg 360w, https:\/\/wildlife-travel.com\/wp-content\/uploads\/2025\/10\/finnwale-vor-spaniens-kuesten-15-600x400.jpg 600w, https:\/\/wildlife-travel.com\/wp-content\/uploads\/2025\/10\/finnwale-vor-spaniens-kuesten-15-272x182.jpg 272w\" sizes=\"(max-width: 2560px) 100vw, 2560px\" title=\"finnwale-vor-spaniens-k\u00fcsten (15)\" alt=\"Blau-Wei\u00dfe Delfine vor Spaniens K\u00fcste\" \t\tclass=\"so-widget-image\"\/>\n\t<\/div>\n\n<\/div><\/div><\/div><\/div><div id=\"pg-30570-43\"  class=\"panel-grid panel-no-style\" ><div id=\"pgc-30570-43-0\"  class=\"panel-grid-cell\" ><div id=\"panel-30570-43-0-0\" class=\"so-panel widget widget_sow-editor panel-first-child panel-last-child\" data-index=\"48\" ><div class=\"panel-widget-style panel-widget-style-for-30570-43-0-0\" ><div\n\t\t\t\n\t\t\tclass=\"so-widget-sow-editor so-widget-sow-editor-base\"\n\t\t\t\n\t\t>\n<div class=\"siteorigin-widget-tinymce textwidget\">\n\t<p><span style=\"font-size: 16pt;\"><strong>Information:<\/strong><\/span> Auf meinem Blog findest du Beitr\u00e4ge \u00fcber Wale und Delfine <a href=\"https:\/\/wildlife-travel.com\/de\/walbeobachtung-auf-den-azoren-insel-pico\/\" target=\"_blank\" rel=\"noopener\">auf den Azoren<\/a> sowie <a href=\"https:\/\/wildlife-travel.com\/de\/wale-und-delfine-im-mittelmeer-sanremo-italien\/\" target=\"_blank\" rel=\"noopener\">in Italien<\/a>. Dort konnte ich die Blau-Wei\u00dfen Delfine ebenfalls beobachten.<\/p>\n<\/div>\n<\/div><\/div><\/div><\/div><\/div><div id=\"pg-30570-44\"  class=\"panel-grid panel-no-style\" ><div id=\"pgc-30570-44-0\"  class=\"panel-grid-cell\" ><div id=\"panel-30570-44-0-0\" class=\"so-panel widget widget_sow-editor panel-first-child panel-last-child\" data-index=\"49\" ><div\n\t\t\t\n\t\t\tclass=\"so-widget-sow-editor so-widget-sow-editor-base\"\n\t\t\t\n\t\t>\n<div class=\"siteorigin-widget-tinymce textwidget\">\n\t<p data-start=\"69\" data-end=\"248\">Da wir auf der Suche nach den Finnwalen waren, hielten wir uns bei den Blau-Wei\u00dfen Delfinen nicht allzu lange auf. Wie schon bei der ersten Fahrt war kein Finnwal in Sichtweite.<\/p>\n<p data-start=\"250\" data-end=\"457\">Wir wechselten uns regelm\u00e4\u00dfig ab, da es mehrere Positionen auf dem Boot gab, von denen aus wir mit Ferngl\u00e4sern nach den Walen Ausschau hielten. So konnte jeder zwischendurch auch eine kurze Pause einlegen.<\/p>\n<p data-start=\"459\" data-end=\"877\">Leider entdeckten wir w\u00e4hrend der zweiten Ausfahrt, an der ich teilnahm, keine weiteren Meeress\u00e4uger. Zudem wurde es windiger, sodass wir an jenem Tag nicht lange auf dem Meer bleiben konnten. In den zwei darauffolgenden Tagen mussten wir aus windbedingten Sicherheitsgr\u00fcnden erneut an Land bleiben. Das war nat\u00fcrlich schade \u2013 zumal es meiner Erk\u00e4ltung inzwischen besser ging. Aber so l\u00e4uft Feldforschung nun einmal.<\/p>\n<p data-start=\"879\" data-end=\"989\">W\u00e4hrenddessen unternahm ich einen Ausflug nach Barcelona \u2013 selbst dort sp\u00fcrte man den starken Wind deutlich.<\/p>\n<p data-start=\"991\" data-end=\"1227\">Als der Wind schlie\u00dflich nachlie\u00df, konnten wir nach zwei Tagen Pause endlich wieder aufs Meer hinausfahren. Die erste bemerkenswerte Beobachtung auf dieser dritten Ausfahrt war jedoch weder ein Wal noch ein Delfin: Es war ein Tordalk.<\/p>\n<\/div>\n<\/div><\/div><\/div><\/div><div id=\"pg-30570-45\"  class=\"panel-grid panel-no-style\" ><div id=\"pgc-30570-45-0\"  class=\"panel-grid-cell\" ><div id=\"panel-30570-45-0-0\" class=\"so-panel widget widget_sow-image panel-first-child panel-last-child\" data-index=\"50\" ><div\n\t\t\t\n\t\t\tclass=\"so-widget-sow-image so-widget-sow-image-default-8b5b6f678277-30570\"\n\t\t\t\n\t\t>\n<div class=\"sow-image-container\">\n\t\t<img \n\tsrc=\"https:\/\/wildlife-travel.com\/wp-content\/uploads\/2025\/10\/finnwale-vor-spaniens-kuesten-20-scaled.jpg\" width=\"2560\" height=\"1707\" srcset=\"https:\/\/wildlife-travel.com\/wp-content\/uploads\/2025\/10\/finnwale-vor-spaniens-kuesten-20-scaled.jpg 2560w, https:\/\/wildlife-travel.com\/wp-content\/uploads\/2025\/10\/finnwale-vor-spaniens-kuesten-20-300x200.jpg 300w, https:\/\/wildlife-travel.com\/wp-content\/uploads\/2025\/10\/finnwale-vor-spaniens-kuesten-20-1024x683.jpg 1024w, https:\/\/wildlife-travel.com\/wp-content\/uploads\/2025\/10\/finnwale-vor-spaniens-kuesten-20-768x512.jpg 768w, https:\/\/wildlife-travel.com\/wp-content\/uploads\/2025\/10\/finnwale-vor-spaniens-kuesten-20-1536x1024.jpg 1536w, https:\/\/wildlife-travel.com\/wp-content\/uploads\/2025\/10\/finnwale-vor-spaniens-kuesten-20-2048x1365.jpg 2048w, https:\/\/wildlife-travel.com\/wp-content\/uploads\/2025\/10\/finnwale-vor-spaniens-kuesten-20-840x560.jpg 840w, https:\/\/wildlife-travel.com\/wp-content\/uploads\/2025\/10\/finnwale-vor-spaniens-kuesten-20-120x80.jpg 120w, https:\/\/wildlife-travel.com\/wp-content\/uploads\/2025\/10\/finnwale-vor-spaniens-kuesten-20-360x240.jpg 360w, https:\/\/wildlife-travel.com\/wp-content\/uploads\/2025\/10\/finnwale-vor-spaniens-kuesten-20-600x400.jpg 600w, https:\/\/wildlife-travel.com\/wp-content\/uploads\/2025\/10\/finnwale-vor-spaniens-kuesten-20-272x182.jpg 272w\" sizes=\"(max-width: 2560px) 100vw, 2560px\" title=\"finnwale-vor-spaniens-k\u00fcsten (20)\" alt=\"Tordalk auf dem Mittelmeer\" \t\tclass=\"so-widget-image\"\/>\n\t<\/div>\n\n<\/div><\/div><\/div><\/div><div id=\"pg-30570-46\"  class=\"panel-grid panel-no-style\" ><div id=\"pgc-30570-46-0\"  class=\"panel-grid-cell\" ><div id=\"panel-30570-46-0-0\" class=\"so-panel widget widget_sow-editor panel-first-child panel-last-child\" data-index=\"51\" ><div\n\t\t\t\n\t\t\tclass=\"so-widget-sow-editor so-widget-sow-editor-base\"\n\t\t\t\n\t\t>\n<div class=\"siteorigin-widget-tinymce textwidget\">\n\t<p data-start=\"89\" data-end=\"306\">Was f\u00fcr eine gro\u00dfartige Beobachtung: Neben dem Papageitaucher einen weiteren Alkenvogel im Mittelmeer zu sichten! Ganz entspannt schien er auf dem tiefblauen Wasser zu schwimmen, ohne sich um irgendetwas zu k\u00fcmmern.<\/p>\n<p data-start=\"308\" data-end=\"579\">Da ich nun schon zwei Alkenv\u00f6gel im Mittelmeer gesehen hatte, fragte ich mich nat\u00fcrlich, welche Auswirkungen der Klimawandel auf diese Arten hat. Papageitaucher und Tordalke sind doch eher im Norden verbreitet \u2013 wie ungew\u00f6hnlich ist es also, sie im S\u00fcden noch zu beobachten?<\/p>\n<p data-start=\"581\" data-end=\"914\">Tats\u00e4chlich soll es nicht v\u00f6llig ungew\u00f6hnlich sein, Alkenv\u00f6gel wie Papageitaucher oder Tordalke im Mittelmeer zu sehen. Ob es jedoch schon eine Verschiebung ihres Verbreitungsgebiets Richtung Norden gibt, wei\u00df ich leider nicht. Falls du dar\u00fcber mehr wei\u00dft, freue ich mich sehr \u00fcber einen Kommentar oder weiterf\u00fchrende Informationen.<\/p>\n<p data-start=\"916\" data-end=\"1127\">Gerade deshalb unterst\u00fctze ich so gerne Projekte wie <a href=\"https:\/\/www.inaturalist.org\/\" target=\"_blank\" rel=\"noopener nofollow\">iNaturalist<\/a>, bei denen viele Menschen ihre Beobachtungen teilen. So kann man gemeinsam mehr \u00fcber bestimmte Tiere \u2013 und sogar Pflanzen \u2013 erfahren.<\/p>\n<\/div>\n<\/div><\/div><\/div><\/div><div id=\"pg-30570-47\"  class=\"panel-grid panel-no-style\" ><div id=\"pgc-30570-47-0\"  class=\"panel-grid-cell\" ><div id=\"panel-30570-47-0-0\" class=\"so-panel widget widget_sow-editor panel-first-child panel-last-child\" data-index=\"52\" ><div class=\"panel-widget-style panel-widget-style-for-30570-47-0-0\" ><div\n\t\t\t\n\t\t\tclass=\"so-widget-sow-editor so-widget-sow-editor-base\"\n\t\t\t\n\t\t>\n<div class=\"siteorigin-widget-tinymce textwidget\">\n\t<p><span style=\"font-size: 16pt;\"><strong data-start=\"56\" data-end=\"72\">Information:<\/strong><\/span> Falls du mehr \u00fcber Tordalke erfahren m\u00f6chtest, kannst du in einem meiner fr\u00fcheren Beitr\u00e4ge nachschauen. Dort habe ich Tordalke bereits auf <a href=\"https:\/\/wildlife-travel.com\/de\/basstoelpel-und-seehunde-auf-helgoland-im-mai\/\" target=\"_blank\" rel=\"noopener\">Helgoland<\/a> und in <a href=\"https:\/\/wildlife-travel.com\/de\/papageitaucher-auf-grimsey-in-island\/\" target=\"_blank\" rel=\"noopener\">Island<\/a> beobachten k\u00f6nnen.<\/p>\n<\/div>\n<\/div><\/div><\/div><\/div><\/div><div id=\"pg-30570-48\"  class=\"panel-grid panel-no-style\" ><div id=\"pgc-30570-48-0\"  class=\"panel-grid-cell\" ><div id=\"panel-30570-48-0-0\" class=\"so-panel widget widget_sow-editor panel-first-child panel-last-child\" data-index=\"53\" ><div\n\t\t\t\n\t\t\tclass=\"so-widget-sow-editor so-widget-sow-editor-base\"\n\t\t\t\n\t\t>\n<div class=\"siteorigin-widget-tinymce textwidget\">\n\t<p data-start=\"581\" data-end=\"914\">Der Tag versprach sch\u00f6n zu werden. W\u00e4hrend ich das Meer nach weiteren spannenden Beobachtungen \u2013 und nat\u00fcrlich nach Finnwalen \u2013 absuchte, verga\u00df ich nicht, auch die wundersch\u00f6ne katalanische Landschaft um mich herum zu genie\u00dfen.<\/p>\n<\/div>\n<\/div><\/div><\/div><\/div><div id=\"pg-30570-49\"  class=\"panel-grid panel-no-style\" ><div id=\"pgc-30570-49-0\"  class=\"panel-grid-cell\" ><div id=\"panel-30570-49-0-0\" class=\"so-panel widget widget_sow-image panel-first-child panel-last-child\" data-index=\"54\" ><div\n\t\t\t\n\t\t\tclass=\"so-widget-sow-image so-widget-sow-image-default-8b5b6f678277-30570\"\n\t\t\t\n\t\t>\n<div class=\"sow-image-container\">\n\t\t<img \n\tsrc=\"https:\/\/wildlife-travel.com\/wp-content\/uploads\/2025\/10\/finnwale-vor-spaniens-kuesten-23-scaled.jpg\" width=\"2560\" height=\"1707\" srcset=\"https:\/\/wildlife-travel.com\/wp-content\/uploads\/2025\/10\/finnwale-vor-spaniens-kuesten-23-scaled.jpg 2560w, https:\/\/wildlife-travel.com\/wp-content\/uploads\/2025\/10\/finnwale-vor-spaniens-kuesten-23-300x200.jpg 300w, https:\/\/wildlife-travel.com\/wp-content\/uploads\/2025\/10\/finnwale-vor-spaniens-kuesten-23-1024x683.jpg 1024w, https:\/\/wildlife-travel.com\/wp-content\/uploads\/2025\/10\/finnwale-vor-spaniens-kuesten-23-768x512.jpg 768w, https:\/\/wildlife-travel.com\/wp-content\/uploads\/2025\/10\/finnwale-vor-spaniens-kuesten-23-1536x1024.jpg 1536w, https:\/\/wildlife-travel.com\/wp-content\/uploads\/2025\/10\/finnwale-vor-spaniens-kuesten-23-2048x1365.jpg 2048w, https:\/\/wildlife-travel.com\/wp-content\/uploads\/2025\/10\/finnwale-vor-spaniens-kuesten-23-840x560.jpg 840w, https:\/\/wildlife-travel.com\/wp-content\/uploads\/2025\/10\/finnwale-vor-spaniens-kuesten-23-120x80.jpg 120w, https:\/\/wildlife-travel.com\/wp-content\/uploads\/2025\/10\/finnwale-vor-spaniens-kuesten-23-360x240.jpg 360w, https:\/\/wildlife-travel.com\/wp-content\/uploads\/2025\/10\/finnwale-vor-spaniens-kuesten-23-600x400.jpg 600w, https:\/\/wildlife-travel.com\/wp-content\/uploads\/2025\/10\/finnwale-vor-spaniens-kuesten-23-272x182.jpg 272w\" sizes=\"(max-width: 2560px) 100vw, 2560px\" title=\"finnwale-vor-spaniens-k\u00fcsten (23)\" alt=\"Finnwale vor Spaniens K\u00fcsten\" \t\tclass=\"so-widget-image\"\/>\n\t<\/div>\n\n<\/div><\/div><\/div><\/div><div id=\"pg-30570-50\"  class=\"panel-grid panel-no-style\" ><div id=\"pgc-30570-50-0\"  class=\"panel-grid-cell\" ><div id=\"panel-30570-50-0-0\" class=\"so-panel widget widget_sow-editor panel-first-child panel-last-child\" data-index=\"55\" ><div\n\t\t\t\n\t\t\tclass=\"so-widget-sow-editor so-widget-sow-editor-base\"\n\t\t\t\n\t\t>\n<div class=\"siteorigin-widget-tinymce textwidget\">\n\t<p data-start=\"581\" data-end=\"914\">Doch dann entdeckte jemand an Bord eine Delfinflosse etwas weiter drau\u00dfen. Waren es wieder die Blau-Wei\u00dfen Delfine?<br \/>\n<br data-start=\"173\" data-end=\"176\" \/>Nein \u2013 dieses Mal handelte es sich um Gro\u00dfe T\u00fcmmler.<\/p>\n<p>Es handelte sich jedoch nicht nur um einen Gro\u00dfen T\u00fcmmler \u2013 es waren mindestens zwei. Ein kleinerer Delfin schwamm dicht neben einem gr\u00f6\u00dferen und bewegte sich scheinbar im Einklang mit ihm.<\/p>\n<\/div>\n<\/div><\/div><\/div><\/div><div id=\"pg-30570-51\"  class=\"panel-grid panel-no-style\" ><div id=\"pgc-30570-51-0\"  class=\"panel-grid-cell\" ><div id=\"panel-30570-51-0-0\" class=\"so-panel widget widget_sow-image panel-first-child panel-last-child\" data-index=\"56\" ><div\n\t\t\t\n\t\t\tclass=\"so-widget-sow-image so-widget-sow-image-default-8b5b6f678277-30570\"\n\t\t\t\n\t\t>\n<div class=\"sow-image-container\">\n\t\t<img \n\tsrc=\"https:\/\/wildlife-travel.com\/wp-content\/uploads\/2025\/10\/finnwale-vor-spaniens-kuesten-25-scaled.jpg\" width=\"2560\" height=\"1707\" srcset=\"https:\/\/wildlife-travel.com\/wp-content\/uploads\/2025\/10\/finnwale-vor-spaniens-kuesten-25-scaled.jpg 2560w, https:\/\/wildlife-travel.com\/wp-content\/uploads\/2025\/10\/finnwale-vor-spaniens-kuesten-25-300x200.jpg 300w, https:\/\/wildlife-travel.com\/wp-content\/uploads\/2025\/10\/finnwale-vor-spaniens-kuesten-25-1024x683.jpg 1024w, https:\/\/wildlife-travel.com\/wp-content\/uploads\/2025\/10\/finnwale-vor-spaniens-kuesten-25-768x512.jpg 768w, https:\/\/wildlife-travel.com\/wp-content\/uploads\/2025\/10\/finnwale-vor-spaniens-kuesten-25-1536x1024.jpg 1536w, https:\/\/wildlife-travel.com\/wp-content\/uploads\/2025\/10\/finnwale-vor-spaniens-kuesten-25-2048x1365.jpg 2048w, https:\/\/wildlife-travel.com\/wp-content\/uploads\/2025\/10\/finnwale-vor-spaniens-kuesten-25-840x560.jpg 840w, https:\/\/wildlife-travel.com\/wp-content\/uploads\/2025\/10\/finnwale-vor-spaniens-kuesten-25-120x80.jpg 120w, https:\/\/wildlife-travel.com\/wp-content\/uploads\/2025\/10\/finnwale-vor-spaniens-kuesten-25-360x240.jpg 360w, https:\/\/wildlife-travel.com\/wp-content\/uploads\/2025\/10\/finnwale-vor-spaniens-kuesten-25-600x400.jpg 600w, https:\/\/wildlife-travel.com\/wp-content\/uploads\/2025\/10\/finnwale-vor-spaniens-kuesten-25-272x182.jpg 272w\" sizes=\"(max-width: 2560px) 100vw, 2560px\" title=\"finnwale-vor-spaniens-k\u00fcsten (25)\" alt=\"Finnwale vor Spaniens K\u00fcsten\" \t\tclass=\"so-widget-image\"\/>\n\t<\/div>\n\n<\/div><\/div><\/div><\/div><div id=\"pg-30570-52\"  class=\"panel-grid panel-no-style\" ><div id=\"pgc-30570-52-0\"  class=\"panel-grid-cell\" ><div id=\"panel-30570-52-0-0\" class=\"so-panel widget widget_sow-editor panel-first-child panel-last-child\" data-index=\"57\" ><div\n\t\t\t\n\t\t\tclass=\"so-widget-sow-editor so-widget-sow-editor-base\"\n\t\t\t\n\t\t>\n<div class=\"siteorigin-widget-tinymce textwidget\">\n\t<p data-start=\"581\" data-end=\"914\">Doch es waren nicht nur zwei Delfine \u2013 es waren noch mehr.<br \/>\n<br data-start=\"124\" data-end=\"127\" \/>Die Gro\u00dfen T\u00fcmmler bewegten sich deutlich langsamer als die schnellen Blau-Wei\u00dfen Delfine, zeigten aber ebenfalls ihre verspielte Seite. Einer von ihnen sprang sogar so hoch, dass sein ganzer K\u00f6rper kurzzeitig aus dem Wasser ragte \u2013 wenn auch hinter dem vorderen Delfin etwas verdeckt.<\/p>\n<\/div>\n<\/div><\/div><\/div><\/div><div id=\"pg-30570-53\"  class=\"panel-grid panel-no-style\" ><div id=\"pgc-30570-53-0\"  class=\"panel-grid-cell\" ><div id=\"panel-30570-53-0-0\" class=\"so-panel widget widget_sow-image panel-first-child panel-last-child\" data-index=\"58\" ><div\n\t\t\t\n\t\t\tclass=\"so-widget-sow-image so-widget-sow-image-default-8b5b6f678277-30570\"\n\t\t\t\n\t\t>\n<div class=\"sow-image-container\">\n\t\t<img \n\tsrc=\"https:\/\/wildlife-travel.com\/wp-content\/uploads\/2025\/10\/finnwale-vor-spaniens-kuesten-26-scaled.jpg\" width=\"2560\" height=\"1707\" srcset=\"https:\/\/wildlife-travel.com\/wp-content\/uploads\/2025\/10\/finnwale-vor-spaniens-kuesten-26-scaled.jpg 2560w, https:\/\/wildlife-travel.com\/wp-content\/uploads\/2025\/10\/finnwale-vor-spaniens-kuesten-26-300x200.jpg 300w, https:\/\/wildlife-travel.com\/wp-content\/uploads\/2025\/10\/finnwale-vor-spaniens-kuesten-26-1024x683.jpg 1024w, https:\/\/wildlife-travel.com\/wp-content\/uploads\/2025\/10\/finnwale-vor-spaniens-kuesten-26-768x512.jpg 768w, https:\/\/wildlife-travel.com\/wp-content\/uploads\/2025\/10\/finnwale-vor-spaniens-kuesten-26-1536x1024.jpg 1536w, https:\/\/wildlife-travel.com\/wp-content\/uploads\/2025\/10\/finnwale-vor-spaniens-kuesten-26-2048x1365.jpg 2048w, https:\/\/wildlife-travel.com\/wp-content\/uploads\/2025\/10\/finnwale-vor-spaniens-kuesten-26-840x560.jpg 840w, https:\/\/wildlife-travel.com\/wp-content\/uploads\/2025\/10\/finnwale-vor-spaniens-kuesten-26-120x80.jpg 120w, https:\/\/wildlife-travel.com\/wp-content\/uploads\/2025\/10\/finnwale-vor-spaniens-kuesten-26-360x240.jpg 360w, https:\/\/wildlife-travel.com\/wp-content\/uploads\/2025\/10\/finnwale-vor-spaniens-kuesten-26-600x400.jpg 600w, https:\/\/wildlife-travel.com\/wp-content\/uploads\/2025\/10\/finnwale-vor-spaniens-kuesten-26-272x182.jpg 272w\" sizes=\"(max-width: 2560px) 100vw, 2560px\" title=\"finnwale-vor-spaniens-k\u00fcsten (26)\" alt=\"Finnwale vor Spaniens K\u00fcsten\" \t\tclass=\"so-widget-image\"\/>\n\t<\/div>\n\n<\/div><\/div><\/div><\/div><div id=\"pg-30570-54\"  class=\"panel-grid panel-no-style\" ><div id=\"pgc-30570-54-0\"  class=\"panel-grid-cell\" ><div id=\"panel-30570-54-0-0\" class=\"so-panel widget widget_sow-editor panel-first-child panel-last-child\" data-index=\"59\" ><div\n\t\t\t\n\t\t\tclass=\"so-widget-sow-editor so-widget-sow-editor-base\"\n\t\t\t\n\t\t>\n<div class=\"siteorigin-widget-tinymce textwidget\">\n\t<p data-start=\"581\" data-end=\"914\">Ja, Delfine zu fotografieren ist alles andere als einfach.<br \/>\n<br data-start=\"114\" data-end=\"117\" \/>Doch dann tauchte ein Delfin etwas n\u00e4her am Boot auf \u2013 ein Moment, auf den ich gehofft hatte.<\/p>\n<\/div>\n<\/div><\/div><\/div><\/div><div id=\"pg-30570-55\"  class=\"panel-grid panel-no-style\" ><div id=\"pgc-30570-55-0\"  class=\"panel-grid-cell\" ><div id=\"panel-30570-55-0-0\" class=\"so-panel widget widget_sow-image panel-first-child panel-last-child\" data-index=\"60\" ><div\n\t\t\t\n\t\t\tclass=\"so-widget-sow-image so-widget-sow-image-default-8b5b6f678277-30570\"\n\t\t\t\n\t\t>\n<div class=\"sow-image-container\">\n\t\t<img \n\tsrc=\"https:\/\/wildlife-travel.com\/wp-content\/uploads\/2025\/10\/finnwale-vor-spaniens-kuesten-29-scaled.jpg\" width=\"2560\" height=\"1707\" srcset=\"https:\/\/wildlife-travel.com\/wp-content\/uploads\/2025\/10\/finnwale-vor-spaniens-kuesten-29-scaled.jpg 2560w, https:\/\/wildlife-travel.com\/wp-content\/uploads\/2025\/10\/finnwale-vor-spaniens-kuesten-29-300x200.jpg 300w, https:\/\/wildlife-travel.com\/wp-content\/uploads\/2025\/10\/finnwale-vor-spaniens-kuesten-29-1024x683.jpg 1024w, https:\/\/wildlife-travel.com\/wp-content\/uploads\/2025\/10\/finnwale-vor-spaniens-kuesten-29-768x512.jpg 768w, https:\/\/wildlife-travel.com\/wp-content\/uploads\/2025\/10\/finnwale-vor-spaniens-kuesten-29-1536x1024.jpg 1536w, https:\/\/wildlife-travel.com\/wp-content\/uploads\/2025\/10\/finnwale-vor-spaniens-kuesten-29-2048x1365.jpg 2048w, https:\/\/wildlife-travel.com\/wp-content\/uploads\/2025\/10\/finnwale-vor-spaniens-kuesten-29-840x560.jpg 840w, https:\/\/wildlife-travel.com\/wp-content\/uploads\/2025\/10\/finnwale-vor-spaniens-kuesten-29-120x80.jpg 120w, https:\/\/wildlife-travel.com\/wp-content\/uploads\/2025\/10\/finnwale-vor-spaniens-kuesten-29-360x240.jpg 360w, https:\/\/wildlife-travel.com\/wp-content\/uploads\/2025\/10\/finnwale-vor-spaniens-kuesten-29-600x400.jpg 600w, https:\/\/wildlife-travel.com\/wp-content\/uploads\/2025\/10\/finnwale-vor-spaniens-kuesten-29-272x182.jpg 272w\" sizes=\"(max-width: 2560px) 100vw, 2560px\" title=\"finnwale-vor-spaniens-k\u00fcsten (29)\" alt=\"Gro\u00dfe T\u00fcmmler vor Spaniens K\u00fcsten\" \t\tclass=\"so-widget-image\"\/>\n\t<\/div>\n\n<\/div><\/div><\/div><\/div><div id=\"pg-30570-56\"  class=\"panel-grid panel-no-style\" ><div id=\"pgc-30570-56-0\"  class=\"panel-grid-cell\" ><div id=\"panel-30570-56-0-0\" class=\"so-panel widget widget_sow-editor panel-first-child panel-last-child\" data-index=\"61\" ><div\n\t\t\t\n\t\t\tclass=\"so-widget-sow-editor so-widget-sow-editor-base\"\n\t\t\t\n\t\t>\n<div class=\"siteorigin-widget-tinymce textwidget\">\n\t<p data-start=\"66\" data-end=\"292\">Ich war froh, dass wir uns auch Zeit f\u00fcr die Gro\u00dfen T\u00fcmmler nahmen. Auch wenn wir auf der Suche nach Finnwalen waren \u2013 und ich mir so sehr w\u00fcnschte, welche zu sehen \u2013 freute ich mich, diesen verspielten Delfinen zu begegnen.<\/p>\n<p data-start=\"294\" data-end=\"688\">Wichtig zu wissen ist au\u00dferdem, dass EDMAKTUB vor allem die Finnwale erforscht. Das bedeutet, dass bislang (noch?) keine Fotoidentifikation bei den Gro\u00dfen T\u00fcmmlern durchgef\u00fchrt wird. Bei der Fotoidentifikation geht es darum, individuelle Tiere anhand ihrer R\u00fcckenflosse zu erkennen. Gro\u00dfe T\u00fcmmler haben Kerben in der R\u00fcckenflosse, die f\u00fcr diese individuelle Bestimmung genutzt werden.<\/p>\n<\/div>\n<\/div><\/div><\/div><\/div><div id=\"pg-30570-57\"  class=\"panel-grid panel-no-style\" ><div id=\"pgc-30570-57-0\"  class=\"panel-grid-cell\" ><div id=\"panel-30570-57-0-0\" class=\"so-panel widget widget_sow-image panel-first-child panel-last-child\" data-index=\"62\" ><div\n\t\t\t\n\t\t\tclass=\"so-widget-sow-image so-widget-sow-image-default-8b5b6f678277-30570\"\n\t\t\t\n\t\t>\n<div class=\"sow-image-container\">\n\t\t<img \n\tsrc=\"https:\/\/wildlife-travel.com\/wp-content\/uploads\/2025\/10\/finnwale-vor-spaniens-kuesten-30-scaled.jpg\" width=\"2560\" height=\"1707\" srcset=\"https:\/\/wildlife-travel.com\/wp-content\/uploads\/2025\/10\/finnwale-vor-spaniens-kuesten-30-scaled.jpg 2560w, https:\/\/wildlife-travel.com\/wp-content\/uploads\/2025\/10\/finnwale-vor-spaniens-kuesten-30-300x200.jpg 300w, https:\/\/wildlife-travel.com\/wp-content\/uploads\/2025\/10\/finnwale-vor-spaniens-kuesten-30-1024x683.jpg 1024w, https:\/\/wildlife-travel.com\/wp-content\/uploads\/2025\/10\/finnwale-vor-spaniens-kuesten-30-768x512.jpg 768w, https:\/\/wildlife-travel.com\/wp-content\/uploads\/2025\/10\/finnwale-vor-spaniens-kuesten-30-1536x1024.jpg 1536w, https:\/\/wildlife-travel.com\/wp-content\/uploads\/2025\/10\/finnwale-vor-spaniens-kuesten-30-2048x1365.jpg 2048w, https:\/\/wildlife-travel.com\/wp-content\/uploads\/2025\/10\/finnwale-vor-spaniens-kuesten-30-840x560.jpg 840w, https:\/\/wildlife-travel.com\/wp-content\/uploads\/2025\/10\/finnwale-vor-spaniens-kuesten-30-120x80.jpg 120w, https:\/\/wildlife-travel.com\/wp-content\/uploads\/2025\/10\/finnwale-vor-spaniens-kuesten-30-360x240.jpg 360w, https:\/\/wildlife-travel.com\/wp-content\/uploads\/2025\/10\/finnwale-vor-spaniens-kuesten-30-600x400.jpg 600w, https:\/\/wildlife-travel.com\/wp-content\/uploads\/2025\/10\/finnwale-vor-spaniens-kuesten-30-272x182.jpg 272w\" sizes=\"(max-width: 2560px) 100vw, 2560px\" title=\"finnwale-vor-spaniens-k\u00fcsten (30)\" alt=\"Gro\u00dfe T\u00fcmmler vor Spaniens K\u00fcsten\" \t\tclass=\"so-widget-image\"\/>\n\t<\/div>\n\n<\/div><\/div><\/div><\/div><div id=\"pg-30570-58\"  class=\"panel-grid panel-no-style\" ><div id=\"pgc-30570-58-0\"  class=\"panel-grid-cell\" ><div id=\"panel-30570-58-0-0\" class=\"so-panel widget widget_sow-editor panel-first-child panel-last-child\" data-index=\"63\" ><div\n\t\t\t\n\t\t\tclass=\"so-widget-sow-editor so-widget-sow-editor-base\"\n\t\t\t\n\t\t>\n<div class=\"siteorigin-widget-tinymce textwidget\">\n\t<p>EDMAKTUB identifiziert einzelne Tiere vor allem anhand von Drohnenaufnahmen (siehe weiter oben und auf der <a href=\"https:\/\/edmaktub.org\/en\/fin-whale-project\/\" target=\"_blank\" rel=\"noopener\">Webseite<\/a>). Dies geschieht jedoch nur bei Finnwalen, nicht bei Gro\u00dfen T\u00fcmmlern.<\/p>\n<p data-start=\"308\" data-end=\"595\">M\u00f6chte man die R\u00fcckenflossen von Gro\u00dfen T\u00fcmmlern fotografieren, um sp\u00e4ter einzelne Tiere individuell zu bestimmen, spielt der Blickwinkel eine entscheidende Rolle. Schwimmt ein Delfin weg, wird es nat\u00fcrlich sehr schwierig, die R\u00fcckenflosse f\u00fcr eine eindeutige Identifikation zu nutzen.<\/p>\n<\/div>\n<\/div><\/div><\/div><\/div><div id=\"pg-30570-59\"  class=\"panel-grid panel-no-style\" ><div id=\"pgc-30570-59-0\"  class=\"panel-grid-cell\" ><div id=\"panel-30570-59-0-0\" class=\"so-panel widget widget_sow-image panel-first-child panel-last-child\" data-index=\"64\" ><div\n\t\t\t\n\t\t\tclass=\"so-widget-sow-image so-widget-sow-image-default-8b5b6f678277-30570\"\n\t\t\t\n\t\t>\n<div class=\"sow-image-container\">\n\t\t<img \n\tsrc=\"https:\/\/wildlife-travel.com\/wp-content\/uploads\/2025\/10\/finnwale-vor-spaniens-kuesten-31-scaled.jpg\" width=\"2560\" height=\"1707\" srcset=\"https:\/\/wildlife-travel.com\/wp-content\/uploads\/2025\/10\/finnwale-vor-spaniens-kuesten-31-scaled.jpg 2560w, https:\/\/wildlife-travel.com\/wp-content\/uploads\/2025\/10\/finnwale-vor-spaniens-kuesten-31-300x200.jpg 300w, https:\/\/wildlife-travel.com\/wp-content\/uploads\/2025\/10\/finnwale-vor-spaniens-kuesten-31-1024x683.jpg 1024w, https:\/\/wildlife-travel.com\/wp-content\/uploads\/2025\/10\/finnwale-vor-spaniens-kuesten-31-768x512.jpg 768w, https:\/\/wildlife-travel.com\/wp-content\/uploads\/2025\/10\/finnwale-vor-spaniens-kuesten-31-1536x1024.jpg 1536w, https:\/\/wildlife-travel.com\/wp-content\/uploads\/2025\/10\/finnwale-vor-spaniens-kuesten-31-2048x1365.jpg 2048w, https:\/\/wildlife-travel.com\/wp-content\/uploads\/2025\/10\/finnwale-vor-spaniens-kuesten-31-840x560.jpg 840w, https:\/\/wildlife-travel.com\/wp-content\/uploads\/2025\/10\/finnwale-vor-spaniens-kuesten-31-120x80.jpg 120w, https:\/\/wildlife-travel.com\/wp-content\/uploads\/2025\/10\/finnwale-vor-spaniens-kuesten-31-360x240.jpg 360w, https:\/\/wildlife-travel.com\/wp-content\/uploads\/2025\/10\/finnwale-vor-spaniens-kuesten-31-600x400.jpg 600w, https:\/\/wildlife-travel.com\/wp-content\/uploads\/2025\/10\/finnwale-vor-spaniens-kuesten-31-272x182.jpg 272w\" sizes=\"(max-width: 2560px) 100vw, 2560px\" title=\"finnwale-vor-spaniens-k\u00fcsten (31)\" alt=\"Gro\u00dfe T\u00fcmmler vor Spaniens K\u00fcsten\" \t\tclass=\"so-widget-image\"\/>\n\t<\/div>\n\n<\/div><\/div><\/div><\/div><div id=\"pg-30570-60\"  class=\"panel-grid panel-no-style\" ><div id=\"pgc-30570-60-0\"  class=\"panel-grid-cell\" ><div id=\"panel-30570-60-0-0\" class=\"so-panel widget widget_sow-editor panel-first-child panel-last-child\" data-index=\"65\" ><div\n\t\t\t\n\t\t\tclass=\"so-widget-sow-editor so-widget-sow-editor-base\"\n\t\t\t\n\t\t>\n<div class=\"siteorigin-widget-tinymce textwidget\">\n\t<p>In einem Moment gelang mir eine besonders sch\u00f6ne Aufnahme: Zwei Delfine tauchten gleichzeitig auf \u2013 einer weiter vorne, der andere weiter hinten \u2013 und von beiden konnte ich das Gesicht einfangen.<\/p>\n<\/div>\n<\/div><\/div><\/div><\/div><div id=\"pg-30570-61\"  class=\"panel-grid panel-no-style\" ><div id=\"pgc-30570-61-0\"  class=\"panel-grid-cell\" ><div id=\"panel-30570-61-0-0\" class=\"so-panel widget widget_sow-image panel-first-child panel-last-child\" data-index=\"66\" ><div\n\t\t\t\n\t\t\tclass=\"so-widget-sow-image so-widget-sow-image-default-8b5b6f678277-30570\"\n\t\t\t\n\t\t>\n<div class=\"sow-image-container\">\n\t\t<img \n\tsrc=\"https:\/\/wildlife-travel.com\/wp-content\/uploads\/2025\/10\/finnwale-vor-spaniens-kuesten-32-scaled.jpg\" width=\"2560\" height=\"1707\" srcset=\"https:\/\/wildlife-travel.com\/wp-content\/uploads\/2025\/10\/finnwale-vor-spaniens-kuesten-32-scaled.jpg 2560w, https:\/\/wildlife-travel.com\/wp-content\/uploads\/2025\/10\/finnwale-vor-spaniens-kuesten-32-300x200.jpg 300w, https:\/\/wildlife-travel.com\/wp-content\/uploads\/2025\/10\/finnwale-vor-spaniens-kuesten-32-1024x683.jpg 1024w, https:\/\/wildlife-travel.com\/wp-content\/uploads\/2025\/10\/finnwale-vor-spaniens-kuesten-32-768x512.jpg 768w, https:\/\/wildlife-travel.com\/wp-content\/uploads\/2025\/10\/finnwale-vor-spaniens-kuesten-32-1536x1024.jpg 1536w, https:\/\/wildlife-travel.com\/wp-content\/uploads\/2025\/10\/finnwale-vor-spaniens-kuesten-32-2048x1365.jpg 2048w, https:\/\/wildlife-travel.com\/wp-content\/uploads\/2025\/10\/finnwale-vor-spaniens-kuesten-32-840x560.jpg 840w, https:\/\/wildlife-travel.com\/wp-content\/uploads\/2025\/10\/finnwale-vor-spaniens-kuesten-32-120x80.jpg 120w, https:\/\/wildlife-travel.com\/wp-content\/uploads\/2025\/10\/finnwale-vor-spaniens-kuesten-32-360x240.jpg 360w, https:\/\/wildlife-travel.com\/wp-content\/uploads\/2025\/10\/finnwale-vor-spaniens-kuesten-32-600x400.jpg 600w, https:\/\/wildlife-travel.com\/wp-content\/uploads\/2025\/10\/finnwale-vor-spaniens-kuesten-32-272x182.jpg 272w\" sizes=\"(max-width: 2560px) 100vw, 2560px\" title=\"finnwale-vor-spaniens-k\u00fcsten (32)\" alt=\"Gro\u00dfe T\u00fcmmler vor Spaniens K\u00fcsten\" \t\tclass=\"so-widget-image\"\/>\n\t<\/div>\n\n<\/div><\/div><\/div><\/div><div id=\"pg-30570-62\"  class=\"panel-grid panel-no-style\" ><div id=\"pgc-30570-62-0\"  class=\"panel-grid-cell\" ><div id=\"panel-30570-62-0-0\" class=\"so-panel widget widget_sow-editor panel-first-child panel-last-child\" data-index=\"67\" ><div\n\t\t\t\n\t\t\tclass=\"so-widget-sow-editor so-widget-sow-editor-base\"\n\t\t\t\n\t\t>\n<div class=\"siteorigin-widget-tinymce textwidget\">\n\t<p>Inzwischen hatte ich die Gro\u00dfen T\u00fcmmler schon mehrmals gesehen, und diese Sichtung war wirklich besonders sch\u00f6n. Die Delfine schwammen gem\u00e4chlich und tauchten immer wieder auf, deutlich vorhersehbarer als bei fr\u00fcheren Beobachtungen. Hinzu kam das wunderbare Wetter \u2013 rundum zufrieden genoss ich den Moment, auch wenn ich weiterhin auf Finnwale hoffte.<\/p>\n<p>Gro\u00dfe T\u00fcmmler sind, \u00e4hnlich wie die Blau-Wei\u00dfen Delfine, recht weit verbreitet. Bevorzugt trifft man sie zwar in tropischen Gew\u00e4ssern, doch auch in n\u00f6rdlicheren Regionen wie Schottland oder ganz im S\u00fcden in S\u00fcdafrika lassen sie sich beobachten. <a href=\"https:\/\/wildlife-travel.com\/de\/grosse-tuemmler-und-andere-delfine-in-plettenberg-bay-suedafrika\/\" target=\"_blank\" rel=\"noopener\">Dort<\/a> habe ich die Gro\u00dfen T\u00fcmmler bereits selbst gesehen.<\/p>\n<\/div>\n<\/div><\/div><\/div><\/div><div id=\"pg-30570-63\"  class=\"panel-grid panel-no-style\" ><div id=\"pgc-30570-63-0\"  class=\"panel-grid-cell\" ><div id=\"panel-30570-63-0-0\" class=\"so-panel widget widget_sow-image panel-first-child panel-last-child\" data-index=\"68\" ><div\n\t\t\t\n\t\t\tclass=\"so-widget-sow-image so-widget-sow-image-default-8b5b6f678277-30570\"\n\t\t\t\n\t\t>\n<div class=\"sow-image-container\">\n\t\t<img \n\tsrc=\"https:\/\/wildlife-travel.com\/wp-content\/uploads\/2025\/10\/finnwale-vor-spaniens-kuesten-33-scaled.jpg\" width=\"2560\" height=\"1707\" srcset=\"https:\/\/wildlife-travel.com\/wp-content\/uploads\/2025\/10\/finnwale-vor-spaniens-kuesten-33-scaled.jpg 2560w, https:\/\/wildlife-travel.com\/wp-content\/uploads\/2025\/10\/finnwale-vor-spaniens-kuesten-33-300x200.jpg 300w, https:\/\/wildlife-travel.com\/wp-content\/uploads\/2025\/10\/finnwale-vor-spaniens-kuesten-33-1024x683.jpg 1024w, https:\/\/wildlife-travel.com\/wp-content\/uploads\/2025\/10\/finnwale-vor-spaniens-kuesten-33-768x512.jpg 768w, https:\/\/wildlife-travel.com\/wp-content\/uploads\/2025\/10\/finnwale-vor-spaniens-kuesten-33-1536x1024.jpg 1536w, https:\/\/wildlife-travel.com\/wp-content\/uploads\/2025\/10\/finnwale-vor-spaniens-kuesten-33-2048x1365.jpg 2048w, https:\/\/wildlife-travel.com\/wp-content\/uploads\/2025\/10\/finnwale-vor-spaniens-kuesten-33-840x560.jpg 840w, https:\/\/wildlife-travel.com\/wp-content\/uploads\/2025\/10\/finnwale-vor-spaniens-kuesten-33-120x80.jpg 120w, https:\/\/wildlife-travel.com\/wp-content\/uploads\/2025\/10\/finnwale-vor-spaniens-kuesten-33-360x240.jpg 360w, https:\/\/wildlife-travel.com\/wp-content\/uploads\/2025\/10\/finnwale-vor-spaniens-kuesten-33-600x400.jpg 600w, https:\/\/wildlife-travel.com\/wp-content\/uploads\/2025\/10\/finnwale-vor-spaniens-kuesten-33-272x182.jpg 272w\" sizes=\"(max-width: 2560px) 100vw, 2560px\" title=\"finnwale-vor-spaniens-k\u00fcsten (33)\" alt=\"Gro\u00dfe T\u00fcmmler vor Spaniens K\u00fcsten\" \t\tclass=\"so-widget-image\"\/>\n\t<\/div>\n\n<\/div><\/div><\/div><\/div><div id=\"pg-30570-64\"  class=\"panel-grid panel-no-style\" ><div id=\"pgc-30570-64-0\"  class=\"panel-grid-cell\" ><div id=\"panel-30570-64-0-0\" class=\"so-panel widget widget_sow-editor panel-first-child panel-last-child\" data-index=\"69\" ><div class=\"panel-widget-style panel-widget-style-for-30570-64-0-0\" ><div\n\t\t\t\n\t\t\tclass=\"so-widget-sow-editor so-widget-sow-editor-base\"\n\t\t\t\n\t\t>\n<div class=\"siteorigin-widget-tinymce textwidget\">\n\t<p><strong data-start=\"74\" data-end=\"90\"><span style=\"font-size: 16pt;\">Information<\/span>:<\/strong> S\u00fcdafrika ist ein wahres Paradies f\u00fcr Wal- und Delfinbeobachtungen. Dort habe ich <a href=\"https:\/\/wildlife-travel.com\/de\/whale-watching-in-plettenberg-bay-suedafrika\/\" target=\"_blank\" rel=\"noopener\">Buckelwale, S\u00fcdliche Glattwale und Brydewale<\/a> gesehen \u2013 aber auch <a href=\"https:\/\/wildlife-travel.com\/de\/grosse-tuemmler-und-andere-delfine-in-plettenberg-bay-suedafrika\/\" target=\"_blank\" rel=\"noopener\">Gro\u00dfe T\u00fcmmler, Gew\u00f6hnliche Delfine sowie Buckeldelfine<\/a>.<\/p>\n<\/div>\n<\/div><\/div><\/div><\/div><\/div><div id=\"pg-30570-65\"  class=\"panel-grid panel-no-style\" ><div id=\"pgc-30570-65-0\"  class=\"panel-grid-cell\" ><div id=\"panel-30570-65-0-0\" class=\"so-panel widget widget_sow-editor panel-first-child panel-last-child\" data-index=\"70\" ><div\n\t\t\t\n\t\t\tclass=\"so-widget-sow-editor so-widget-sow-editor-base\"\n\t\t\t\n\t\t>\n<div class=\"siteorigin-widget-tinymce textwidget\">\n\t<p>Ein Gro\u00dfer T\u00fcmmler hatte etwas an seiner R\u00fcckenflosse h\u00e4ngen. Leider bemerkte ich das erst im Nachhinein und konnte daher nicht herausfinden, was es genau war. Es handelte sich, glaube ich, nicht um Hautfetzen \u2013 vielleicht war es pflanzliches Material, das im Meer umherschwamm.<\/p>\n<\/div>\n<\/div><\/div><\/div><\/div><div id=\"pg-30570-66\"  class=\"panel-grid panel-no-style\" ><div id=\"pgc-30570-66-0\"  class=\"panel-grid-cell\" ><div id=\"panel-30570-66-0-0\" class=\"so-panel widget widget_sow-image panel-first-child panel-last-child\" data-index=\"71\" ><div\n\t\t\t\n\t\t\tclass=\"so-widget-sow-image so-widget-sow-image-default-8b5b6f678277-30570\"\n\t\t\t\n\t\t>\n<div class=\"sow-image-container\">\n\t\t<img \n\tsrc=\"https:\/\/wildlife-travel.com\/wp-content\/uploads\/2025\/10\/finnwale-vor-spaniens-kuesten-35-scaled.jpg\" width=\"2560\" height=\"1707\" srcset=\"https:\/\/wildlife-travel.com\/wp-content\/uploads\/2025\/10\/finnwale-vor-spaniens-kuesten-35-scaled.jpg 2560w, https:\/\/wildlife-travel.com\/wp-content\/uploads\/2025\/10\/finnwale-vor-spaniens-kuesten-35-300x200.jpg 300w, https:\/\/wildlife-travel.com\/wp-content\/uploads\/2025\/10\/finnwale-vor-spaniens-kuesten-35-1024x683.jpg 1024w, https:\/\/wildlife-travel.com\/wp-content\/uploads\/2025\/10\/finnwale-vor-spaniens-kuesten-35-768x512.jpg 768w, https:\/\/wildlife-travel.com\/wp-content\/uploads\/2025\/10\/finnwale-vor-spaniens-kuesten-35-1536x1024.jpg 1536w, https:\/\/wildlife-travel.com\/wp-content\/uploads\/2025\/10\/finnwale-vor-spaniens-kuesten-35-2048x1365.jpg 2048w, https:\/\/wildlife-travel.com\/wp-content\/uploads\/2025\/10\/finnwale-vor-spaniens-kuesten-35-840x560.jpg 840w, https:\/\/wildlife-travel.com\/wp-content\/uploads\/2025\/10\/finnwale-vor-spaniens-kuesten-35-120x80.jpg 120w, https:\/\/wildlife-travel.com\/wp-content\/uploads\/2025\/10\/finnwale-vor-spaniens-kuesten-35-360x240.jpg 360w, https:\/\/wildlife-travel.com\/wp-content\/uploads\/2025\/10\/finnwale-vor-spaniens-kuesten-35-600x400.jpg 600w, https:\/\/wildlife-travel.com\/wp-content\/uploads\/2025\/10\/finnwale-vor-spaniens-kuesten-35-272x182.jpg 272w\" sizes=\"(max-width: 2560px) 100vw, 2560px\" title=\"finnwale-vor-spaniens-k\u00fcsten (35)\" alt=\"Gro\u00dfe T\u00fcmmler vor Spaniens K\u00fcsten\" \t\tclass=\"so-widget-image\"\/>\n\t<\/div>\n\n<\/div><\/div><\/div><\/div><div id=\"pg-30570-67\"  class=\"panel-grid panel-no-style\" ><div id=\"pgc-30570-67-0\"  class=\"panel-grid-cell\" ><div id=\"panel-30570-67-0-0\" class=\"so-panel widget widget_sow-editor panel-first-child panel-last-child\" data-index=\"72\" ><div\n\t\t\t\n\t\t\tclass=\"so-widget-sow-editor so-widget-sow-editor-base\"\n\t\t\t\n\t\t>\n<div class=\"siteorigin-widget-tinymce textwidget\">\n\t<p>Die Gro\u00dfen T\u00fcmmler kamen teilweise sehr nah ans Boot heran. Die Forscher:innen fuhren jedoch nicht einfach schnell der Gruppe hinterher, sondern bewegten sich vorsichtig und langsam \u2013 und lie\u00dfen die Delfine selbst entscheiden, wie nah sie sich n\u00e4hern wollten.<\/p>\n<\/div>\n<\/div><\/div><\/div><\/div><div id=\"pg-30570-68\"  class=\"panel-grid panel-no-style\" ><div id=\"pgc-30570-68-0\"  class=\"panel-grid-cell\" ><div id=\"panel-30570-68-0-0\" class=\"so-panel widget widget_sow-image panel-first-child panel-last-child\" data-index=\"73\" ><div\n\t\t\t\n\t\t\tclass=\"so-widget-sow-image so-widget-sow-image-default-8b5b6f678277-30570\"\n\t\t\t\n\t\t>\n<div class=\"sow-image-container\">\n\t\t<img \n\tsrc=\"https:\/\/wildlife-travel.com\/wp-content\/uploads\/2025\/10\/finnwale-vor-spaniens-kuesten-36-scaled.jpg\" width=\"2560\" height=\"1707\" srcset=\"https:\/\/wildlife-travel.com\/wp-content\/uploads\/2025\/10\/finnwale-vor-spaniens-kuesten-36-scaled.jpg 2560w, https:\/\/wildlife-travel.com\/wp-content\/uploads\/2025\/10\/finnwale-vor-spaniens-kuesten-36-300x200.jpg 300w, https:\/\/wildlife-travel.com\/wp-content\/uploads\/2025\/10\/finnwale-vor-spaniens-kuesten-36-1024x683.jpg 1024w, https:\/\/wildlife-travel.com\/wp-content\/uploads\/2025\/10\/finnwale-vor-spaniens-kuesten-36-768x512.jpg 768w, https:\/\/wildlife-travel.com\/wp-content\/uploads\/2025\/10\/finnwale-vor-spaniens-kuesten-36-1536x1024.jpg 1536w, https:\/\/wildlife-travel.com\/wp-content\/uploads\/2025\/10\/finnwale-vor-spaniens-kuesten-36-2048x1365.jpg 2048w, https:\/\/wildlife-travel.com\/wp-content\/uploads\/2025\/10\/finnwale-vor-spaniens-kuesten-36-840x560.jpg 840w, https:\/\/wildlife-travel.com\/wp-content\/uploads\/2025\/10\/finnwale-vor-spaniens-kuesten-36-120x80.jpg 120w, https:\/\/wildlife-travel.com\/wp-content\/uploads\/2025\/10\/finnwale-vor-spaniens-kuesten-36-360x240.jpg 360w, https:\/\/wildlife-travel.com\/wp-content\/uploads\/2025\/10\/finnwale-vor-spaniens-kuesten-36-600x400.jpg 600w, https:\/\/wildlife-travel.com\/wp-content\/uploads\/2025\/10\/finnwale-vor-spaniens-kuesten-36-272x182.jpg 272w\" sizes=\"(max-width: 2560px) 100vw, 2560px\" title=\"finnwale-vor-spaniens-k\u00fcsten (36)\" alt=\"Gro\u00dfe T\u00fcmmler vor Spaniens K\u00fcsten\" \t\tclass=\"so-widget-image\"\/>\n\t<\/div>\n\n<\/div><\/div><\/div><div id=\"pgc-30570-68-1\"  class=\"panel-grid-cell\" ><div id=\"panel-30570-68-1-0\" class=\"so-panel widget widget_sow-image panel-first-child panel-last-child\" data-index=\"74\" ><div\n\t\t\t\n\t\t\tclass=\"so-widget-sow-image so-widget-sow-image-default-8b5b6f678277-30570\"\n\t\t\t\n\t\t>\n<div class=\"sow-image-container\">\n\t\t<img \n\tsrc=\"https:\/\/wildlife-travel.com\/wp-content\/uploads\/2025\/10\/finnwale-vor-spaniens-kuesten-37-scaled.jpg\" width=\"2560\" height=\"1707\" srcset=\"https:\/\/wildlife-travel.com\/wp-content\/uploads\/2025\/10\/finnwale-vor-spaniens-kuesten-37-scaled.jpg 2560w, https:\/\/wildlife-travel.com\/wp-content\/uploads\/2025\/10\/finnwale-vor-spaniens-kuesten-37-300x200.jpg 300w, https:\/\/wildlife-travel.com\/wp-content\/uploads\/2025\/10\/finnwale-vor-spaniens-kuesten-37-1024x683.jpg 1024w, https:\/\/wildlife-travel.com\/wp-content\/uploads\/2025\/10\/finnwale-vor-spaniens-kuesten-37-768x512.jpg 768w, https:\/\/wildlife-travel.com\/wp-content\/uploads\/2025\/10\/finnwale-vor-spaniens-kuesten-37-1536x1024.jpg 1536w, https:\/\/wildlife-travel.com\/wp-content\/uploads\/2025\/10\/finnwale-vor-spaniens-kuesten-37-2048x1365.jpg 2048w, https:\/\/wildlife-travel.com\/wp-content\/uploads\/2025\/10\/finnwale-vor-spaniens-kuesten-37-840x560.jpg 840w, https:\/\/wildlife-travel.com\/wp-content\/uploads\/2025\/10\/finnwale-vor-spaniens-kuesten-37-120x80.jpg 120w, https:\/\/wildlife-travel.com\/wp-content\/uploads\/2025\/10\/finnwale-vor-spaniens-kuesten-37-360x240.jpg 360w, https:\/\/wildlife-travel.com\/wp-content\/uploads\/2025\/10\/finnwale-vor-spaniens-kuesten-37-600x400.jpg 600w, https:\/\/wildlife-travel.com\/wp-content\/uploads\/2025\/10\/finnwale-vor-spaniens-kuesten-37-272x182.jpg 272w\" sizes=\"(max-width: 2560px) 100vw, 2560px\" title=\"finnwale-vor-spaniens-k\u00fcsten (37)\" alt=\"Gro\u00dfe T\u00fcmmler vor Spaniens K\u00fcsten\" \t\tclass=\"so-widget-image\"\/>\n\t<\/div>\n\n<\/div><\/div><\/div><\/div><div id=\"pg-30570-69\"  class=\"panel-grid panel-no-style\" ><div id=\"pgc-30570-69-0\"  class=\"panel-grid-cell\" ><div id=\"panel-30570-69-0-0\" class=\"so-panel widget widget_sow-editor panel-first-child panel-last-child\" data-index=\"75\" ><div\n\t\t\t\n\t\t\tclass=\"so-widget-sow-editor so-widget-sow-editor-base\"\n\t\t\t\n\t\t>\n<div class=\"siteorigin-widget-tinymce textwidget\">\n\t<p>Wenn die Delfine zu nah ans Boot kamen, wurde es f\u00fcr mich schwieriger, sie zu fotografieren. Bessere Nahaufnahmen gelangen mir daher, wenn sie etwas Abstand hielten. Gelegentlich musste ich zwar gegen das Gegenlicht fotografieren, doch die Gro\u00dfen T\u00fcmmler tauchten vor allem langsam an der Oberfl\u00e4che auf, sodass sich viele gute Gelegenheiten boten.<\/p>\n<\/div>\n<\/div><\/div><\/div><\/div><div id=\"pg-30570-70\"  class=\"panel-grid panel-no-style\" ><div id=\"pgc-30570-70-0\"  class=\"panel-grid-cell\" ><div id=\"panel-30570-70-0-0\" class=\"so-panel widget widget_sow-image panel-first-child panel-last-child\" data-index=\"76\" ><div\n\t\t\t\n\t\t\tclass=\"so-widget-sow-image so-widget-sow-image-default-8b5b6f678277-30570\"\n\t\t\t\n\t\t>\n<div class=\"sow-image-container\">\n\t\t<img \n\tsrc=\"https:\/\/wildlife-travel.com\/wp-content\/uploads\/2025\/10\/finnwale-vor-spaniens-kuesten-38-scaled.jpg\" width=\"2560\" height=\"1707\" srcset=\"https:\/\/wildlife-travel.com\/wp-content\/uploads\/2025\/10\/finnwale-vor-spaniens-kuesten-38-scaled.jpg 2560w, https:\/\/wildlife-travel.com\/wp-content\/uploads\/2025\/10\/finnwale-vor-spaniens-kuesten-38-300x200.jpg 300w, https:\/\/wildlife-travel.com\/wp-content\/uploads\/2025\/10\/finnwale-vor-spaniens-kuesten-38-1024x683.jpg 1024w, https:\/\/wildlife-travel.com\/wp-content\/uploads\/2025\/10\/finnwale-vor-spaniens-kuesten-38-768x512.jpg 768w, https:\/\/wildlife-travel.com\/wp-content\/uploads\/2025\/10\/finnwale-vor-spaniens-kuesten-38-1536x1024.jpg 1536w, https:\/\/wildlife-travel.com\/wp-content\/uploads\/2025\/10\/finnwale-vor-spaniens-kuesten-38-2048x1365.jpg 2048w, https:\/\/wildlife-travel.com\/wp-content\/uploads\/2025\/10\/finnwale-vor-spaniens-kuesten-38-840x560.jpg 840w, https:\/\/wildlife-travel.com\/wp-content\/uploads\/2025\/10\/finnwale-vor-spaniens-kuesten-38-120x80.jpg 120w, https:\/\/wildlife-travel.com\/wp-content\/uploads\/2025\/10\/finnwale-vor-spaniens-kuesten-38-360x240.jpg 360w, https:\/\/wildlife-travel.com\/wp-content\/uploads\/2025\/10\/finnwale-vor-spaniens-kuesten-38-600x400.jpg 600w, https:\/\/wildlife-travel.com\/wp-content\/uploads\/2025\/10\/finnwale-vor-spaniens-kuesten-38-272x182.jpg 272w\" sizes=\"(max-width: 2560px) 100vw, 2560px\" title=\"finnwale-vor-spaniens-k\u00fcsten (38)\" alt=\"Gro\u00dfe T\u00fcmmler vor Spaniens K\u00fcsten\" \t\tclass=\"so-widget-image\"\/>\n\t<\/div>\n\n<\/div><\/div><\/div><\/div><div id=\"pg-30570-71\"  class=\"panel-grid panel-no-style\" ><div id=\"pgc-30570-71-0\"  class=\"panel-grid-cell\" ><div id=\"panel-30570-71-0-0\" class=\"so-panel widget widget_sow-editor panel-first-child panel-last-child\" data-index=\"77\" ><div class=\"panel-widget-style panel-widget-style-for-30570-71-0-0\" ><div\n\t\t\t\n\t\t\tclass=\"so-widget-sow-editor so-widget-sow-editor-base\"\n\t\t\t\n\t\t>\n<div class=\"siteorigin-widget-tinymce textwidget\">\n\t<p><span style=\"font-size: 16pt;\"><strong data-start=\"74\" data-end=\"90\">Information:<\/strong><\/span> Falls du einen Field Guide \u00fcber Meeress\u00e4ugetiere suchst, kann ich <em>Whales, Dolphins, and Seals \u2013 A Field Guide to the Marine Mammals of the World<\/em> von Hadoram Shirihai und Brett Jarrett empfehlen. Neben zahlreichen Zeichnungen der einzelnen Arten enth\u00e4lt das Buch viele Informationen \u00fcber deren Verbreitung, \u00d6kologie und Aussehen.<\/p>\n<\/div>\n<\/div><\/div><\/div><\/div><\/div><div id=\"pg-30570-72\"  class=\"panel-grid panel-no-style\" ><div id=\"pgc-30570-72-0\"  class=\"panel-grid-cell\" ><div id=\"panel-30570-72-0-0\" class=\"so-panel widget widget_sow-editor panel-first-child panel-last-child\" data-index=\"78\" ><div\n\t\t\t\n\t\t\tclass=\"so-widget-sow-editor so-widget-sow-editor-base\"\n\t\t\t\n\t\t>\n<div class=\"siteorigin-widget-tinymce textwidget\">\n\t<p>Wie bereits erw\u00e4hnt, sind Gro\u00dfe T\u00fcmmler weltweit verbreitet. Innerhalb der Art gibt es jedoch Unterschiede: Einige leben n\u00e4her am Land, andere weiter drau\u00dfen. Meistens sind die weiter vom Land lebenden Gro\u00dfe T\u00fcmmler gr\u00f6\u00dfer, st\u00e4mmiger und gleichm\u00e4\u00dfig dunkler gef\u00e4rbt. Au\u00dferdem haben sie in der Regel kleinere Seitenflossen und eine k\u00fcrzere Schnauze. Diese Merkmale treffen besonders auf Gro\u00dfe T\u00fcmmler in k\u00e4lteren Gew\u00e4ssern zu, da sie so weniger W\u00e4rme an ihre Umgebung verlieren.<\/p>\n<\/div>\n<\/div><\/div><\/div><\/div><div id=\"pg-30570-73\"  class=\"panel-grid panel-no-style\" ><div id=\"pgc-30570-73-0\"  class=\"panel-grid-cell\" ><div id=\"panel-30570-73-0-0\" class=\"so-panel widget widget_sow-image panel-first-child panel-last-child\" data-index=\"79\" ><div\n\t\t\t\n\t\t\tclass=\"so-widget-sow-image so-widget-sow-image-default-8b5b6f678277-30570\"\n\t\t\t\n\t\t>\n<div class=\"sow-image-container\">\n\t\t<img \n\tsrc=\"https:\/\/wildlife-travel.com\/wp-content\/uploads\/2025\/10\/finnwale-vor-spaniens-kuesten-39-scaled.jpg\" width=\"2560\" height=\"1707\" srcset=\"https:\/\/wildlife-travel.com\/wp-content\/uploads\/2025\/10\/finnwale-vor-spaniens-kuesten-39-scaled.jpg 2560w, https:\/\/wildlife-travel.com\/wp-content\/uploads\/2025\/10\/finnwale-vor-spaniens-kuesten-39-300x200.jpg 300w, https:\/\/wildlife-travel.com\/wp-content\/uploads\/2025\/10\/finnwale-vor-spaniens-kuesten-39-1024x683.jpg 1024w, https:\/\/wildlife-travel.com\/wp-content\/uploads\/2025\/10\/finnwale-vor-spaniens-kuesten-39-768x512.jpg 768w, https:\/\/wildlife-travel.com\/wp-content\/uploads\/2025\/10\/finnwale-vor-spaniens-kuesten-39-1536x1024.jpg 1536w, https:\/\/wildlife-travel.com\/wp-content\/uploads\/2025\/10\/finnwale-vor-spaniens-kuesten-39-2048x1365.jpg 2048w, https:\/\/wildlife-travel.com\/wp-content\/uploads\/2025\/10\/finnwale-vor-spaniens-kuesten-39-840x560.jpg 840w, https:\/\/wildlife-travel.com\/wp-content\/uploads\/2025\/10\/finnwale-vor-spaniens-kuesten-39-120x80.jpg 120w, https:\/\/wildlife-travel.com\/wp-content\/uploads\/2025\/10\/finnwale-vor-spaniens-kuesten-39-360x240.jpg 360w, https:\/\/wildlife-travel.com\/wp-content\/uploads\/2025\/10\/finnwale-vor-spaniens-kuesten-39-600x400.jpg 600w, https:\/\/wildlife-travel.com\/wp-content\/uploads\/2025\/10\/finnwale-vor-spaniens-kuesten-39-272x182.jpg 272w\" sizes=\"(max-width: 2560px) 100vw, 2560px\" title=\"finnwale-vor-spaniens-k\u00fcsten (39)\" alt=\"Gro\u00dfe T\u00fcmmler vor Spaniens K\u00fcsten\" \t\tclass=\"so-widget-image\"\/>\n\t<\/div>\n\n<\/div><\/div><\/div><\/div><div id=\"pg-30570-74\"  class=\"panel-grid panel-no-style\" ><div id=\"pgc-30570-74-0\"  class=\"panel-grid-cell\" ><div id=\"panel-30570-74-0-0\" class=\"so-panel widget widget_sow-editor panel-first-child panel-last-child\" data-index=\"80\" ><div\n\t\t\t\n\t\t\tclass=\"so-widget-sow-editor so-widget-sow-editor-base\"\n\t\t\t\n\t\t>\n<div class=\"siteorigin-widget-tinymce textwidget\">\n\t<p data-start=\"80\" data-end=\"398\">Wir blieben bei den Gro\u00dfen T\u00fcmmlern tats\u00e4chlich etwas l\u00e4nger als bei den Blau-Wei\u00dfen Delfinen an einem anderen Tag. Ich vermute, das lag daran, dass Gro\u00dfe T\u00fcmmler seltener anzutreffen sind als die Blau-Wei\u00dfen Delfine. W\u00e4hrend der zwei Wochen in Spanien hatte ich tats\u00e4chlich am h\u00e4ufigsten Blau-Wei\u00dfe Delfine gesehen.<\/p>\n<p data-start=\"400\" data-end=\"685\">Nach wie vor hoffte ich auf Rundkopfdelfine \u2013 und auch Grindwale w\u00e4ren nat\u00fcrlich ein tolles Erlebnis gewesen, zus\u00e4tzlich zu den Finnwalen. Zun\u00e4chst konzentrierte ich mich jedoch auf die Gro\u00dfen T\u00fcmmler. Einer von ihnen hatte eine etwas gr\u00f6\u00dfere Kerbe an der Spitze seiner R\u00fcckenflosse.<\/p>\n<\/div>\n<\/div><\/div><\/div><\/div><div id=\"pg-30570-75\"  class=\"panel-grid panel-no-style\" ><div id=\"pgc-30570-75-0\"  class=\"panel-grid-cell\" ><div id=\"panel-30570-75-0-0\" class=\"so-panel widget widget_sow-image panel-first-child panel-last-child\" data-index=\"81\" ><div\n\t\t\t\n\t\t\tclass=\"so-widget-sow-image so-widget-sow-image-default-8b5b6f678277-30570\"\n\t\t\t\n\t\t>\n<div class=\"sow-image-container\">\n\t\t<img \n\tsrc=\"https:\/\/wildlife-travel.com\/wp-content\/uploads\/2025\/10\/finnwale-vor-spaniens-kuesten-40-scaled.jpg\" width=\"2560\" height=\"1707\" srcset=\"https:\/\/wildlife-travel.com\/wp-content\/uploads\/2025\/10\/finnwale-vor-spaniens-kuesten-40-scaled.jpg 2560w, https:\/\/wildlife-travel.com\/wp-content\/uploads\/2025\/10\/finnwale-vor-spaniens-kuesten-40-300x200.jpg 300w, https:\/\/wildlife-travel.com\/wp-content\/uploads\/2025\/10\/finnwale-vor-spaniens-kuesten-40-1024x683.jpg 1024w, https:\/\/wildlife-travel.com\/wp-content\/uploads\/2025\/10\/finnwale-vor-spaniens-kuesten-40-768x512.jpg 768w, https:\/\/wildlife-travel.com\/wp-content\/uploads\/2025\/10\/finnwale-vor-spaniens-kuesten-40-1536x1024.jpg 1536w, https:\/\/wildlife-travel.com\/wp-content\/uploads\/2025\/10\/finnwale-vor-spaniens-kuesten-40-2048x1365.jpg 2048w, https:\/\/wildlife-travel.com\/wp-content\/uploads\/2025\/10\/finnwale-vor-spaniens-kuesten-40-840x560.jpg 840w, https:\/\/wildlife-travel.com\/wp-content\/uploads\/2025\/10\/finnwale-vor-spaniens-kuesten-40-120x80.jpg 120w, https:\/\/wildlife-travel.com\/wp-content\/uploads\/2025\/10\/finnwale-vor-spaniens-kuesten-40-360x240.jpg 360w, https:\/\/wildlife-travel.com\/wp-content\/uploads\/2025\/10\/finnwale-vor-spaniens-kuesten-40-600x400.jpg 600w, https:\/\/wildlife-travel.com\/wp-content\/uploads\/2025\/10\/finnwale-vor-spaniens-kuesten-40-272x182.jpg 272w\" sizes=\"(max-width: 2560px) 100vw, 2560px\" title=\"finnwale-vor-spaniens-k\u00fcsten (40)\" alt=\"Gro\u00dfe T\u00fcmmler vor Spaniens K\u00fcsten\" \t\tclass=\"so-widget-image\"\/>\n\t<\/div>\n\n<\/div><\/div><\/div><\/div><div id=\"pg-30570-76\"  class=\"panel-grid panel-no-style\" ><div id=\"pgc-30570-76-0\"  class=\"panel-grid-cell\" ><div id=\"panel-30570-76-0-0\" class=\"so-panel widget widget_sow-editor panel-first-child panel-last-child\" data-index=\"82\" ><div\n\t\t\t\n\t\t\tclass=\"so-widget-sow-editor so-widget-sow-editor-base\"\n\t\t\t\n\t\t>\n<div class=\"siteorigin-widget-tinymce textwidget\">\n\t<p>Ich entdeckte erneut einen kleineren Delfin, der dicht neben einem gr\u00f6\u00dferen schwamm. Vielleicht handelte es sich um dieselben beiden, die ich ganz am Anfang gesehen hatte.<\/p>\n<\/div>\n<\/div><\/div><\/div><\/div><div id=\"pg-30570-77\"  class=\"panel-grid panel-no-style\" ><div id=\"pgc-30570-77-0\"  class=\"panel-grid-cell\" ><div id=\"panel-30570-77-0-0\" class=\"so-panel widget widget_sow-image panel-first-child panel-last-child\" data-index=\"83\" ><div\n\t\t\t\n\t\t\tclass=\"so-widget-sow-image so-widget-sow-image-default-8b5b6f678277-30570\"\n\t\t\t\n\t\t>\n<div class=\"sow-image-container\">\n\t\t<img \n\tsrc=\"https:\/\/wildlife-travel.com\/wp-content\/uploads\/2025\/10\/finnwale-vor-spaniens-kuesten-41-scaled.jpg\" width=\"2560\" height=\"1707\" srcset=\"https:\/\/wildlife-travel.com\/wp-content\/uploads\/2025\/10\/finnwale-vor-spaniens-kuesten-41-scaled.jpg 2560w, https:\/\/wildlife-travel.com\/wp-content\/uploads\/2025\/10\/finnwale-vor-spaniens-kuesten-41-300x200.jpg 300w, https:\/\/wildlife-travel.com\/wp-content\/uploads\/2025\/10\/finnwale-vor-spaniens-kuesten-41-1024x683.jpg 1024w, https:\/\/wildlife-travel.com\/wp-content\/uploads\/2025\/10\/finnwale-vor-spaniens-kuesten-41-768x512.jpg 768w, https:\/\/wildlife-travel.com\/wp-content\/uploads\/2025\/10\/finnwale-vor-spaniens-kuesten-41-1536x1024.jpg 1536w, https:\/\/wildlife-travel.com\/wp-content\/uploads\/2025\/10\/finnwale-vor-spaniens-kuesten-41-2048x1365.jpg 2048w, https:\/\/wildlife-travel.com\/wp-content\/uploads\/2025\/10\/finnwale-vor-spaniens-kuesten-41-840x560.jpg 840w, https:\/\/wildlife-travel.com\/wp-content\/uploads\/2025\/10\/finnwale-vor-spaniens-kuesten-41-120x80.jpg 120w, https:\/\/wildlife-travel.com\/wp-content\/uploads\/2025\/10\/finnwale-vor-spaniens-kuesten-41-360x240.jpg 360w, https:\/\/wildlife-travel.com\/wp-content\/uploads\/2025\/10\/finnwale-vor-spaniens-kuesten-41-600x400.jpg 600w, https:\/\/wildlife-travel.com\/wp-content\/uploads\/2025\/10\/finnwale-vor-spaniens-kuesten-41-272x182.jpg 272w\" sizes=\"(max-width: 2560px) 100vw, 2560px\" title=\"finnwale-vor-spaniens-k\u00fcsten (41)\" alt=\"Gro\u00dfe T\u00fcmmler vor Spaniens K\u00fcsten\" \t\tclass=\"so-widget-image\"\/>\n\t<\/div>\n\n<\/div><\/div><\/div><\/div><div id=\"pg-30570-78\"  class=\"panel-grid panel-no-style\" ><div id=\"pgc-30570-78-0\"  class=\"panel-grid-cell\" ><div id=\"panel-30570-78-0-0\" class=\"so-panel widget widget_sow-image panel-first-child panel-last-child\" data-index=\"84\" ><div\n\t\t\t\n\t\t\tclass=\"so-widget-sow-image so-widget-sow-image-default-8b5b6f678277-30570\"\n\t\t\t\n\t\t>\n<div class=\"sow-image-container\">\n\t\t<img \n\tsrc=\"https:\/\/wildlife-travel.com\/wp-content\/uploads\/2025\/10\/finnwale-vor-spaniens-kuesten-42-scaled.jpg\" width=\"2560\" height=\"1707\" srcset=\"https:\/\/wildlife-travel.com\/wp-content\/uploads\/2025\/10\/finnwale-vor-spaniens-kuesten-42-scaled.jpg 2560w, https:\/\/wildlife-travel.com\/wp-content\/uploads\/2025\/10\/finnwale-vor-spaniens-kuesten-42-300x200.jpg 300w, https:\/\/wildlife-travel.com\/wp-content\/uploads\/2025\/10\/finnwale-vor-spaniens-kuesten-42-1024x683.jpg 1024w, https:\/\/wildlife-travel.com\/wp-content\/uploads\/2025\/10\/finnwale-vor-spaniens-kuesten-42-768x512.jpg 768w, https:\/\/wildlife-travel.com\/wp-content\/uploads\/2025\/10\/finnwale-vor-spaniens-kuesten-42-1536x1024.jpg 1536w, https:\/\/wildlife-travel.com\/wp-content\/uploads\/2025\/10\/finnwale-vor-spaniens-kuesten-42-2048x1365.jpg 2048w, https:\/\/wildlife-travel.com\/wp-content\/uploads\/2025\/10\/finnwale-vor-spaniens-kuesten-42-840x560.jpg 840w, https:\/\/wildlife-travel.com\/wp-content\/uploads\/2025\/10\/finnwale-vor-spaniens-kuesten-42-120x80.jpg 120w, https:\/\/wildlife-travel.com\/wp-content\/uploads\/2025\/10\/finnwale-vor-spaniens-kuesten-42-360x240.jpg 360w, https:\/\/wildlife-travel.com\/wp-content\/uploads\/2025\/10\/finnwale-vor-spaniens-kuesten-42-600x400.jpg 600w, https:\/\/wildlife-travel.com\/wp-content\/uploads\/2025\/10\/finnwale-vor-spaniens-kuesten-42-272x182.jpg 272w\" sizes=\"(max-width: 2560px) 100vw, 2560px\" title=\"finnwale-vor-spaniens-k\u00fcsten (42)\" alt=\"Gro\u00dfe T\u00fcmmler vor Spaniens K\u00fcsten\" \t\tclass=\"so-widget-image\"\/>\n\t<\/div>\n\n<\/div><\/div><\/div><div id=\"pgc-30570-78-1\"  class=\"panel-grid-cell\" ><div id=\"panel-30570-78-1-0\" class=\"so-panel widget widget_sow-image panel-first-child panel-last-child\" data-index=\"85\" ><div\n\t\t\t\n\t\t\tclass=\"so-widget-sow-image so-widget-sow-image-default-8b5b6f678277-30570\"\n\t\t\t\n\t\t>\n<div class=\"sow-image-container\">\n\t\t<img \n\tsrc=\"https:\/\/wildlife-travel.com\/wp-content\/uploads\/2025\/10\/finnwale-vor-spaniens-kuesten-43-scaled.jpg\" width=\"2560\" height=\"1707\" srcset=\"https:\/\/wildlife-travel.com\/wp-content\/uploads\/2025\/10\/finnwale-vor-spaniens-kuesten-43-scaled.jpg 2560w, https:\/\/wildlife-travel.com\/wp-content\/uploads\/2025\/10\/finnwale-vor-spaniens-kuesten-43-300x200.jpg 300w, https:\/\/wildlife-travel.com\/wp-content\/uploads\/2025\/10\/finnwale-vor-spaniens-kuesten-43-1024x683.jpg 1024w, https:\/\/wildlife-travel.com\/wp-content\/uploads\/2025\/10\/finnwale-vor-spaniens-kuesten-43-768x512.jpg 768w, https:\/\/wildlife-travel.com\/wp-content\/uploads\/2025\/10\/finnwale-vor-spaniens-kuesten-43-1536x1024.jpg 1536w, https:\/\/wildlife-travel.com\/wp-content\/uploads\/2025\/10\/finnwale-vor-spaniens-kuesten-43-2048x1365.jpg 2048w, https:\/\/wildlife-travel.com\/wp-content\/uploads\/2025\/10\/finnwale-vor-spaniens-kuesten-43-840x560.jpg 840w, https:\/\/wildlife-travel.com\/wp-content\/uploads\/2025\/10\/finnwale-vor-spaniens-kuesten-43-120x80.jpg 120w, https:\/\/wildlife-travel.com\/wp-content\/uploads\/2025\/10\/finnwale-vor-spaniens-kuesten-43-360x240.jpg 360w, https:\/\/wildlife-travel.com\/wp-content\/uploads\/2025\/10\/finnwale-vor-spaniens-kuesten-43-600x400.jpg 600w, https:\/\/wildlife-travel.com\/wp-content\/uploads\/2025\/10\/finnwale-vor-spaniens-kuesten-43-272x182.jpg 272w\" sizes=\"(max-width: 2560px) 100vw, 2560px\" title=\"finnwale-vor-spaniens-k\u00fcsten (43)\" alt=\"Gro\u00dfe T\u00fcmmler vor Spaniens K\u00fcsten\" \t\tclass=\"so-widget-image\"\/>\n\t<\/div>\n\n<\/div><\/div><\/div><\/div><div id=\"pg-30570-79\"  class=\"panel-grid panel-no-style\" ><div id=\"pgc-30570-79-0\"  class=\"panel-grid-cell\" ><div id=\"panel-30570-79-0-0\" class=\"so-panel widget widget_sow-image panel-first-child panel-last-child\" data-index=\"86\" ><div\n\t\t\t\n\t\t\tclass=\"so-widget-sow-image so-widget-sow-image-default-8b5b6f678277-30570\"\n\t\t\t\n\t\t>\n<div class=\"sow-image-container\">\n\t\t<img \n\tsrc=\"https:\/\/wildlife-travel.com\/wp-content\/uploads\/2025\/10\/finnwale-vor-spaniens-kuesten-44-scaled.jpg\" width=\"2560\" height=\"1707\" srcset=\"https:\/\/wildlife-travel.com\/wp-content\/uploads\/2025\/10\/finnwale-vor-spaniens-kuesten-44-scaled.jpg 2560w, https:\/\/wildlife-travel.com\/wp-content\/uploads\/2025\/10\/finnwale-vor-spaniens-kuesten-44-300x200.jpg 300w, https:\/\/wildlife-travel.com\/wp-content\/uploads\/2025\/10\/finnwale-vor-spaniens-kuesten-44-1024x683.jpg 1024w, https:\/\/wildlife-travel.com\/wp-content\/uploads\/2025\/10\/finnwale-vor-spaniens-kuesten-44-768x512.jpg 768w, https:\/\/wildlife-travel.com\/wp-content\/uploads\/2025\/10\/finnwale-vor-spaniens-kuesten-44-1536x1024.jpg 1536w, https:\/\/wildlife-travel.com\/wp-content\/uploads\/2025\/10\/finnwale-vor-spaniens-kuesten-44-2048x1365.jpg 2048w, https:\/\/wildlife-travel.com\/wp-content\/uploads\/2025\/10\/finnwale-vor-spaniens-kuesten-44-840x560.jpg 840w, https:\/\/wildlife-travel.com\/wp-content\/uploads\/2025\/10\/finnwale-vor-spaniens-kuesten-44-120x80.jpg 120w, https:\/\/wildlife-travel.com\/wp-content\/uploads\/2025\/10\/finnwale-vor-spaniens-kuesten-44-360x240.jpg 360w, https:\/\/wildlife-travel.com\/wp-content\/uploads\/2025\/10\/finnwale-vor-spaniens-kuesten-44-600x400.jpg 600w, https:\/\/wildlife-travel.com\/wp-content\/uploads\/2025\/10\/finnwale-vor-spaniens-kuesten-44-272x182.jpg 272w\" sizes=\"(max-width: 2560px) 100vw, 2560px\" title=\"finnwale-vor-spaniens-k\u00fcsten (44)\" alt=\"Gro\u00dfe T\u00fcmmler vor Spaniens K\u00fcsten\" \t\tclass=\"so-widget-image\"\/>\n\t<\/div>\n\n<\/div><\/div><\/div><\/div><div id=\"pg-30570-80\"  class=\"panel-grid panel-no-style\" ><div id=\"pgc-30570-80-0\"  class=\"panel-grid-cell\" ><div id=\"panel-30570-80-0-0\" class=\"so-panel widget widget_sow-editor panel-first-child panel-last-child\" data-index=\"87\" ><div\n\t\t\t\n\t\t\tclass=\"so-widget-sow-editor so-widget-sow-editor-base\"\n\t\t\t\n\t\t>\n<div class=\"siteorigin-widget-tinymce textwidget\">\n\t<p>Nachdem wir einige Zeit bei den Gro\u00dfen T\u00fcmmlern verbracht hatten, zogen wir weiter \u2013 schlie\u00dflich waren wir auf der Suche nach Finnwalen. Ich machte noch ein letztes Foto, und dann setzten wir unsere Fahrt fort.<\/p>\n<\/div>\n<\/div><\/div><\/div><\/div><div id=\"pg-30570-81\"  class=\"panel-grid panel-no-style\" ><div id=\"pgc-30570-81-0\"  class=\"panel-grid-cell\" ><div id=\"panel-30570-81-0-0\" class=\"so-panel widget widget_sow-image panel-first-child panel-last-child\" data-index=\"88\" ><div\n\t\t\t\n\t\t\tclass=\"so-widget-sow-image so-widget-sow-image-default-8b5b6f678277-30570\"\n\t\t\t\n\t\t>\n<div class=\"sow-image-container\">\n\t\t<img \n\tsrc=\"https:\/\/wildlife-travel.com\/wp-content\/uploads\/2025\/10\/finnwale-vor-spaniens-kuesten-45-scaled.jpg\" width=\"2560\" height=\"1707\" srcset=\"https:\/\/wildlife-travel.com\/wp-content\/uploads\/2025\/10\/finnwale-vor-spaniens-kuesten-45-scaled.jpg 2560w, https:\/\/wildlife-travel.com\/wp-content\/uploads\/2025\/10\/finnwale-vor-spaniens-kuesten-45-300x200.jpg 300w, https:\/\/wildlife-travel.com\/wp-content\/uploads\/2025\/10\/finnwale-vor-spaniens-kuesten-45-1024x683.jpg 1024w, https:\/\/wildlife-travel.com\/wp-content\/uploads\/2025\/10\/finnwale-vor-spaniens-kuesten-45-768x512.jpg 768w, https:\/\/wildlife-travel.com\/wp-content\/uploads\/2025\/10\/finnwale-vor-spaniens-kuesten-45-1536x1024.jpg 1536w, https:\/\/wildlife-travel.com\/wp-content\/uploads\/2025\/10\/finnwale-vor-spaniens-kuesten-45-2048x1365.jpg 2048w, https:\/\/wildlife-travel.com\/wp-content\/uploads\/2025\/10\/finnwale-vor-spaniens-kuesten-45-840x560.jpg 840w, https:\/\/wildlife-travel.com\/wp-content\/uploads\/2025\/10\/finnwale-vor-spaniens-kuesten-45-120x80.jpg 120w, https:\/\/wildlife-travel.com\/wp-content\/uploads\/2025\/10\/finnwale-vor-spaniens-kuesten-45-360x240.jpg 360w, https:\/\/wildlife-travel.com\/wp-content\/uploads\/2025\/10\/finnwale-vor-spaniens-kuesten-45-600x400.jpg 600w, https:\/\/wildlife-travel.com\/wp-content\/uploads\/2025\/10\/finnwale-vor-spaniens-kuesten-45-272x182.jpg 272w\" sizes=\"(max-width: 2560px) 100vw, 2560px\" title=\"finnwale-vor-spaniens-k\u00fcsten (45)\" alt=\"Gro\u00dfe T\u00fcmmler vor Spaniens K\u00fcsten\" \t\tclass=\"so-widget-image\"\/>\n\t<\/div>\n\n<\/div><\/div><\/div><\/div><div id=\"pg-30570-82\"  class=\"panel-grid panel-no-style\" ><div id=\"pgc-30570-82-0\"  class=\"panel-grid-cell\" ><div id=\"panel-30570-82-0-0\" class=\"so-panel widget widget_sow-editor panel-first-child panel-last-child\" data-index=\"89\" ><div\n\t\t\t\n\t\t\tclass=\"so-widget-sow-editor so-widget-sow-editor-base\"\n\t\t\t\n\t\t>\n<div class=\"siteorigin-widget-tinymce textwidget\">\n\t<p data-start=\"74\" data-end=\"197\">Was wir zu diesem Zeitpunkt noch nicht wussten: Es sollte unsere letzte Begegnung mit einem Delfin an diesem Tag bleiben.<\/p>\n<p data-start=\"199\" data-end=\"443\">Der folgende Tag versprach besonders vielversprechend zu werden. Um noch mehr Zeit auf dem Boot zu verbringen, entschieden die beiden Forscher:innen, am n\u00e4chsten Morgen noch fr\u00fcher aufzubrechen \u2013 das gute Wetter sollte optimal genutzt werden.<\/p>\n<p data-start=\"445\" data-end=\"581\">Als wir am Hafen ankamen, dachte ich nur: Zum Gl\u00fcck starten wir fr\u00fcher. So konnte ich noch einen wundersch\u00f6nen Sonnenaufgang genie\u00dfen.<\/p>\n<\/div>\n<\/div><\/div><\/div><\/div><div id=\"pg-30570-83\"  class=\"panel-grid panel-no-style\" ><div id=\"pgc-30570-83-0\"  class=\"panel-grid-cell\" ><div id=\"panel-30570-83-0-0\" class=\"so-panel widget widget_sow-image panel-first-child panel-last-child\" data-index=\"90\" ><div\n\t\t\t\n\t\t\tclass=\"so-widget-sow-image so-widget-sow-image-default-8b5b6f678277-30570\"\n\t\t\t\n\t\t>\n<div class=\"sow-image-container\">\n\t\t<img \n\tsrc=\"https:\/\/wildlife-travel.com\/wp-content\/uploads\/2025\/10\/finnwale-vor-spaniens-kuesten-46-scaled.jpg\" width=\"2560\" height=\"1707\" srcset=\"https:\/\/wildlife-travel.com\/wp-content\/uploads\/2025\/10\/finnwale-vor-spaniens-kuesten-46-scaled.jpg 2560w, https:\/\/wildlife-travel.com\/wp-content\/uploads\/2025\/10\/finnwale-vor-spaniens-kuesten-46-300x200.jpg 300w, https:\/\/wildlife-travel.com\/wp-content\/uploads\/2025\/10\/finnwale-vor-spaniens-kuesten-46-1024x683.jpg 1024w, https:\/\/wildlife-travel.com\/wp-content\/uploads\/2025\/10\/finnwale-vor-spaniens-kuesten-46-768x512.jpg 768w, https:\/\/wildlife-travel.com\/wp-content\/uploads\/2025\/10\/finnwale-vor-spaniens-kuesten-46-1536x1024.jpg 1536w, https:\/\/wildlife-travel.com\/wp-content\/uploads\/2025\/10\/finnwale-vor-spaniens-kuesten-46-2048x1365.jpg 2048w, https:\/\/wildlife-travel.com\/wp-content\/uploads\/2025\/10\/finnwale-vor-spaniens-kuesten-46-840x560.jpg 840w, https:\/\/wildlife-travel.com\/wp-content\/uploads\/2025\/10\/finnwale-vor-spaniens-kuesten-46-120x80.jpg 120w, https:\/\/wildlife-travel.com\/wp-content\/uploads\/2025\/10\/finnwale-vor-spaniens-kuesten-46-360x240.jpg 360w, https:\/\/wildlife-travel.com\/wp-content\/uploads\/2025\/10\/finnwale-vor-spaniens-kuesten-46-600x400.jpg 600w, https:\/\/wildlife-travel.com\/wp-content\/uploads\/2025\/10\/finnwale-vor-spaniens-kuesten-46-272x182.jpg 272w\" sizes=\"(max-width: 2560px) 100vw, 2560px\" title=\"finnwale-vor-spaniens-k\u00fcsten (46)\" alt=\"Finnwale vor Spaniens K\u00fcsten\" \t\tclass=\"so-widget-image\"\/>\n\t<\/div>\n\n<\/div><\/div><\/div><\/div><div id=\"pg-30570-84\"  class=\"panel-grid panel-no-style\" ><div id=\"pgc-30570-84-0\"  class=\"panel-grid-cell\" ><div id=\"panel-30570-84-0-0\" class=\"so-panel widget widget_sow-editor panel-first-child panel-last-child\" data-index=\"91\" ><div\n\t\t\t\n\t\t\tclass=\"so-widget-sow-editor so-widget-sow-editor-base\"\n\t\t\t\n\t\t>\n<div class=\"siteorigin-widget-tinymce textwidget\">\n\t<p>Die Farben, das warme Licht und die Vorfreude auf den kommenden Tag auf dem Boot lie\u00dfen den Morgen perfekt beginnen.<br \/>\n<br data-start=\"182\" data-end=\"185\" \/>Wir waren \u00fcbrigens nicht die Einzigen, die so fr\u00fch unterwegs waren.<\/p>\n<\/div>\n<\/div><\/div><\/div><\/div><div id=\"pg-30570-85\"  class=\"panel-grid panel-no-style\" ><div id=\"pgc-30570-85-0\"  class=\"panel-grid-cell\" ><div id=\"panel-30570-85-0-0\" class=\"so-panel widget widget_sow-image panel-first-child panel-last-child\" data-index=\"92\" ><div\n\t\t\t\n\t\t\tclass=\"so-widget-sow-image so-widget-sow-image-default-8b5b6f678277-30570\"\n\t\t\t\n\t\t>\n<div class=\"sow-image-container\">\n\t\t<img \n\tsrc=\"https:\/\/wildlife-travel.com\/wp-content\/uploads\/2025\/10\/finnwale-vor-spaniens-kuesten-47-scaled.jpg\" width=\"2560\" height=\"1707\" srcset=\"https:\/\/wildlife-travel.com\/wp-content\/uploads\/2025\/10\/finnwale-vor-spaniens-kuesten-47-scaled.jpg 2560w, https:\/\/wildlife-travel.com\/wp-content\/uploads\/2025\/10\/finnwale-vor-spaniens-kuesten-47-300x200.jpg 300w, https:\/\/wildlife-travel.com\/wp-content\/uploads\/2025\/10\/finnwale-vor-spaniens-kuesten-47-1024x683.jpg 1024w, https:\/\/wildlife-travel.com\/wp-content\/uploads\/2025\/10\/finnwale-vor-spaniens-kuesten-47-768x512.jpg 768w, https:\/\/wildlife-travel.com\/wp-content\/uploads\/2025\/10\/finnwale-vor-spaniens-kuesten-47-1536x1024.jpg 1536w, https:\/\/wildlife-travel.com\/wp-content\/uploads\/2025\/10\/finnwale-vor-spaniens-kuesten-47-2048x1365.jpg 2048w, https:\/\/wildlife-travel.com\/wp-content\/uploads\/2025\/10\/finnwale-vor-spaniens-kuesten-47-840x560.jpg 840w, https:\/\/wildlife-travel.com\/wp-content\/uploads\/2025\/10\/finnwale-vor-spaniens-kuesten-47-120x80.jpg 120w, https:\/\/wildlife-travel.com\/wp-content\/uploads\/2025\/10\/finnwale-vor-spaniens-kuesten-47-360x240.jpg 360w, https:\/\/wildlife-travel.com\/wp-content\/uploads\/2025\/10\/finnwale-vor-spaniens-kuesten-47-600x400.jpg 600w, https:\/\/wildlife-travel.com\/wp-content\/uploads\/2025\/10\/finnwale-vor-spaniens-kuesten-47-272x182.jpg 272w\" sizes=\"(max-width: 2560px) 100vw, 2560px\" title=\"finnwale-vor-spaniens-k\u00fcsten (47)\" alt=\"Finnwale vor Spaniens K\u00fcsten\" \t\tclass=\"so-widget-image\"\/>\n\t<\/div>\n\n<\/div><\/div><\/div><div id=\"pgc-30570-85-1\"  class=\"panel-grid-cell\" ><div id=\"panel-30570-85-1-0\" class=\"so-panel widget widget_sow-image panel-first-child panel-last-child\" data-index=\"93\" ><div\n\t\t\t\n\t\t\tclass=\"so-widget-sow-image so-widget-sow-image-default-8b5b6f678277-30570\"\n\t\t\t\n\t\t>\n<div class=\"sow-image-container\">\n\t\t<img \n\tsrc=\"https:\/\/wildlife-travel.com\/wp-content\/uploads\/2025\/10\/finnwale-vor-spaniens-kuesten-48-scaled.jpg\" width=\"2560\" height=\"1707\" srcset=\"https:\/\/wildlife-travel.com\/wp-content\/uploads\/2025\/10\/finnwale-vor-spaniens-kuesten-48-scaled.jpg 2560w, https:\/\/wildlife-travel.com\/wp-content\/uploads\/2025\/10\/finnwale-vor-spaniens-kuesten-48-300x200.jpg 300w, https:\/\/wildlife-travel.com\/wp-content\/uploads\/2025\/10\/finnwale-vor-spaniens-kuesten-48-1024x683.jpg 1024w, https:\/\/wildlife-travel.com\/wp-content\/uploads\/2025\/10\/finnwale-vor-spaniens-kuesten-48-768x512.jpg 768w, https:\/\/wildlife-travel.com\/wp-content\/uploads\/2025\/10\/finnwale-vor-spaniens-kuesten-48-1536x1024.jpg 1536w, https:\/\/wildlife-travel.com\/wp-content\/uploads\/2025\/10\/finnwale-vor-spaniens-kuesten-48-2048x1365.jpg 2048w, https:\/\/wildlife-travel.com\/wp-content\/uploads\/2025\/10\/finnwale-vor-spaniens-kuesten-48-840x560.jpg 840w, https:\/\/wildlife-travel.com\/wp-content\/uploads\/2025\/10\/finnwale-vor-spaniens-kuesten-48-120x80.jpg 120w, https:\/\/wildlife-travel.com\/wp-content\/uploads\/2025\/10\/finnwale-vor-spaniens-kuesten-48-360x240.jpg 360w, https:\/\/wildlife-travel.com\/wp-content\/uploads\/2025\/10\/finnwale-vor-spaniens-kuesten-48-600x400.jpg 600w, https:\/\/wildlife-travel.com\/wp-content\/uploads\/2025\/10\/finnwale-vor-spaniens-kuesten-48-272x182.jpg 272w\" sizes=\"(max-width: 2560px) 100vw, 2560px\" title=\"finnwale-vor-spaniens-k\u00fcsten (48)\" alt=\"Finnwale vor Spaniens K\u00fcsten\" \t\tclass=\"so-widget-image\"\/>\n\t<\/div>\n\n<\/div><\/div><\/div><\/div><div id=\"pg-30570-86\"  class=\"panel-grid panel-no-style\" ><div id=\"pgc-30570-86-0\"  class=\"panel-grid-cell\" ><div id=\"panel-30570-86-0-0\" class=\"so-panel widget widget_sow-editor panel-first-child panel-last-child\" data-index=\"94\" ><div\n\t\t\t\n\t\t\tclass=\"so-widget-sow-editor so-widget-sow-editor-base\"\n\t\t\t\n\t\t>\n<div class=\"siteorigin-widget-tinymce textwidget\">\n\t<p>Auch die ersten Fischer waren bereits unterwegs.<br \/>\n<br data-start=\"104\" data-end=\"107\" \/>Apropos Fischer: Wenn sie Finnwale entdecken, informieren sie die Forscher:innen von EDMAKTUB. Auch Fischer weiter n\u00f6rdlich um Barcelona stehen in Kontakt mit EDMAKTUB oder werden von ihnen kontaktiert.<\/p>\n<\/div>\n<\/div><\/div><\/div><\/div><div id=\"pg-30570-87\"  class=\"panel-grid panel-no-style\" ><div id=\"pgc-30570-87-0\"  class=\"panel-grid-cell\" ><div id=\"panel-30570-87-0-0\" class=\"so-panel widget widget_sow-image panel-first-child panel-last-child\" data-index=\"95\" ><div\n\t\t\t\n\t\t\tclass=\"so-widget-sow-image so-widget-sow-image-default-8b5b6f678277-30570\"\n\t\t\t\n\t\t>\n<div class=\"sow-image-container\">\n\t\t<img \n\tsrc=\"https:\/\/wildlife-travel.com\/wp-content\/uploads\/2025\/10\/finnwale-vor-spaniens-kuesten-49-scaled.jpg\" width=\"2560\" height=\"1707\" srcset=\"https:\/\/wildlife-travel.com\/wp-content\/uploads\/2025\/10\/finnwale-vor-spaniens-kuesten-49-scaled.jpg 2560w, https:\/\/wildlife-travel.com\/wp-content\/uploads\/2025\/10\/finnwale-vor-spaniens-kuesten-49-300x200.jpg 300w, https:\/\/wildlife-travel.com\/wp-content\/uploads\/2025\/10\/finnwale-vor-spaniens-kuesten-49-1024x683.jpg 1024w, https:\/\/wildlife-travel.com\/wp-content\/uploads\/2025\/10\/finnwale-vor-spaniens-kuesten-49-768x512.jpg 768w, https:\/\/wildlife-travel.com\/wp-content\/uploads\/2025\/10\/finnwale-vor-spaniens-kuesten-49-1536x1024.jpg 1536w, https:\/\/wildlife-travel.com\/wp-content\/uploads\/2025\/10\/finnwale-vor-spaniens-kuesten-49-2048x1365.jpg 2048w, https:\/\/wildlife-travel.com\/wp-content\/uploads\/2025\/10\/finnwale-vor-spaniens-kuesten-49-840x560.jpg 840w, https:\/\/wildlife-travel.com\/wp-content\/uploads\/2025\/10\/finnwale-vor-spaniens-kuesten-49-120x80.jpg 120w, https:\/\/wildlife-travel.com\/wp-content\/uploads\/2025\/10\/finnwale-vor-spaniens-kuesten-49-360x240.jpg 360w, https:\/\/wildlife-travel.com\/wp-content\/uploads\/2025\/10\/finnwale-vor-spaniens-kuesten-49-600x400.jpg 600w, https:\/\/wildlife-travel.com\/wp-content\/uploads\/2025\/10\/finnwale-vor-spaniens-kuesten-49-272x182.jpg 272w\" sizes=\"(max-width: 2560px) 100vw, 2560px\" title=\"finnwale-vor-spaniens-k\u00fcsten (49)\" alt=\"Finnwale vor Spaniens K\u00fcsten\" \t\tclass=\"so-widget-image\"\/>\n\t<\/div>\n\n<\/div><\/div><\/div><\/div><div id=\"pg-30570-88\"  class=\"panel-grid panel-no-style\" ><div id=\"pgc-30570-88-0\"  class=\"panel-grid-cell\" ><div id=\"panel-30570-88-0-0\" class=\"so-panel widget widget_sow-editor panel-first-child panel-last-child\" data-index=\"96\" ><div\n\t\t\t\n\t\t\tclass=\"so-widget-sow-editor so-widget-sow-editor-base\"\n\t\t\t\n\t\t>\n<div class=\"siteorigin-widget-tinymce textwidget\">\n\t<p>Zu Beginn der Ausfahrten war es eher unwahrscheinlich, Wale oder Delfine zu sehen. Vor allem f\u00fcr die Wale mussten wir weit hinaus aufs Meer fahren.<br \/>\n<br data-start=\"213\" data-end=\"216\" \/>Anfangs genoss ich meist noch die wundersch\u00f6nen Ausblicke \u2013 und an diesem Tag besonders die angenehmen Farben des Morgens.<\/p>\n<\/div>\n<\/div><\/div><\/div><\/div><div id=\"pg-30570-89\"  class=\"panel-grid panel-no-style\" ><div id=\"pgc-30570-89-0\"  class=\"panel-grid-cell\" ><div id=\"panel-30570-89-0-0\" class=\"so-panel widget widget_sow-image panel-first-child panel-last-child\" data-index=\"97\" ><div\n\t\t\t\n\t\t\tclass=\"so-widget-sow-image so-widget-sow-image-default-8b5b6f678277-30570\"\n\t\t\t\n\t\t>\n<div class=\"sow-image-container\">\n\t\t<img \n\tsrc=\"https:\/\/wildlife-travel.com\/wp-content\/uploads\/2025\/10\/finnwale-vor-spaniens-kuesten-50-scaled.jpg\" width=\"2560\" height=\"1707\" srcset=\"https:\/\/wildlife-travel.com\/wp-content\/uploads\/2025\/10\/finnwale-vor-spaniens-kuesten-50-scaled.jpg 2560w, https:\/\/wildlife-travel.com\/wp-content\/uploads\/2025\/10\/finnwale-vor-spaniens-kuesten-50-300x200.jpg 300w, https:\/\/wildlife-travel.com\/wp-content\/uploads\/2025\/10\/finnwale-vor-spaniens-kuesten-50-1024x683.jpg 1024w, https:\/\/wildlife-travel.com\/wp-content\/uploads\/2025\/10\/finnwale-vor-spaniens-kuesten-50-768x512.jpg 768w, https:\/\/wildlife-travel.com\/wp-content\/uploads\/2025\/10\/finnwale-vor-spaniens-kuesten-50-1536x1024.jpg 1536w, https:\/\/wildlife-travel.com\/wp-content\/uploads\/2025\/10\/finnwale-vor-spaniens-kuesten-50-2048x1365.jpg 2048w, https:\/\/wildlife-travel.com\/wp-content\/uploads\/2025\/10\/finnwale-vor-spaniens-kuesten-50-840x560.jpg 840w, https:\/\/wildlife-travel.com\/wp-content\/uploads\/2025\/10\/finnwale-vor-spaniens-kuesten-50-120x80.jpg 120w, https:\/\/wildlife-travel.com\/wp-content\/uploads\/2025\/10\/finnwale-vor-spaniens-kuesten-50-360x240.jpg 360w, https:\/\/wildlife-travel.com\/wp-content\/uploads\/2025\/10\/finnwale-vor-spaniens-kuesten-50-600x400.jpg 600w, https:\/\/wildlife-travel.com\/wp-content\/uploads\/2025\/10\/finnwale-vor-spaniens-kuesten-50-272x182.jpg 272w\" sizes=\"(max-width: 2560px) 100vw, 2560px\" title=\"finnwale-vor-spaniens-k\u00fcsten (50)\" alt=\"Finnwale vor Spaniens K\u00fcsten\" \t\tclass=\"so-widget-image\"\/>\n\t<\/div>\n\n<\/div><\/div><\/div><\/div><div id=\"pg-30570-90\"  class=\"panel-grid panel-no-style\" ><div id=\"pgc-30570-90-0\"  class=\"panel-grid-cell\" ><div id=\"panel-30570-90-0-0\" class=\"so-panel widget widget_sow-editor panel-first-child panel-last-child\" data-index=\"98\" ><div\n\t\t\t\n\t\t\tclass=\"so-widget-sow-editor so-widget-sow-editor-base\"\n\t\t\t\n\t\t>\n<div class=\"siteorigin-widget-tinymce textwidget\">\n\t<p data-start=\"74\" data-end=\"300\">Auch wenn der Tag vielversprechend begann, hie\u00df das noch lange nicht, dass wir Wale oder Delfine entdecken w\u00fcrden. Wir suchten und suchten \u2013 wie an den Tagen zuvor \u2013 doch von den Finnwalen war weit und breit nichts zu sehen.<\/p>\n<p data-start=\"302\" data-end=\"522\">Da das Wetter sch\u00f6n war, hatten wir geplant, m\u00f6glichst lange drau\u00dfen zu bleiben. Es sollte tats\u00e4chlich unsere l\u00e4ngste Ausfahrt werden: Wir legten bei Sonnenaufgang ab und kehrten erst zur\u00fcck, als es bereits dunkel war.<\/p>\n<p data-start=\"524\" data-end=\"605\">Doch am sp\u00e4ten Nachmittag wurden wir endlich f\u00fcndig \u2013 es waren Rundkopfdelfine!<\/p>\n<\/div>\n<\/div><\/div><\/div><\/div><div id=\"pg-30570-91\"  class=\"panel-grid panel-no-style\" ><div id=\"pgc-30570-91-0\"  class=\"panel-grid-cell\" ><div id=\"panel-30570-91-0-0\" class=\"so-panel widget widget_sow-image panel-first-child panel-last-child\" data-index=\"99\" ><div\n\t\t\t\n\t\t\tclass=\"so-widget-sow-image so-widget-sow-image-default-8b5b6f678277-30570\"\n\t\t\t\n\t\t>\n<div class=\"sow-image-container\">\n\t\t<img \n\tsrc=\"https:\/\/wildlife-travel.com\/wp-content\/uploads\/2025\/10\/finnwale-vor-spaniens-kuesten-51-scaled.jpg\" width=\"2560\" height=\"1707\" srcset=\"https:\/\/wildlife-travel.com\/wp-content\/uploads\/2025\/10\/finnwale-vor-spaniens-kuesten-51-scaled.jpg 2560w, https:\/\/wildlife-travel.com\/wp-content\/uploads\/2025\/10\/finnwale-vor-spaniens-kuesten-51-300x200.jpg 300w, https:\/\/wildlife-travel.com\/wp-content\/uploads\/2025\/10\/finnwale-vor-spaniens-kuesten-51-1024x683.jpg 1024w, https:\/\/wildlife-travel.com\/wp-content\/uploads\/2025\/10\/finnwale-vor-spaniens-kuesten-51-768x512.jpg 768w, https:\/\/wildlife-travel.com\/wp-content\/uploads\/2025\/10\/finnwale-vor-spaniens-kuesten-51-1536x1024.jpg 1536w, https:\/\/wildlife-travel.com\/wp-content\/uploads\/2025\/10\/finnwale-vor-spaniens-kuesten-51-2048x1365.jpg 2048w, https:\/\/wildlife-travel.com\/wp-content\/uploads\/2025\/10\/finnwale-vor-spaniens-kuesten-51-840x560.jpg 840w, https:\/\/wildlife-travel.com\/wp-content\/uploads\/2025\/10\/finnwale-vor-spaniens-kuesten-51-120x80.jpg 120w, https:\/\/wildlife-travel.com\/wp-content\/uploads\/2025\/10\/finnwale-vor-spaniens-kuesten-51-360x240.jpg 360w, https:\/\/wildlife-travel.com\/wp-content\/uploads\/2025\/10\/finnwale-vor-spaniens-kuesten-51-600x400.jpg 600w, https:\/\/wildlife-travel.com\/wp-content\/uploads\/2025\/10\/finnwale-vor-spaniens-kuesten-51-272x182.jpg 272w\" sizes=\"(max-width: 2560px) 100vw, 2560px\" title=\"finnwale-vor-spaniens-k\u00fcsten (51)\" alt=\"Rundkopfdelfine im Mittelmeer\" \t\tclass=\"so-widget-image\"\/>\n\t<\/div>\n\n<\/div><\/div><\/div><\/div><div id=\"pg-30570-92\"  class=\"panel-grid panel-no-style\" ><div id=\"pgc-30570-92-0\"  class=\"panel-grid-cell\" ><div id=\"panel-30570-92-0-0\" class=\"so-panel widget widget_sow-editor panel-first-child panel-last-child\" data-index=\"100\" ><div\n\t\t\t\n\t\t\tclass=\"so-widget-sow-editor so-widget-sow-editor-base\"\n\t\t\t\n\t\t>\n<div class=\"siteorigin-widget-tinymce textwidget\">\n\t<p>Ich freute mich riesig. Es schien eine gr\u00f6\u00dfere Gruppe zu sein, doch die Delfine waren ziemlich verstreut \u2013 vorne, hinten, links und rechts. \u00dcberall konnte in einem Moment ein Rundkopfdelfin auftauchen, sodass ich gar nicht wusste, wohin ich auf dem Boot zuerst schauen sollte.<\/p>\n<\/div>\n<\/div><\/div><\/div><\/div><div id=\"pg-30570-93\"  class=\"panel-grid panel-no-style\" ><div id=\"pgc-30570-93-0\"  class=\"panel-grid-cell\" ><div id=\"panel-30570-93-0-0\" class=\"so-panel widget widget_sow-image panel-first-child panel-last-child\" data-index=\"101\" ><div\n\t\t\t\n\t\t\tclass=\"so-widget-sow-image so-widget-sow-image-default-8b5b6f678277-30570\"\n\t\t\t\n\t\t>\n<div class=\"sow-image-container\">\n\t\t<img \n\tsrc=\"https:\/\/wildlife-travel.com\/wp-content\/uploads\/2025\/10\/finnwale-vor-spaniens-kuesten-52-scaled.jpg\" width=\"2560\" height=\"1707\" srcset=\"https:\/\/wildlife-travel.com\/wp-content\/uploads\/2025\/10\/finnwale-vor-spaniens-kuesten-52-scaled.jpg 2560w, https:\/\/wildlife-travel.com\/wp-content\/uploads\/2025\/10\/finnwale-vor-spaniens-kuesten-52-300x200.jpg 300w, https:\/\/wildlife-travel.com\/wp-content\/uploads\/2025\/10\/finnwale-vor-spaniens-kuesten-52-1024x683.jpg 1024w, https:\/\/wildlife-travel.com\/wp-content\/uploads\/2025\/10\/finnwale-vor-spaniens-kuesten-52-768x512.jpg 768w, https:\/\/wildlife-travel.com\/wp-content\/uploads\/2025\/10\/finnwale-vor-spaniens-kuesten-52-1536x1024.jpg 1536w, https:\/\/wildlife-travel.com\/wp-content\/uploads\/2025\/10\/finnwale-vor-spaniens-kuesten-52-2048x1365.jpg 2048w, https:\/\/wildlife-travel.com\/wp-content\/uploads\/2025\/10\/finnwale-vor-spaniens-kuesten-52-840x560.jpg 840w, https:\/\/wildlife-travel.com\/wp-content\/uploads\/2025\/10\/finnwale-vor-spaniens-kuesten-52-120x80.jpg 120w, https:\/\/wildlife-travel.com\/wp-content\/uploads\/2025\/10\/finnwale-vor-spaniens-kuesten-52-360x240.jpg 360w, https:\/\/wildlife-travel.com\/wp-content\/uploads\/2025\/10\/finnwale-vor-spaniens-kuesten-52-600x400.jpg 600w, https:\/\/wildlife-travel.com\/wp-content\/uploads\/2025\/10\/finnwale-vor-spaniens-kuesten-52-272x182.jpg 272w\" sizes=\"(max-width: 2560px) 100vw, 2560px\" title=\"finnwale-vor-spaniens-k\u00fcsten (52)\" alt=\"Rundkopfdelfine im Mittelmeer\" \t\tclass=\"so-widget-image\"\/>\n\t<\/div>\n\n<\/div><\/div><\/div><\/div><div id=\"pg-30570-94\"  class=\"panel-grid panel-no-style\" ><div id=\"pgc-30570-94-0\"  class=\"panel-grid-cell\" ><div id=\"panel-30570-94-0-0\" class=\"so-panel widget widget_sow-editor panel-first-child panel-last-child\" data-index=\"102\" ><div\n\t\t\t\n\t\t\tclass=\"so-widget-sow-editor so-widget-sow-editor-base\"\n\t\t\t\n\t\t>\n<div class=\"siteorigin-widget-tinymce textwidget\">\n\t<p data-start=\"80\" data-end=\"483\">Das Sch\u00f6ne war, dass es keine Platzprobleme gab. Von \u201enormalen\u201c Wal- und Delfintouren kannte ich es, dass es manchmal schwer sein kann, einen guten Platz zu ergattern. Da es sich hier jedoch um eine Forschungsfahrt und nicht um eine touristische Ausfahrt handelte, war das kein Problem. Allerdings sollte man f\u00fcr eine solche Fahrt wirkliches Interesse mitbringen, denn sie dauert viele, viele Stunden.<\/p>\n<p data-start=\"485\" data-end=\"549\">Nichtsdestotrotz die Rundkopfdelfine schienen in bester Stimmung zu sein.<\/p>\n<\/div>\n<\/div><\/div><\/div><\/div><div id=\"pg-30570-95\"  class=\"panel-grid panel-no-style\" ><div id=\"pgc-30570-95-0\"  class=\"panel-grid-cell\" ><div id=\"panel-30570-95-0-0\" class=\"so-panel widget widget_sow-image panel-first-child panel-last-child\" data-index=\"103\" ><div\n\t\t\t\n\t\t\tclass=\"so-widget-sow-image so-widget-sow-image-default-8b5b6f678277-30570\"\n\t\t\t\n\t\t>\n<div class=\"sow-image-container\">\n\t\t<img \n\tsrc=\"https:\/\/wildlife-travel.com\/wp-content\/uploads\/2025\/10\/finnwale-vor-spaniens-kuesten-53-scaled.jpg\" width=\"2560\" height=\"1707\" srcset=\"https:\/\/wildlife-travel.com\/wp-content\/uploads\/2025\/10\/finnwale-vor-spaniens-kuesten-53-scaled.jpg 2560w, https:\/\/wildlife-travel.com\/wp-content\/uploads\/2025\/10\/finnwale-vor-spaniens-kuesten-53-300x200.jpg 300w, https:\/\/wildlife-travel.com\/wp-content\/uploads\/2025\/10\/finnwale-vor-spaniens-kuesten-53-1024x683.jpg 1024w, https:\/\/wildlife-travel.com\/wp-content\/uploads\/2025\/10\/finnwale-vor-spaniens-kuesten-53-768x512.jpg 768w, https:\/\/wildlife-travel.com\/wp-content\/uploads\/2025\/10\/finnwale-vor-spaniens-kuesten-53-1536x1024.jpg 1536w, https:\/\/wildlife-travel.com\/wp-content\/uploads\/2025\/10\/finnwale-vor-spaniens-kuesten-53-2048x1365.jpg 2048w, https:\/\/wildlife-travel.com\/wp-content\/uploads\/2025\/10\/finnwale-vor-spaniens-kuesten-53-840x560.jpg 840w, https:\/\/wildlife-travel.com\/wp-content\/uploads\/2025\/10\/finnwale-vor-spaniens-kuesten-53-120x80.jpg 120w, https:\/\/wildlife-travel.com\/wp-content\/uploads\/2025\/10\/finnwale-vor-spaniens-kuesten-53-360x240.jpg 360w, https:\/\/wildlife-travel.com\/wp-content\/uploads\/2025\/10\/finnwale-vor-spaniens-kuesten-53-600x400.jpg 600w, https:\/\/wildlife-travel.com\/wp-content\/uploads\/2025\/10\/finnwale-vor-spaniens-kuesten-53-272x182.jpg 272w\" sizes=\"(max-width: 2560px) 100vw, 2560px\" title=\"finnwale-vor-spaniens-k\u00fcsten (53)\" alt=\"Rundkopfdelfine im Mittelmeer\" \t\tclass=\"so-widget-image\"\/>\n\t<\/div>\n\n<\/div><\/div><\/div><\/div><div id=\"pg-30570-96\"  class=\"panel-grid panel-no-style\" ><div id=\"pgc-30570-96-0\"  class=\"panel-grid-cell\" ><div id=\"panel-30570-96-0-0\" class=\"so-panel widget widget_sow-editor panel-first-child panel-last-child\" data-index=\"104\" ><div\n\t\t\t\n\t\t\tclass=\"so-widget-sow-editor so-widget-sow-editor-base\"\n\t\t\t\n\t\t>\n<div class=\"siteorigin-widget-tinymce textwidget\">\n\t<p>Rundkopfdelfine hatte ich bereits <a href=\"https:\/\/wildlife-travel.com\/de\/walbeobachtung-auf-den-azoren-insel-pico\/\" target=\"_blank\" rel=\"noopener\">auf den Azoren<\/a> gesehen, doch dort wirkten sie scheuer und weniger verspielt. Au\u00dferdem kamen sie damals nicht so nah ans Boot wie an diesem Tag.<\/p>\n<\/div>\n<\/div><\/div><\/div><\/div><div id=\"pg-30570-97\"  class=\"panel-grid panel-no-style\" ><div id=\"pgc-30570-97-0\"  class=\"panel-grid-cell\" ><div id=\"panel-30570-97-0-0\" class=\"so-panel widget widget_sow-image panel-first-child panel-last-child\" data-index=\"105\" ><div\n\t\t\t\n\t\t\tclass=\"so-widget-sow-image so-widget-sow-image-default-8b5b6f678277-30570\"\n\t\t\t\n\t\t>\n<div class=\"sow-image-container\">\n\t\t<img \n\tsrc=\"https:\/\/wildlife-travel.com\/wp-content\/uploads\/2025\/10\/finnwale-vor-spaniens-kuesten-54-scaled.jpg\" width=\"2560\" height=\"1707\" srcset=\"https:\/\/wildlife-travel.com\/wp-content\/uploads\/2025\/10\/finnwale-vor-spaniens-kuesten-54-scaled.jpg 2560w, https:\/\/wildlife-travel.com\/wp-content\/uploads\/2025\/10\/finnwale-vor-spaniens-kuesten-54-300x200.jpg 300w, https:\/\/wildlife-travel.com\/wp-content\/uploads\/2025\/10\/finnwale-vor-spaniens-kuesten-54-1024x683.jpg 1024w, https:\/\/wildlife-travel.com\/wp-content\/uploads\/2025\/10\/finnwale-vor-spaniens-kuesten-54-768x512.jpg 768w, https:\/\/wildlife-travel.com\/wp-content\/uploads\/2025\/10\/finnwale-vor-spaniens-kuesten-54-1536x1024.jpg 1536w, https:\/\/wildlife-travel.com\/wp-content\/uploads\/2025\/10\/finnwale-vor-spaniens-kuesten-54-2048x1365.jpg 2048w, https:\/\/wildlife-travel.com\/wp-content\/uploads\/2025\/10\/finnwale-vor-spaniens-kuesten-54-840x560.jpg 840w, https:\/\/wildlife-travel.com\/wp-content\/uploads\/2025\/10\/finnwale-vor-spaniens-kuesten-54-120x80.jpg 120w, https:\/\/wildlife-travel.com\/wp-content\/uploads\/2025\/10\/finnwale-vor-spaniens-kuesten-54-360x240.jpg 360w, https:\/\/wildlife-travel.com\/wp-content\/uploads\/2025\/10\/finnwale-vor-spaniens-kuesten-54-600x400.jpg 600w, https:\/\/wildlife-travel.com\/wp-content\/uploads\/2025\/10\/finnwale-vor-spaniens-kuesten-54-272x182.jpg 272w\" sizes=\"(max-width: 2560px) 100vw, 2560px\" title=\"finnwale-vor-spaniens-k\u00fcsten (54)\" alt=\"Rundkopfdelfine im Mittelmeer\" \t\tclass=\"so-widget-image\"\/>\n\t<\/div>\n\n<\/div><\/div><\/div><\/div><div id=\"pg-30570-98\"  class=\"panel-grid panel-no-style\" ><div id=\"pgc-30570-98-0\"  class=\"panel-grid-cell\" ><div id=\"panel-30570-98-0-0\" class=\"so-panel widget widget_sow-editor panel-first-child panel-last-child\" data-index=\"106\" ><div\n\t\t\t\n\t\t\tclass=\"so-widget-sow-editor so-widget-sow-editor-base\"\n\t\t\t\n\t\t>\n<div class=\"siteorigin-widget-tinymce textwidget\">\n\t<p>Pl\u00f6tzlich sprang ein Rundkopfdelfin aus dem Wasser \u2013 auf dem Foto war leider nur noch ein gro\u00dfer Platsch zu sehen. Doch der Delfin sprang ein weiteres Mal, und diesmal konnte ich ihn fast vollst\u00e4ndig sehen. Was f\u00fcr ein wundersch\u00f6ner Anblick!<\/p>\n<\/div>\n<\/div><\/div><\/div><\/div><div id=\"pg-30570-99\"  class=\"panel-grid panel-no-style\" ><div id=\"pgc-30570-99-0\"  class=\"panel-grid-cell\" ><div id=\"panel-30570-99-0-0\" class=\"so-panel widget widget_sow-image panel-first-child panel-last-child\" data-index=\"107\" ><div\n\t\t\t\n\t\t\tclass=\"so-widget-sow-image so-widget-sow-image-default-8b5b6f678277-30570\"\n\t\t\t\n\t\t>\n<div class=\"sow-image-container\">\n\t\t<img \n\tsrc=\"https:\/\/wildlife-travel.com\/wp-content\/uploads\/2025\/10\/finnwale-vor-spaniens-kuesten-55-scaled.jpg\" width=\"2560\" height=\"1707\" srcset=\"https:\/\/wildlife-travel.com\/wp-content\/uploads\/2025\/10\/finnwale-vor-spaniens-kuesten-55-scaled.jpg 2560w, https:\/\/wildlife-travel.com\/wp-content\/uploads\/2025\/10\/finnwale-vor-spaniens-kuesten-55-300x200.jpg 300w, https:\/\/wildlife-travel.com\/wp-content\/uploads\/2025\/10\/finnwale-vor-spaniens-kuesten-55-1024x683.jpg 1024w, https:\/\/wildlife-travel.com\/wp-content\/uploads\/2025\/10\/finnwale-vor-spaniens-kuesten-55-768x512.jpg 768w, https:\/\/wildlife-travel.com\/wp-content\/uploads\/2025\/10\/finnwale-vor-spaniens-kuesten-55-1536x1024.jpg 1536w, https:\/\/wildlife-travel.com\/wp-content\/uploads\/2025\/10\/finnwale-vor-spaniens-kuesten-55-2048x1366.jpg 2048w, https:\/\/wildlife-travel.com\/wp-content\/uploads\/2025\/10\/finnwale-vor-spaniens-kuesten-55-840x560.jpg 840w, https:\/\/wildlife-travel.com\/wp-content\/uploads\/2025\/10\/finnwale-vor-spaniens-kuesten-55-120x80.jpg 120w, https:\/\/wildlife-travel.com\/wp-content\/uploads\/2025\/10\/finnwale-vor-spaniens-kuesten-55-360x240.jpg 360w, https:\/\/wildlife-travel.com\/wp-content\/uploads\/2025\/10\/finnwale-vor-spaniens-kuesten-55-600x400.jpg 600w, https:\/\/wildlife-travel.com\/wp-content\/uploads\/2025\/10\/finnwale-vor-spaniens-kuesten-55-272x182.jpg 272w\" sizes=\"(max-width: 2560px) 100vw, 2560px\" title=\"finnwale-vor-spaniens-k\u00fcsten (55)\" alt=\"Rundkopfdelfine im Mittelmeer\" \t\tclass=\"so-widget-image\"\/>\n\t<\/div>\n\n<\/div><\/div><\/div><\/div><div id=\"pg-30570-100\"  class=\"panel-grid panel-no-style\" ><div id=\"pgc-30570-100-0\"  class=\"panel-grid-cell\" ><div id=\"panel-30570-100-0-0\" class=\"so-panel widget widget_sow-image panel-first-child panel-last-child\" data-index=\"108\" ><div\n\t\t\t\n\t\t\tclass=\"so-widget-sow-image so-widget-sow-image-default-8b5b6f678277-30570\"\n\t\t\t\n\t\t>\n<div class=\"sow-image-container\">\n\t\t<img \n\tsrc=\"https:\/\/wildlife-travel.com\/wp-content\/uploads\/2025\/10\/finnwale-vor-spaniens-kuesten-56-scaled.jpg\" width=\"2560\" height=\"1707\" srcset=\"https:\/\/wildlife-travel.com\/wp-content\/uploads\/2025\/10\/finnwale-vor-spaniens-kuesten-56-scaled.jpg 2560w, https:\/\/wildlife-travel.com\/wp-content\/uploads\/2025\/10\/finnwale-vor-spaniens-kuesten-56-300x200.jpg 300w, https:\/\/wildlife-travel.com\/wp-content\/uploads\/2025\/10\/finnwale-vor-spaniens-kuesten-56-1024x683.jpg 1024w, https:\/\/wildlife-travel.com\/wp-content\/uploads\/2025\/10\/finnwale-vor-spaniens-kuesten-56-768x512.jpg 768w, https:\/\/wildlife-travel.com\/wp-content\/uploads\/2025\/10\/finnwale-vor-spaniens-kuesten-56-1536x1024.jpg 1536w, https:\/\/wildlife-travel.com\/wp-content\/uploads\/2025\/10\/finnwale-vor-spaniens-kuesten-56-2048x1365.jpg 2048w, https:\/\/wildlife-travel.com\/wp-content\/uploads\/2025\/10\/finnwale-vor-spaniens-kuesten-56-840x560.jpg 840w, https:\/\/wildlife-travel.com\/wp-content\/uploads\/2025\/10\/finnwale-vor-spaniens-kuesten-56-120x80.jpg 120w, https:\/\/wildlife-travel.com\/wp-content\/uploads\/2025\/10\/finnwale-vor-spaniens-kuesten-56-360x240.jpg 360w, https:\/\/wildlife-travel.com\/wp-content\/uploads\/2025\/10\/finnwale-vor-spaniens-kuesten-56-600x400.jpg 600w, https:\/\/wildlife-travel.com\/wp-content\/uploads\/2025\/10\/finnwale-vor-spaniens-kuesten-56-272x182.jpg 272w\" sizes=\"(max-width: 2560px) 100vw, 2560px\" title=\"finnwale-vor-spaniens-k\u00fcsten (56)\" alt=\"Rundkopfdelfine im Mittelmeer\" \t\tclass=\"so-widget-image\"\/>\n\t<\/div>\n\n<\/div><\/div><\/div><div id=\"pgc-30570-100-1\"  class=\"panel-grid-cell\" ><div id=\"panel-30570-100-1-0\" class=\"so-panel widget widget_sow-image panel-first-child panel-last-child\" data-index=\"109\" ><div\n\t\t\t\n\t\t\tclass=\"so-widget-sow-image so-widget-sow-image-default-8b5b6f678277-30570\"\n\t\t\t\n\t\t>\n<div class=\"sow-image-container\">\n\t\t<img \n\tsrc=\"https:\/\/wildlife-travel.com\/wp-content\/uploads\/2025\/10\/finnwale-vor-spaniens-kuesten-57-scaled.jpg\" width=\"2560\" height=\"1707\" srcset=\"https:\/\/wildlife-travel.com\/wp-content\/uploads\/2025\/10\/finnwale-vor-spaniens-kuesten-57-scaled.jpg 2560w, https:\/\/wildlife-travel.com\/wp-content\/uploads\/2025\/10\/finnwale-vor-spaniens-kuesten-57-300x200.jpg 300w, https:\/\/wildlife-travel.com\/wp-content\/uploads\/2025\/10\/finnwale-vor-spaniens-kuesten-57-1024x683.jpg 1024w, https:\/\/wildlife-travel.com\/wp-content\/uploads\/2025\/10\/finnwale-vor-spaniens-kuesten-57-768x512.jpg 768w, https:\/\/wildlife-travel.com\/wp-content\/uploads\/2025\/10\/finnwale-vor-spaniens-kuesten-57-1536x1024.jpg 1536w, https:\/\/wildlife-travel.com\/wp-content\/uploads\/2025\/10\/finnwale-vor-spaniens-kuesten-57-2048x1365.jpg 2048w, https:\/\/wildlife-travel.com\/wp-content\/uploads\/2025\/10\/finnwale-vor-spaniens-kuesten-57-840x560.jpg 840w, https:\/\/wildlife-travel.com\/wp-content\/uploads\/2025\/10\/finnwale-vor-spaniens-kuesten-57-120x80.jpg 120w, https:\/\/wildlife-travel.com\/wp-content\/uploads\/2025\/10\/finnwale-vor-spaniens-kuesten-57-360x240.jpg 360w, https:\/\/wildlife-travel.com\/wp-content\/uploads\/2025\/10\/finnwale-vor-spaniens-kuesten-57-600x400.jpg 600w, https:\/\/wildlife-travel.com\/wp-content\/uploads\/2025\/10\/finnwale-vor-spaniens-kuesten-57-272x182.jpg 272w\" sizes=\"(max-width: 2560px) 100vw, 2560px\" title=\"finnwale-vor-spaniens-k\u00fcsten (57)\" alt=\"Rundkopfdelfine im Mittelmeer\" \t\tclass=\"so-widget-image\"\/>\n\t<\/div>\n\n<\/div><\/div><\/div><\/div><div id=\"pg-30570-101\"  class=\"panel-grid panel-no-style\" ><div id=\"pgc-30570-101-0\"  class=\"panel-grid-cell\" ><div id=\"panel-30570-101-0-0\" class=\"so-panel widget widget_sow-editor panel-first-child panel-last-child\" data-index=\"110\" ><div\n\t\t\t\n\t\t\tclass=\"so-widget-sow-editor so-widget-sow-editor-base\"\n\t\t\t\n\t\t>\n<div class=\"siteorigin-widget-tinymce textwidget\">\n\t<p>Manchmal lugten sie nur kurz aus dem Wasser und tauchten dann mit einem Kopfsprung wieder ein, sodass das Wasser spritzte.<\/p>\n<\/div>\n<\/div><\/div><\/div><\/div><div id=\"pg-30570-102\"  class=\"panel-grid panel-no-style\" ><div id=\"pgc-30570-102-0\"  class=\"panel-grid-cell\" ><div id=\"panel-30570-102-0-0\" class=\"so-panel widget widget_sow-image panel-first-child panel-last-child\" data-index=\"111\" ><div\n\t\t\t\n\t\t\tclass=\"so-widget-sow-image so-widget-sow-image-default-8b5b6f678277-30570\"\n\t\t\t\n\t\t>\n<div class=\"sow-image-container\">\n\t\t<img \n\tsrc=\"https:\/\/wildlife-travel.com\/wp-content\/uploads\/2025\/10\/finnwale-vor-spaniens-kuesten-58-scaled.jpg\" width=\"2560\" height=\"1707\" srcset=\"https:\/\/wildlife-travel.com\/wp-content\/uploads\/2025\/10\/finnwale-vor-spaniens-kuesten-58-scaled.jpg 2560w, https:\/\/wildlife-travel.com\/wp-content\/uploads\/2025\/10\/finnwale-vor-spaniens-kuesten-58-300x200.jpg 300w, https:\/\/wildlife-travel.com\/wp-content\/uploads\/2025\/10\/finnwale-vor-spaniens-kuesten-58-1024x683.jpg 1024w, https:\/\/wildlife-travel.com\/wp-content\/uploads\/2025\/10\/finnwale-vor-spaniens-kuesten-58-768x512.jpg 768w, https:\/\/wildlife-travel.com\/wp-content\/uploads\/2025\/10\/finnwale-vor-spaniens-kuesten-58-1536x1024.jpg 1536w, https:\/\/wildlife-travel.com\/wp-content\/uploads\/2025\/10\/finnwale-vor-spaniens-kuesten-58-2048x1365.jpg 2048w, https:\/\/wildlife-travel.com\/wp-content\/uploads\/2025\/10\/finnwale-vor-spaniens-kuesten-58-840x560.jpg 840w, https:\/\/wildlife-travel.com\/wp-content\/uploads\/2025\/10\/finnwale-vor-spaniens-kuesten-58-120x80.jpg 120w, https:\/\/wildlife-travel.com\/wp-content\/uploads\/2025\/10\/finnwale-vor-spaniens-kuesten-58-360x240.jpg 360w, https:\/\/wildlife-travel.com\/wp-content\/uploads\/2025\/10\/finnwale-vor-spaniens-kuesten-58-600x400.jpg 600w, https:\/\/wildlife-travel.com\/wp-content\/uploads\/2025\/10\/finnwale-vor-spaniens-kuesten-58-272x182.jpg 272w\" sizes=\"(max-width: 2560px) 100vw, 2560px\" title=\"finnwale-vor-spaniens-k\u00fcsten (58)\" alt=\"Rundkopfdelfine im Mittelmeer\" \t\tclass=\"so-widget-image\"\/>\n\t<\/div>\n\n<\/div><\/div><\/div><\/div><div id=\"pg-30570-103\"  class=\"panel-grid panel-no-style\" ><div id=\"pgc-30570-103-0\"  class=\"panel-grid-cell\" ><div id=\"panel-30570-103-0-0\" class=\"so-panel widget widget_sow-editor panel-first-child panel-last-child\" data-index=\"112\" ><div\n\t\t\t\n\t\t\tclass=\"so-widget-sow-editor so-widget-sow-editor-base\"\n\t\t\t\n\t\t>\n<div class=\"siteorigin-widget-tinymce textwidget\">\n\t<p>Dass Delfine insgesamt so beliebt sind, liegt wahrscheinlich auch daran, dass ihr Gesichtsausdruck den Eindruck erweckt, sie w\u00fcrden l\u00e4cheln.<\/p>\n<\/div>\n<\/div><\/div><\/div><\/div><div id=\"pg-30570-104\"  class=\"panel-grid panel-no-style\" ><div id=\"pgc-30570-104-0\"  class=\"panel-grid-cell\" ><div id=\"panel-30570-104-0-0\" class=\"so-panel widget widget_sow-image panel-first-child panel-last-child\" data-index=\"113\" ><div\n\t\t\t\n\t\t\tclass=\"so-widget-sow-image so-widget-sow-image-default-8b5b6f678277-30570\"\n\t\t\t\n\t\t>\n<div class=\"sow-image-container\">\n\t\t<img \n\tsrc=\"https:\/\/wildlife-travel.com\/wp-content\/uploads\/2025\/10\/finnwale-vor-spaniens-kuesten-59-scaled.jpg\" width=\"2560\" height=\"1707\" srcset=\"https:\/\/wildlife-travel.com\/wp-content\/uploads\/2025\/10\/finnwale-vor-spaniens-kuesten-59-scaled.jpg 2560w, https:\/\/wildlife-travel.com\/wp-content\/uploads\/2025\/10\/finnwale-vor-spaniens-kuesten-59-300x200.jpg 300w, https:\/\/wildlife-travel.com\/wp-content\/uploads\/2025\/10\/finnwale-vor-spaniens-kuesten-59-1024x683.jpg 1024w, https:\/\/wildlife-travel.com\/wp-content\/uploads\/2025\/10\/finnwale-vor-spaniens-kuesten-59-768x512.jpg 768w, https:\/\/wildlife-travel.com\/wp-content\/uploads\/2025\/10\/finnwale-vor-spaniens-kuesten-59-1536x1024.jpg 1536w, https:\/\/wildlife-travel.com\/wp-content\/uploads\/2025\/10\/finnwale-vor-spaniens-kuesten-59-2048x1365.jpg 2048w, https:\/\/wildlife-travel.com\/wp-content\/uploads\/2025\/10\/finnwale-vor-spaniens-kuesten-59-840x560.jpg 840w, https:\/\/wildlife-travel.com\/wp-content\/uploads\/2025\/10\/finnwale-vor-spaniens-kuesten-59-120x80.jpg 120w, https:\/\/wildlife-travel.com\/wp-content\/uploads\/2025\/10\/finnwale-vor-spaniens-kuesten-59-360x240.jpg 360w, https:\/\/wildlife-travel.com\/wp-content\/uploads\/2025\/10\/finnwale-vor-spaniens-kuesten-59-600x400.jpg 600w, https:\/\/wildlife-travel.com\/wp-content\/uploads\/2025\/10\/finnwale-vor-spaniens-kuesten-59-272x182.jpg 272w\" sizes=\"(max-width: 2560px) 100vw, 2560px\" title=\"finnwale-vor-spaniens-k\u00fcsten (59)\" alt=\"Rundkopfdelfine im Mittelmeer\" \t\tclass=\"so-widget-image\"\/>\n\t<\/div>\n\n<\/div><\/div><\/div><\/div><div id=\"pg-30570-105\"  class=\"panel-grid panel-no-style\" ><div id=\"pgc-30570-105-0\"  class=\"panel-grid-cell\" ><div id=\"panel-30570-105-0-0\" class=\"so-panel widget widget_sow-editor panel-first-child panel-last-child\" data-index=\"114\" ><div\n\t\t\t\n\t\t\tclass=\"so-widget-sow-editor so-widget-sow-editor-base\"\n\t\t\t\n\t\t>\n<div class=\"siteorigin-widget-tinymce textwidget\">\n\t<p data-start=\"80\" data-end=\"310\">Rundkopfdelfine sind \u00fcbrigens, \u00e4hnlich wie die Gro\u00dfen T\u00fcmmler, weit verbreitet. Sie leben im Pazifischen, Atlantischen und Indischen Ozean \u2013 und auch im Mittelmeer, wenn auch nicht \u00fcberall, sondern vor allem im westlichen Bereich.<\/p>\n<p data-start=\"312\" data-end=\"542\">In <a href=\"https:\/\/wildlife-travel.com\/de\/wale-und-delfine-im-mittelmeer-sanremo-italien\/\" target=\"_blank\" rel=\"noopener\">Italien<\/a> lassen sie sich ebenfalls beobachten, doch angeblich werden sie dort immer seltener. Woran das liegt, habe ich bisher noch nicht herausgefunden. \u00dcber Hinweise oder Kommentare dazu freue ich mich wie immer sehr.<\/p>\n<\/div>\n<\/div><\/div><\/div><\/div><div id=\"pg-30570-106\"  class=\"panel-grid panel-no-style\" ><div id=\"pgc-30570-106-0\"  class=\"panel-grid-cell\" ><div id=\"panel-30570-106-0-0\" class=\"so-panel widget widget_sow-image panel-first-child panel-last-child\" data-index=\"115\" ><div\n\t\t\t\n\t\t\tclass=\"so-widget-sow-image so-widget-sow-image-default-8b5b6f678277-30570\"\n\t\t\t\n\t\t>\n<div class=\"sow-image-container\">\n\t\t<img \n\tsrc=\"https:\/\/wildlife-travel.com\/wp-content\/uploads\/2025\/10\/finnwale-vor-spaniens-kuesten-60-scaled.jpg\" width=\"2560\" height=\"1707\" srcset=\"https:\/\/wildlife-travel.com\/wp-content\/uploads\/2025\/10\/finnwale-vor-spaniens-kuesten-60-scaled.jpg 2560w, https:\/\/wildlife-travel.com\/wp-content\/uploads\/2025\/10\/finnwale-vor-spaniens-kuesten-60-300x200.jpg 300w, https:\/\/wildlife-travel.com\/wp-content\/uploads\/2025\/10\/finnwale-vor-spaniens-kuesten-60-1024x683.jpg 1024w, https:\/\/wildlife-travel.com\/wp-content\/uploads\/2025\/10\/finnwale-vor-spaniens-kuesten-60-768x512.jpg 768w, https:\/\/wildlife-travel.com\/wp-content\/uploads\/2025\/10\/finnwale-vor-spaniens-kuesten-60-1536x1024.jpg 1536w, https:\/\/wildlife-travel.com\/wp-content\/uploads\/2025\/10\/finnwale-vor-spaniens-kuesten-60-2048x1365.jpg 2048w, https:\/\/wildlife-travel.com\/wp-content\/uploads\/2025\/10\/finnwale-vor-spaniens-kuesten-60-840x560.jpg 840w, https:\/\/wildlife-travel.com\/wp-content\/uploads\/2025\/10\/finnwale-vor-spaniens-kuesten-60-120x80.jpg 120w, https:\/\/wildlife-travel.com\/wp-content\/uploads\/2025\/10\/finnwale-vor-spaniens-kuesten-60-360x240.jpg 360w, https:\/\/wildlife-travel.com\/wp-content\/uploads\/2025\/10\/finnwale-vor-spaniens-kuesten-60-600x400.jpg 600w, https:\/\/wildlife-travel.com\/wp-content\/uploads\/2025\/10\/finnwale-vor-spaniens-kuesten-60-272x182.jpg 272w\" sizes=\"(max-width: 2560px) 100vw, 2560px\" title=\"finnwale-vor-spaniens-k\u00fcsten (60)\" alt=\"Rundkopfdelfine im Mittelmeer\" \t\tclass=\"so-widget-image\"\/>\n\t<\/div>\n\n<\/div><\/div><\/div><\/div><div id=\"pg-30570-107\"  class=\"panel-grid panel-no-style\" ><div id=\"pgc-30570-107-0\"  class=\"panel-grid-cell\" ><div id=\"panel-30570-107-0-0\" class=\"so-panel widget widget_sow-editor panel-first-child panel-last-child\" data-index=\"116\" ><div\n\t\t\t\n\t\t\tclass=\"so-widget-sow-editor so-widget-sow-editor-base\"\n\t\t\t\n\t\t>\n<div class=\"siteorigin-widget-tinymce textwidget\">\n\t<p>Rundkopfdelfine lassen sich relativ leicht identifizieren, da sie im Laufe ihres Lebens zahlreiche Kratzer, Schrammen und Narben sammeln. Je mehr solcher Spuren ein Tier aufweist, desto \u00e4lter ist es wahrscheinlich. Junge Rundkopfdelfine hingegen sind meist noch gleichm\u00e4\u00dfig grau gef\u00e4rbt.<\/p>\n<\/div>\n<\/div><\/div><\/div><\/div><div id=\"pg-30570-108\"  class=\"panel-grid panel-no-style\" ><div id=\"pgc-30570-108-0\"  class=\"panel-grid-cell\" ><div id=\"panel-30570-108-0-0\" class=\"so-panel widget widget_sow-image panel-first-child panel-last-child\" data-index=\"117\" ><div\n\t\t\t\n\t\t\tclass=\"so-widget-sow-image so-widget-sow-image-default-8b5b6f678277-30570\"\n\t\t\t\n\t\t>\n<div class=\"sow-image-container\">\n\t\t<img \n\tsrc=\"https:\/\/wildlife-travel.com\/wp-content\/uploads\/2025\/10\/finnwale-vor-spaniens-kuesten-61-scaled.jpg\" width=\"2560\" height=\"1707\" srcset=\"https:\/\/wildlife-travel.com\/wp-content\/uploads\/2025\/10\/finnwale-vor-spaniens-kuesten-61-scaled.jpg 2560w, https:\/\/wildlife-travel.com\/wp-content\/uploads\/2025\/10\/finnwale-vor-spaniens-kuesten-61-300x200.jpg 300w, https:\/\/wildlife-travel.com\/wp-content\/uploads\/2025\/10\/finnwale-vor-spaniens-kuesten-61-1024x683.jpg 1024w, https:\/\/wildlife-travel.com\/wp-content\/uploads\/2025\/10\/finnwale-vor-spaniens-kuesten-61-768x512.jpg 768w, https:\/\/wildlife-travel.com\/wp-content\/uploads\/2025\/10\/finnwale-vor-spaniens-kuesten-61-1536x1024.jpg 1536w, https:\/\/wildlife-travel.com\/wp-content\/uploads\/2025\/10\/finnwale-vor-spaniens-kuesten-61-2048x1365.jpg 2048w, https:\/\/wildlife-travel.com\/wp-content\/uploads\/2025\/10\/finnwale-vor-spaniens-kuesten-61-840x560.jpg 840w, https:\/\/wildlife-travel.com\/wp-content\/uploads\/2025\/10\/finnwale-vor-spaniens-kuesten-61-120x80.jpg 120w, https:\/\/wildlife-travel.com\/wp-content\/uploads\/2025\/10\/finnwale-vor-spaniens-kuesten-61-360x240.jpg 360w, https:\/\/wildlife-travel.com\/wp-content\/uploads\/2025\/10\/finnwale-vor-spaniens-kuesten-61-600x400.jpg 600w, https:\/\/wildlife-travel.com\/wp-content\/uploads\/2025\/10\/finnwale-vor-spaniens-kuesten-61-272x182.jpg 272w\" sizes=\"(max-width: 2560px) 100vw, 2560px\" title=\"finnwale-vor-spaniens-k\u00fcsten (61)\" alt=\"Rundkopfdelfine im Mittelmeer\" \t\tclass=\"so-widget-image\"\/>\n\t<\/div>\n\n<\/div><\/div><\/div><\/div><div id=\"pg-30570-109\"  class=\"panel-grid panel-no-style\" ><div id=\"pgc-30570-109-0\"  class=\"panel-grid-cell\" ><div id=\"panel-30570-109-0-0\" class=\"so-panel widget widget_sow-image panel-first-child panel-last-child\" data-index=\"118\" ><div\n\t\t\t\n\t\t\tclass=\"so-widget-sow-image so-widget-sow-image-default-8b5b6f678277-30570\"\n\t\t\t\n\t\t>\n<div class=\"sow-image-container\">\n\t\t<img \n\tsrc=\"https:\/\/wildlife-travel.com\/wp-content\/uploads\/2025\/10\/finnwale-vor-spaniens-kuesten-62-scaled.jpg\" width=\"2560\" height=\"1707\" srcset=\"https:\/\/wildlife-travel.com\/wp-content\/uploads\/2025\/10\/finnwale-vor-spaniens-kuesten-62-scaled.jpg 2560w, https:\/\/wildlife-travel.com\/wp-content\/uploads\/2025\/10\/finnwale-vor-spaniens-kuesten-62-300x200.jpg 300w, https:\/\/wildlife-travel.com\/wp-content\/uploads\/2025\/10\/finnwale-vor-spaniens-kuesten-62-1024x683.jpg 1024w, https:\/\/wildlife-travel.com\/wp-content\/uploads\/2025\/10\/finnwale-vor-spaniens-kuesten-62-768x512.jpg 768w, https:\/\/wildlife-travel.com\/wp-content\/uploads\/2025\/10\/finnwale-vor-spaniens-kuesten-62-1536x1024.jpg 1536w, https:\/\/wildlife-travel.com\/wp-content\/uploads\/2025\/10\/finnwale-vor-spaniens-kuesten-62-2048x1365.jpg 2048w, https:\/\/wildlife-travel.com\/wp-content\/uploads\/2025\/10\/finnwale-vor-spaniens-kuesten-62-840x560.jpg 840w, https:\/\/wildlife-travel.com\/wp-content\/uploads\/2025\/10\/finnwale-vor-spaniens-kuesten-62-120x80.jpg 120w, https:\/\/wildlife-travel.com\/wp-content\/uploads\/2025\/10\/finnwale-vor-spaniens-kuesten-62-360x240.jpg 360w, https:\/\/wildlife-travel.com\/wp-content\/uploads\/2025\/10\/finnwale-vor-spaniens-kuesten-62-600x400.jpg 600w, https:\/\/wildlife-travel.com\/wp-content\/uploads\/2025\/10\/finnwale-vor-spaniens-kuesten-62-272x182.jpg 272w\" sizes=\"(max-width: 2560px) 100vw, 2560px\" title=\"finnwale-vor-spaniens-k\u00fcsten (62)\" alt=\"Rundkopfdelfine im Mittelmeer\" \t\tclass=\"so-widget-image\"\/>\n\t<\/div>\n\n<\/div><\/div><\/div><div id=\"pgc-30570-109-1\"  class=\"panel-grid-cell\" ><div id=\"panel-30570-109-1-0\" class=\"so-panel widget widget_sow-image panel-first-child panel-last-child\" data-index=\"119\" ><div\n\t\t\t\n\t\t\tclass=\"so-widget-sow-image so-widget-sow-image-default-8b5b6f678277-30570\"\n\t\t\t\n\t\t>\n<div class=\"sow-image-container\">\n\t\t<img \n\tsrc=\"https:\/\/wildlife-travel.com\/wp-content\/uploads\/2025\/10\/finnwale-vor-spaniens-kuesten-63-scaled.jpg\" width=\"2560\" height=\"1707\" srcset=\"https:\/\/wildlife-travel.com\/wp-content\/uploads\/2025\/10\/finnwale-vor-spaniens-kuesten-63-scaled.jpg 2560w, https:\/\/wildlife-travel.com\/wp-content\/uploads\/2025\/10\/finnwale-vor-spaniens-kuesten-63-300x200.jpg 300w, https:\/\/wildlife-travel.com\/wp-content\/uploads\/2025\/10\/finnwale-vor-spaniens-kuesten-63-1024x683.jpg 1024w, https:\/\/wildlife-travel.com\/wp-content\/uploads\/2025\/10\/finnwale-vor-spaniens-kuesten-63-768x512.jpg 768w, https:\/\/wildlife-travel.com\/wp-content\/uploads\/2025\/10\/finnwale-vor-spaniens-kuesten-63-1536x1024.jpg 1536w, https:\/\/wildlife-travel.com\/wp-content\/uploads\/2025\/10\/finnwale-vor-spaniens-kuesten-63-2048x1365.jpg 2048w, https:\/\/wildlife-travel.com\/wp-content\/uploads\/2025\/10\/finnwale-vor-spaniens-kuesten-63-840x560.jpg 840w, https:\/\/wildlife-travel.com\/wp-content\/uploads\/2025\/10\/finnwale-vor-spaniens-kuesten-63-120x80.jpg 120w, https:\/\/wildlife-travel.com\/wp-content\/uploads\/2025\/10\/finnwale-vor-spaniens-kuesten-63-360x240.jpg 360w, https:\/\/wildlife-travel.com\/wp-content\/uploads\/2025\/10\/finnwale-vor-spaniens-kuesten-63-600x400.jpg 600w, https:\/\/wildlife-travel.com\/wp-content\/uploads\/2025\/10\/finnwale-vor-spaniens-kuesten-63-272x182.jpg 272w\" sizes=\"(max-width: 2560px) 100vw, 2560px\" title=\"finnwale-vor-spaniens-k\u00fcsten (63)\" alt=\"Rundkopfdelfine im Mittelmeer\" \t\tclass=\"so-widget-image\"\/>\n\t<\/div>\n\n<\/div><\/div><\/div><\/div><div id=\"pg-30570-110\"  class=\"panel-grid panel-no-style\" ><div id=\"pgc-30570-110-0\"  class=\"panel-grid-cell\" ><div id=\"panel-30570-110-0-0\" class=\"so-panel widget widget_sow-editor panel-first-child panel-last-child\" data-index=\"120\" ><div\n\t\t\t\n\t\t\tclass=\"so-widget-sow-editor so-widget-sow-editor-base\"\n\t\t\t\n\t\t>\n<div class=\"siteorigin-widget-tinymce textwidget\">\n\t<p data-start=\"66\" data-end=\"236\">Auch bei den Rundkopfdelfinen blieben wir relativ lange \u2013 l\u00e4nger als bei den Blau-Wei\u00dfen Delfinen. Solche Begegnungen scheinen vor Barcelona nicht allzu h\u00e4ufig zu sein.<\/p>\n<p data-start=\"238\" data-end=\"594\">Ich versuchte, eine Nahaufnahme der Rundkopfdelfine mit Blick auf ihr Gesicht zu machen, doch das war gar nicht so einfach. Oft waren sie zu nah am Boot. Ich fotografierte mit einem 70\u2013200mm Objektiv \u2013 eigentlich perfekt, aber bei so nahen Delfinen war die Brennweite einfach zu gro\u00df. Gl\u00fccklicherweise gelangen mir dennoch ein paar akzeptable Aufnahmen.<\/p>\n<\/div>\n<\/div><\/div><\/div><\/div><div id=\"pg-30570-111\"  class=\"panel-grid panel-no-style\" ><div id=\"pgc-30570-111-0\"  class=\"panel-grid-cell\" ><div id=\"panel-30570-111-0-0\" class=\"so-panel widget widget_sow-image panel-first-child panel-last-child\" data-index=\"121\" ><div\n\t\t\t\n\t\t\tclass=\"so-widget-sow-image so-widget-sow-image-default-8b5b6f678277-30570\"\n\t\t\t\n\t\t>\n<div class=\"sow-image-container\">\n\t\t<img \n\tsrc=\"https:\/\/wildlife-travel.com\/wp-content\/uploads\/2025\/10\/finnwale-vor-spaniens-kuesten-64-scaled.jpg\" width=\"2560\" height=\"1707\" srcset=\"https:\/\/wildlife-travel.com\/wp-content\/uploads\/2025\/10\/finnwale-vor-spaniens-kuesten-64-scaled.jpg 2560w, https:\/\/wildlife-travel.com\/wp-content\/uploads\/2025\/10\/finnwale-vor-spaniens-kuesten-64-300x200.jpg 300w, https:\/\/wildlife-travel.com\/wp-content\/uploads\/2025\/10\/finnwale-vor-spaniens-kuesten-64-1024x683.jpg 1024w, https:\/\/wildlife-travel.com\/wp-content\/uploads\/2025\/10\/finnwale-vor-spaniens-kuesten-64-768x512.jpg 768w, https:\/\/wildlife-travel.com\/wp-content\/uploads\/2025\/10\/finnwale-vor-spaniens-kuesten-64-1536x1024.jpg 1536w, https:\/\/wildlife-travel.com\/wp-content\/uploads\/2025\/10\/finnwale-vor-spaniens-kuesten-64-2048x1365.jpg 2048w, https:\/\/wildlife-travel.com\/wp-content\/uploads\/2025\/10\/finnwale-vor-spaniens-kuesten-64-840x560.jpg 840w, https:\/\/wildlife-travel.com\/wp-content\/uploads\/2025\/10\/finnwale-vor-spaniens-kuesten-64-120x80.jpg 120w, https:\/\/wildlife-travel.com\/wp-content\/uploads\/2025\/10\/finnwale-vor-spaniens-kuesten-64-360x240.jpg 360w, https:\/\/wildlife-travel.com\/wp-content\/uploads\/2025\/10\/finnwale-vor-spaniens-kuesten-64-600x400.jpg 600w, https:\/\/wildlife-travel.com\/wp-content\/uploads\/2025\/10\/finnwale-vor-spaniens-kuesten-64-272x182.jpg 272w\" sizes=\"(max-width: 2560px) 100vw, 2560px\" title=\"finnwale-vor-spaniens-k\u00fcsten (64)\" alt=\"Rundkopfdelfine im Mittelmeer\" \t\tclass=\"so-widget-image\"\/>\n\t<\/div>\n\n<\/div><\/div><\/div><\/div><div id=\"pg-30570-112\"  class=\"panel-grid panel-no-style\" ><div id=\"pgc-30570-112-0\"  class=\"panel-grid-cell\" ><div id=\"panel-30570-112-0-0\" class=\"so-panel widget widget_sow-image panel-first-child panel-last-child\" data-index=\"122\" ><div\n\t\t\t\n\t\t\tclass=\"so-widget-sow-image so-widget-sow-image-default-8b5b6f678277-30570\"\n\t\t\t\n\t\t>\n<div class=\"sow-image-container\">\n\t\t<img \n\tsrc=\"https:\/\/wildlife-travel.com\/wp-content\/uploads\/2025\/10\/finnwale-vor-spaniens-kuesten-65-scaled.jpg\" width=\"2560\" height=\"1707\" srcset=\"https:\/\/wildlife-travel.com\/wp-content\/uploads\/2025\/10\/finnwale-vor-spaniens-kuesten-65-scaled.jpg 2560w, https:\/\/wildlife-travel.com\/wp-content\/uploads\/2025\/10\/finnwale-vor-spaniens-kuesten-65-300x200.jpg 300w, https:\/\/wildlife-travel.com\/wp-content\/uploads\/2025\/10\/finnwale-vor-spaniens-kuesten-65-1024x683.jpg 1024w, https:\/\/wildlife-travel.com\/wp-content\/uploads\/2025\/10\/finnwale-vor-spaniens-kuesten-65-768x512.jpg 768w, https:\/\/wildlife-travel.com\/wp-content\/uploads\/2025\/10\/finnwale-vor-spaniens-kuesten-65-1536x1024.jpg 1536w, https:\/\/wildlife-travel.com\/wp-content\/uploads\/2025\/10\/finnwale-vor-spaniens-kuesten-65-2048x1365.jpg 2048w, https:\/\/wildlife-travel.com\/wp-content\/uploads\/2025\/10\/finnwale-vor-spaniens-kuesten-65-840x560.jpg 840w, https:\/\/wildlife-travel.com\/wp-content\/uploads\/2025\/10\/finnwale-vor-spaniens-kuesten-65-120x80.jpg 120w, https:\/\/wildlife-travel.com\/wp-content\/uploads\/2025\/10\/finnwale-vor-spaniens-kuesten-65-360x240.jpg 360w, https:\/\/wildlife-travel.com\/wp-content\/uploads\/2025\/10\/finnwale-vor-spaniens-kuesten-65-600x400.jpg 600w, https:\/\/wildlife-travel.com\/wp-content\/uploads\/2025\/10\/finnwale-vor-spaniens-kuesten-65-272x182.jpg 272w\" sizes=\"(max-width: 2560px) 100vw, 2560px\" title=\"finnwale-vor-spaniens-k\u00fcsten (65)\" alt=\"Rundkopfdelfine im Mittelmeer\" \t\tclass=\"so-widget-image\"\/>\n\t<\/div>\n\n<\/div><\/div><\/div><div id=\"pgc-30570-112-1\"  class=\"panel-grid-cell\" ><div id=\"panel-30570-112-1-0\" class=\"so-panel widget widget_sow-image panel-first-child panel-last-child\" data-index=\"123\" ><div\n\t\t\t\n\t\t\tclass=\"so-widget-sow-image so-widget-sow-image-default-8b5b6f678277-30570\"\n\t\t\t\n\t\t>\n<div class=\"sow-image-container\">\n\t\t<img \n\tsrc=\"https:\/\/wildlife-travel.com\/wp-content\/uploads\/2025\/10\/finnwale-vor-spaniens-kuesten-66-scaled.jpg\" width=\"2560\" height=\"1707\" srcset=\"https:\/\/wildlife-travel.com\/wp-content\/uploads\/2025\/10\/finnwale-vor-spaniens-kuesten-66-scaled.jpg 2560w, https:\/\/wildlife-travel.com\/wp-content\/uploads\/2025\/10\/finnwale-vor-spaniens-kuesten-66-300x200.jpg 300w, https:\/\/wildlife-travel.com\/wp-content\/uploads\/2025\/10\/finnwale-vor-spaniens-kuesten-66-1024x683.jpg 1024w, https:\/\/wildlife-travel.com\/wp-content\/uploads\/2025\/10\/finnwale-vor-spaniens-kuesten-66-768x512.jpg 768w, https:\/\/wildlife-travel.com\/wp-content\/uploads\/2025\/10\/finnwale-vor-spaniens-kuesten-66-1536x1024.jpg 1536w, https:\/\/wildlife-travel.com\/wp-content\/uploads\/2025\/10\/finnwale-vor-spaniens-kuesten-66-2048x1365.jpg 2048w, https:\/\/wildlife-travel.com\/wp-content\/uploads\/2025\/10\/finnwale-vor-spaniens-kuesten-66-840x560.jpg 840w, https:\/\/wildlife-travel.com\/wp-content\/uploads\/2025\/10\/finnwale-vor-spaniens-kuesten-66-120x80.jpg 120w, https:\/\/wildlife-travel.com\/wp-content\/uploads\/2025\/10\/finnwale-vor-spaniens-kuesten-66-360x240.jpg 360w, https:\/\/wildlife-travel.com\/wp-content\/uploads\/2025\/10\/finnwale-vor-spaniens-kuesten-66-600x400.jpg 600w, https:\/\/wildlife-travel.com\/wp-content\/uploads\/2025\/10\/finnwale-vor-spaniens-kuesten-66-272x182.jpg 272w\" sizes=\"(max-width: 2560px) 100vw, 2560px\" title=\"finnwale-vor-spaniens-k\u00fcsten (66)\" alt=\"Rundkopfdelfine im Mittelmeer\" \t\tclass=\"so-widget-image\"\/>\n\t<\/div>\n\n<\/div><\/div><\/div><\/div><div id=\"pg-30570-113\"  class=\"panel-grid panel-no-style\" ><div id=\"pgc-30570-113-0\"  class=\"panel-grid-cell\" ><div id=\"panel-30570-113-0-0\" class=\"so-panel widget widget_sow-editor panel-first-child panel-last-child\" data-index=\"124\" ><div\n\t\t\t\n\t\t\tclass=\"so-widget-sow-editor so-widget-sow-editor-base\"\n\t\t\t\n\t\t>\n<div class=\"siteorigin-widget-tinymce textwidget\">\n\t<p>Irgendwann verstreute sich die Gruppe der Rundkopfdelfine zunehmend. Wohin sie wanderten, war schwer zu erkennen. Wir fuhren noch ein St\u00fcck weiter, und einige wenige Delfine begleiteten uns weiterhin. Doch nach und nach wurden es immer weniger, bis schlie\u00dflich keiner mehr zu sehen war.<\/p>\n<\/div>\n<\/div><\/div><\/div><\/div><div id=\"pg-30570-114\"  class=\"panel-grid panel-no-style\" ><div id=\"pgc-30570-114-0\"  class=\"panel-grid-cell\" ><div id=\"panel-30570-114-0-0\" class=\"so-panel widget widget_sow-image panel-first-child panel-last-child\" data-index=\"125\" ><div\n\t\t\t\n\t\t\tclass=\"so-widget-sow-image so-widget-sow-image-default-8b5b6f678277-30570\"\n\t\t\t\n\t\t>\n<div class=\"sow-image-container\">\n\t\t<img \n\tsrc=\"https:\/\/wildlife-travel.com\/wp-content\/uploads\/2025\/10\/finnwale-vor-spaniens-kuesten-67-scaled.jpg\" width=\"2560\" height=\"1707\" srcset=\"https:\/\/wildlife-travel.com\/wp-content\/uploads\/2025\/10\/finnwale-vor-spaniens-kuesten-67-scaled.jpg 2560w, https:\/\/wildlife-travel.com\/wp-content\/uploads\/2025\/10\/finnwale-vor-spaniens-kuesten-67-300x200.jpg 300w, https:\/\/wildlife-travel.com\/wp-content\/uploads\/2025\/10\/finnwale-vor-spaniens-kuesten-67-1024x683.jpg 1024w, https:\/\/wildlife-travel.com\/wp-content\/uploads\/2025\/10\/finnwale-vor-spaniens-kuesten-67-768x512.jpg 768w, https:\/\/wildlife-travel.com\/wp-content\/uploads\/2025\/10\/finnwale-vor-spaniens-kuesten-67-1536x1024.jpg 1536w, https:\/\/wildlife-travel.com\/wp-content\/uploads\/2025\/10\/finnwale-vor-spaniens-kuesten-67-2048x1365.jpg 2048w, https:\/\/wildlife-travel.com\/wp-content\/uploads\/2025\/10\/finnwale-vor-spaniens-kuesten-67-840x560.jpg 840w, https:\/\/wildlife-travel.com\/wp-content\/uploads\/2025\/10\/finnwale-vor-spaniens-kuesten-67-120x80.jpg 120w, https:\/\/wildlife-travel.com\/wp-content\/uploads\/2025\/10\/finnwale-vor-spaniens-kuesten-67-360x240.jpg 360w, https:\/\/wildlife-travel.com\/wp-content\/uploads\/2025\/10\/finnwale-vor-spaniens-kuesten-67-600x400.jpg 600w, https:\/\/wildlife-travel.com\/wp-content\/uploads\/2025\/10\/finnwale-vor-spaniens-kuesten-67-272x182.jpg 272w\" sizes=\"(max-width: 2560px) 100vw, 2560px\" title=\"finnwale-vor-spaniens-k\u00fcsten (67)\" alt=\"Rundkopfdelfine im Mittelmeer\" \t\tclass=\"so-widget-image\"\/>\n\t<\/div>\n\n<\/div><\/div><\/div><\/div><div id=\"pg-30570-115\"  class=\"panel-grid panel-no-style\" ><div id=\"pgc-30570-115-0\"  class=\"panel-grid-cell\" ><div id=\"panel-30570-115-0-0\" class=\"so-panel widget widget_sow-editor panel-first-child panel-last-child\" data-index=\"126\" ><div\n\t\t\t\n\t\t\tclass=\"so-widget-sow-editor so-widget-sow-editor-base\"\n\t\t\t\n\t\t>\n<div class=\"siteorigin-widget-tinymce textwidget\">\n\t<p data-start=\"66\" data-end=\"540\">Es war bereits sp\u00e4ter Nachmittag, doch eine R\u00fcckkehr war noch nicht geplant. Vielleicht w\u00fcrden die Finnwale doch noch auftauchen? F\u00fcr die Forscher:innen war es etwas ungew\u00f6hnlich, dass bisher kein Finnwal gesichtet wurde \u2013 das war nicht normal. Es wurde sogar \u00fcberlegt, noch weiter hinauszufahren und \u00fcber Nacht auf dem Boot zu bleiben. Ehrlich gesagt war ich froh, dass wir das nicht taten, denn gegen Abend fror ich immer ein wenig. Im April war es doch noch recht k\u00fchl.<\/p>\n<p data-start=\"542\" data-end=\"765\">Wir suchten noch eine Weile weiter, und schlie\u00dflich tauchten neben uns die schnellen Blau-Wei\u00dfen Delfine auf. Dabei versuchte ich, ihr flinkes Verhalten vorherzusehen \u2013 was mir fast nie gelang, ich war einfach zu langsam.<\/p>\n<\/div>\n<\/div><\/div><\/div><\/div><div id=\"pg-30570-116\"  class=\"panel-grid panel-no-style\" ><div id=\"pgc-30570-116-0\"  class=\"panel-grid-cell\" ><div id=\"panel-30570-116-0-0\" class=\"so-panel widget widget_sow-image panel-first-child panel-last-child\" data-index=\"127\" ><div\n\t\t\t\n\t\t\tclass=\"so-widget-sow-image so-widget-sow-image-default-8b5b6f678277-30570\"\n\t\t\t\n\t\t>\n<div class=\"sow-image-container\">\n\t\t<img \n\tsrc=\"https:\/\/wildlife-travel.com\/wp-content\/uploads\/2025\/10\/finnwale-vor-spaniens-kuesten-68-scaled.jpg\" width=\"2560\" height=\"1707\" srcset=\"https:\/\/wildlife-travel.com\/wp-content\/uploads\/2025\/10\/finnwale-vor-spaniens-kuesten-68-scaled.jpg 2560w, https:\/\/wildlife-travel.com\/wp-content\/uploads\/2025\/10\/finnwale-vor-spaniens-kuesten-68-300x200.jpg 300w, https:\/\/wildlife-travel.com\/wp-content\/uploads\/2025\/10\/finnwale-vor-spaniens-kuesten-68-1024x683.jpg 1024w, https:\/\/wildlife-travel.com\/wp-content\/uploads\/2025\/10\/finnwale-vor-spaniens-kuesten-68-768x512.jpg 768w, https:\/\/wildlife-travel.com\/wp-content\/uploads\/2025\/10\/finnwale-vor-spaniens-kuesten-68-1536x1024.jpg 1536w, https:\/\/wildlife-travel.com\/wp-content\/uploads\/2025\/10\/finnwale-vor-spaniens-kuesten-68-2048x1365.jpg 2048w, https:\/\/wildlife-travel.com\/wp-content\/uploads\/2025\/10\/finnwale-vor-spaniens-kuesten-68-840x560.jpg 840w, https:\/\/wildlife-travel.com\/wp-content\/uploads\/2025\/10\/finnwale-vor-spaniens-kuesten-68-120x80.jpg 120w, https:\/\/wildlife-travel.com\/wp-content\/uploads\/2025\/10\/finnwale-vor-spaniens-kuesten-68-360x240.jpg 360w, https:\/\/wildlife-travel.com\/wp-content\/uploads\/2025\/10\/finnwale-vor-spaniens-kuesten-68-600x400.jpg 600w, https:\/\/wildlife-travel.com\/wp-content\/uploads\/2025\/10\/finnwale-vor-spaniens-kuesten-68-272x182.jpg 272w\" sizes=\"(max-width: 2560px) 100vw, 2560px\" title=\"finnwale-vor-spaniens-k\u00fcsten (68)\" alt=\"Finnwale vor Spaniens K\u00fcsten\" \t\tclass=\"so-widget-image\"\/>\n\t<\/div>\n\n<\/div><\/div><\/div><\/div><div id=\"pg-30570-117\"  class=\"panel-grid panel-no-style\" ><div id=\"pgc-30570-117-0\"  class=\"panel-grid-cell\" ><div id=\"panel-30570-117-0-0\" class=\"so-panel widget widget_sow-image panel-first-child panel-last-child\" data-index=\"128\" ><div\n\t\t\t\n\t\t\tclass=\"so-widget-sow-image so-widget-sow-image-default-8b5b6f678277-30570\"\n\t\t\t\n\t\t>\n<div class=\"sow-image-container\">\n\t\t<img \n\tsrc=\"https:\/\/wildlife-travel.com\/wp-content\/uploads\/2025\/10\/finnwale-vor-spaniens-kuesten-69-scaled.jpg\" width=\"2560\" height=\"1707\" srcset=\"https:\/\/wildlife-travel.com\/wp-content\/uploads\/2025\/10\/finnwale-vor-spaniens-kuesten-69-scaled.jpg 2560w, https:\/\/wildlife-travel.com\/wp-content\/uploads\/2025\/10\/finnwale-vor-spaniens-kuesten-69-300x200.jpg 300w, https:\/\/wildlife-travel.com\/wp-content\/uploads\/2025\/10\/finnwale-vor-spaniens-kuesten-69-1024x683.jpg 1024w, https:\/\/wildlife-travel.com\/wp-content\/uploads\/2025\/10\/finnwale-vor-spaniens-kuesten-69-768x512.jpg 768w, https:\/\/wildlife-travel.com\/wp-content\/uploads\/2025\/10\/finnwale-vor-spaniens-kuesten-69-1536x1024.jpg 1536w, https:\/\/wildlife-travel.com\/wp-content\/uploads\/2025\/10\/finnwale-vor-spaniens-kuesten-69-2048x1365.jpg 2048w, https:\/\/wildlife-travel.com\/wp-content\/uploads\/2025\/10\/finnwale-vor-spaniens-kuesten-69-840x560.jpg 840w, https:\/\/wildlife-travel.com\/wp-content\/uploads\/2025\/10\/finnwale-vor-spaniens-kuesten-69-120x80.jpg 120w, https:\/\/wildlife-travel.com\/wp-content\/uploads\/2025\/10\/finnwale-vor-spaniens-kuesten-69-360x240.jpg 360w, https:\/\/wildlife-travel.com\/wp-content\/uploads\/2025\/10\/finnwale-vor-spaniens-kuesten-69-600x400.jpg 600w, https:\/\/wildlife-travel.com\/wp-content\/uploads\/2025\/10\/finnwale-vor-spaniens-kuesten-69-272x182.jpg 272w\" sizes=\"(max-width: 2560px) 100vw, 2560px\" title=\"finnwale-vor-spaniens-k\u00fcsten (69)\" alt=\"Finnwale vor Spaniens K\u00fcsten\" \t\tclass=\"so-widget-image\"\/>\n\t<\/div>\n\n<\/div><\/div><\/div><div id=\"pgc-30570-117-1\"  class=\"panel-grid-cell\" ><div id=\"panel-30570-117-1-0\" class=\"so-panel widget widget_sow-image panel-first-child panel-last-child\" data-index=\"129\" ><div\n\t\t\t\n\t\t\tclass=\"so-widget-sow-image so-widget-sow-image-default-8b5b6f678277-30570\"\n\t\t\t\n\t\t>\n<div class=\"sow-image-container\">\n\t\t<img \n\tsrc=\"https:\/\/wildlife-travel.com\/wp-content\/uploads\/2025\/10\/finnwale-vor-spaniens-kuesten-70-scaled.jpg\" width=\"2560\" height=\"1707\" srcset=\"https:\/\/wildlife-travel.com\/wp-content\/uploads\/2025\/10\/finnwale-vor-spaniens-kuesten-70-scaled.jpg 2560w, https:\/\/wildlife-travel.com\/wp-content\/uploads\/2025\/10\/finnwale-vor-spaniens-kuesten-70-300x200.jpg 300w, https:\/\/wildlife-travel.com\/wp-content\/uploads\/2025\/10\/finnwale-vor-spaniens-kuesten-70-1024x683.jpg 1024w, https:\/\/wildlife-travel.com\/wp-content\/uploads\/2025\/10\/finnwale-vor-spaniens-kuesten-70-768x512.jpg 768w, https:\/\/wildlife-travel.com\/wp-content\/uploads\/2025\/10\/finnwale-vor-spaniens-kuesten-70-1536x1024.jpg 1536w, https:\/\/wildlife-travel.com\/wp-content\/uploads\/2025\/10\/finnwale-vor-spaniens-kuesten-70-2048x1365.jpg 2048w, https:\/\/wildlife-travel.com\/wp-content\/uploads\/2025\/10\/finnwale-vor-spaniens-kuesten-70-840x560.jpg 840w, https:\/\/wildlife-travel.com\/wp-content\/uploads\/2025\/10\/finnwale-vor-spaniens-kuesten-70-120x80.jpg 120w, https:\/\/wildlife-travel.com\/wp-content\/uploads\/2025\/10\/finnwale-vor-spaniens-kuesten-70-360x240.jpg 360w, https:\/\/wildlife-travel.com\/wp-content\/uploads\/2025\/10\/finnwale-vor-spaniens-kuesten-70-600x400.jpg 600w, https:\/\/wildlife-travel.com\/wp-content\/uploads\/2025\/10\/finnwale-vor-spaniens-kuesten-70-272x182.jpg 272w\" sizes=\"(max-width: 2560px) 100vw, 2560px\" title=\"finnwale-vor-spaniens-k\u00fcsten (70)\" alt=\"Finnwale vor Spaniens K\u00fcsten\" \t\tclass=\"so-widget-image\"\/>\n\t<\/div>\n\n<\/div><\/div><\/div><\/div><div id=\"pg-30570-118\"  class=\"panel-grid panel-no-style\" ><div id=\"pgc-30570-118-0\"  class=\"panel-grid-cell\" ><div id=\"panel-30570-118-0-0\" class=\"so-panel widget widget_sow-image panel-first-child panel-last-child\" data-index=\"130\" ><div\n\t\t\t\n\t\t\tclass=\"so-widget-sow-image so-widget-sow-image-default-8b5b6f678277-30570\"\n\t\t\t\n\t\t>\n<div class=\"sow-image-container\">\n\t\t<img \n\tsrc=\"https:\/\/wildlife-travel.com\/wp-content\/uploads\/2025\/10\/finnwale-vor-spaniens-kuesten-71.jpg\" width=\"1837\" height=\"1225\" srcset=\"https:\/\/wildlife-travel.com\/wp-content\/uploads\/2025\/10\/finnwale-vor-spaniens-kuesten-71.jpg 1837w, https:\/\/wildlife-travel.com\/wp-content\/uploads\/2025\/10\/finnwale-vor-spaniens-kuesten-71-300x200.jpg 300w, https:\/\/wildlife-travel.com\/wp-content\/uploads\/2025\/10\/finnwale-vor-spaniens-kuesten-71-1024x683.jpg 1024w, https:\/\/wildlife-travel.com\/wp-content\/uploads\/2025\/10\/finnwale-vor-spaniens-kuesten-71-768x512.jpg 768w, https:\/\/wildlife-travel.com\/wp-content\/uploads\/2025\/10\/finnwale-vor-spaniens-kuesten-71-1536x1024.jpg 1536w, https:\/\/wildlife-travel.com\/wp-content\/uploads\/2025\/10\/finnwale-vor-spaniens-kuesten-71-840x560.jpg 840w, https:\/\/wildlife-travel.com\/wp-content\/uploads\/2025\/10\/finnwale-vor-spaniens-kuesten-71-120x80.jpg 120w, https:\/\/wildlife-travel.com\/wp-content\/uploads\/2025\/10\/finnwale-vor-spaniens-kuesten-71-360x240.jpg 360w, https:\/\/wildlife-travel.com\/wp-content\/uploads\/2025\/10\/finnwale-vor-spaniens-kuesten-71-600x400.jpg 600w, https:\/\/wildlife-travel.com\/wp-content\/uploads\/2025\/10\/finnwale-vor-spaniens-kuesten-71-272x182.jpg 272w\" sizes=\"(max-width: 1837px) 100vw, 1837px\" title=\"finnwale-vor-spaniens-k\u00fcsten (71)\" alt=\"Finnwale vor Spaniens K\u00fcsten\" \t\tclass=\"so-widget-image\"\/>\n\t<\/div>\n\n<\/div><\/div><\/div><\/div><div id=\"pg-30570-119\"  class=\"panel-grid panel-no-style\" ><div id=\"pgc-30570-119-0\"  class=\"panel-grid-cell\" ><div id=\"panel-30570-119-0-0\" class=\"so-panel widget widget_sow-editor panel-first-child panel-last-child\" data-index=\"131\" ><div\n\t\t\t\n\t\t\tclass=\"so-widget-sow-editor so-widget-sow-editor-base\"\n\t\t\t\n\t\t>\n<div class=\"siteorigin-widget-tinymce textwidget\">\n\t<p>Wir hielten nicht an, sondern fuhren weiter \u2013 die Delfine blieben dennoch in unserer N\u00e4he. Das war wirklich ein wundersch\u00f6ner Anblick!<br \/>\n<br data-start=\"208\" data-end=\"211\" \/>Als es allm\u00e4hlich d\u00e4mmerte, traten wir schlie\u00dflich die R\u00fcckfahrt an. Auch wenn wir keine Finnwale gesehen hatten, war es insgesamt ein ausgesprochen sch\u00f6ner Tag.<\/p>\n<\/div>\n<\/div><\/div><\/div><\/div><div id=\"pg-30570-120\"  class=\"panel-grid panel-no-style\" ><div id=\"pgc-30570-120-0\"  class=\"panel-grid-cell\" ><div id=\"panel-30570-120-0-0\" class=\"so-panel widget widget_sow-image panel-first-child panel-last-child\" data-index=\"132\" ><div\n\t\t\t\n\t\t\tclass=\"so-widget-sow-image so-widget-sow-image-default-8b5b6f678277-30570\"\n\t\t\t\n\t\t>\n<div class=\"sow-image-container\">\n\t\t<img \n\tsrc=\"https:\/\/wildlife-travel.com\/wp-content\/uploads\/2025\/10\/finnwale-vor-spaniens-kuesten-72-scaled.jpg\" width=\"2560\" height=\"1707\" srcset=\"https:\/\/wildlife-travel.com\/wp-content\/uploads\/2025\/10\/finnwale-vor-spaniens-kuesten-72-scaled.jpg 2560w, https:\/\/wildlife-travel.com\/wp-content\/uploads\/2025\/10\/finnwale-vor-spaniens-kuesten-72-300x200.jpg 300w, https:\/\/wildlife-travel.com\/wp-content\/uploads\/2025\/10\/finnwale-vor-spaniens-kuesten-72-1024x683.jpg 1024w, https:\/\/wildlife-travel.com\/wp-content\/uploads\/2025\/10\/finnwale-vor-spaniens-kuesten-72-768x512.jpg 768w, https:\/\/wildlife-travel.com\/wp-content\/uploads\/2025\/10\/finnwale-vor-spaniens-kuesten-72-1536x1024.jpg 1536w, https:\/\/wildlife-travel.com\/wp-content\/uploads\/2025\/10\/finnwale-vor-spaniens-kuesten-72-2048x1365.jpg 2048w, https:\/\/wildlife-travel.com\/wp-content\/uploads\/2025\/10\/finnwale-vor-spaniens-kuesten-72-840x560.jpg 840w, https:\/\/wildlife-travel.com\/wp-content\/uploads\/2025\/10\/finnwale-vor-spaniens-kuesten-72-120x80.jpg 120w, https:\/\/wildlife-travel.com\/wp-content\/uploads\/2025\/10\/finnwale-vor-spaniens-kuesten-72-360x240.jpg 360w, https:\/\/wildlife-travel.com\/wp-content\/uploads\/2025\/10\/finnwale-vor-spaniens-kuesten-72-600x400.jpg 600w, https:\/\/wildlife-travel.com\/wp-content\/uploads\/2025\/10\/finnwale-vor-spaniens-kuesten-72-272x182.jpg 272w\" sizes=\"(max-width: 2560px) 100vw, 2560px\" title=\"finnwale-vor-spaniens-k\u00fcsten (72)\" alt=\"Finnwale vor Spaniens K\u00fcsten\" \t\tclass=\"so-widget-image\"\/>\n\t<\/div>\n\n<\/div><\/div><\/div><\/div><div id=\"pg-30570-121\"  class=\"panel-grid panel-no-style\" ><div id=\"pgc-30570-121-0\"  class=\"panel-grid-cell\" ><div id=\"panel-30570-121-0-0\" class=\"so-panel widget widget_sow-editor panel-first-child panel-last-child\" data-index=\"133\" ><div\n\t\t\t\n\t\t\tclass=\"so-widget-sow-editor so-widget-sow-editor-base\"\n\t\t\t\n\t\t>\n<div class=\"siteorigin-widget-tinymce textwidget\">\n\t<p data-start=\"74\" data-end=\"397\">Wir kamen sp\u00e4t im Hafen an, als es bereits dunkel war. Am darauffolgenden Tag mussten wir erneut an Land bleiben \u2013 der Wind war mal wieder zu stark. Nach dem langen Tag auf dem Meer am Vortag tat der Landaufenthalt allerdings gut. So sehr ich die Zeit auf dem Boot liebe, Feldarbeit kann auch ganz sch\u00f6n anstrengend sein.<\/p>\n<p data-start=\"399\" data-end=\"605\">An meinem letzten Tag in Vilanova i la Geltr\u00fa hatten wir zum Gl\u00fcck noch einmal die Gelegenheit, aufs Meer hinauszufahren \u2013 die letzte Chance, Finnwale zu sehen! Zun\u00e4chst begegneten wir zahlreichen V\u00f6geln.<\/p>\n<\/div>\n<\/div><\/div><\/div><\/div><div id=\"pg-30570-122\"  class=\"panel-grid panel-no-style\" ><div id=\"pgc-30570-122-0\"  class=\"panel-grid-cell\" ><div id=\"panel-30570-122-0-0\" class=\"so-panel widget widget_sow-image panel-first-child panel-last-child\" data-index=\"134\" ><div\n\t\t\t\n\t\t\tclass=\"so-widget-sow-image so-widget-sow-image-default-8b5b6f678277-30570\"\n\t\t\t\n\t\t>\n<div class=\"sow-image-container\">\n\t\t<img \n\tsrc=\"https:\/\/wildlife-travel.com\/wp-content\/uploads\/2025\/10\/finnwale-vor-spaniens-kuesten-73-scaled.jpg\" width=\"2560\" height=\"1707\" srcset=\"https:\/\/wildlife-travel.com\/wp-content\/uploads\/2025\/10\/finnwale-vor-spaniens-kuesten-73-scaled.jpg 2560w, https:\/\/wildlife-travel.com\/wp-content\/uploads\/2025\/10\/finnwale-vor-spaniens-kuesten-73-300x200.jpg 300w, https:\/\/wildlife-travel.com\/wp-content\/uploads\/2025\/10\/finnwale-vor-spaniens-kuesten-73-1024x683.jpg 1024w, https:\/\/wildlife-travel.com\/wp-content\/uploads\/2025\/10\/finnwale-vor-spaniens-kuesten-73-768x512.jpg 768w, https:\/\/wildlife-travel.com\/wp-content\/uploads\/2025\/10\/finnwale-vor-spaniens-kuesten-73-1536x1024.jpg 1536w, https:\/\/wildlife-travel.com\/wp-content\/uploads\/2025\/10\/finnwale-vor-spaniens-kuesten-73-2048x1365.jpg 2048w, https:\/\/wildlife-travel.com\/wp-content\/uploads\/2025\/10\/finnwale-vor-spaniens-kuesten-73-840x560.jpg 840w, https:\/\/wildlife-travel.com\/wp-content\/uploads\/2025\/10\/finnwale-vor-spaniens-kuesten-73-120x80.jpg 120w, https:\/\/wildlife-travel.com\/wp-content\/uploads\/2025\/10\/finnwale-vor-spaniens-kuesten-73-360x240.jpg 360w, https:\/\/wildlife-travel.com\/wp-content\/uploads\/2025\/10\/finnwale-vor-spaniens-kuesten-73-600x400.jpg 600w, https:\/\/wildlife-travel.com\/wp-content\/uploads\/2025\/10\/finnwale-vor-spaniens-kuesten-73-272x182.jpg 272w\" sizes=\"(max-width: 2560px) 100vw, 2560px\" title=\"finnwale-vor-spaniens-k\u00fcsten (73)\" alt=\"Finnwale vor Spaniens K\u00fcsten\" \t\tclass=\"so-widget-image\"\/>\n\t<\/div>\n\n<\/div><\/div><\/div><\/div><div id=\"pg-30570-123\"  class=\"panel-grid panel-no-style\" ><div id=\"pgc-30570-123-0\"  class=\"panel-grid-cell\" ><div id=\"panel-30570-123-0-0\" class=\"so-panel widget widget_sow-editor panel-first-child panel-last-child\" data-index=\"135\" ><div\n\t\t\t\n\t\t\tclass=\"so-widget-sow-editor so-widget-sow-editor-base\"\n\t\t\t\n\t\t>\n<div class=\"siteorigin-widget-tinymce textwidget\">\n\t<p>Verschiedene M\u00f6wenarten, wie die Korallenm\u00f6we (oben links) oder die Mittelmeerm\u00f6we (oben rechts), zogen \u00fcber uns hinweg. Auch eine Brandseeschwalbe war unterwegs (unten im Foto).<\/p>\n<\/div>\n<\/div><\/div><\/div><\/div><div id=\"pg-30570-124\"  class=\"panel-grid panel-no-style\" ><div id=\"pgc-30570-124-0\"  class=\"panel-grid-cell\" ><div id=\"panel-30570-124-0-0\" class=\"so-panel widget widget_sow-image panel-first-child panel-last-child\" data-index=\"136\" ><div\n\t\t\t\n\t\t\tclass=\"so-widget-sow-image so-widget-sow-image-default-8b5b6f678277-30570\"\n\t\t\t\n\t\t>\n<div class=\"sow-image-container\">\n\t\t<img \n\tsrc=\"https:\/\/wildlife-travel.com\/wp-content\/uploads\/2025\/10\/finnwale-vor-spaniens-kuesten-74-scaled.jpg\" width=\"2560\" height=\"1707\" srcset=\"https:\/\/wildlife-travel.com\/wp-content\/uploads\/2025\/10\/finnwale-vor-spaniens-kuesten-74-scaled.jpg 2560w, https:\/\/wildlife-travel.com\/wp-content\/uploads\/2025\/10\/finnwale-vor-spaniens-kuesten-74-300x200.jpg 300w, https:\/\/wildlife-travel.com\/wp-content\/uploads\/2025\/10\/finnwale-vor-spaniens-kuesten-74-1024x683.jpg 1024w, https:\/\/wildlife-travel.com\/wp-content\/uploads\/2025\/10\/finnwale-vor-spaniens-kuesten-74-768x512.jpg 768w, https:\/\/wildlife-travel.com\/wp-content\/uploads\/2025\/10\/finnwale-vor-spaniens-kuesten-74-1536x1024.jpg 1536w, https:\/\/wildlife-travel.com\/wp-content\/uploads\/2025\/10\/finnwale-vor-spaniens-kuesten-74-2048x1365.jpg 2048w, https:\/\/wildlife-travel.com\/wp-content\/uploads\/2025\/10\/finnwale-vor-spaniens-kuesten-74-840x560.jpg 840w, https:\/\/wildlife-travel.com\/wp-content\/uploads\/2025\/10\/finnwale-vor-spaniens-kuesten-74-120x80.jpg 120w, https:\/\/wildlife-travel.com\/wp-content\/uploads\/2025\/10\/finnwale-vor-spaniens-kuesten-74-360x240.jpg 360w, https:\/\/wildlife-travel.com\/wp-content\/uploads\/2025\/10\/finnwale-vor-spaniens-kuesten-74-600x400.jpg 600w, https:\/\/wildlife-travel.com\/wp-content\/uploads\/2025\/10\/finnwale-vor-spaniens-kuesten-74-272x182.jpg 272w\" sizes=\"(max-width: 2560px) 100vw, 2560px\" title=\"finnwale-vor-spaniens-k\u00fcsten (74)\" alt=\"V\u00f6gel vor Spaniens K\u00fcsten\" \t\tclass=\"so-widget-image\"\/>\n\t<\/div>\n\n<\/div><\/div><\/div><div id=\"pgc-30570-124-1\"  class=\"panel-grid-cell\" ><div id=\"panel-30570-124-1-0\" class=\"so-panel widget widget_sow-image panel-first-child panel-last-child\" data-index=\"137\" ><div\n\t\t\t\n\t\t\tclass=\"so-widget-sow-image so-widget-sow-image-default-8b5b6f678277-30570\"\n\t\t\t\n\t\t>\n<div class=\"sow-image-container\">\n\t\t<img \n\tsrc=\"https:\/\/wildlife-travel.com\/wp-content\/uploads\/2025\/10\/finnwale-vor-spaniens-kuesten-75-scaled.jpg\" width=\"2560\" height=\"1707\" srcset=\"https:\/\/wildlife-travel.com\/wp-content\/uploads\/2025\/10\/finnwale-vor-spaniens-kuesten-75-scaled.jpg 2560w, https:\/\/wildlife-travel.com\/wp-content\/uploads\/2025\/10\/finnwale-vor-spaniens-kuesten-75-300x200.jpg 300w, https:\/\/wildlife-travel.com\/wp-content\/uploads\/2025\/10\/finnwale-vor-spaniens-kuesten-75-1024x683.jpg 1024w, https:\/\/wildlife-travel.com\/wp-content\/uploads\/2025\/10\/finnwale-vor-spaniens-kuesten-75-768x512.jpg 768w, https:\/\/wildlife-travel.com\/wp-content\/uploads\/2025\/10\/finnwale-vor-spaniens-kuesten-75-1536x1024.jpg 1536w, https:\/\/wildlife-travel.com\/wp-content\/uploads\/2025\/10\/finnwale-vor-spaniens-kuesten-75-2048x1365.jpg 2048w, https:\/\/wildlife-travel.com\/wp-content\/uploads\/2025\/10\/finnwale-vor-spaniens-kuesten-75-840x560.jpg 840w, https:\/\/wildlife-travel.com\/wp-content\/uploads\/2025\/10\/finnwale-vor-spaniens-kuesten-75-120x80.jpg 120w, https:\/\/wildlife-travel.com\/wp-content\/uploads\/2025\/10\/finnwale-vor-spaniens-kuesten-75-360x240.jpg 360w, https:\/\/wildlife-travel.com\/wp-content\/uploads\/2025\/10\/finnwale-vor-spaniens-kuesten-75-600x400.jpg 600w, https:\/\/wildlife-travel.com\/wp-content\/uploads\/2025\/10\/finnwale-vor-spaniens-kuesten-75-272x182.jpg 272w\" sizes=\"(max-width: 2560px) 100vw, 2560px\" title=\"finnwale-vor-spaniens-k\u00fcsten (75)\" alt=\"V\u00f6gel vor Spaniens K\u00fcsten\" \t\tclass=\"so-widget-image\"\/>\n\t<\/div>\n\n<\/div><\/div><\/div><\/div><div id=\"pg-30570-125\"  class=\"panel-grid panel-no-style\" ><div id=\"pgc-30570-125-0\"  class=\"panel-grid-cell\" ><div id=\"panel-30570-125-0-0\" class=\"so-panel widget widget_sow-image panel-first-child panel-last-child\" data-index=\"138\" ><div\n\t\t\t\n\t\t\tclass=\"so-widget-sow-image so-widget-sow-image-default-8b5b6f678277-30570\"\n\t\t\t\n\t\t>\n<div class=\"sow-image-container\">\n\t\t<img \n\tsrc=\"https:\/\/wildlife-travel.com\/wp-content\/uploads\/2025\/10\/finnwale-vor-spaniens-kuesten-76-scaled.jpg\" width=\"2560\" height=\"1707\" srcset=\"https:\/\/wildlife-travel.com\/wp-content\/uploads\/2025\/10\/finnwale-vor-spaniens-kuesten-76-scaled.jpg 2560w, https:\/\/wildlife-travel.com\/wp-content\/uploads\/2025\/10\/finnwale-vor-spaniens-kuesten-76-300x200.jpg 300w, https:\/\/wildlife-travel.com\/wp-content\/uploads\/2025\/10\/finnwale-vor-spaniens-kuesten-76-1024x683.jpg 1024w, https:\/\/wildlife-travel.com\/wp-content\/uploads\/2025\/10\/finnwale-vor-spaniens-kuesten-76-768x512.jpg 768w, https:\/\/wildlife-travel.com\/wp-content\/uploads\/2025\/10\/finnwale-vor-spaniens-kuesten-76-1536x1024.jpg 1536w, https:\/\/wildlife-travel.com\/wp-content\/uploads\/2025\/10\/finnwale-vor-spaniens-kuesten-76-2048x1365.jpg 2048w, https:\/\/wildlife-travel.com\/wp-content\/uploads\/2025\/10\/finnwale-vor-spaniens-kuesten-76-840x560.jpg 840w, https:\/\/wildlife-travel.com\/wp-content\/uploads\/2025\/10\/finnwale-vor-spaniens-kuesten-76-120x80.jpg 120w, https:\/\/wildlife-travel.com\/wp-content\/uploads\/2025\/10\/finnwale-vor-spaniens-kuesten-76-360x240.jpg 360w, https:\/\/wildlife-travel.com\/wp-content\/uploads\/2025\/10\/finnwale-vor-spaniens-kuesten-76-600x400.jpg 600w, https:\/\/wildlife-travel.com\/wp-content\/uploads\/2025\/10\/finnwale-vor-spaniens-kuesten-76-272x182.jpg 272w\" sizes=\"(max-width: 2560px) 100vw, 2560px\" title=\"finnwale-vor-spaniens-k\u00fcsten (76)\" alt=\"V\u00f6gel vor Spaniens K\u00fcsten\" \t\tclass=\"so-widget-image\"\/>\n\t<\/div>\n\n<\/div><\/div><\/div><\/div><div id=\"pg-30570-126\"  class=\"panel-grid panel-no-style\" ><div id=\"pgc-30570-126-0\"  class=\"panel-grid-cell\" ><div id=\"panel-30570-126-0-0\" class=\"so-panel widget widget_sow-editor panel-first-child panel-last-child\" data-index=\"139\" ><div\n\t\t\t\n\t\t\tclass=\"so-widget-sow-editor so-widget-sow-editor-base\"\n\t\t\t\n\t\t>\n<div class=\"siteorigin-widget-tinymce textwidget\">\n\t<p>Fischerboote waren auch schon unterwegs.<\/p>\n<\/div>\n<\/div><\/div><\/div><\/div><div id=\"pg-30570-127\"  class=\"panel-grid panel-no-style\" ><div id=\"pgc-30570-127-0\"  class=\"panel-grid-cell\" ><div id=\"panel-30570-127-0-0\" class=\"so-panel widget widget_sow-image panel-first-child panel-last-child\" data-index=\"140\" ><div\n\t\t\t\n\t\t\tclass=\"so-widget-sow-image so-widget-sow-image-default-8b5b6f678277-30570\"\n\t\t\t\n\t\t>\n<div class=\"sow-image-container\">\n\t\t<img \n\tsrc=\"https:\/\/wildlife-travel.com\/wp-content\/uploads\/2025\/10\/finnwale-vor-spaniens-kuesten-77-scaled.jpg\" width=\"2560\" height=\"1707\" srcset=\"https:\/\/wildlife-travel.com\/wp-content\/uploads\/2025\/10\/finnwale-vor-spaniens-kuesten-77-scaled.jpg 2560w, https:\/\/wildlife-travel.com\/wp-content\/uploads\/2025\/10\/finnwale-vor-spaniens-kuesten-77-300x200.jpg 300w, https:\/\/wildlife-travel.com\/wp-content\/uploads\/2025\/10\/finnwale-vor-spaniens-kuesten-77-1024x683.jpg 1024w, https:\/\/wildlife-travel.com\/wp-content\/uploads\/2025\/10\/finnwale-vor-spaniens-kuesten-77-768x512.jpg 768w, https:\/\/wildlife-travel.com\/wp-content\/uploads\/2025\/10\/finnwale-vor-spaniens-kuesten-77-1536x1024.jpg 1536w, https:\/\/wildlife-travel.com\/wp-content\/uploads\/2025\/10\/finnwale-vor-spaniens-kuesten-77-2048x1365.jpg 2048w, https:\/\/wildlife-travel.com\/wp-content\/uploads\/2025\/10\/finnwale-vor-spaniens-kuesten-77-840x560.jpg 840w, https:\/\/wildlife-travel.com\/wp-content\/uploads\/2025\/10\/finnwale-vor-spaniens-kuesten-77-120x80.jpg 120w, https:\/\/wildlife-travel.com\/wp-content\/uploads\/2025\/10\/finnwale-vor-spaniens-kuesten-77-360x240.jpg 360w, https:\/\/wildlife-travel.com\/wp-content\/uploads\/2025\/10\/finnwale-vor-spaniens-kuesten-77-600x400.jpg 600w, https:\/\/wildlife-travel.com\/wp-content\/uploads\/2025\/10\/finnwale-vor-spaniens-kuesten-77-272x182.jpg 272w\" sizes=\"(max-width: 2560px) 100vw, 2560px\" title=\"finnwale-vor-spaniens-k\u00fcsten (77)\" alt=\"Finnwale vor Spaniens K\u00fcsten\" \t\tclass=\"so-widget-image\"\/>\n\t<\/div>\n\n<\/div><\/div><\/div><\/div><div id=\"pg-30570-128\"  class=\"panel-grid panel-no-style\" ><div id=\"pgc-30570-128-0\"  class=\"panel-grid-cell\" ><div id=\"panel-30570-128-0-0\" class=\"so-panel widget widget_sow-editor panel-first-child panel-last-child\" data-index=\"141\" ><div\n\t\t\t\n\t\t\tclass=\"so-widget-sow-editor so-widget-sow-editor-base\"\n\t\t\t\n\t\t>\n<div class=\"siteorigin-widget-tinymce textwidget\">\n\t<p data-start=\"66\" data-end=\"214\">Dort, wo Fischerboote unterwegs waren, w\u00fcrden sich doch bestimmt auch Delfine zeigen \u2013 und tats\u00e4chlich: Schon tauchte der erste Gro\u00dfe T\u00fcmmler auf.<\/p>\n<p data-start=\"216\" data-end=\"459\">Schon wieder Gro\u00dfe T\u00fcmmler? Nat\u00fcrlich freute ich mich \u00fcber die Begegnung. Dieses Mal blieben wir jedoch nicht allzu lange bei ihnen, denn die beiden Forscher:innen waren zunehmend besorgt, warum wir bisher noch keinen Finnwal gesehen hatten.<\/p>\n<p data-start=\"461\" data-end=\"600\">Die Windbedingungen waren an meinem letzten Tag auf dem Meer tats\u00e4chlich sehr gut \u2013 daran lie\u00df sich die glatte Wasseroberfl\u00e4che erkennen.<\/p>\n<\/div>\n<\/div><\/div><\/div><\/div><div id=\"pg-30570-129\"  class=\"panel-grid panel-no-style\" ><div id=\"pgc-30570-129-0\"  class=\"panel-grid-cell\" ><div id=\"panel-30570-129-0-0\" class=\"so-panel widget widget_sow-image panel-first-child panel-last-child\" data-index=\"142\" ><div\n\t\t\t\n\t\t\tclass=\"so-widget-sow-image so-widget-sow-image-default-8b5b6f678277-30570\"\n\t\t\t\n\t\t>\n<div class=\"sow-image-container\">\n\t\t<img \n\tsrc=\"https:\/\/wildlife-travel.com\/wp-content\/uploads\/2025\/10\/finnwale-vor-spaniens-kuesten-78-scaled.jpg\" width=\"2560\" height=\"1707\" srcset=\"https:\/\/wildlife-travel.com\/wp-content\/uploads\/2025\/10\/finnwale-vor-spaniens-kuesten-78-scaled.jpg 2560w, https:\/\/wildlife-travel.com\/wp-content\/uploads\/2025\/10\/finnwale-vor-spaniens-kuesten-78-300x200.jpg 300w, https:\/\/wildlife-travel.com\/wp-content\/uploads\/2025\/10\/finnwale-vor-spaniens-kuesten-78-1024x683.jpg 1024w, https:\/\/wildlife-travel.com\/wp-content\/uploads\/2025\/10\/finnwale-vor-spaniens-kuesten-78-768x512.jpg 768w, https:\/\/wildlife-travel.com\/wp-content\/uploads\/2025\/10\/finnwale-vor-spaniens-kuesten-78-1536x1024.jpg 1536w, https:\/\/wildlife-travel.com\/wp-content\/uploads\/2025\/10\/finnwale-vor-spaniens-kuesten-78-2048x1365.jpg 2048w, https:\/\/wildlife-travel.com\/wp-content\/uploads\/2025\/10\/finnwale-vor-spaniens-kuesten-78-840x560.jpg 840w, https:\/\/wildlife-travel.com\/wp-content\/uploads\/2025\/10\/finnwale-vor-spaniens-kuesten-78-120x80.jpg 120w, https:\/\/wildlife-travel.com\/wp-content\/uploads\/2025\/10\/finnwale-vor-spaniens-kuesten-78-360x240.jpg 360w, https:\/\/wildlife-travel.com\/wp-content\/uploads\/2025\/10\/finnwale-vor-spaniens-kuesten-78-600x400.jpg 600w, https:\/\/wildlife-travel.com\/wp-content\/uploads\/2025\/10\/finnwale-vor-spaniens-kuesten-78-272x182.jpg 272w\" sizes=\"(max-width: 2560px) 100vw, 2560px\" title=\"finnwale-vor-spaniens-k\u00fcsten (78)\" alt=\"Finnwale vor Spaniens K\u00fcsten\" \t\tclass=\"so-widget-image\"\/>\n\t<\/div>\n\n<\/div><\/div><\/div><\/div><div id=\"pg-30570-130\"  class=\"panel-grid panel-no-style\" ><div id=\"pgc-30570-130-0\"  class=\"panel-grid-cell\" ><div id=\"panel-30570-130-0-0\" class=\"so-panel widget widget_sow-editor panel-first-child panel-last-child\" data-index=\"143\" ><div\n\t\t\t\n\t\t\tclass=\"so-widget-sow-editor so-widget-sow-editor-base\"\n\t\t\t\n\t\t>\n<div class=\"siteorigin-widget-tinymce textwidget\">\n\t<p>Ich fragte mich, ob es vielleicht dieselbe Gruppe war, die wir ein paar Tage zuvor schon gesehen hatten. Ein j\u00fcngerer Delfin schwamm dicht neben einem gr\u00f6\u00dferen \u2013 vermutlich seiner Mutter.<\/p>\n<\/div>\n<\/div><\/div><\/div><\/div><div id=\"pg-30570-131\"  class=\"panel-grid panel-no-style\" ><div id=\"pgc-30570-131-0\"  class=\"panel-grid-cell\" ><div id=\"panel-30570-131-0-0\" class=\"so-panel widget widget_sow-image panel-first-child panel-last-child\" data-index=\"144\" ><div\n\t\t\t\n\t\t\tclass=\"so-widget-sow-image so-widget-sow-image-default-8b5b6f678277-30570\"\n\t\t\t\n\t\t>\n<div class=\"sow-image-container\">\n\t\t<img \n\tsrc=\"https:\/\/wildlife-travel.com\/wp-content\/uploads\/2025\/10\/finnwale-vor-spaniens-kuesten-79-scaled.jpg\" width=\"2560\" height=\"1707\" srcset=\"https:\/\/wildlife-travel.com\/wp-content\/uploads\/2025\/10\/finnwale-vor-spaniens-kuesten-79-scaled.jpg 2560w, https:\/\/wildlife-travel.com\/wp-content\/uploads\/2025\/10\/finnwale-vor-spaniens-kuesten-79-300x200.jpg 300w, https:\/\/wildlife-travel.com\/wp-content\/uploads\/2025\/10\/finnwale-vor-spaniens-kuesten-79-1024x683.jpg 1024w, https:\/\/wildlife-travel.com\/wp-content\/uploads\/2025\/10\/finnwale-vor-spaniens-kuesten-79-768x512.jpg 768w, https:\/\/wildlife-travel.com\/wp-content\/uploads\/2025\/10\/finnwale-vor-spaniens-kuesten-79-1536x1024.jpg 1536w, https:\/\/wildlife-travel.com\/wp-content\/uploads\/2025\/10\/finnwale-vor-spaniens-kuesten-79-2048x1365.jpg 2048w, https:\/\/wildlife-travel.com\/wp-content\/uploads\/2025\/10\/finnwale-vor-spaniens-kuesten-79-840x560.jpg 840w, https:\/\/wildlife-travel.com\/wp-content\/uploads\/2025\/10\/finnwale-vor-spaniens-kuesten-79-120x80.jpg 120w, https:\/\/wildlife-travel.com\/wp-content\/uploads\/2025\/10\/finnwale-vor-spaniens-kuesten-79-360x240.jpg 360w, https:\/\/wildlife-travel.com\/wp-content\/uploads\/2025\/10\/finnwale-vor-spaniens-kuesten-79-600x400.jpg 600w, https:\/\/wildlife-travel.com\/wp-content\/uploads\/2025\/10\/finnwale-vor-spaniens-kuesten-79-272x182.jpg 272w\" sizes=\"(max-width: 2560px) 100vw, 2560px\" title=\"finnwale-vor-spaniens-k\u00fcsten (79)\" alt=\"Finnwale vor Spaniens K\u00fcsten\" \t\tclass=\"so-widget-image\"\/>\n\t<\/div>\n\n<\/div><\/div><\/div><\/div><div id=\"pg-30570-132\"  class=\"panel-grid panel-no-style\" ><div id=\"pgc-30570-132-0\"  class=\"panel-grid-cell\" ><div id=\"panel-30570-132-0-0\" class=\"so-panel widget widget_sow-editor panel-first-child panel-last-child\" data-index=\"145\" ><div\n\t\t\t\n\t\t\tclass=\"so-widget-sow-editor so-widget-sow-editor-base\"\n\t\t\t\n\t\t>\n<div class=\"siteorigin-widget-tinymce textwidget\">\n\t<p>Insgesamt waren die Bedingungen f\u00fcr Fotos recht gut. Die Wasseroberfl\u00e4che war glatt, und die Delfine schwammen nicht allzu schnell. Zwar war es ein eher grauer Tag, aber dennoch gut \u2013 schlie\u00dflich kann nicht immer alles perfekt sein.<\/p>\n<\/div>\n<\/div><\/div><\/div><\/div><div id=\"pg-30570-133\"  class=\"panel-grid panel-no-style\" ><div id=\"pgc-30570-133-0\"  class=\"panel-grid-cell\" ><div id=\"panel-30570-133-0-0\" class=\"so-panel widget widget_sow-image panel-first-child panel-last-child\" data-index=\"146\" ><div\n\t\t\t\n\t\t\tclass=\"so-widget-sow-image so-widget-sow-image-default-8b5b6f678277-30570\"\n\t\t\t\n\t\t>\n<div class=\"sow-image-container\">\n\t\t<img \n\tsrc=\"https:\/\/wildlife-travel.com\/wp-content\/uploads\/2025\/10\/finnwale-vor-spaniens-kuesten-80-scaled.jpg\" width=\"2560\" height=\"1707\" srcset=\"https:\/\/wildlife-travel.com\/wp-content\/uploads\/2025\/10\/finnwale-vor-spaniens-kuesten-80-scaled.jpg 2560w, https:\/\/wildlife-travel.com\/wp-content\/uploads\/2025\/10\/finnwale-vor-spaniens-kuesten-80-300x200.jpg 300w, https:\/\/wildlife-travel.com\/wp-content\/uploads\/2025\/10\/finnwale-vor-spaniens-kuesten-80-1024x683.jpg 1024w, https:\/\/wildlife-travel.com\/wp-content\/uploads\/2025\/10\/finnwale-vor-spaniens-kuesten-80-768x512.jpg 768w, https:\/\/wildlife-travel.com\/wp-content\/uploads\/2025\/10\/finnwale-vor-spaniens-kuesten-80-1536x1024.jpg 1536w, https:\/\/wildlife-travel.com\/wp-content\/uploads\/2025\/10\/finnwale-vor-spaniens-kuesten-80-2048x1365.jpg 2048w, https:\/\/wildlife-travel.com\/wp-content\/uploads\/2025\/10\/finnwale-vor-spaniens-kuesten-80-840x560.jpg 840w, https:\/\/wildlife-travel.com\/wp-content\/uploads\/2025\/10\/finnwale-vor-spaniens-kuesten-80-120x80.jpg 120w, https:\/\/wildlife-travel.com\/wp-content\/uploads\/2025\/10\/finnwale-vor-spaniens-kuesten-80-360x240.jpg 360w, https:\/\/wildlife-travel.com\/wp-content\/uploads\/2025\/10\/finnwale-vor-spaniens-kuesten-80-600x400.jpg 600w, https:\/\/wildlife-travel.com\/wp-content\/uploads\/2025\/10\/finnwale-vor-spaniens-kuesten-80-272x182.jpg 272w\" sizes=\"(max-width: 2560px) 100vw, 2560px\" title=\"finnwale-vor-spaniens-k\u00fcsten (80)\" alt=\"Finnwale vor Spaniens K\u00fcsten\" \t\tclass=\"so-widget-image\"\/>\n\t<\/div>\n\n<\/div><\/div><\/div><\/div><div id=\"pg-30570-134\"  class=\"panel-grid panel-no-style\" ><div id=\"pgc-30570-134-0\"  class=\"panel-grid-cell\" ><div id=\"panel-30570-134-0-0\" class=\"so-panel widget widget_sow-image panel-first-child panel-last-child\" data-index=\"147\" ><div\n\t\t\t\n\t\t\tclass=\"so-widget-sow-image so-widget-sow-image-default-8b5b6f678277-30570\"\n\t\t\t\n\t\t>\n<div class=\"sow-image-container\">\n\t\t<img \n\tsrc=\"https:\/\/wildlife-travel.com\/wp-content\/uploads\/2025\/10\/finnwale-vor-spaniens-kuesten-81-scaled.jpg\" width=\"2560\" height=\"1707\" srcset=\"https:\/\/wildlife-travel.com\/wp-content\/uploads\/2025\/10\/finnwale-vor-spaniens-kuesten-81-scaled.jpg 2560w, https:\/\/wildlife-travel.com\/wp-content\/uploads\/2025\/10\/finnwale-vor-spaniens-kuesten-81-300x200.jpg 300w, https:\/\/wildlife-travel.com\/wp-content\/uploads\/2025\/10\/finnwale-vor-spaniens-kuesten-81-1024x683.jpg 1024w, https:\/\/wildlife-travel.com\/wp-content\/uploads\/2025\/10\/finnwale-vor-spaniens-kuesten-81-768x512.jpg 768w, https:\/\/wildlife-travel.com\/wp-content\/uploads\/2025\/10\/finnwale-vor-spaniens-kuesten-81-1536x1024.jpg 1536w, https:\/\/wildlife-travel.com\/wp-content\/uploads\/2025\/10\/finnwale-vor-spaniens-kuesten-81-2048x1365.jpg 2048w, https:\/\/wildlife-travel.com\/wp-content\/uploads\/2025\/10\/finnwale-vor-spaniens-kuesten-81-840x560.jpg 840w, https:\/\/wildlife-travel.com\/wp-content\/uploads\/2025\/10\/finnwale-vor-spaniens-kuesten-81-120x80.jpg 120w, https:\/\/wildlife-travel.com\/wp-content\/uploads\/2025\/10\/finnwale-vor-spaniens-kuesten-81-360x240.jpg 360w, https:\/\/wildlife-travel.com\/wp-content\/uploads\/2025\/10\/finnwale-vor-spaniens-kuesten-81-600x400.jpg 600w, https:\/\/wildlife-travel.com\/wp-content\/uploads\/2025\/10\/finnwale-vor-spaniens-kuesten-81-272x182.jpg 272w\" sizes=\"(max-width: 2560px) 100vw, 2560px\" title=\"finnwale-vor-spaniens-k\u00fcsten (81)\" alt=\"Finnwale vor Spaniens K\u00fcsten\" \t\tclass=\"so-widget-image\"\/>\n\t<\/div>\n\n<\/div><\/div><\/div><div id=\"pgc-30570-134-1\"  class=\"panel-grid-cell\" ><div id=\"panel-30570-134-1-0\" class=\"so-panel widget widget_sow-image panel-first-child panel-last-child\" data-index=\"148\" ><div\n\t\t\t\n\t\t\tclass=\"so-widget-sow-image so-widget-sow-image-default-8b5b6f678277-30570\"\n\t\t\t\n\t\t>\n<div class=\"sow-image-container\">\n\t\t<img \n\tsrc=\"https:\/\/wildlife-travel.com\/wp-content\/uploads\/2025\/10\/finnwale-vor-spaniens-kuesten-82-scaled.jpg\" width=\"2560\" height=\"1707\" srcset=\"https:\/\/wildlife-travel.com\/wp-content\/uploads\/2025\/10\/finnwale-vor-spaniens-kuesten-82-scaled.jpg 2560w, https:\/\/wildlife-travel.com\/wp-content\/uploads\/2025\/10\/finnwale-vor-spaniens-kuesten-82-300x200.jpg 300w, https:\/\/wildlife-travel.com\/wp-content\/uploads\/2025\/10\/finnwale-vor-spaniens-kuesten-82-1024x683.jpg 1024w, https:\/\/wildlife-travel.com\/wp-content\/uploads\/2025\/10\/finnwale-vor-spaniens-kuesten-82-768x512.jpg 768w, https:\/\/wildlife-travel.com\/wp-content\/uploads\/2025\/10\/finnwale-vor-spaniens-kuesten-82-1536x1024.jpg 1536w, https:\/\/wildlife-travel.com\/wp-content\/uploads\/2025\/10\/finnwale-vor-spaniens-kuesten-82-2048x1365.jpg 2048w, https:\/\/wildlife-travel.com\/wp-content\/uploads\/2025\/10\/finnwale-vor-spaniens-kuesten-82-840x560.jpg 840w, https:\/\/wildlife-travel.com\/wp-content\/uploads\/2025\/10\/finnwale-vor-spaniens-kuesten-82-120x80.jpg 120w, https:\/\/wildlife-travel.com\/wp-content\/uploads\/2025\/10\/finnwale-vor-spaniens-kuesten-82-360x240.jpg 360w, https:\/\/wildlife-travel.com\/wp-content\/uploads\/2025\/10\/finnwale-vor-spaniens-kuesten-82-600x400.jpg 600w, https:\/\/wildlife-travel.com\/wp-content\/uploads\/2025\/10\/finnwale-vor-spaniens-kuesten-82-272x182.jpg 272w\" sizes=\"(max-width: 2560px) 100vw, 2560px\" title=\"finnwale-vor-spaniens-k\u00fcsten (82)\" alt=\"Finnwale vor Spaniens K\u00fcsten\" \t\tclass=\"so-widget-image\"\/>\n\t<\/div>\n\n<\/div><\/div><\/div><\/div><div id=\"pg-30570-135\"  class=\"panel-grid panel-no-style\" ><div id=\"pgc-30570-135-0\"  class=\"panel-grid-cell\" ><div id=\"panel-30570-135-0-0\" class=\"so-panel widget widget_sow-image panel-first-child panel-last-child\" data-index=\"149\" ><div\n\t\t\t\n\t\t\tclass=\"so-widget-sow-image so-widget-sow-image-default-8b5b6f678277-30570\"\n\t\t\t\n\t\t>\n<div class=\"sow-image-container\">\n\t\t<img \n\tsrc=\"https:\/\/wildlife-travel.com\/wp-content\/uploads\/2025\/10\/finnwale-vor-spaniens-kuesten-83-scaled.jpg\" width=\"2560\" height=\"1706\" srcset=\"https:\/\/wildlife-travel.com\/wp-content\/uploads\/2025\/10\/finnwale-vor-spaniens-kuesten-83-scaled.jpg 2560w, https:\/\/wildlife-travel.com\/wp-content\/uploads\/2025\/10\/finnwale-vor-spaniens-kuesten-83-300x200.jpg 300w, https:\/\/wildlife-travel.com\/wp-content\/uploads\/2025\/10\/finnwale-vor-spaniens-kuesten-83-1024x683.jpg 1024w, https:\/\/wildlife-travel.com\/wp-content\/uploads\/2025\/10\/finnwale-vor-spaniens-kuesten-83-768x512.jpg 768w, https:\/\/wildlife-travel.com\/wp-content\/uploads\/2025\/10\/finnwale-vor-spaniens-kuesten-83-1536x1024.jpg 1536w, https:\/\/wildlife-travel.com\/wp-content\/uploads\/2025\/10\/finnwale-vor-spaniens-kuesten-83-2048x1365.jpg 2048w, https:\/\/wildlife-travel.com\/wp-content\/uploads\/2025\/10\/finnwale-vor-spaniens-kuesten-83-840x560.jpg 840w, https:\/\/wildlife-travel.com\/wp-content\/uploads\/2025\/10\/finnwale-vor-spaniens-kuesten-83-120x80.jpg 120w, https:\/\/wildlife-travel.com\/wp-content\/uploads\/2025\/10\/finnwale-vor-spaniens-kuesten-83-360x240.jpg 360w, https:\/\/wildlife-travel.com\/wp-content\/uploads\/2025\/10\/finnwale-vor-spaniens-kuesten-83-600x400.jpg 600w, https:\/\/wildlife-travel.com\/wp-content\/uploads\/2025\/10\/finnwale-vor-spaniens-kuesten-83-272x182.jpg 272w\" sizes=\"(max-width: 2560px) 100vw, 2560px\" title=\"finnwale-vor-spaniens-k\u00fcsten (83)\" alt=\"Finnwale vor Spaniens K\u00fcsten\" \t\tclass=\"so-widget-image\"\/>\n\t<\/div>\n\n<\/div><\/div><\/div><\/div><div id=\"pg-30570-136\"  class=\"panel-grid panel-no-style\" ><div id=\"pgc-30570-136-0\"  class=\"panel-grid-cell\" ><div id=\"panel-30570-136-0-0\" class=\"so-panel widget widget_sow-editor panel-first-child panel-last-child\" data-index=\"150\" ><div\n\t\t\t\n\t\t\tclass=\"so-widget-sow-editor so-widget-sow-editor-base\"\n\t\t\t\n\t\t>\n<div class=\"siteorigin-widget-tinymce textwidget\">\n\t<p>Einige Delfine klatschten mit ihren Schwanzflossen auf die Wasseroberfl\u00e4che.<\/p>\n<\/div>\n<\/div><\/div><\/div><\/div><div id=\"pg-30570-137\"  class=\"panel-grid panel-no-style\" ><div id=\"pgc-30570-137-0\"  class=\"panel-grid-cell\" ><div id=\"panel-30570-137-0-0\" class=\"so-panel widget widget_sow-image panel-first-child panel-last-child\" data-index=\"151\" ><div\n\t\t\t\n\t\t\tclass=\"so-widget-sow-image so-widget-sow-image-default-8b5b6f678277-30570\"\n\t\t\t\n\t\t>\n<div class=\"sow-image-container\">\n\t\t<img \n\tsrc=\"https:\/\/wildlife-travel.com\/wp-content\/uploads\/2025\/10\/finnwale-vor-spaniens-kuesten-84-scaled.jpg\" width=\"2560\" height=\"1707\" srcset=\"https:\/\/wildlife-travel.com\/wp-content\/uploads\/2025\/10\/finnwale-vor-spaniens-kuesten-84-scaled.jpg 2560w, https:\/\/wildlife-travel.com\/wp-content\/uploads\/2025\/10\/finnwale-vor-spaniens-kuesten-84-300x200.jpg 300w, https:\/\/wildlife-travel.com\/wp-content\/uploads\/2025\/10\/finnwale-vor-spaniens-kuesten-84-1024x683.jpg 1024w, https:\/\/wildlife-travel.com\/wp-content\/uploads\/2025\/10\/finnwale-vor-spaniens-kuesten-84-768x512.jpg 768w, https:\/\/wildlife-travel.com\/wp-content\/uploads\/2025\/10\/finnwale-vor-spaniens-kuesten-84-1536x1024.jpg 1536w, https:\/\/wildlife-travel.com\/wp-content\/uploads\/2025\/10\/finnwale-vor-spaniens-kuesten-84-2048x1365.jpg 2048w, https:\/\/wildlife-travel.com\/wp-content\/uploads\/2025\/10\/finnwale-vor-spaniens-kuesten-84-840x560.jpg 840w, https:\/\/wildlife-travel.com\/wp-content\/uploads\/2025\/10\/finnwale-vor-spaniens-kuesten-84-120x80.jpg 120w, https:\/\/wildlife-travel.com\/wp-content\/uploads\/2025\/10\/finnwale-vor-spaniens-kuesten-84-360x240.jpg 360w, https:\/\/wildlife-travel.com\/wp-content\/uploads\/2025\/10\/finnwale-vor-spaniens-kuesten-84-600x400.jpg 600w, https:\/\/wildlife-travel.com\/wp-content\/uploads\/2025\/10\/finnwale-vor-spaniens-kuesten-84-272x182.jpg 272w\" sizes=\"(max-width: 2560px) 100vw, 2560px\" title=\"finnwale-vor-spaniens-k\u00fcsten (84)\" alt=\"Finnwale vor Spaniens K\u00fcsten\" \t\tclass=\"so-widget-image\"\/>\n\t<\/div>\n\n<\/div><\/div><\/div><div id=\"pgc-30570-137-1\"  class=\"panel-grid-cell\" ><div id=\"panel-30570-137-1-0\" class=\"so-panel widget widget_sow-image panel-first-child panel-last-child\" data-index=\"152\" ><div\n\t\t\t\n\t\t\tclass=\"so-widget-sow-image so-widget-sow-image-default-8b5b6f678277-30570\"\n\t\t\t\n\t\t>\n<div class=\"sow-image-container\">\n\t\t<img \n\tsrc=\"https:\/\/wildlife-travel.com\/wp-content\/uploads\/2025\/10\/finnwale-vor-spaniens-kuesten-85-scaled.jpg\" width=\"2560\" height=\"1707\" srcset=\"https:\/\/wildlife-travel.com\/wp-content\/uploads\/2025\/10\/finnwale-vor-spaniens-kuesten-85-scaled.jpg 2560w, https:\/\/wildlife-travel.com\/wp-content\/uploads\/2025\/10\/finnwale-vor-spaniens-kuesten-85-300x200.jpg 300w, https:\/\/wildlife-travel.com\/wp-content\/uploads\/2025\/10\/finnwale-vor-spaniens-kuesten-85-1024x683.jpg 1024w, https:\/\/wildlife-travel.com\/wp-content\/uploads\/2025\/10\/finnwale-vor-spaniens-kuesten-85-768x512.jpg 768w, https:\/\/wildlife-travel.com\/wp-content\/uploads\/2025\/10\/finnwale-vor-spaniens-kuesten-85-1536x1024.jpg 1536w, https:\/\/wildlife-travel.com\/wp-content\/uploads\/2025\/10\/finnwale-vor-spaniens-kuesten-85-2048x1365.jpg 2048w, https:\/\/wildlife-travel.com\/wp-content\/uploads\/2025\/10\/finnwale-vor-spaniens-kuesten-85-840x560.jpg 840w, https:\/\/wildlife-travel.com\/wp-content\/uploads\/2025\/10\/finnwale-vor-spaniens-kuesten-85-120x80.jpg 120w, https:\/\/wildlife-travel.com\/wp-content\/uploads\/2025\/10\/finnwale-vor-spaniens-kuesten-85-360x240.jpg 360w, https:\/\/wildlife-travel.com\/wp-content\/uploads\/2025\/10\/finnwale-vor-spaniens-kuesten-85-600x400.jpg 600w, https:\/\/wildlife-travel.com\/wp-content\/uploads\/2025\/10\/finnwale-vor-spaniens-kuesten-85-272x182.jpg 272w\" sizes=\"(max-width: 2560px) 100vw, 2560px\" title=\"finnwale-vor-spaniens-k\u00fcsten (85)\" alt=\"Finnwale vor Spaniens K\u00fcsten\" \t\tclass=\"so-widget-image\"\/>\n\t<\/div>\n\n<\/div><\/div><\/div><\/div><div id=\"pg-30570-138\"  class=\"panel-grid panel-no-style\" ><div id=\"pgc-30570-138-0\"  class=\"panel-grid-cell\" ><div id=\"panel-30570-138-0-0\" class=\"so-panel widget widget_sow-editor panel-first-child panel-last-child\" data-index=\"153\" ><div\n\t\t\t\n\t\t\tclass=\"so-widget-sow-editor so-widget-sow-editor-base\"\n\t\t\t\n\t\t>\n<div class=\"siteorigin-widget-tinymce textwidget\">\n\t<p>In der N\u00e4he der Gro\u00dfen T\u00fcmmler gab es noch weitere interessante Beobachtungen: Pl\u00f6tzlich sprang ein Mondfisch aus dem Wasser.<\/p>\n<\/div>\n<\/div><\/div><\/div><\/div><div id=\"pg-30570-139\"  class=\"panel-grid panel-no-style\" ><div id=\"pgc-30570-139-0\"  class=\"panel-grid-cell\" ><div id=\"panel-30570-139-0-0\" class=\"so-panel widget widget_sow-image panel-first-child panel-last-child\" data-index=\"154\" ><div\n\t\t\t\n\t\t\tclass=\"so-widget-sow-image so-widget-sow-image-default-8b5b6f678277-30570\"\n\t\t\t\n\t\t>\n<div class=\"sow-image-container\">\n\t\t<img \n\tsrc=\"https:\/\/wildlife-travel.com\/wp-content\/uploads\/2025\/10\/finnwale-vor-spaniens-kuesten-86-scaled.jpg\" width=\"2560\" height=\"1707\" srcset=\"https:\/\/wildlife-travel.com\/wp-content\/uploads\/2025\/10\/finnwale-vor-spaniens-kuesten-86-scaled.jpg 2560w, https:\/\/wildlife-travel.com\/wp-content\/uploads\/2025\/10\/finnwale-vor-spaniens-kuesten-86-300x200.jpg 300w, https:\/\/wildlife-travel.com\/wp-content\/uploads\/2025\/10\/finnwale-vor-spaniens-kuesten-86-1024x683.jpg 1024w, https:\/\/wildlife-travel.com\/wp-content\/uploads\/2025\/10\/finnwale-vor-spaniens-kuesten-86-768x512.jpg 768w, https:\/\/wildlife-travel.com\/wp-content\/uploads\/2025\/10\/finnwale-vor-spaniens-kuesten-86-1536x1024.jpg 1536w, https:\/\/wildlife-travel.com\/wp-content\/uploads\/2025\/10\/finnwale-vor-spaniens-kuesten-86-2048x1365.jpg 2048w, https:\/\/wildlife-travel.com\/wp-content\/uploads\/2025\/10\/finnwale-vor-spaniens-kuesten-86-840x560.jpg 840w, https:\/\/wildlife-travel.com\/wp-content\/uploads\/2025\/10\/finnwale-vor-spaniens-kuesten-86-120x80.jpg 120w, https:\/\/wildlife-travel.com\/wp-content\/uploads\/2025\/10\/finnwale-vor-spaniens-kuesten-86-360x240.jpg 360w, https:\/\/wildlife-travel.com\/wp-content\/uploads\/2025\/10\/finnwale-vor-spaniens-kuesten-86-600x400.jpg 600w, https:\/\/wildlife-travel.com\/wp-content\/uploads\/2025\/10\/finnwale-vor-spaniens-kuesten-86-272x182.jpg 272w\" sizes=\"(max-width: 2560px) 100vw, 2560px\" title=\"finnwale-vor-spaniens-k\u00fcsten (86)\" alt=\"Finnwale vor Spaniens K\u00fcsten\" \t\tclass=\"so-widget-image\"\/>\n\t<\/div>\n\n<\/div><\/div><\/div><\/div><div id=\"pg-30570-140\"  class=\"panel-grid panel-no-style\" ><div id=\"pgc-30570-140-0\"  class=\"panel-grid-cell\" ><div id=\"panel-30570-140-0-0\" class=\"so-panel widget widget_sow-editor panel-first-child panel-last-child\" data-index=\"155\" ><div\n\t\t\t\n\t\t\tclass=\"so-widget-sow-editor so-widget-sow-editor-base\"\n\t\t\t\n\t\t>\n<div class=\"siteorigin-widget-tinymce textwidget\">\n\t<p>Und in einem anderen Moment ein Schwertfisch.<\/p>\n<\/div>\n<\/div><\/div><\/div><\/div><div id=\"pg-30570-141\"  class=\"panel-grid panel-no-style\" ><div id=\"pgc-30570-141-0\"  class=\"panel-grid-cell\" ><div id=\"panel-30570-141-0-0\" class=\"so-panel widget widget_sow-image panel-first-child panel-last-child\" data-index=\"156\" ><div\n\t\t\t\n\t\t\tclass=\"so-widget-sow-image so-widget-sow-image-default-8b5b6f678277-30570\"\n\t\t\t\n\t\t>\n<div class=\"sow-image-container\">\n\t\t<img \n\tsrc=\"https:\/\/wildlife-travel.com\/wp-content\/uploads\/2025\/10\/finnwale-vor-spaniens-kuesten-87-scaled.jpg\" width=\"2560\" height=\"1707\" srcset=\"https:\/\/wildlife-travel.com\/wp-content\/uploads\/2025\/10\/finnwale-vor-spaniens-kuesten-87-scaled.jpg 2560w, https:\/\/wildlife-travel.com\/wp-content\/uploads\/2025\/10\/finnwale-vor-spaniens-kuesten-87-300x200.jpg 300w, https:\/\/wildlife-travel.com\/wp-content\/uploads\/2025\/10\/finnwale-vor-spaniens-kuesten-87-1024x683.jpg 1024w, https:\/\/wildlife-travel.com\/wp-content\/uploads\/2025\/10\/finnwale-vor-spaniens-kuesten-87-768x512.jpg 768w, https:\/\/wildlife-travel.com\/wp-content\/uploads\/2025\/10\/finnwale-vor-spaniens-kuesten-87-1536x1024.jpg 1536w, https:\/\/wildlife-travel.com\/wp-content\/uploads\/2025\/10\/finnwale-vor-spaniens-kuesten-87-2048x1365.jpg 2048w, https:\/\/wildlife-travel.com\/wp-content\/uploads\/2025\/10\/finnwale-vor-spaniens-kuesten-87-840x560.jpg 840w, https:\/\/wildlife-travel.com\/wp-content\/uploads\/2025\/10\/finnwale-vor-spaniens-kuesten-87-120x80.jpg 120w, https:\/\/wildlife-travel.com\/wp-content\/uploads\/2025\/10\/finnwale-vor-spaniens-kuesten-87-360x240.jpg 360w, https:\/\/wildlife-travel.com\/wp-content\/uploads\/2025\/10\/finnwale-vor-spaniens-kuesten-87-600x400.jpg 600w, https:\/\/wildlife-travel.com\/wp-content\/uploads\/2025\/10\/finnwale-vor-spaniens-kuesten-87-272x182.jpg 272w\" sizes=\"(max-width: 2560px) 100vw, 2560px\" title=\"finnwale-vor-spaniens-k\u00fcsten (87)\" alt=\"Finnwale vor Spaniens K\u00fcsten\" \t\tclass=\"so-widget-image\"\/>\n\t<\/div>\n\n<\/div><\/div><\/div><\/div><div id=\"pg-30570-142\"  class=\"panel-grid panel-no-style\" ><div id=\"pgc-30570-142-0\"  class=\"panel-grid-cell\" ><div id=\"panel-30570-142-0-0\" class=\"so-panel widget widget_sow-editor panel-first-child panel-last-child\" data-index=\"157\" ><div\n\t\t\t\n\t\t\tclass=\"so-widget-sow-editor so-widget-sow-editor-base\"\n\t\t\t\n\t\t>\n<div class=\"siteorigin-widget-tinymce textwidget\">\n\t<p>Zwar waren diese beiden Beobachtungen kurz und unerwartet, aber dennoch wundersch\u00f6n. Ich hatte wirklich Gl\u00fcck, dass meine Kamera bereit war.<br \/>\n<br data-start=\"196\" data-end=\"199\" \/>In der Ferne entdeckten wir zudem einige Blau-Wei\u00dfe Delfine.<\/p>\n<\/div>\n<\/div><\/div><\/div><\/div><div id=\"pg-30570-143\"  class=\"panel-grid panel-no-style\" ><div id=\"pgc-30570-143-0\"  class=\"panel-grid-cell\" ><div id=\"panel-30570-143-0-0\" class=\"so-panel widget widget_sow-image panel-first-child panel-last-child\" data-index=\"158\" ><div\n\t\t\t\n\t\t\tclass=\"so-widget-sow-image so-widget-sow-image-default-8b5b6f678277-30570\"\n\t\t\t\n\t\t>\n<div class=\"sow-image-container\">\n\t\t<img \n\tsrc=\"https:\/\/wildlife-travel.com\/wp-content\/uploads\/2025\/10\/finnwale-vor-spaniens-kuesten-88-scaled.jpg\" width=\"2560\" height=\"1707\" srcset=\"https:\/\/wildlife-travel.com\/wp-content\/uploads\/2025\/10\/finnwale-vor-spaniens-kuesten-88-scaled.jpg 2560w, https:\/\/wildlife-travel.com\/wp-content\/uploads\/2025\/10\/finnwale-vor-spaniens-kuesten-88-300x200.jpg 300w, https:\/\/wildlife-travel.com\/wp-content\/uploads\/2025\/10\/finnwale-vor-spaniens-kuesten-88-1024x683.jpg 1024w, https:\/\/wildlife-travel.com\/wp-content\/uploads\/2025\/10\/finnwale-vor-spaniens-kuesten-88-768x512.jpg 768w, https:\/\/wildlife-travel.com\/wp-content\/uploads\/2025\/10\/finnwale-vor-spaniens-kuesten-88-1536x1024.jpg 1536w, https:\/\/wildlife-travel.com\/wp-content\/uploads\/2025\/10\/finnwale-vor-spaniens-kuesten-88-2048x1365.jpg 2048w, https:\/\/wildlife-travel.com\/wp-content\/uploads\/2025\/10\/finnwale-vor-spaniens-kuesten-88-840x560.jpg 840w, https:\/\/wildlife-travel.com\/wp-content\/uploads\/2025\/10\/finnwale-vor-spaniens-kuesten-88-120x80.jpg 120w, https:\/\/wildlife-travel.com\/wp-content\/uploads\/2025\/10\/finnwale-vor-spaniens-kuesten-88-360x240.jpg 360w, https:\/\/wildlife-travel.com\/wp-content\/uploads\/2025\/10\/finnwale-vor-spaniens-kuesten-88-600x400.jpg 600w, https:\/\/wildlife-travel.com\/wp-content\/uploads\/2025\/10\/finnwale-vor-spaniens-kuesten-88-272x182.jpg 272w\" sizes=\"(max-width: 2560px) 100vw, 2560px\" title=\"finnwale-vor-spaniens-k\u00fcsten (88)\" alt=\"Finnwale vor Spaniens K\u00fcsten\" \t\tclass=\"so-widget-image\"\/>\n\t<\/div>\n\n<\/div><\/div><\/div><\/div><div id=\"pg-30570-144\"  class=\"panel-grid panel-no-style\" ><div id=\"pgc-30570-144-0\"  class=\"panel-grid-cell\" ><div id=\"panel-30570-144-0-0\" class=\"so-panel widget widget_sow-editor panel-first-child panel-last-child\" data-index=\"159\" ><div\n\t\t\t\n\t\t\tclass=\"so-widget-sow-editor so-widget-sow-editor-base\"\n\t\t\t\n\t\t>\n<div class=\"siteorigin-widget-tinymce textwidget\">\n\t<p data-start=\"66\" data-end=\"208\">Doch in diesem Moment interessierten uns die Blau-Wei\u00dfen Delfine nicht allzu sehr. Wo waren die Finnwale? Diese Frage besch\u00e4ftigte uns alle.<\/p>\n<p data-start=\"210\" data-end=\"455\">Pl\u00f6tzlich entdeckte eine der Praktikantinnen einen Finnwal. Sie freute sich riesig, ihn gesehen zu haben, und ich freute mich f\u00fcr sie \u2013 zumal sie an den Tagen zuvor immer wieder mit \u00dcbelkeit zu k\u00e4mpfen gehabt hatte und seekrank wurde.<\/p>\n<p data-start=\"457\" data-end=\"658\">Wir fuhren in Richtung des Finnwals und kamen ihm immer n\u00e4her. Doch er war zu schnell und schien sich nicht daf\u00fcr zu interessieren, l\u00e4nger zu bleiben \u2013 vermutlich gab es gerade nicht viel zu fressen.<\/p>\n<p data-start=\"660\" data-end=\"777\">Das war nat\u00fcrlich schade \u2013 f\u00fcr mich, f\u00fcr die anderen auf dem Boot und nat\u00fcrlich auch f\u00fcr die beiden Forscher:innen.<\/p>\n<p data-start=\"779\" data-end=\"869\">Eine der letzten Begegnungen mit einem Tier an diesem Tag war erneut ein Papageitaucher.<\/p>\n<\/div>\n<\/div><\/div><\/div><\/div><div id=\"pg-30570-145\"  class=\"panel-grid panel-no-style\" ><div id=\"pgc-30570-145-0\"  class=\"panel-grid-cell\" ><div id=\"panel-30570-145-0-0\" class=\"so-panel widget widget_sow-image panel-first-child panel-last-child\" data-index=\"160\" ><div\n\t\t\t\n\t\t\tclass=\"so-widget-sow-image so-widget-sow-image-default-8b5b6f678277-30570\"\n\t\t\t\n\t\t>\n<div class=\"sow-image-container\">\n\t\t<img \n\tsrc=\"https:\/\/wildlife-travel.com\/wp-content\/uploads\/2025\/10\/finnwale-vor-spaniens-kuesten-89-scaled.jpg\" width=\"2560\" height=\"1707\" srcset=\"https:\/\/wildlife-travel.com\/wp-content\/uploads\/2025\/10\/finnwale-vor-spaniens-kuesten-89-scaled.jpg 2560w, https:\/\/wildlife-travel.com\/wp-content\/uploads\/2025\/10\/finnwale-vor-spaniens-kuesten-89-300x200.jpg 300w, https:\/\/wildlife-travel.com\/wp-content\/uploads\/2025\/10\/finnwale-vor-spaniens-kuesten-89-1024x683.jpg 1024w, https:\/\/wildlife-travel.com\/wp-content\/uploads\/2025\/10\/finnwale-vor-spaniens-kuesten-89-768x512.jpg 768w, https:\/\/wildlife-travel.com\/wp-content\/uploads\/2025\/10\/finnwale-vor-spaniens-kuesten-89-1536x1024.jpg 1536w, https:\/\/wildlife-travel.com\/wp-content\/uploads\/2025\/10\/finnwale-vor-spaniens-kuesten-89-2048x1365.jpg 2048w, https:\/\/wildlife-travel.com\/wp-content\/uploads\/2025\/10\/finnwale-vor-spaniens-kuesten-89-840x560.jpg 840w, https:\/\/wildlife-travel.com\/wp-content\/uploads\/2025\/10\/finnwale-vor-spaniens-kuesten-89-120x80.jpg 120w, https:\/\/wildlife-travel.com\/wp-content\/uploads\/2025\/10\/finnwale-vor-spaniens-kuesten-89-360x240.jpg 360w, https:\/\/wildlife-travel.com\/wp-content\/uploads\/2025\/10\/finnwale-vor-spaniens-kuesten-89-600x400.jpg 600w, https:\/\/wildlife-travel.com\/wp-content\/uploads\/2025\/10\/finnwale-vor-spaniens-kuesten-89-272x182.jpg 272w\" sizes=\"(max-width: 2560px) 100vw, 2560px\" title=\"finnwale-vor-spaniens-k\u00fcsten (89)\" alt=\"Finnwale vor Spaniens K\u00fcsten\" \t\tclass=\"so-widget-image\"\/>\n\t<\/div>\n\n<\/div><\/div><\/div><\/div><div id=\"pg-30570-146\"  class=\"panel-grid panel-no-style\" ><div id=\"pgc-30570-146-0\"  class=\"panel-grid-cell\" ><div id=\"panel-30570-146-0-0\" class=\"so-panel widget widget_sow-editor panel-first-child panel-last-child\" data-index=\"161\" ><div\n\t\t\t\n\t\t\tclass=\"so-widget-sow-editor so-widget-sow-editor-base\"\n\t\t\t\n\t\t>\n<div class=\"siteorigin-widget-tinymce textwidget\">\n\t<p data-start=\"74\" data-end=\"317\">Auch wenn wir noch lange suchten, war der Finnwal ziemlich schnell wieder verschwunden. Vielleicht waren in den letzten zwei Wochen mehrere Finnwale in der N\u00e4he, w\u00e4hrend wir auf dem Meer waren \u2013 wir hatten sie einfach nicht entdecken k\u00f6nnen.<\/p>\n<p data-start=\"319\" data-end=\"520\">Sp\u00e4ter im Jahr fuhr der Forscher mit den Praktikant:innen Richtung Galizien, also entlang der gesamten spanischen K\u00fcste. Auf ihrem Weg begegneten sie dort den Finnwalen. Ich freute mich sehr f\u00fcr sie.<\/p>\n<p data-start=\"522\" data-end=\"748\">Falls du sch\u00f6ne Aufnahmen von Finnwalen sehen m\u00f6chtest, empfehle ich \u2013 wie weiter oben schon erw\u00e4hnt \u2013 einen Blick auf die Instagram-Seite von EDMAKTUB. Dort findest du auch viele weitere Informationen \u00fcber die Finnwale.<\/p>\n<\/div>\n<\/div><\/div><\/div><\/div><div id=\"pg-30570-147\"  class=\"panel-grid panel-no-style\" ><div id=\"pgc-30570-147-0\"  class=\"panel-grid-cell\" ><div id=\"panel-30570-147-0-0\" class=\"so-panel widget widget_sow-editor panel-first-child panel-last-child\" data-index=\"162\" ><div\n\t\t\t\n\t\t\tclass=\"so-widget-sow-editor so-widget-sow-editor-base\"\n\t\t\t\n\t\t>\n<div class=\"siteorigin-widget-tinymce textwidget\">\n\t<h2><span class=\"ez-toc-section\" id=\"Tage_an_Land_Barcelona_und_Wanderungen_in_der_Umgebung\"><\/span>Tage an Land: Barcelona und Wanderungen in der Umgebung<span class=\"ez-toc-section-end\"><\/span><\/h2>\n<\/div>\n<\/div><\/div><\/div><\/div><div id=\"pg-30570-148\"  class=\"panel-grid panel-no-style\" ><div id=\"pgc-30570-148-0\"  class=\"panel-grid-cell\" ><div id=\"panel-30570-148-0-0\" class=\"so-panel widget widget_sow-editor panel-first-child panel-last-child\" data-index=\"163\" ><div\n\t\t\t\n\t\t\tclass=\"so-widget-sow-editor so-widget-sow-editor-base\"\n\t\t\t\n\t\t>\n<div class=\"siteorigin-widget-tinymce textwidget\">\n\t<p data-start=\"74\" data-end=\"513\">An den Tagen an Land unternahm ich mehrere Wanderungen \u2013 ausschlie\u00dflich allein, da die anderen mit ihren Projekten oder dem Lesen von Forschungsartikeln besch\u00e4ftigt waren. Da ich nur zwei Wochen dort war, wollte ich so viel Zeit wie m\u00f6glich drau\u00dfen verbringen. So sehr mich Wale und Delfine interessierten, Forschungsartikel lesen konnte ich auch zu Hause. Ich wollte nicht am Computer sitzen; wenn das Wetter es zulie\u00df, musste ich raus.<\/p>\n<p data-start=\"515\" data-end=\"858\">Eine meiner ersten Wanderungen f\u00fchrte mich von Vilanova i la Geltr\u00fa in Richtung Sitges, allerdings nicht bis in den Ort hinein. Die Strecke verlief teils entlang des Meeres, teils entlang von Schienen. Es war gut machbar und nicht gef\u00e4hrlich. Unterwegs begegnete ich mehreren Menschen \u2013 ich war nicht die Einzige, die diesen Weg entlangging.<\/p>\n<\/div>\n<\/div><\/div><\/div><\/div><div id=\"pg-30570-149\"  class=\"panel-grid panel-no-style\" ><div id=\"pgc-30570-149-0\"  class=\"panel-grid-cell\" ><div id=\"panel-30570-149-0-0\" class=\"so-panel widget widget_sow-image panel-first-child panel-last-child\" data-index=\"164\" ><div\n\t\t\t\n\t\t\tclass=\"so-widget-sow-image so-widget-sow-image-default-8b5b6f678277-30570\"\n\t\t\t\n\t\t>\n<div class=\"sow-image-container\">\n\t\t<img \n\tsrc=\"https:\/\/wildlife-travel.com\/wp-content\/uploads\/2025\/10\/finnwale-vor-spaniens-kuesten-90-scaled.jpg\" width=\"2560\" height=\"1707\" srcset=\"https:\/\/wildlife-travel.com\/wp-content\/uploads\/2025\/10\/finnwale-vor-spaniens-kuesten-90-scaled.jpg 2560w, https:\/\/wildlife-travel.com\/wp-content\/uploads\/2025\/10\/finnwale-vor-spaniens-kuesten-90-300x200.jpg 300w, https:\/\/wildlife-travel.com\/wp-content\/uploads\/2025\/10\/finnwale-vor-spaniens-kuesten-90-1024x683.jpg 1024w, https:\/\/wildlife-travel.com\/wp-content\/uploads\/2025\/10\/finnwale-vor-spaniens-kuesten-90-768x512.jpg 768w, https:\/\/wildlife-travel.com\/wp-content\/uploads\/2025\/10\/finnwale-vor-spaniens-kuesten-90-1536x1024.jpg 1536w, https:\/\/wildlife-travel.com\/wp-content\/uploads\/2025\/10\/finnwale-vor-spaniens-kuesten-90-2048x1365.jpg 2048w, https:\/\/wildlife-travel.com\/wp-content\/uploads\/2025\/10\/finnwale-vor-spaniens-kuesten-90-840x560.jpg 840w, https:\/\/wildlife-travel.com\/wp-content\/uploads\/2025\/10\/finnwale-vor-spaniens-kuesten-90-120x80.jpg 120w, https:\/\/wildlife-travel.com\/wp-content\/uploads\/2025\/10\/finnwale-vor-spaniens-kuesten-90-360x240.jpg 360w, https:\/\/wildlife-travel.com\/wp-content\/uploads\/2025\/10\/finnwale-vor-spaniens-kuesten-90-600x400.jpg 600w, https:\/\/wildlife-travel.com\/wp-content\/uploads\/2025\/10\/finnwale-vor-spaniens-kuesten-90-272x182.jpg 272w\" sizes=\"(max-width: 2560px) 100vw, 2560px\" title=\"finnwale-vor-spaniens-k\u00fcsten (90)\" alt=\"Vilanova i la Geltr\u00fa\" \t\tclass=\"so-widget-image\"\/>\n\t<\/div>\n\n<\/div><\/div><\/div><\/div><div id=\"pg-30570-150\"  class=\"panel-grid panel-no-style\" ><div id=\"pgc-30570-150-0\"  class=\"panel-grid-cell\" ><div id=\"panel-30570-150-0-0\" class=\"so-panel widget widget_sow-image panel-first-child panel-last-child\" data-index=\"165\" ><div\n\t\t\t\n\t\t\tclass=\"so-widget-sow-image so-widget-sow-image-default-8b5b6f678277-30570\"\n\t\t\t\n\t\t>\n<div class=\"sow-image-container\">\n\t\t<img \n\tsrc=\"https:\/\/wildlife-travel.com\/wp-content\/uploads\/2025\/10\/finnwale-vor-spaniens-kuesten-91.jpg\" width=\"1837\" height=\"1225\" srcset=\"https:\/\/wildlife-travel.com\/wp-content\/uploads\/2025\/10\/finnwale-vor-spaniens-kuesten-91.jpg 1837w, https:\/\/wildlife-travel.com\/wp-content\/uploads\/2025\/10\/finnwale-vor-spaniens-kuesten-91-300x200.jpg 300w, https:\/\/wildlife-travel.com\/wp-content\/uploads\/2025\/10\/finnwale-vor-spaniens-kuesten-91-1024x683.jpg 1024w, https:\/\/wildlife-travel.com\/wp-content\/uploads\/2025\/10\/finnwale-vor-spaniens-kuesten-91-768x512.jpg 768w, https:\/\/wildlife-travel.com\/wp-content\/uploads\/2025\/10\/finnwale-vor-spaniens-kuesten-91-1536x1024.jpg 1536w, https:\/\/wildlife-travel.com\/wp-content\/uploads\/2025\/10\/finnwale-vor-spaniens-kuesten-91-840x560.jpg 840w, https:\/\/wildlife-travel.com\/wp-content\/uploads\/2025\/10\/finnwale-vor-spaniens-kuesten-91-120x80.jpg 120w, https:\/\/wildlife-travel.com\/wp-content\/uploads\/2025\/10\/finnwale-vor-spaniens-kuesten-91-360x240.jpg 360w, https:\/\/wildlife-travel.com\/wp-content\/uploads\/2025\/10\/finnwale-vor-spaniens-kuesten-91-600x400.jpg 600w, https:\/\/wildlife-travel.com\/wp-content\/uploads\/2025\/10\/finnwale-vor-spaniens-kuesten-91-272x182.jpg 272w\" sizes=\"(max-width: 1837px) 100vw, 1837px\" title=\"finnwale-vor-spaniens-k\u00fcsten (91)\" alt=\"Vilanova i la Geltr\u00fa\" \t\tclass=\"so-widget-image\"\/>\n\t<\/div>\n\n<\/div><\/div><\/div><div id=\"pgc-30570-150-1\"  class=\"panel-grid-cell\" ><div id=\"panel-30570-150-1-0\" class=\"so-panel widget widget_sow-image panel-first-child panel-last-child\" data-index=\"166\" ><div\n\t\t\t\n\t\t\tclass=\"so-widget-sow-image so-widget-sow-image-default-8b5b6f678277-30570\"\n\t\t\t\n\t\t>\n<div class=\"sow-image-container\">\n\t\t<img \n\tsrc=\"https:\/\/wildlife-travel.com\/wp-content\/uploads\/2025\/10\/finnwale-vor-spaniens-kuesten-92.jpg\" width=\"1837\" height=\"1225\" srcset=\"https:\/\/wildlife-travel.com\/wp-content\/uploads\/2025\/10\/finnwale-vor-spaniens-kuesten-92.jpg 1837w, https:\/\/wildlife-travel.com\/wp-content\/uploads\/2025\/10\/finnwale-vor-spaniens-kuesten-92-300x200.jpg 300w, https:\/\/wildlife-travel.com\/wp-content\/uploads\/2025\/10\/finnwale-vor-spaniens-kuesten-92-1024x683.jpg 1024w, https:\/\/wildlife-travel.com\/wp-content\/uploads\/2025\/10\/finnwale-vor-spaniens-kuesten-92-768x512.jpg 768w, https:\/\/wildlife-travel.com\/wp-content\/uploads\/2025\/10\/finnwale-vor-spaniens-kuesten-92-1536x1024.jpg 1536w, https:\/\/wildlife-travel.com\/wp-content\/uploads\/2025\/10\/finnwale-vor-spaniens-kuesten-92-840x560.jpg 840w, https:\/\/wildlife-travel.com\/wp-content\/uploads\/2025\/10\/finnwale-vor-spaniens-kuesten-92-120x80.jpg 120w, https:\/\/wildlife-travel.com\/wp-content\/uploads\/2025\/10\/finnwale-vor-spaniens-kuesten-92-360x240.jpg 360w, https:\/\/wildlife-travel.com\/wp-content\/uploads\/2025\/10\/finnwale-vor-spaniens-kuesten-92-600x400.jpg 600w, https:\/\/wildlife-travel.com\/wp-content\/uploads\/2025\/10\/finnwale-vor-spaniens-kuesten-92-272x182.jpg 272w\" sizes=\"(max-width: 1837px) 100vw, 1837px\" title=\"finnwale-vor-spaniens-k\u00fcsten (92)\" alt=\"Vilanova i la Geltr\u00fa\" \t\tclass=\"so-widget-image\"\/>\n\t<\/div>\n\n<\/div><\/div><\/div><\/div><div id=\"pg-30570-151\"  class=\"panel-grid panel-no-style\" ><div id=\"pgc-30570-151-0\"  class=\"panel-grid-cell\" ><div id=\"panel-30570-151-0-0\" class=\"so-panel widget widget_sow-image panel-first-child panel-last-child\" data-index=\"167\" ><div\n\t\t\t\n\t\t\tclass=\"so-widget-sow-image so-widget-sow-image-default-8b5b6f678277-30570\"\n\t\t\t\n\t\t>\n<div class=\"sow-image-container\">\n\t\t<img \n\tsrc=\"https:\/\/wildlife-travel.com\/wp-content\/uploads\/2025\/10\/finnwale-vor-spaniens-kuesten-93.jpg\" width=\"1837\" height=\"1225\" srcset=\"https:\/\/wildlife-travel.com\/wp-content\/uploads\/2025\/10\/finnwale-vor-spaniens-kuesten-93.jpg 1837w, https:\/\/wildlife-travel.com\/wp-content\/uploads\/2025\/10\/finnwale-vor-spaniens-kuesten-93-300x200.jpg 300w, https:\/\/wildlife-travel.com\/wp-content\/uploads\/2025\/10\/finnwale-vor-spaniens-kuesten-93-1024x683.jpg 1024w, https:\/\/wildlife-travel.com\/wp-content\/uploads\/2025\/10\/finnwale-vor-spaniens-kuesten-93-768x512.jpg 768w, https:\/\/wildlife-travel.com\/wp-content\/uploads\/2025\/10\/finnwale-vor-spaniens-kuesten-93-1536x1024.jpg 1536w, https:\/\/wildlife-travel.com\/wp-content\/uploads\/2025\/10\/finnwale-vor-spaniens-kuesten-93-840x560.jpg 840w, https:\/\/wildlife-travel.com\/wp-content\/uploads\/2025\/10\/finnwale-vor-spaniens-kuesten-93-120x80.jpg 120w, https:\/\/wildlife-travel.com\/wp-content\/uploads\/2025\/10\/finnwale-vor-spaniens-kuesten-93-360x240.jpg 360w, https:\/\/wildlife-travel.com\/wp-content\/uploads\/2025\/10\/finnwale-vor-spaniens-kuesten-93-600x400.jpg 600w, https:\/\/wildlife-travel.com\/wp-content\/uploads\/2025\/10\/finnwale-vor-spaniens-kuesten-93-272x182.jpg 272w\" sizes=\"(max-width: 1837px) 100vw, 1837px\" title=\"finnwale-vor-spaniens-k\u00fcsten (93)\" alt=\"Vilanova i la Geltr\u00fa\" \t\tclass=\"so-widget-image\"\/>\n\t<\/div>\n\n<\/div><\/div><\/div><\/div><div id=\"pg-30570-152\"  class=\"panel-grid panel-no-style\" ><div id=\"pgc-30570-152-0\"  class=\"panel-grid-cell\" ><div id=\"panel-30570-152-0-0\" class=\"so-panel widget widget_sow-image panel-first-child panel-last-child\" data-index=\"168\" ><div\n\t\t\t\n\t\t\tclass=\"so-widget-sow-image so-widget-sow-image-default-8b5b6f678277-30570\"\n\t\t\t\n\t\t>\n<div class=\"sow-image-container\">\n\t\t<img \n\tsrc=\"https:\/\/wildlife-travel.com\/wp-content\/uploads\/2025\/10\/finnwale-vor-spaniens-kuesten-94-scaled.jpg\" width=\"2560\" height=\"1707\" srcset=\"https:\/\/wildlife-travel.com\/wp-content\/uploads\/2025\/10\/finnwale-vor-spaniens-kuesten-94-scaled.jpg 2560w, https:\/\/wildlife-travel.com\/wp-content\/uploads\/2025\/10\/finnwale-vor-spaniens-kuesten-94-300x200.jpg 300w, https:\/\/wildlife-travel.com\/wp-content\/uploads\/2025\/10\/finnwale-vor-spaniens-kuesten-94-1024x683.jpg 1024w, https:\/\/wildlife-travel.com\/wp-content\/uploads\/2025\/10\/finnwale-vor-spaniens-kuesten-94-768x512.jpg 768w, https:\/\/wildlife-travel.com\/wp-content\/uploads\/2025\/10\/finnwale-vor-spaniens-kuesten-94-1536x1024.jpg 1536w, https:\/\/wildlife-travel.com\/wp-content\/uploads\/2025\/10\/finnwale-vor-spaniens-kuesten-94-2048x1365.jpg 2048w, https:\/\/wildlife-travel.com\/wp-content\/uploads\/2025\/10\/finnwale-vor-spaniens-kuesten-94-840x560.jpg 840w, https:\/\/wildlife-travel.com\/wp-content\/uploads\/2025\/10\/finnwale-vor-spaniens-kuesten-94-120x80.jpg 120w, https:\/\/wildlife-travel.com\/wp-content\/uploads\/2025\/10\/finnwale-vor-spaniens-kuesten-94-360x240.jpg 360w, https:\/\/wildlife-travel.com\/wp-content\/uploads\/2025\/10\/finnwale-vor-spaniens-kuesten-94-600x400.jpg 600w, https:\/\/wildlife-travel.com\/wp-content\/uploads\/2025\/10\/finnwale-vor-spaniens-kuesten-94-272x182.jpg 272w\" sizes=\"(max-width: 2560px) 100vw, 2560px\" title=\"finnwale-vor-spaniens-k\u00fcsten (94)\" alt=\"Vilanova i la Geltr\u00fa\" \t\tclass=\"so-widget-image\"\/>\n\t<\/div>\n\n<\/div><\/div><\/div><div id=\"pgc-30570-152-1\"  class=\"panel-grid-cell\" ><div id=\"panel-30570-152-1-0\" class=\"so-panel widget widget_sow-image panel-first-child panel-last-child\" data-index=\"169\" ><div\n\t\t\t\n\t\t\tclass=\"so-widget-sow-image so-widget-sow-image-default-8b5b6f678277-30570\"\n\t\t\t\n\t\t>\n<div class=\"sow-image-container\">\n\t\t<img \n\tsrc=\"https:\/\/wildlife-travel.com\/wp-content\/uploads\/2025\/10\/finnwale-vor-spaniens-kuesten-95.jpg\" width=\"1837\" height=\"1225\" srcset=\"https:\/\/wildlife-travel.com\/wp-content\/uploads\/2025\/10\/finnwale-vor-spaniens-kuesten-95.jpg 1837w, https:\/\/wildlife-travel.com\/wp-content\/uploads\/2025\/10\/finnwale-vor-spaniens-kuesten-95-300x200.jpg 300w, https:\/\/wildlife-travel.com\/wp-content\/uploads\/2025\/10\/finnwale-vor-spaniens-kuesten-95-1024x683.jpg 1024w, https:\/\/wildlife-travel.com\/wp-content\/uploads\/2025\/10\/finnwale-vor-spaniens-kuesten-95-768x512.jpg 768w, https:\/\/wildlife-travel.com\/wp-content\/uploads\/2025\/10\/finnwale-vor-spaniens-kuesten-95-1536x1024.jpg 1536w, https:\/\/wildlife-travel.com\/wp-content\/uploads\/2025\/10\/finnwale-vor-spaniens-kuesten-95-840x560.jpg 840w, https:\/\/wildlife-travel.com\/wp-content\/uploads\/2025\/10\/finnwale-vor-spaniens-kuesten-95-120x80.jpg 120w, https:\/\/wildlife-travel.com\/wp-content\/uploads\/2025\/10\/finnwale-vor-spaniens-kuesten-95-360x240.jpg 360w, https:\/\/wildlife-travel.com\/wp-content\/uploads\/2025\/10\/finnwale-vor-spaniens-kuesten-95-600x400.jpg 600w, https:\/\/wildlife-travel.com\/wp-content\/uploads\/2025\/10\/finnwale-vor-spaniens-kuesten-95-272x182.jpg 272w\" sizes=\"(max-width: 1837px) 100vw, 1837px\" title=\"finnwale-vor-spaniens-k\u00fcsten (95)\" alt=\"Vilanova i la Geltr\u00fa\" \t\tclass=\"so-widget-image\"\/>\n\t<\/div>\n\n<\/div><\/div><\/div><\/div><div id=\"pg-30570-153\"  class=\"panel-grid panel-no-style\" ><div id=\"pgc-30570-153-0\"  class=\"panel-grid-cell\" ><div id=\"panel-30570-153-0-0\" class=\"so-panel widget widget_sow-image panel-first-child panel-last-child\" data-index=\"170\" ><div\n\t\t\t\n\t\t\tclass=\"so-widget-sow-image so-widget-sow-image-default-8b5b6f678277-30570\"\n\t\t\t\n\t\t>\n<div class=\"sow-image-container\">\n\t\t<img \n\tsrc=\"https:\/\/wildlife-travel.com\/wp-content\/uploads\/2025\/10\/finnwale-vor-spaniens-kuesten-96.jpg\" width=\"1837\" height=\"1225\" srcset=\"https:\/\/wildlife-travel.com\/wp-content\/uploads\/2025\/10\/finnwale-vor-spaniens-kuesten-96.jpg 1837w, https:\/\/wildlife-travel.com\/wp-content\/uploads\/2025\/10\/finnwale-vor-spaniens-kuesten-96-300x200.jpg 300w, https:\/\/wildlife-travel.com\/wp-content\/uploads\/2025\/10\/finnwale-vor-spaniens-kuesten-96-1024x683.jpg 1024w, https:\/\/wildlife-travel.com\/wp-content\/uploads\/2025\/10\/finnwale-vor-spaniens-kuesten-96-768x512.jpg 768w, https:\/\/wildlife-travel.com\/wp-content\/uploads\/2025\/10\/finnwale-vor-spaniens-kuesten-96-1536x1024.jpg 1536w, https:\/\/wildlife-travel.com\/wp-content\/uploads\/2025\/10\/finnwale-vor-spaniens-kuesten-96-840x560.jpg 840w, https:\/\/wildlife-travel.com\/wp-content\/uploads\/2025\/10\/finnwale-vor-spaniens-kuesten-96-120x80.jpg 120w, https:\/\/wildlife-travel.com\/wp-content\/uploads\/2025\/10\/finnwale-vor-spaniens-kuesten-96-360x240.jpg 360w, https:\/\/wildlife-travel.com\/wp-content\/uploads\/2025\/10\/finnwale-vor-spaniens-kuesten-96-600x400.jpg 600w, https:\/\/wildlife-travel.com\/wp-content\/uploads\/2025\/10\/finnwale-vor-spaniens-kuesten-96-272x182.jpg 272w\" sizes=\"(max-width: 1837px) 100vw, 1837px\" title=\"finnwale-vor-spaniens-k\u00fcsten (96)\" alt=\"Vilanova i la Geltr\u00fa\" \t\tclass=\"so-widget-image\"\/>\n\t<\/div>\n\n<\/div><\/div><\/div><\/div><div id=\"pg-30570-154\"  class=\"panel-grid panel-no-style\" ><div id=\"pgc-30570-154-0\"  class=\"panel-grid-cell\" ><div id=\"panel-30570-154-0-0\" class=\"so-panel widget widget_sow-image panel-first-child panel-last-child\" data-index=\"171\" ><div\n\t\t\t\n\t\t\tclass=\"so-widget-sow-image so-widget-sow-image-default-8b5b6f678277-30570\"\n\t\t\t\n\t\t>\n<div class=\"sow-image-container\">\n\t\t<img \n\tsrc=\"https:\/\/wildlife-travel.com\/wp-content\/uploads\/2025\/10\/finnwale-vor-spaniens-kuesten-97.jpg\" width=\"1837\" height=\"1225\" srcset=\"https:\/\/wildlife-travel.com\/wp-content\/uploads\/2025\/10\/finnwale-vor-spaniens-kuesten-97.jpg 1837w, https:\/\/wildlife-travel.com\/wp-content\/uploads\/2025\/10\/finnwale-vor-spaniens-kuesten-97-300x200.jpg 300w, https:\/\/wildlife-travel.com\/wp-content\/uploads\/2025\/10\/finnwale-vor-spaniens-kuesten-97-1024x683.jpg 1024w, https:\/\/wildlife-travel.com\/wp-content\/uploads\/2025\/10\/finnwale-vor-spaniens-kuesten-97-768x512.jpg 768w, https:\/\/wildlife-travel.com\/wp-content\/uploads\/2025\/10\/finnwale-vor-spaniens-kuesten-97-1536x1024.jpg 1536w, https:\/\/wildlife-travel.com\/wp-content\/uploads\/2025\/10\/finnwale-vor-spaniens-kuesten-97-840x560.jpg 840w, https:\/\/wildlife-travel.com\/wp-content\/uploads\/2025\/10\/finnwale-vor-spaniens-kuesten-97-120x80.jpg 120w, https:\/\/wildlife-travel.com\/wp-content\/uploads\/2025\/10\/finnwale-vor-spaniens-kuesten-97-360x240.jpg 360w, https:\/\/wildlife-travel.com\/wp-content\/uploads\/2025\/10\/finnwale-vor-spaniens-kuesten-97-600x400.jpg 600w, https:\/\/wildlife-travel.com\/wp-content\/uploads\/2025\/10\/finnwale-vor-spaniens-kuesten-97-272x182.jpg 272w\" sizes=\"(max-width: 1837px) 100vw, 1837px\" title=\"finnwale-vor-spaniens-k\u00fcsten (97)\" alt=\"Vilanova i la Geltr\u00fa\" \t\tclass=\"so-widget-image\"\/>\n\t<\/div>\n\n<\/div><\/div><\/div><div id=\"pgc-30570-154-1\"  class=\"panel-grid-cell\" ><div id=\"panel-30570-154-1-0\" class=\"so-panel widget widget_sow-image panel-first-child panel-last-child\" data-index=\"172\" ><div\n\t\t\t\n\t\t\tclass=\"so-widget-sow-image so-widget-sow-image-default-8b5b6f678277-30570\"\n\t\t\t\n\t\t>\n<div class=\"sow-image-container\">\n\t\t<img \n\tsrc=\"https:\/\/wildlife-travel.com\/wp-content\/uploads\/2025\/10\/finnwale-vor-spaniens-kuesten-98-scaled.jpg\" width=\"2560\" height=\"1707\" srcset=\"https:\/\/wildlife-travel.com\/wp-content\/uploads\/2025\/10\/finnwale-vor-spaniens-kuesten-98-scaled.jpg 2560w, https:\/\/wildlife-travel.com\/wp-content\/uploads\/2025\/10\/finnwale-vor-spaniens-kuesten-98-300x200.jpg 300w, https:\/\/wildlife-travel.com\/wp-content\/uploads\/2025\/10\/finnwale-vor-spaniens-kuesten-98-1024x683.jpg 1024w, https:\/\/wildlife-travel.com\/wp-content\/uploads\/2025\/10\/finnwale-vor-spaniens-kuesten-98-768x512.jpg 768w, https:\/\/wildlife-travel.com\/wp-content\/uploads\/2025\/10\/finnwale-vor-spaniens-kuesten-98-1536x1024.jpg 1536w, https:\/\/wildlife-travel.com\/wp-content\/uploads\/2025\/10\/finnwale-vor-spaniens-kuesten-98-2048x1365.jpg 2048w, https:\/\/wildlife-travel.com\/wp-content\/uploads\/2025\/10\/finnwale-vor-spaniens-kuesten-98-840x560.jpg 840w, https:\/\/wildlife-travel.com\/wp-content\/uploads\/2025\/10\/finnwale-vor-spaniens-kuesten-98-120x80.jpg 120w, https:\/\/wildlife-travel.com\/wp-content\/uploads\/2025\/10\/finnwale-vor-spaniens-kuesten-98-360x240.jpg 360w, https:\/\/wildlife-travel.com\/wp-content\/uploads\/2025\/10\/finnwale-vor-spaniens-kuesten-98-600x400.jpg 600w, https:\/\/wildlife-travel.com\/wp-content\/uploads\/2025\/10\/finnwale-vor-spaniens-kuesten-98-272x182.jpg 272w\" sizes=\"(max-width: 2560px) 100vw, 2560px\" title=\"finnwale-vor-spaniens-k\u00fcsten (98)\" alt=\"Vilanova i la Geltr\u00fa\" \t\tclass=\"so-widget-image\"\/>\n\t<\/div>\n\n<\/div><\/div><\/div><\/div><div id=\"pg-30570-155\"  class=\"panel-grid panel-no-style\" ><div id=\"pgc-30570-155-0\"  class=\"panel-grid-cell\" ><div id=\"panel-30570-155-0-0\" class=\"so-panel widget widget_sow-editor panel-first-child panel-last-child\" data-index=\"173\" ><div\n\t\t\t\n\t\t\tclass=\"so-widget-sow-editor so-widget-sow-editor-base\"\n\t\t\t\n\t\t>\n<div class=\"siteorigin-widget-tinymce textwidget\">\n\t<p data-start=\"74\" data-end=\"415\">Meine n\u00e4chste Wanderung f\u00fchrte mich weiter ins Landesinnere, Richtung Parc del Foix. Der Weg zog sich durch trockene, staubige Landschaften, in denen vereinzelt H\u00e4user standen. Am Ende der Wanderung ging es noch einmal steil nach oben, doch die M\u00fche wurde mit herrlichen Ausblicken aufs Meer und auf die Stadt Vilanova i la Geltr\u00fa belohnt.<\/p>\n<p data-start=\"417\" data-end=\"678\">Auch diese Wanderung war wundersch\u00f6n. Zu Beginn begegnete ich nur wenigen Menschen, doch je n\u00e4her ich dem Parc del Foix kam, desto mehr Wandernde traf ich \u2013 anscheinend wussten viele, wo es besonders sch\u00f6n ist. Ich war froh, diesen Ort kennengelernt zu haben.<\/p>\n<\/div>\n<\/div><\/div><\/div><\/div><div id=\"pg-30570-156\"  class=\"panel-grid panel-no-style\" ><div id=\"pgc-30570-156-0\"  class=\"panel-grid-cell\" ><div id=\"panel-30570-156-0-0\" class=\"so-panel widget widget_sow-image panel-first-child panel-last-child\" data-index=\"174\" ><div\n\t\t\t\n\t\t\tclass=\"so-widget-sow-image so-widget-sow-image-default-8b5b6f678277-30570\"\n\t\t\t\n\t\t>\n<div class=\"sow-image-container\">\n\t\t<img \n\tsrc=\"https:\/\/wildlife-travel.com\/wp-content\/uploads\/2025\/10\/finnwale-vor-spaniens-kuesten-100.jpg\" width=\"1837\" height=\"1225\" srcset=\"https:\/\/wildlife-travel.com\/wp-content\/uploads\/2025\/10\/finnwale-vor-spaniens-kuesten-100.jpg 1837w, https:\/\/wildlife-travel.com\/wp-content\/uploads\/2025\/10\/finnwale-vor-spaniens-kuesten-100-300x200.jpg 300w, https:\/\/wildlife-travel.com\/wp-content\/uploads\/2025\/10\/finnwale-vor-spaniens-kuesten-100-1024x683.jpg 1024w, https:\/\/wildlife-travel.com\/wp-content\/uploads\/2025\/10\/finnwale-vor-spaniens-kuesten-100-768x512.jpg 768w, https:\/\/wildlife-travel.com\/wp-content\/uploads\/2025\/10\/finnwale-vor-spaniens-kuesten-100-1536x1024.jpg 1536w, https:\/\/wildlife-travel.com\/wp-content\/uploads\/2025\/10\/finnwale-vor-spaniens-kuesten-100-840x560.jpg 840w, https:\/\/wildlife-travel.com\/wp-content\/uploads\/2025\/10\/finnwale-vor-spaniens-kuesten-100-120x80.jpg 120w, https:\/\/wildlife-travel.com\/wp-content\/uploads\/2025\/10\/finnwale-vor-spaniens-kuesten-100-360x240.jpg 360w, https:\/\/wildlife-travel.com\/wp-content\/uploads\/2025\/10\/finnwale-vor-spaniens-kuesten-100-600x400.jpg 600w, https:\/\/wildlife-travel.com\/wp-content\/uploads\/2025\/10\/finnwale-vor-spaniens-kuesten-100-272x182.jpg 272w\" sizes=\"(max-width: 1837px) 100vw, 1837px\" title=\"finnwale-vor-spaniens-k\u00fcsten (100)\" alt=\"Vilanova i la Geltr\u00fa\" \t\tclass=\"so-widget-image\"\/>\n\t<\/div>\n\n<\/div><\/div><\/div><\/div><div id=\"pg-30570-157\"  class=\"panel-grid panel-no-style\" ><div id=\"pgc-30570-157-0\"  class=\"panel-grid-cell\" ><div id=\"panel-30570-157-0-0\" class=\"so-panel widget widget_sow-image panel-first-child panel-last-child\" data-index=\"175\" ><div\n\t\t\t\n\t\t\tclass=\"so-widget-sow-image so-widget-sow-image-default-8b5b6f678277-30570\"\n\t\t\t\n\t\t>\n<div class=\"sow-image-container\">\n\t\t<img \n\tsrc=\"https:\/\/wildlife-travel.com\/wp-content\/uploads\/2025\/10\/finnwale-vor-spaniens-kuesten-101.jpg\" width=\"1764\" height=\"1176\" srcset=\"https:\/\/wildlife-travel.com\/wp-content\/uploads\/2025\/10\/finnwale-vor-spaniens-kuesten-101.jpg 1764w, https:\/\/wildlife-travel.com\/wp-content\/uploads\/2025\/10\/finnwale-vor-spaniens-kuesten-101-300x200.jpg 300w, https:\/\/wildlife-travel.com\/wp-content\/uploads\/2025\/10\/finnwale-vor-spaniens-kuesten-101-1024x683.jpg 1024w, https:\/\/wildlife-travel.com\/wp-content\/uploads\/2025\/10\/finnwale-vor-spaniens-kuesten-101-768x512.jpg 768w, https:\/\/wildlife-travel.com\/wp-content\/uploads\/2025\/10\/finnwale-vor-spaniens-kuesten-101-1536x1024.jpg 1536w, https:\/\/wildlife-travel.com\/wp-content\/uploads\/2025\/10\/finnwale-vor-spaniens-kuesten-101-840x560.jpg 840w, https:\/\/wildlife-travel.com\/wp-content\/uploads\/2025\/10\/finnwale-vor-spaniens-kuesten-101-120x80.jpg 120w, https:\/\/wildlife-travel.com\/wp-content\/uploads\/2025\/10\/finnwale-vor-spaniens-kuesten-101-360x240.jpg 360w, https:\/\/wildlife-travel.com\/wp-content\/uploads\/2025\/10\/finnwale-vor-spaniens-kuesten-101-600x400.jpg 600w, https:\/\/wildlife-travel.com\/wp-content\/uploads\/2025\/10\/finnwale-vor-spaniens-kuesten-101-272x182.jpg 272w\" sizes=\"(max-width: 1764px) 100vw, 1764px\" title=\"finnwale-vor-spaniens-k\u00fcsten (101)\" alt=\"Vilanova i la Geltr\u00fa\" \t\tclass=\"so-widget-image\"\/>\n\t<\/div>\n\n<\/div><\/div><\/div><div id=\"pgc-30570-157-1\"  class=\"panel-grid-cell\" ><div id=\"panel-30570-157-1-0\" class=\"so-panel widget widget_sow-image panel-first-child panel-last-child\" data-index=\"176\" ><div\n\t\t\t\n\t\t\tclass=\"so-widget-sow-image so-widget-sow-image-default-8b5b6f678277-30570\"\n\t\t\t\n\t\t>\n<div class=\"sow-image-container\">\n\t\t<img \n\tsrc=\"https:\/\/wildlife-travel.com\/wp-content\/uploads\/2025\/10\/finnwale-vor-spaniens-kuesten-99.jpg\" width=\"1837\" height=\"1225\" srcset=\"https:\/\/wildlife-travel.com\/wp-content\/uploads\/2025\/10\/finnwale-vor-spaniens-kuesten-99.jpg 1837w, https:\/\/wildlife-travel.com\/wp-content\/uploads\/2025\/10\/finnwale-vor-spaniens-kuesten-99-300x200.jpg 300w, https:\/\/wildlife-travel.com\/wp-content\/uploads\/2025\/10\/finnwale-vor-spaniens-kuesten-99-1024x683.jpg 1024w, https:\/\/wildlife-travel.com\/wp-content\/uploads\/2025\/10\/finnwale-vor-spaniens-kuesten-99-768x512.jpg 768w, https:\/\/wildlife-travel.com\/wp-content\/uploads\/2025\/10\/finnwale-vor-spaniens-kuesten-99-1536x1024.jpg 1536w, https:\/\/wildlife-travel.com\/wp-content\/uploads\/2025\/10\/finnwale-vor-spaniens-kuesten-99-840x560.jpg 840w, https:\/\/wildlife-travel.com\/wp-content\/uploads\/2025\/10\/finnwale-vor-spaniens-kuesten-99-120x80.jpg 120w, https:\/\/wildlife-travel.com\/wp-content\/uploads\/2025\/10\/finnwale-vor-spaniens-kuesten-99-360x240.jpg 360w, https:\/\/wildlife-travel.com\/wp-content\/uploads\/2025\/10\/finnwale-vor-spaniens-kuesten-99-600x400.jpg 600w, https:\/\/wildlife-travel.com\/wp-content\/uploads\/2025\/10\/finnwale-vor-spaniens-kuesten-99-272x182.jpg 272w\" sizes=\"(max-width: 1837px) 100vw, 1837px\" title=\"finnwale-vor-spaniens-k\u00fcsten (99)\" alt=\"Vilanova i la Geltr\u00fa\" \t\tclass=\"so-widget-image\"\/>\n\t<\/div>\n\n<\/div><\/div><\/div><\/div><div id=\"pg-30570-158\"  class=\"panel-grid panel-no-style\" ><div id=\"pgc-30570-158-0\"  class=\"panel-grid-cell\" ><div id=\"panel-30570-158-0-0\" class=\"so-panel widget widget_sow-image panel-first-child panel-last-child\" data-index=\"177\" ><div\n\t\t\t\n\t\t\tclass=\"so-widget-sow-image so-widget-sow-image-default-8b5b6f678277-30570\"\n\t\t\t\n\t\t>\n<div class=\"sow-image-container\">\n\t\t<img \n\tsrc=\"https:\/\/wildlife-travel.com\/wp-content\/uploads\/2025\/10\/finnwale-vor-spaniens-kuesten-102.jpg\" width=\"1837\" height=\"1225\" srcset=\"https:\/\/wildlife-travel.com\/wp-content\/uploads\/2025\/10\/finnwale-vor-spaniens-kuesten-102.jpg 1837w, https:\/\/wildlife-travel.com\/wp-content\/uploads\/2025\/10\/finnwale-vor-spaniens-kuesten-102-300x200.jpg 300w, https:\/\/wildlife-travel.com\/wp-content\/uploads\/2025\/10\/finnwale-vor-spaniens-kuesten-102-1024x683.jpg 1024w, https:\/\/wildlife-travel.com\/wp-content\/uploads\/2025\/10\/finnwale-vor-spaniens-kuesten-102-768x512.jpg 768w, https:\/\/wildlife-travel.com\/wp-content\/uploads\/2025\/10\/finnwale-vor-spaniens-kuesten-102-1536x1024.jpg 1536w, https:\/\/wildlife-travel.com\/wp-content\/uploads\/2025\/10\/finnwale-vor-spaniens-kuesten-102-840x560.jpg 840w, https:\/\/wildlife-travel.com\/wp-content\/uploads\/2025\/10\/finnwale-vor-spaniens-kuesten-102-120x80.jpg 120w, https:\/\/wildlife-travel.com\/wp-content\/uploads\/2025\/10\/finnwale-vor-spaniens-kuesten-102-360x240.jpg 360w, https:\/\/wildlife-travel.com\/wp-content\/uploads\/2025\/10\/finnwale-vor-spaniens-kuesten-102-600x400.jpg 600w, https:\/\/wildlife-travel.com\/wp-content\/uploads\/2025\/10\/finnwale-vor-spaniens-kuesten-102-272x182.jpg 272w\" sizes=\"(max-width: 1837px) 100vw, 1837px\" title=\"finnwale-vor-spaniens-k\u00fcsten (102)\" alt=\"Vilanova i la Geltr\u00fa\" \t\tclass=\"so-widget-image\"\/>\n\t<\/div>\n\n<\/div><\/div><\/div><\/div><div id=\"pg-30570-159\"  class=\"panel-grid panel-no-style\" ><div id=\"pgc-30570-159-0\"  class=\"panel-grid-cell\" ><div id=\"panel-30570-159-0-0\" class=\"so-panel widget widget_sow-image panel-first-child panel-last-child\" data-index=\"178\" ><div\n\t\t\t\n\t\t\tclass=\"so-widget-sow-image so-widget-sow-image-default-8b5b6f678277-30570\"\n\t\t\t\n\t\t>\n<div class=\"sow-image-container\">\n\t\t<img \n\tsrc=\"https:\/\/wildlife-travel.com\/wp-content\/uploads\/2025\/10\/finnwale-vor-spaniens-kuesten-103.jpg\" width=\"1837\" height=\"1225\" srcset=\"https:\/\/wildlife-travel.com\/wp-content\/uploads\/2025\/10\/finnwale-vor-spaniens-kuesten-103.jpg 1837w, https:\/\/wildlife-travel.com\/wp-content\/uploads\/2025\/10\/finnwale-vor-spaniens-kuesten-103-300x200.jpg 300w, https:\/\/wildlife-travel.com\/wp-content\/uploads\/2025\/10\/finnwale-vor-spaniens-kuesten-103-1024x683.jpg 1024w, https:\/\/wildlife-travel.com\/wp-content\/uploads\/2025\/10\/finnwale-vor-spaniens-kuesten-103-768x512.jpg 768w, https:\/\/wildlife-travel.com\/wp-content\/uploads\/2025\/10\/finnwale-vor-spaniens-kuesten-103-1536x1024.jpg 1536w, https:\/\/wildlife-travel.com\/wp-content\/uploads\/2025\/10\/finnwale-vor-spaniens-kuesten-103-840x560.jpg 840w, https:\/\/wildlife-travel.com\/wp-content\/uploads\/2025\/10\/finnwale-vor-spaniens-kuesten-103-120x80.jpg 120w, https:\/\/wildlife-travel.com\/wp-content\/uploads\/2025\/10\/finnwale-vor-spaniens-kuesten-103-360x240.jpg 360w, https:\/\/wildlife-travel.com\/wp-content\/uploads\/2025\/10\/finnwale-vor-spaniens-kuesten-103-600x400.jpg 600w, https:\/\/wildlife-travel.com\/wp-content\/uploads\/2025\/10\/finnwale-vor-spaniens-kuesten-103-272x182.jpg 272w\" sizes=\"(max-width: 1837px) 100vw, 1837px\" title=\"finnwale-vor-spaniens-k\u00fcsten (103)\" alt=\"Vilanova i la Geltr\u00fa\" \t\tclass=\"so-widget-image\"\/>\n\t<\/div>\n\n<\/div><\/div><\/div><div id=\"pgc-30570-159-1\"  class=\"panel-grid-cell\" ><div id=\"panel-30570-159-1-0\" class=\"so-panel widget widget_sow-image panel-first-child panel-last-child\" data-index=\"179\" ><div\n\t\t\t\n\t\t\tclass=\"so-widget-sow-image so-widget-sow-image-default-8b5b6f678277-30570\"\n\t\t\t\n\t\t>\n<div class=\"sow-image-container\">\n\t\t<img \n\tsrc=\"https:\/\/wildlife-travel.com\/wp-content\/uploads\/2025\/10\/finnwale-vor-spaniens-kuesten-104.jpg\" width=\"1696\" height=\"1131\" srcset=\"https:\/\/wildlife-travel.com\/wp-content\/uploads\/2025\/10\/finnwale-vor-spaniens-kuesten-104.jpg 1696w, https:\/\/wildlife-travel.com\/wp-content\/uploads\/2025\/10\/finnwale-vor-spaniens-kuesten-104-300x200.jpg 300w, https:\/\/wildlife-travel.com\/wp-content\/uploads\/2025\/10\/finnwale-vor-spaniens-kuesten-104-1024x683.jpg 1024w, https:\/\/wildlife-travel.com\/wp-content\/uploads\/2025\/10\/finnwale-vor-spaniens-kuesten-104-768x512.jpg 768w, https:\/\/wildlife-travel.com\/wp-content\/uploads\/2025\/10\/finnwale-vor-spaniens-kuesten-104-1536x1024.jpg 1536w, https:\/\/wildlife-travel.com\/wp-content\/uploads\/2025\/10\/finnwale-vor-spaniens-kuesten-104-840x560.jpg 840w, https:\/\/wildlife-travel.com\/wp-content\/uploads\/2025\/10\/finnwale-vor-spaniens-kuesten-104-120x80.jpg 120w, https:\/\/wildlife-travel.com\/wp-content\/uploads\/2025\/10\/finnwale-vor-spaniens-kuesten-104-360x240.jpg 360w, https:\/\/wildlife-travel.com\/wp-content\/uploads\/2025\/10\/finnwale-vor-spaniens-kuesten-104-600x400.jpg 600w, https:\/\/wildlife-travel.com\/wp-content\/uploads\/2025\/10\/finnwale-vor-spaniens-kuesten-104-272x182.jpg 272w\" sizes=\"(max-width: 1696px) 100vw, 1696px\" title=\"finnwale-vor-spaniens-k\u00fcsten (104)\" alt=\"Vilanova i la Geltr\u00fa\" \t\tclass=\"so-widget-image\"\/>\n\t<\/div>\n\n<\/div><\/div><\/div><\/div><div id=\"pg-30570-160\"  class=\"panel-grid panel-no-style\" ><div id=\"pgc-30570-160-0\"  class=\"panel-grid-cell\" ><div id=\"panel-30570-160-0-0\" class=\"so-panel widget widget_sow-image panel-first-child panel-last-child\" data-index=\"180\" ><div\n\t\t\t\n\t\t\tclass=\"so-widget-sow-image so-widget-sow-image-default-8b5b6f678277-30570\"\n\t\t\t\n\t\t>\n<div class=\"sow-image-container\">\n\t\t<img \n\tsrc=\"https:\/\/wildlife-travel.com\/wp-content\/uploads\/2025\/10\/finnwale-vor-spaniens-kuesten-105.jpg\" width=\"1804\" height=\"1203\" srcset=\"https:\/\/wildlife-travel.com\/wp-content\/uploads\/2025\/10\/finnwale-vor-spaniens-kuesten-105.jpg 1804w, https:\/\/wildlife-travel.com\/wp-content\/uploads\/2025\/10\/finnwale-vor-spaniens-kuesten-105-300x200.jpg 300w, https:\/\/wildlife-travel.com\/wp-content\/uploads\/2025\/10\/finnwale-vor-spaniens-kuesten-105-1024x683.jpg 1024w, https:\/\/wildlife-travel.com\/wp-content\/uploads\/2025\/10\/finnwale-vor-spaniens-kuesten-105-768x512.jpg 768w, https:\/\/wildlife-travel.com\/wp-content\/uploads\/2025\/10\/finnwale-vor-spaniens-kuesten-105-1536x1024.jpg 1536w, https:\/\/wildlife-travel.com\/wp-content\/uploads\/2025\/10\/finnwale-vor-spaniens-kuesten-105-840x560.jpg 840w, https:\/\/wildlife-travel.com\/wp-content\/uploads\/2025\/10\/finnwale-vor-spaniens-kuesten-105-120x80.jpg 120w, https:\/\/wildlife-travel.com\/wp-content\/uploads\/2025\/10\/finnwale-vor-spaniens-kuesten-105-360x240.jpg 360w, https:\/\/wildlife-travel.com\/wp-content\/uploads\/2025\/10\/finnwale-vor-spaniens-kuesten-105-600x400.jpg 600w, https:\/\/wildlife-travel.com\/wp-content\/uploads\/2025\/10\/finnwale-vor-spaniens-kuesten-105-272x182.jpg 272w\" sizes=\"(max-width: 1804px) 100vw, 1804px\" title=\"finnwale-vor-spaniens-k\u00fcsten (105)\" alt=\"Vilanova i la Geltr\u00fa\" \t\tclass=\"so-widget-image\"\/>\n\t<\/div>\n\n<\/div><\/div><\/div><div id=\"pgc-30570-160-1\"  class=\"panel-grid-cell\" ><div id=\"panel-30570-160-1-0\" class=\"so-panel widget widget_sow-image panel-first-child panel-last-child\" data-index=\"181\" ><div\n\t\t\t\n\t\t\tclass=\"so-widget-sow-image so-widget-sow-image-default-8b5b6f678277-30570\"\n\t\t\t\n\t\t>\n<div class=\"sow-image-container\">\n\t\t<img \n\tsrc=\"https:\/\/wildlife-travel.com\/wp-content\/uploads\/2025\/10\/finnwale-vor-spaniens-kuesten-106.jpg\" width=\"1837\" height=\"1225\" srcset=\"https:\/\/wildlife-travel.com\/wp-content\/uploads\/2025\/10\/finnwale-vor-spaniens-kuesten-106.jpg 1837w, https:\/\/wildlife-travel.com\/wp-content\/uploads\/2025\/10\/finnwale-vor-spaniens-kuesten-106-300x200.jpg 300w, https:\/\/wildlife-travel.com\/wp-content\/uploads\/2025\/10\/finnwale-vor-spaniens-kuesten-106-1024x683.jpg 1024w, https:\/\/wildlife-travel.com\/wp-content\/uploads\/2025\/10\/finnwale-vor-spaniens-kuesten-106-768x512.jpg 768w, https:\/\/wildlife-travel.com\/wp-content\/uploads\/2025\/10\/finnwale-vor-spaniens-kuesten-106-1536x1024.jpg 1536w, https:\/\/wildlife-travel.com\/wp-content\/uploads\/2025\/10\/finnwale-vor-spaniens-kuesten-106-840x560.jpg 840w, https:\/\/wildlife-travel.com\/wp-content\/uploads\/2025\/10\/finnwale-vor-spaniens-kuesten-106-120x80.jpg 120w, https:\/\/wildlife-travel.com\/wp-content\/uploads\/2025\/10\/finnwale-vor-spaniens-kuesten-106-360x240.jpg 360w, https:\/\/wildlife-travel.com\/wp-content\/uploads\/2025\/10\/finnwale-vor-spaniens-kuesten-106-600x400.jpg 600w, https:\/\/wildlife-travel.com\/wp-content\/uploads\/2025\/10\/finnwale-vor-spaniens-kuesten-106-272x182.jpg 272w\" sizes=\"(max-width: 1837px) 100vw, 1837px\" title=\"finnwale-vor-spaniens-k\u00fcsten (106)\" alt=\"Vilanova i la Geltr\u00fa\" \t\tclass=\"so-widget-image\"\/>\n\t<\/div>\n\n<\/div><\/div><\/div><\/div><div id=\"pg-30570-161\"  class=\"panel-grid panel-no-style\" ><div id=\"pgc-30570-161-0\"  class=\"panel-grid-cell\" ><div id=\"panel-30570-161-0-0\" class=\"so-panel widget widget_sow-editor panel-first-child panel-last-child\" data-index=\"182\" ><div\n\t\t\t\n\t\t\tclass=\"so-widget-sow-editor so-widget-sow-editor-base\"\n\t\t\t\n\t\t>\n<div class=\"siteorigin-widget-tinymce textwidget\">\n\t<p data-start=\"74\" data-end=\"358\">Am n\u00e4chsten Tag fuhr ich mit dem Zug nach Barcelona. Fotos machte ich nur wenige \u2013 genauer gesagt nur von der Sagrada Fam\u00edlia. Es war Osterwochenende, und in Barcelona war einfach zu viel los, sodass mir die Stadt diesmal keinen gro\u00dfen Spa\u00df bereitete, obwohl ich sie sonst sehr mag.<\/p>\n<p data-start=\"360\" data-end=\"420\">In einem Park begegneten mir jedoch einige M\u00f6nchssittiche.<\/p>\n<\/div>\n<\/div><\/div><\/div><\/div><div id=\"pg-30570-162\"  class=\"panel-grid panel-no-style\" ><div id=\"pgc-30570-162-0\"  class=\"panel-grid-cell\" ><div id=\"panel-30570-162-0-0\" class=\"so-panel widget widget_media_video panel-first-child panel-last-child\" data-index=\"183\" ><div style=\"width:100%;\" class=\"wp-video\"><video class=\"wp-video-shortcode\" id=\"video-30570-1\" preload=\"metadata\" controls=\"controls\"><source type=\"video\/youtube\" src=\"https:\/\/youtu.be\/og-8v_eGQRo?_=1\" \/><a href=\"https:\/\/youtu.be\/og-8v_eGQRo\">https:\/\/youtu.be\/og-8v_eGQRo<\/a><\/video><\/div><\/div><\/div><\/div><div id=\"pg-30570-163\"  class=\"panel-grid panel-no-style\" ><div id=\"pgc-30570-163-0\"  class=\"panel-grid-cell\" ><div id=\"panel-30570-163-0-0\" class=\"so-panel widget widget_sow-editor panel-first-child panel-last-child\" data-index=\"184\" ><div\n\t\t\t\n\t\t\tclass=\"so-widget-sow-editor so-widget-sow-editor-base\"\n\t\t\t\n\t\t>\n<div class=\"siteorigin-widget-tinymce textwidget\">\n\t<p>Und ein Kuhreiher.<\/p>\n<\/div>\n<\/div><\/div><\/div><\/div><div id=\"pg-30570-164\"  class=\"panel-grid panel-no-style\" ><div id=\"pgc-30570-164-0\"  class=\"panel-grid-cell\" ><div id=\"panel-30570-164-0-0\" class=\"so-panel widget widget_media_video panel-first-child panel-last-child\" data-index=\"185\" ><div style=\"width:100%;\" class=\"wp-video\"><video class=\"wp-video-shortcode\" id=\"video-30570-2\" preload=\"metadata\" controls=\"controls\"><source type=\"video\/youtube\" src=\"https:\/\/youtu.be\/2P_UwiyBSTc?_=2\" \/><a href=\"https:\/\/youtu.be\/2P_UwiyBSTc\">https:\/\/youtu.be\/2P_UwiyBSTc<\/a><\/video><\/div><\/div><\/div><\/div><div id=\"pg-30570-165\"  class=\"panel-grid panel-no-style\" ><div id=\"pgc-30570-165-0\"  class=\"panel-grid-cell\" ><div id=\"panel-30570-165-0-0\" class=\"so-panel widget widget_sow-editor panel-first-child panel-last-child\" data-index=\"186\" ><div\n\t\t\t\n\t\t\tclass=\"so-widget-sow-editor so-widget-sow-editor-base\"\n\t\t\t\n\t\t>\n<div class=\"siteorigin-widget-tinymce textwidget\">\n\t<p data-start=\"74\" data-end=\"429\">Viele M\u00f6wen und Tauben bev\u00f6lkerten zusammen mit den zahlreichen Menschen den Park. Er war wirklich voll. An einem Moment n\u00e4herte ich mich einer gerade frei werdenden Bank \u2013 doch eine andere Frau sah das ebenfalls und rannte los, um den Platz vor mir zu ergattern. Wow! Ich beschloss, die Stadt zu verlassen; ich hatte keine Lust, l\u00e4nger dort zu bleiben.<\/p>\n<p data-start=\"431\" data-end=\"759\">An einem anderen Tag wanderte ich nicht Richtung Sitges, also nach Norden, sondern Richtung S\u00fcden. Anfangs war der Weg noch angenehm und f\u00fchrte ebenfalls entlang der Schienen, doch insgesamt gefielen mir die beiden vorherigen Wanderungen besser. Sch\u00f6ne Wandmalereien schm\u00fcckten die H\u00e4user, und der Wind war deutlich zu sp\u00fcren.<\/p>\n<\/div>\n<\/div><\/div><\/div><\/div><div id=\"pg-30570-166\"  class=\"panel-grid panel-no-style\" ><div id=\"pgc-30570-166-0\"  class=\"panel-grid-cell\" ><div id=\"panel-30570-166-0-0\" class=\"so-panel widget widget_media_video panel-first-child panel-last-child\" data-index=\"187\" ><div style=\"width:100%;\" class=\"wp-video\"><video class=\"wp-video-shortcode\" id=\"video-30570-3\" preload=\"metadata\" controls=\"controls\"><source type=\"video\/youtube\" src=\"https:\/\/youtu.be\/AjzKWWB5luU?_=3\" \/><a href=\"https:\/\/youtu.be\/AjzKWWB5luU\">https:\/\/youtu.be\/AjzKWWB5luU<\/a><\/video><\/div><\/div><\/div><\/div><div id=\"pg-30570-167\"  class=\"panel-grid panel-no-style\" ><div id=\"pgc-30570-167-0\"  class=\"panel-grid-cell\" ><div id=\"panel-30570-167-0-0\" class=\"so-panel widget widget_sow-editor panel-first-child panel-last-child\" data-index=\"188\" ><div\n\t\t\t\n\t\t\tclass=\"so-widget-sow-editor so-widget-sow-editor-base\"\n\t\t\t\n\t\t>\n<div class=\"siteorigin-widget-tinymce textwidget\">\n\t<p>Auch in Vilanova i la Geltr\u00fa lassen sich sch\u00f6ne Spazierg\u00e4nge unternehmen \u2013 selbst bei weniger gutem Wetter. Ich habe den Strand auch an grauen Tagen besucht und sehr genossen.<\/p>\n<\/div>\n<\/div><\/div><\/div><\/div><div id=\"pg-30570-168\"  class=\"panel-grid panel-no-style\" ><div id=\"pgc-30570-168-0\"  class=\"panel-grid-cell\" ><div id=\"panel-30570-168-0-0\" class=\"so-panel widget widget_media_video panel-first-child panel-last-child\" data-index=\"189\" ><div style=\"width:100%;\" class=\"wp-video\"><video class=\"wp-video-shortcode\" id=\"video-30570-4\" preload=\"metadata\" controls=\"controls\"><source type=\"video\/youtube\" src=\"https:\/\/youtu.be\/gKsysSkSzyE?_=4\" \/><a href=\"https:\/\/youtu.be\/gKsysSkSzyE\">https:\/\/youtu.be\/gKsysSkSzyE<\/a><\/video><\/div><\/div><\/div><\/div><div id=\"pg-30570-169\"  class=\"panel-grid panel-no-style\" ><div id=\"pgc-30570-169-0\"  class=\"panel-grid-cell\" ><div id=\"panel-30570-169-0-0\" class=\"so-panel widget widget_sow-editor panel-first-child panel-last-child\" data-index=\"190\" ><div\n\t\t\t\n\t\t\tclass=\"so-widget-sow-editor so-widget-sow-editor-base\"\n\t\t\t\n\t\t>\n<div class=\"siteorigin-widget-tinymce textwidget\">\n\t<p data-start=\"74\" data-end=\"393\">Auch wenn das Wetter nicht immer mitspielte und ich die Finnwale nur aus weiter Ferne beobachten konnte, hatte ich eine gro\u00dfartige Zeit bei EDMAKTUB und viele neue Eindr\u00fccke gewonnen. Besonders beeindruckend war zu sehen, mit welcher Hingabe und Zielstrebigkeit die beiden Forscher:innen die Finnwale erforschten.<\/p>\n<p data-start=\"395\" data-end=\"762\">Ein Aufenthalt bei EDMAKTUB ist sicher nur etwas f\u00fcr diejenigen, die sich wirklich f\u00fcr die Tiere interessieren, denn die Stunden auf dem Boot k\u00f6nnen sehr lang sein. Geduld und gro\u00dfes Interesse sind erforderlich, um die Tiere erfolgreich zu beobachten. Wer mehr \u00fcber ihre Arbeit erfahren m\u00f6chte, sollte unbedingt einen Blick auf die Webseite von EDMAKTUB werfen.<\/p>\n<\/div>\n<\/div><\/div><\/div><\/div><div id=\"pg-30570-170\"  class=\"panel-grid panel-no-style\" ><div id=\"pgc-30570-170-0\"  class=\"panel-grid-cell\" ><div id=\"panel-30570-170-0-0\" class=\"so-panel widget widget_sow-editor panel-first-child panel-last-child\" data-index=\"191\" ><div\n\t\t\t\n\t\t\tclass=\"so-widget-sow-editor so-widget-sow-editor-base\"\n\t\t\t\n\t\t>\n<div class=\"siteorigin-widget-tinymce textwidget\">\n\t<h2><span class=\"ez-toc-section\" id=\"Praktische_Informationen\"><\/span>Praktische Informationen<span class=\"ez-toc-section-end\"><\/span><\/h2>\n<\/div>\n<\/div><\/div><\/div><\/div><div id=\"pg-30570-171\"  class=\"panel-grid panel-no-style\" ><div id=\"pgc-30570-171-0\"  class=\"panel-grid-cell\" ><div id=\"panel-30570-171-0-0\" class=\"so-panel widget widget_sow-editor panel-first-child panel-last-child\" data-index=\"192\" ><div\n\t\t\t\n\t\t\tclass=\"so-widget-sow-editor so-widget-sow-editor-base\"\n\t\t\t\n\t\t>\n<div class=\"siteorigin-widget-tinymce textwidget\">\n\t<p>Mit dem <a href=\"https:\/\/busgarraf.cat\/en\/\" target=\"_blank\" rel=\"noopener nofollow\">Bus Garraf<\/a> kommt man einfach und schnell vom Flughafen nach Vilanova i la Geltr\u00fa. Die Fahrt dauert etwa eine Stunde und kostet rund 10 Euro. Bitte informiere dich auf der Webseite des Busunternehmens \u00fcber die aktuellen Preise. Die Buslinie ist die <a href=\"https:\/\/busgarraf.cat\/wp-content\/uploads\/2025\/08\/e15.1-Vilanova-i-la-Geltru-Barcelona-agost.pdf\" target=\"_blank\" rel=\"noopener nofollow\">E15.1<\/a>.<\/p>\n<p>Eine weitere Option, Vilanova i la Geltr\u00fa zu erreichen, ist die Anreise mit dem Zug. Die Metro L9S f\u00e4hrt bis El Prat de Llobregat, von dort geht es mit dem R2-Zug weiter nach Vilanova i la Geltr\u00fa. Aktuelle Verbindungen findest du auf der <a href=\"https:\/\/rodalies.gencat.cat\/en\/horaris\/index.html\" target=\"_blank\" rel=\"noopener nofollow\">Webseite Gencat<\/a>.<\/p>\n<p>In Vilanova i la Geltr\u00fa \u00fcbernachtete ich in einer Wohnung, die ich mir mit den Praktikant:innen und einer weiteren Person teilte, die ebenfalls nur f\u00fcr zwei Wochen vor Ort war.<\/p>\n<\/div>\n<\/div><\/div><\/div><\/div><div id=\"pg-30570-172\"  class=\"panel-grid panel-no-style\" ><div id=\"pgc-30570-172-0\"  class=\"panel-grid-cell\" ><div id=\"panel-30570-172-0-0\" class=\"so-panel widget widget_sow-editor panel-first-child panel-last-child\" data-index=\"193\" ><div\n\t\t\t\n\t\t\tclass=\"so-widget-sow-editor so-widget-sow-editor-base\"\n\t\t\t\n\t\t>\n<div class=\"siteorigin-widget-tinymce textwidget\">\n\t<h2><span class=\"ez-toc-section\" id=\"Mehr_Informationen\"><\/span>Mehr Informationen<span class=\"ez-toc-section-end\"><\/span><\/h2>\n<\/div>\n<\/div><\/div><\/div><\/div><div id=\"pg-30570-173\"  class=\"panel-grid panel-no-style\" ><div id=\"pgc-30570-173-0\"  class=\"panel-grid-cell\" ><div id=\"panel-30570-173-0-0\" class=\"so-panel widget widget_sow-editor panel-first-child panel-last-child\" data-index=\"194\" ><div class=\"panel-widget-style panel-widget-style-for-30570-173-0-0\" ><div\n\t\t\t\n\t\t\tclass=\"so-widget-sow-editor so-widget-sow-editor-base\"\n\t\t\t\n\t\t>\n<div class=\"siteorigin-widget-tinymce textwidget\">\n\t<p>Offizielle Webseite von <a href=\"https:\/\/edmaktub.org\/en\/fin-whale-project\/\" target=\"_blank\" rel=\"noopener nofollow\">EDMAKTUB<\/a><\/p>\n<p><a href=\"https:\/\/www.instagram.com\/edmaktub\/?hl=de\" target=\"_blank\" rel=\"noopener nofollow\">Instagram<\/a> von EDMAKTUB<\/p>\n<p><a href=\"https:\/\/de.wikipedia.org\/wiki\/Furchenwale\" target=\"_blank\" rel=\"noopener nofollow\">Wikipedia:<\/a> Furchenwale<\/p>\n<p><a href=\"https:\/\/de.wikipedia.org\/wiki\/Finnwal\" target=\"_blank\" rel=\"noopener nofollow\">Wikipedia:<\/a> Finnwale<\/p>\n<p><a href=\"https:\/\/wildlife-travel.com\/de\/moenchssittiche-in-malaga-spanien\/\" target=\"_blank\" rel=\"noopener\">M\u00f6nchssittiche in M\u00e1laga<\/a><\/p>\n<\/div>\n<\/div><\/div><\/div><\/div><\/div><div id=\"pg-30570-174\"  class=\"panel-grid panel-no-style\" ><div id=\"pgc-30570-174-0\"  class=\"panel-grid-cell\" ><div id=\"panel-30570-174-0-0\" class=\"so-panel widget widget_sow-editor panel-first-child panel-last-child\" data-index=\"195\" ><div\n\t\t\t\n\t\t\tclass=\"so-widget-sow-editor so-widget-sow-editor-base\"\n\t\t\t\n\t\t>\n<div class=\"siteorigin-widget-tinymce textwidget\">\n\t<p><strong>Hast du schon einmal Finnwale oder andere Wale und Delfine gesehen? Oder hattest du ein anderes besonderes Erlebnis mit diesen Tieren? Teile es gerne in den Kommentaren!<\/strong><\/p>\n<\/div>\n<\/div><\/div><\/div><\/div><div id=\"pg-30570-175\"  class=\"panel-grid panel-no-style\" ><div id=\"pgc-30570-175-0\"  class=\"panel-grid-cell\" ><div id=\"panel-30570-175-0-0\" class=\"so-panel widget widget_sow-image panel-first-child panel-last-child\" data-index=\"196\" ><div\n\t\t\t\n\t\t\tclass=\"so-widget-sow-image so-widget-sow-image-default-8b5b6f678277-30570\"\n\t\t\t\n\t\t>\n<div class=\"sow-image-container\">\n\t\t<img \n\tsrc=\"https:\/\/wildlife-travel.com\/wp-content\/uploads\/2025\/10\/finnwale-vor-spaniens-kuesten-DE1.jpg\" width=\"800\" height=\"1200\" srcset=\"https:\/\/wildlife-travel.com\/wp-content\/uploads\/2025\/10\/finnwale-vor-spaniens-kuesten-DE1.jpg 800w, https:\/\/wildlife-travel.com\/wp-content\/uploads\/2025\/10\/finnwale-vor-spaniens-kuesten-DE1-200x300.jpg 200w, https:\/\/wildlife-travel.com\/wp-content\/uploads\/2025\/10\/finnwale-vor-spaniens-kuesten-DE1-683x1024.jpg 683w, https:\/\/wildlife-travel.com\/wp-content\/uploads\/2025\/10\/finnwale-vor-spaniens-kuesten-DE1-768x1152.jpg 768w\" sizes=\"(max-width: 800px) 100vw, 800px\" title=\"finnwale-vor-spaniens-k\u00fcsten-DE1\" alt=\"Finnwale vor Spaniens K\u00fcsten\" \t\tclass=\"so-widget-image\"\/>\n\t<\/div>\n\n<\/div><\/div><\/div><div id=\"pgc-30570-175-1\"  class=\"panel-grid-cell\" ><div id=\"panel-30570-175-1-0\" class=\"so-panel widget widget_sow-image panel-first-child panel-last-child\" data-index=\"197\" ><div\n\t\t\t\n\t\t\tclass=\"so-widget-sow-image so-widget-sow-image-default-8b5b6f678277-30570\"\n\t\t\t\n\t\t>\n<div class=\"sow-image-container\">\n\t\t<img \n\tsrc=\"https:\/\/wildlife-travel.com\/wp-content\/uploads\/2025\/10\/finnwale-vor-spaniens-kuesten-DE2.jpg\" width=\"800\" height=\"1200\" srcset=\"https:\/\/wildlife-travel.com\/wp-content\/uploads\/2025\/10\/finnwale-vor-spaniens-kuesten-DE2.jpg 800w, https:\/\/wildlife-travel.com\/wp-content\/uploads\/2025\/10\/finnwale-vor-spaniens-kuesten-DE2-200x300.jpg 200w, https:\/\/wildlife-travel.com\/wp-content\/uploads\/2025\/10\/finnwale-vor-spaniens-kuesten-DE2-683x1024.jpg 683w, https:\/\/wildlife-travel.com\/wp-content\/uploads\/2025\/10\/finnwale-vor-spaniens-kuesten-DE2-768x1152.jpg 768w\" sizes=\"(max-width: 800px) 100vw, 800px\" title=\"finnwale-vor-spaniens-k\u00fcsten-DE2\" alt=\"Finnwale vor Spaniens K\u00fcsten\" \t\tclass=\"so-widget-image\"\/>\n\t<\/div>\n\n<\/div><\/div><\/div><\/div><\/div>","protected":false},"excerpt":{"rendered":"","protected":false},"author":1,"featured_media":30309,"comment_status":"open","ping_status":"closed","sticky":false,"template":"","format":"standard","meta":{"_monsterinsights_skip_tracking":false,"_monsterinsights_sitenote_active":false,"_monsterinsights_sitenote_note":"","_monsterinsights_sitenote_category":0,"footnotes":""},"categories":[230],"tags":[],"class_list":["post-30570","post","type-post","status-publish","format-standard","has-post-thumbnail","hentry","category-spanien"],"yoast_head":"<!-- This site is optimized with the Yoast SEO plugin v27.5 - https:\/\/yoast.com\/product\/yoast-seo-wordpress\/ -->\n<title>Finnwale vor Spaniens K\u00fcsten - Vilanova i la Geltr\u00fa in Katalonien<\/title>\n<meta name=\"description\" content=\"Finnwale vor Spaniens K\u00fcsten - In den Fr\u00fchlingsmonaten ziehen Finnale entlang der katalonischen K\u00fcste, um nach Nahrung zu suchen...\" \/>\n<meta name=\"robots\" content=\"index, follow, max-snippet:-1, max-image-preview:large, max-video-preview:-1\" \/>\n<link rel=\"canonical\" href=\"https:\/\/wildlife-travel.com\/de\/finnwale-vor-spaniens-kuesten-vilanova-i-la-geltru-in-katalonien\/\" \/>\n<meta property=\"og:locale\" content=\"de_DE\" \/>\n<meta property=\"og:type\" content=\"article\" \/>\n<meta property=\"og:title\" content=\"Finnwale vor Spaniens K\u00fcsten - Vilanova i la Geltr\u00fa in Katalonien\" \/>\n<meta property=\"og:description\" content=\"Finnwale vor Spaniens K\u00fcsten - In den Fr\u00fchlingsmonaten ziehen Finnale entlang der katalonischen K\u00fcste, um nach Nahrung zu suchen...\" \/>\n<meta property=\"og:url\" content=\"https:\/\/wildlife-travel.com\/de\/finnwale-vor-spaniens-kuesten-vilanova-i-la-geltru-in-katalonien\/\" \/>\n<meta property=\"article:published_time\" content=\"2025-10-11T10:00:04+00:00\" \/>\n<meta property=\"article:modified_time\" content=\"2025-12-30T07:09:43+00:00\" \/>\n<meta property=\"og:image\" content=\"https:\/\/wildlife-travel.com\/wp-content\/uploads\/2025\/10\/whales-and-dolphins-in-the-mediterranean-sea-3-scaled.jpg\" \/>\n\t<meta property=\"og:image:width\" content=\"2560\" \/>\n\t<meta property=\"og:image:height\" content=\"1707\" \/>\n\t<meta property=\"og:image:type\" content=\"image\/jpeg\" \/>\n<meta name=\"author\" content=\"Tanja Heinz\" \/>\n<meta name=\"twitter:card\" content=\"summary_large_image\" \/>\n<meta name=\"twitter:label1\" content=\"Written by\" \/>\n\t<meta name=\"twitter:data1\" content=\"Tanja Heinz\" \/>\n\t<meta name=\"twitter:label2\" content=\"Est. reading time\" \/>\n\t<meta name=\"twitter:data2\" content=\"52 minutes\" \/>\n<script type=\"application\/ld+json\" class=\"yoast-schema-graph\">{\"@context\":\"https:\\\/\\\/schema.org\",\"@graph\":[{\"@type\":\"Article\",\"@id\":\"https:\\\/\\\/wildlife-travel.com\\\/de\\\/finnwale-vor-spaniens-kuesten-vilanova-i-la-geltru-in-katalonien\\\/#article\",\"isPartOf\":{\"@id\":\"https:\\\/\\\/wildlife-travel.com\\\/de\\\/finnwale-vor-spaniens-kuesten-vilanova-i-la-geltru-in-katalonien\\\/\"},\"author\":{\"name\":\"Tanja Heinz\",\"@id\":\"https:\\\/\\\/wildlife-travel.com\\\/de\\\/#\\\/schema\\\/person\\\/37ec276948c84f4f860abef1a19c2e62\"},\"headline\":\"Finnwale vor Spaniens K\u00fcsten, Vilanova i la Geltr\u00fa in Katalonien\",\"datePublished\":\"2025-10-11T10:00:04+00:00\",\"dateModified\":\"2025-12-30T07:09:43+00:00\",\"mainEntityOfPage\":{\"@id\":\"https:\\\/\\\/wildlife-travel.com\\\/de\\\/finnwale-vor-spaniens-kuesten-vilanova-i-la-geltru-in-katalonien\\\/\"},\"wordCount\":7145,\"commentCount\":0,\"publisher\":{\"@id\":\"https:\\\/\\\/wildlife-travel.com\\\/de\\\/#\\\/schema\\\/person\\\/37ec276948c84f4f860abef1a19c2e62\"},\"image\":{\"@id\":\"https:\\\/\\\/wildlife-travel.com\\\/de\\\/finnwale-vor-spaniens-kuesten-vilanova-i-la-geltru-in-katalonien\\\/#primaryimage\"},\"thumbnailUrl\":\"https:\\\/\\\/wildlife-travel.com\\\/wp-content\\\/uploads\\\/2025\\\/10\\\/whales-and-dolphins-in-the-mediterranean-sea-3-scaled.jpg\",\"articleSection\":[\"Spanien\"],\"inLanguage\":\"de-DE\",\"potentialAction\":[{\"@type\":\"CommentAction\",\"name\":\"Comment\",\"target\":[\"https:\\\/\\\/wildlife-travel.com\\\/de\\\/finnwale-vor-spaniens-kuesten-vilanova-i-la-geltru-in-katalonien\\\/#respond\"]}]},{\"@type\":\"WebPage\",\"@id\":\"https:\\\/\\\/wildlife-travel.com\\\/de\\\/finnwale-vor-spaniens-kuesten-vilanova-i-la-geltru-in-katalonien\\\/\",\"url\":\"https:\\\/\\\/wildlife-travel.com\\\/de\\\/finnwale-vor-spaniens-kuesten-vilanova-i-la-geltru-in-katalonien\\\/\",\"name\":\"Finnwale vor Spaniens K\u00fcsten - Vilanova i la Geltr\u00fa in Katalonien\",\"isPartOf\":{\"@id\":\"https:\\\/\\\/wildlife-travel.com\\\/de\\\/#website\"},\"primaryImageOfPage\":{\"@id\":\"https:\\\/\\\/wildlife-travel.com\\\/de\\\/finnwale-vor-spaniens-kuesten-vilanova-i-la-geltru-in-katalonien\\\/#primaryimage\"},\"image\":{\"@id\":\"https:\\\/\\\/wildlife-travel.com\\\/de\\\/finnwale-vor-spaniens-kuesten-vilanova-i-la-geltru-in-katalonien\\\/#primaryimage\"},\"thumbnailUrl\":\"https:\\\/\\\/wildlife-travel.com\\\/wp-content\\\/uploads\\\/2025\\\/10\\\/whales-and-dolphins-in-the-mediterranean-sea-3-scaled.jpg\",\"datePublished\":\"2025-10-11T10:00:04+00:00\",\"dateModified\":\"2025-12-30T07:09:43+00:00\",\"description\":\"Finnwale vor Spaniens K\u00fcsten - In den Fr\u00fchlingsmonaten ziehen Finnale entlang der katalonischen K\u00fcste, um nach Nahrung zu suchen...\",\"breadcrumb\":{\"@id\":\"https:\\\/\\\/wildlife-travel.com\\\/de\\\/finnwale-vor-spaniens-kuesten-vilanova-i-la-geltru-in-katalonien\\\/#breadcrumb\"},\"inLanguage\":\"de-DE\",\"potentialAction\":[{\"@type\":\"ReadAction\",\"target\":[\"https:\\\/\\\/wildlife-travel.com\\\/de\\\/finnwale-vor-spaniens-kuesten-vilanova-i-la-geltru-in-katalonien\\\/\"]}]},{\"@type\":\"ImageObject\",\"inLanguage\":\"de-DE\",\"@id\":\"https:\\\/\\\/wildlife-travel.com\\\/de\\\/finnwale-vor-spaniens-kuesten-vilanova-i-la-geltru-in-katalonien\\\/#primaryimage\",\"url\":\"https:\\\/\\\/wildlife-travel.com\\\/wp-content\\\/uploads\\\/2025\\\/10\\\/whales-and-dolphins-in-the-mediterranean-sea-3-scaled.jpg\",\"contentUrl\":\"https:\\\/\\\/wildlife-travel.com\\\/wp-content\\\/uploads\\\/2025\\\/10\\\/whales-and-dolphins-in-the-mediterranean-sea-3-scaled.jpg\",\"width\":2560,\"height\":1707,\"caption\":\"Mittelmeer\"},{\"@type\":\"BreadcrumbList\",\"@id\":\"https:\\\/\\\/wildlife-travel.com\\\/de\\\/finnwale-vor-spaniens-kuesten-vilanova-i-la-geltru-in-katalonien\\\/#breadcrumb\",\"itemListElement\":[{\"@type\":\"ListItem\",\"position\":1,\"name\":\"Startseite\",\"item\":\"https:\\\/\\\/wildlife-travel.com\\\/de\\\/\"},{\"@type\":\"ListItem\",\"position\":2,\"name\":\"Finnwale vor Spaniens K\u00fcsten, Vilanova i la Geltr\u00fa in Katalonien\"}]},{\"@type\":\"WebSite\",\"@id\":\"https:\\\/\\\/wildlife-travel.com\\\/de\\\/#website\",\"url\":\"https:\\\/\\\/wildlife-travel.com\\\/de\\\/\",\"name\":\"\",\"description\":\"Wildlife Travel\",\"publisher\":{\"@id\":\"https:\\\/\\\/wildlife-travel.com\\\/de\\\/#\\\/schema\\\/person\\\/37ec276948c84f4f860abef1a19c2e62\"},\"potentialAction\":[{\"@type\":\"SearchAction\",\"target\":{\"@type\":\"EntryPoint\",\"urlTemplate\":\"https:\\\/\\\/wildlife-travel.com\\\/de\\\/?s={search_term_string}\"},\"query-input\":{\"@type\":\"PropertyValueSpecification\",\"valueRequired\":true,\"valueName\":\"search_term_string\"}}],\"inLanguage\":\"de-DE\"},{\"@type\":[\"Person\",\"Organization\"],\"@id\":\"https:\\\/\\\/wildlife-travel.com\\\/de\\\/#\\\/schema\\\/person\\\/37ec276948c84f4f860abef1a19c2e62\",\"name\":\"Tanja Heinz\",\"logo\":{\"@id\":\"https:\\\/\\\/wildlife-travel.com\\\/de\\\/#\\\/schema\\\/person\\\/image\\\/\"}}]}<\/script>\n<!-- \/ Yoast SEO plugin. -->","yoast_head_json":{"title":"Finnwale vor Spaniens K\u00fcsten - Vilanova i la Geltr\u00fa in Katalonien","description":"Finnwale vor Spaniens K\u00fcsten - In den Fr\u00fchlingsmonaten ziehen Finnale entlang der katalonischen K\u00fcste, um nach Nahrung zu suchen...","robots":{"index":"index","follow":"follow","max-snippet":"max-snippet:-1","max-image-preview":"max-image-preview:large","max-video-preview":"max-video-preview:-1"},"canonical":"https:\/\/wildlife-travel.com\/de\/finnwale-vor-spaniens-kuesten-vilanova-i-la-geltru-in-katalonien\/","og_locale":"de_DE","og_type":"article","og_title":"Finnwale vor Spaniens K\u00fcsten - Vilanova i la Geltr\u00fa in Katalonien","og_description":"Finnwale vor Spaniens K\u00fcsten - In den Fr\u00fchlingsmonaten ziehen Finnale entlang der katalonischen K\u00fcste, um nach Nahrung zu suchen...","og_url":"https:\/\/wildlife-travel.com\/de\/finnwale-vor-spaniens-kuesten-vilanova-i-la-geltru-in-katalonien\/","article_published_time":"2025-10-11T10:00:04+00:00","article_modified_time":"2025-12-30T07:09:43+00:00","og_image":[{"width":2560,"height":1707,"url":"https:\/\/wildlife-travel.com\/wp-content\/uploads\/2025\/10\/whales-and-dolphins-in-the-mediterranean-sea-3-scaled.jpg","type":"image\/jpeg"}],"author":"Tanja Heinz","twitter_card":"summary_large_image","twitter_misc":{"Written by":"Tanja Heinz","Est. reading time":"52 minutes"},"schema":{"@context":"https:\/\/schema.org","@graph":[{"@type":"Article","@id":"https:\/\/wildlife-travel.com\/de\/finnwale-vor-spaniens-kuesten-vilanova-i-la-geltru-in-katalonien\/#article","isPartOf":{"@id":"https:\/\/wildlife-travel.com\/de\/finnwale-vor-spaniens-kuesten-vilanova-i-la-geltru-in-katalonien\/"},"author":{"name":"Tanja Heinz","@id":"https:\/\/wildlife-travel.com\/de\/#\/schema\/person\/37ec276948c84f4f860abef1a19c2e62"},"headline":"Finnwale vor Spaniens K\u00fcsten, Vilanova i la Geltr\u00fa in Katalonien","datePublished":"2025-10-11T10:00:04+00:00","dateModified":"2025-12-30T07:09:43+00:00","mainEntityOfPage":{"@id":"https:\/\/wildlife-travel.com\/de\/finnwale-vor-spaniens-kuesten-vilanova-i-la-geltru-in-katalonien\/"},"wordCount":7145,"commentCount":0,"publisher":{"@id":"https:\/\/wildlife-travel.com\/de\/#\/schema\/person\/37ec276948c84f4f860abef1a19c2e62"},"image":{"@id":"https:\/\/wildlife-travel.com\/de\/finnwale-vor-spaniens-kuesten-vilanova-i-la-geltru-in-katalonien\/#primaryimage"},"thumbnailUrl":"https:\/\/wildlife-travel.com\/wp-content\/uploads\/2025\/10\/whales-and-dolphins-in-the-mediterranean-sea-3-scaled.jpg","articleSection":["Spanien"],"inLanguage":"de-DE","potentialAction":[{"@type":"CommentAction","name":"Comment","target":["https:\/\/wildlife-travel.com\/de\/finnwale-vor-spaniens-kuesten-vilanova-i-la-geltru-in-katalonien\/#respond"]}]},{"@type":"WebPage","@id":"https:\/\/wildlife-travel.com\/de\/finnwale-vor-spaniens-kuesten-vilanova-i-la-geltru-in-katalonien\/","url":"https:\/\/wildlife-travel.com\/de\/finnwale-vor-spaniens-kuesten-vilanova-i-la-geltru-in-katalonien\/","name":"Finnwale vor Spaniens K\u00fcsten - Vilanova i la Geltr\u00fa in Katalonien","isPartOf":{"@id":"https:\/\/wildlife-travel.com\/de\/#website"},"primaryImageOfPage":{"@id":"https:\/\/wildlife-travel.com\/de\/finnwale-vor-spaniens-kuesten-vilanova-i-la-geltru-in-katalonien\/#primaryimage"},"image":{"@id":"https:\/\/wildlife-travel.com\/de\/finnwale-vor-spaniens-kuesten-vilanova-i-la-geltru-in-katalonien\/#primaryimage"},"thumbnailUrl":"https:\/\/wildlife-travel.com\/wp-content\/uploads\/2025\/10\/whales-and-dolphins-in-the-mediterranean-sea-3-scaled.jpg","datePublished":"2025-10-11T10:00:04+00:00","dateModified":"2025-12-30T07:09:43+00:00","description":"Finnwale vor Spaniens K\u00fcsten - In den Fr\u00fchlingsmonaten ziehen Finnale entlang der katalonischen K\u00fcste, um nach Nahrung zu suchen...","breadcrumb":{"@id":"https:\/\/wildlife-travel.com\/de\/finnwale-vor-spaniens-kuesten-vilanova-i-la-geltru-in-katalonien\/#breadcrumb"},"inLanguage":"de-DE","potentialAction":[{"@type":"ReadAction","target":["https:\/\/wildlife-travel.com\/de\/finnwale-vor-spaniens-kuesten-vilanova-i-la-geltru-in-katalonien\/"]}]},{"@type":"ImageObject","inLanguage":"de-DE","@id":"https:\/\/wildlife-travel.com\/de\/finnwale-vor-spaniens-kuesten-vilanova-i-la-geltru-in-katalonien\/#primaryimage","url":"https:\/\/wildlife-travel.com\/wp-content\/uploads\/2025\/10\/whales-and-dolphins-in-the-mediterranean-sea-3-scaled.jpg","contentUrl":"https:\/\/wildlife-travel.com\/wp-content\/uploads\/2025\/10\/whales-and-dolphins-in-the-mediterranean-sea-3-scaled.jpg","width":2560,"height":1707,"caption":"Mittelmeer"},{"@type":"BreadcrumbList","@id":"https:\/\/wildlife-travel.com\/de\/finnwale-vor-spaniens-kuesten-vilanova-i-la-geltru-in-katalonien\/#breadcrumb","itemListElement":[{"@type":"ListItem","position":1,"name":"Startseite","item":"https:\/\/wildlife-travel.com\/de\/"},{"@type":"ListItem","position":2,"name":"Finnwale vor Spaniens K\u00fcsten, Vilanova i la Geltr\u00fa in Katalonien"}]},{"@type":"WebSite","@id":"https:\/\/wildlife-travel.com\/de\/#website","url":"https:\/\/wildlife-travel.com\/de\/","name":"","description":"Wildlife Travel","publisher":{"@id":"https:\/\/wildlife-travel.com\/de\/#\/schema\/person\/37ec276948c84f4f860abef1a19c2e62"},"potentialAction":[{"@type":"SearchAction","target":{"@type":"EntryPoint","urlTemplate":"https:\/\/wildlife-travel.com\/de\/?s={search_term_string}"},"query-input":{"@type":"PropertyValueSpecification","valueRequired":true,"valueName":"search_term_string"}}],"inLanguage":"de-DE"},{"@type":["Person","Organization"],"@id":"https:\/\/wildlife-travel.com\/de\/#\/schema\/person\/37ec276948c84f4f860abef1a19c2e62","name":"Tanja Heinz","logo":{"@id":"https:\/\/wildlife-travel.com\/de\/#\/schema\/person\/image\/"}}]}},"_links":{"self":[{"href":"https:\/\/wildlife-travel.com\/de\/wp-json\/wp\/v2\/posts\/30570","targetHints":{"allow":["GET"]}}],"collection":[{"href":"https:\/\/wildlife-travel.com\/de\/wp-json\/wp\/v2\/posts"}],"about":[{"href":"https:\/\/wildlife-travel.com\/de\/wp-json\/wp\/v2\/types\/post"}],"author":[{"embeddable":true,"href":"https:\/\/wildlife-travel.com\/de\/wp-json\/wp\/v2\/users\/1"}],"replies":[{"embeddable":true,"href":"https:\/\/wildlife-travel.com\/de\/wp-json\/wp\/v2\/comments?post=30570"}],"version-history":[{"count":0,"href":"https:\/\/wildlife-travel.com\/de\/wp-json\/wp\/v2\/posts\/30570\/revisions"}],"wp:featuredmedia":[{"embeddable":true,"href":"https:\/\/wildlife-travel.com\/de\/wp-json\/wp\/v2\/media\/30309"}],"wp:attachment":[{"href":"https:\/\/wildlife-travel.com\/de\/wp-json\/wp\/v2\/media?parent=30570"}],"wp:term":[{"taxonomy":"category","embeddable":true,"href":"https:\/\/wildlife-travel.com\/de\/wp-json\/wp\/v2\/categories?post=30570"},{"taxonomy":"post_tag","embeddable":true,"href":"https:\/\/wildlife-travel.com\/de\/wp-json\/wp\/v2\/tags?post=30570"}],"curies":[{"name":"wp","href":"https:\/\/api.w.org\/{rel}","templated":true}]}}