{"id":31979,"date":"2026-03-27T12:00:37","date_gmt":"2026-03-27T11:00:37","guid":{"rendered":"https:\/\/wildlife-travel.com\/?p=31979"},"modified":"2026-03-29T14:19:51","modified_gmt":"2026-03-29T12:19:51","slug":"einfarbstare-in-tarifa-spanien","status":"publish","type":"post","link":"https:\/\/wildlife-travel.com\/de\/einfarbstare-in-tarifa-spanien\/","title":{"rendered":"Einfarbstare in Tarifa, Spanien"},"content":{"rendered":"<div id=\"pl-31979\"  class=\"panel-layout\" ><div id=\"pg-31979-0\"  class=\"panel-grid panel-no-style\" ><div id=\"pgc-31979-0-0\"  class=\"panel-grid-cell\" ><div id=\"panel-31979-0-0-0\" class=\"so-panel widget widget_sow-editor panel-first-child panel-last-child\" data-index=\"0\" ><div\n\t\t\t\n\t\t\tclass=\"so-widget-sow-editor so-widget-sow-editor-base\"\n\t\t\t\n\t\t>\n<div class=\"siteorigin-widget-tinymce textwidget\">\n\t<p><strong>Einfarbstare in Tarifa sind allgegenw\u00e4rtig und pr\u00e4gen das Bild des kleinen K\u00fcstenortes. In dichten Schw\u00e4rmen ziehen sie \u00fcber D\u00e4cher und Himmel und sorgen f\u00fcr eine besondere Atmosph\u00e4re in Tarifa. Bei meinem Besuch im Oktober konnte ich dieses Schauspiel ebenso genie\u00dfen wie die Vielfalt weiterer Vogelarten entlang der K\u00fcste.<\/strong><\/p>\n<\/div>\n<\/div><\/div><\/div><\/div><div id=\"pg-31979-1\"  class=\"panel-grid panel-no-style\" ><div id=\"pgc-31979-1-0\"  class=\"panel-grid-cell\" ><div id=\"panel-31979-1-0-0\" class=\"so-panel widget widget_sow-editor panel-first-child panel-last-child\" data-index=\"1\" ><div\n\t\t\t\n\t\t\tclass=\"so-widget-sow-editor so-widget-sow-editor-base\"\n\t\t\t\n\t\t>\n<div class=\"siteorigin-widget-tinymce textwidget\">\n\t<div id=\"ez-toc-container\" class=\"ez-toc-v2_0_82_2 counter-hierarchy ez-toc-counter ez-toc-custom ez-toc-container-direction\">\n<div class=\"ez-toc-title-container\"><p class=\"ez-toc-title\" style=\"cursor:inherit\"><\/p>\n<\/div><nav><ul class='ez-toc-list ez-toc-list-level-1 ' ><li class='ez-toc-page-1 ez-toc-heading-level-2'><a class=\"ez-toc-link ez-toc-heading-1\" href=\"https:\/\/wildlife-travel.com\/de\/einfarbstare-in-tarifa-spanien\/#Einfarbstare_in_Tarifa\" >Einfarbstare in Tarifa<\/a><\/li><li class='ez-toc-page-1 ez-toc-heading-level-2'><a class=\"ez-toc-link ez-toc-heading-2\" href=\"https:\/\/wildlife-travel.com\/de\/einfarbstare-in-tarifa-spanien\/#Einfarbstar_und_Star_%E2%80%93_ein_Vergleich\" >Einfarbstar und Star \u2013 ein Vergleich<\/a><\/li><li class='ez-toc-page-1 ez-toc-heading-level-2'><a class=\"ez-toc-link ez-toc-heading-3\" href=\"https:\/\/wildlife-travel.com\/de\/einfarbstare-in-tarifa-spanien\/#Die_Voegel_Tarifas\" >Die V\u00f6gel Tarifas<\/a><\/li><li class='ez-toc-page-1 ez-toc-heading-level-2'><a class=\"ez-toc-link ez-toc-heading-4\" href=\"https:\/\/wildlife-travel.com\/de\/einfarbstare-in-tarifa-spanien\/#Mehr_Informationen\" >Mehr Informationen<\/a><\/li><\/ul><\/nav><\/div>\n<h2><span class=\"ez-toc-section\" id=\"Einfarbstare_in_Tarifa\"><\/span>Einfarbstare in Tarifa<span class=\"ez-toc-section-end\"><\/span><\/h2>\n<\/div>\n<\/div><\/div><\/div><\/div><div id=\"pg-31979-2\"  class=\"panel-grid panel-no-style\" ><div id=\"pgc-31979-2-0\"  class=\"panel-grid-cell\" ><div id=\"panel-31979-2-0-0\" class=\"so-panel widget widget_sow-editor panel-first-child panel-last-child\" data-index=\"2\" ><div\n\t\t\t\n\t\t\tclass=\"so-widget-sow-editor so-widget-sow-editor-base\"\n\t\t\t\n\t\t>\n<div class=\"siteorigin-widget-tinymce textwidget\">\n\t<p>Meine Ohren klingelten vom lauten Autol\u00e4rm, w\u00e4hrend ich mir meinen Weg durch die dichte Menschenmenge bahnte. Pl\u00f6tzlich lie\u00df mich ein vielstimmiges Gezwitscher aus einem Baum mitten im Trubel der Stadt innehalten. Was waren das f\u00fcr auffallend laute V\u00f6gel?<\/p>\n<p>So hatte ich meine erste Begegnung mit den Einfarbstaren \u2013 allerdings nicht in Tarifa, sondern in M\u00e1laga, wo meine Reise begann. Es war bereits Abend, die Dunkelheit hatte sich ausgebreitet, doch die Stare in den B\u00e4umen schienen vom Zwitschern nicht genug zu bekommen. Wow. So viele V\u00f6gel in einem einzigen Baum. Leider war es schon zu dunkel, um sie genauer zu erkennen.<\/p>\n<p>Umso gr\u00f6\u00dfer war meine Freude, als ich die Einfarbstare in Tarifa sp\u00e4ter wiederentdeckte. Auch dort machten sie vor allem am Morgen und am Abend mit ihrem lauten, lebhaften Gezwitscher auf sich aufmerksam.<\/p>\n<\/div>\n<\/div><\/div><\/div><\/div><div id=\"pg-31979-3\"  class=\"panel-grid panel-no-style\" ><div id=\"pgc-31979-3-0\"  class=\"panel-grid-cell\" ><div id=\"panel-31979-3-0-0\" class=\"so-panel widget widget_sow-image panel-first-child panel-last-child\" data-index=\"3\" ><div\n\t\t\t\n\t\t\tclass=\"so-widget-sow-image so-widget-sow-image-default-8b5b6f678277-31979\"\n\t\t\t\n\t\t>\n<div class=\"sow-image-container\">\n\t\t<img \n\tsrc=\"https:\/\/wildlife-travel.com\/wp-content\/uploads\/2026\/03\/Einfarbstare-in-Tarifa-1.jpg\" width=\"1837\" height=\"1225\" srcset=\"https:\/\/wildlife-travel.com\/wp-content\/uploads\/2026\/03\/Einfarbstare-in-Tarifa-1.jpg 1837w, https:\/\/wildlife-travel.com\/wp-content\/uploads\/2026\/03\/Einfarbstare-in-Tarifa-1-300x200.jpg 300w, https:\/\/wildlife-travel.com\/wp-content\/uploads\/2026\/03\/Einfarbstare-in-Tarifa-1-1024x683.jpg 1024w, https:\/\/wildlife-travel.com\/wp-content\/uploads\/2026\/03\/Einfarbstare-in-Tarifa-1-768x512.jpg 768w, https:\/\/wildlife-travel.com\/wp-content\/uploads\/2026\/03\/Einfarbstare-in-Tarifa-1-1536x1024.jpg 1536w, https:\/\/wildlife-travel.com\/wp-content\/uploads\/2026\/03\/Einfarbstare-in-Tarifa-1-840x560.jpg 840w, https:\/\/wildlife-travel.com\/wp-content\/uploads\/2026\/03\/Einfarbstare-in-Tarifa-1-120x80.jpg 120w, https:\/\/wildlife-travel.com\/wp-content\/uploads\/2026\/03\/Einfarbstare-in-Tarifa-1-360x240.jpg 360w, https:\/\/wildlife-travel.com\/wp-content\/uploads\/2026\/03\/Einfarbstare-in-Tarifa-1-600x400.jpg 600w, https:\/\/wildlife-travel.com\/wp-content\/uploads\/2026\/03\/Einfarbstare-in-Tarifa-1-272x182.jpg 272w\" sizes=\"(max-width: 1837px) 100vw, 1837px\" title=\"Einfarbstare-in-Tarifa (1)\" alt=\"Einfarbstare in Tarifa\" \t\tclass=\"so-widget-image\"\/>\n\t<\/div>\n\n<\/div><\/div><\/div><\/div><div id=\"pg-31979-4\"  class=\"panel-grid panel-no-style\" ><div id=\"pgc-31979-4-0\"  class=\"panel-grid-cell\" ><div id=\"panel-31979-4-0-0\" class=\"so-panel widget widget_sow-editor panel-first-child panel-last-child\" data-index=\"4\" ><div\n\t\t\t\n\t\t\tclass=\"so-widget-sow-editor so-widget-sow-editor-base\"\n\t\t\t\n\t\t>\n<div class=\"siteorigin-widget-tinymce textwidget\">\n\t<p>Besonders interessant war jedoch, dass die Einfarbstare in Tarifa nicht allein in dem Baum nahe meiner Unterkunft sa\u00dfen. Ich wohnte in der Avenida Andaluc\u00eda, wo ein gro\u00dfer Baum stand, der reichlich Platz f\u00fcr zahlreiche Einfarbstare bot.<\/p>\n<p>Doch dieser Baum wurde nicht nur von Einfarbstaren bewohnt. Nein \u2013 sie teilten ihn sich nicht nur mit ihren Artgenossen, sondern auch mit Kuhreihern, die dort gemeinsam mit ihnen rasteten.<\/p>\n<\/div>\n<\/div><\/div><\/div><\/div><div id=\"pg-31979-5\"  class=\"panel-grid panel-no-style\" ><div id=\"pgc-31979-5-0\"  class=\"panel-grid-cell\" ><div id=\"panel-31979-5-0-0\" class=\"so-panel widget widget_sow-image panel-first-child panel-last-child\" data-index=\"5\" ><div\n\t\t\t\n\t\t\tclass=\"so-widget-sow-image so-widget-sow-image-default-8b5b6f678277-31979\"\n\t\t\t\n\t\t>\n<div class=\"sow-image-container\">\n\t\t<img \n\tsrc=\"https:\/\/wildlife-travel.com\/wp-content\/uploads\/2026\/03\/Einfarbstare-in-Tarifa-2.jpg\" width=\"1837\" height=\"1225\" srcset=\"https:\/\/wildlife-travel.com\/wp-content\/uploads\/2026\/03\/Einfarbstare-in-Tarifa-2.jpg 1837w, https:\/\/wildlife-travel.com\/wp-content\/uploads\/2026\/03\/Einfarbstare-in-Tarifa-2-300x200.jpg 300w, https:\/\/wildlife-travel.com\/wp-content\/uploads\/2026\/03\/Einfarbstare-in-Tarifa-2-1024x683.jpg 1024w, https:\/\/wildlife-travel.com\/wp-content\/uploads\/2026\/03\/Einfarbstare-in-Tarifa-2-768x512.jpg 768w, https:\/\/wildlife-travel.com\/wp-content\/uploads\/2026\/03\/Einfarbstare-in-Tarifa-2-1536x1024.jpg 1536w, https:\/\/wildlife-travel.com\/wp-content\/uploads\/2026\/03\/Einfarbstare-in-Tarifa-2-840x560.jpg 840w, https:\/\/wildlife-travel.com\/wp-content\/uploads\/2026\/03\/Einfarbstare-in-Tarifa-2-120x80.jpg 120w, https:\/\/wildlife-travel.com\/wp-content\/uploads\/2026\/03\/Einfarbstare-in-Tarifa-2-360x240.jpg 360w, https:\/\/wildlife-travel.com\/wp-content\/uploads\/2026\/03\/Einfarbstare-in-Tarifa-2-600x400.jpg 600w, https:\/\/wildlife-travel.com\/wp-content\/uploads\/2026\/03\/Einfarbstare-in-Tarifa-2-272x182.jpg 272w\" sizes=\"(max-width: 1837px) 100vw, 1837px\" title=\"Einfarbstare-in-Tarifa (2)\" alt=\"Kuhreiher in Tarifa\" \t\tclass=\"so-widget-image\"\/>\n\t<\/div>\n\n<\/div><\/div><\/div><\/div><div id=\"pg-31979-6\"  class=\"panel-grid panel-no-style\" ><div id=\"pgc-31979-6-0\"  class=\"panel-grid-cell\" ><div id=\"panel-31979-6-0-0\" class=\"so-panel widget widget_sow-editor panel-first-child panel-last-child\" data-index=\"6\" ><div\n\t\t\t\n\t\t\tclass=\"so-widget-sow-editor so-widget-sow-editor-base\"\n\t\t\t\n\t\t>\n<div class=\"siteorigin-widget-tinymce textwidget\">\n\t<p>Bevor ich jeden Abend in meine Unterkunft zur\u00fcckkehrte, blieb ich stehen und beobachtete das lebhafte Treiben im Baum. Gr\u00f6\u00dfere Konflikte zwischen den V\u00f6geln konnte ich dabei nicht erkennen.<\/p>\n<p>Insgesamt schienen sie sich den Baum friedlich zu teilen \u2013 auch wenn mir sicher nicht alles auffiel. Schlie\u00dflich war es bereits dunkel, und die V\u00f6gel sa\u00dfen hoch oben in den Zweigen.<\/p>\n<\/div>\n<\/div><\/div><\/div><\/div><div id=\"pg-31979-7\"  class=\"panel-grid panel-no-style\" ><div id=\"pgc-31979-7-0\"  class=\"panel-grid-cell\" ><div id=\"panel-31979-7-0-0\" class=\"so-panel widget widget_media_video panel-first-child panel-last-child\" data-index=\"7\" ><div style=\"width:100%;\" class=\"wp-video\"><video class=\"wp-video-shortcode\" id=\"video-31979-1\" preload=\"metadata\" controls=\"controls\"><source type=\"video\/youtube\" src=\"https:\/\/youtu.be\/bu7HVu7CHdA?_=1\" \/><a href=\"https:\/\/youtu.be\/bu7HVu7CHdA\">https:\/\/youtu.be\/bu7HVu7CHdA<\/a><\/video><\/div><\/div><\/div><\/div><div id=\"pg-31979-8\"  class=\"panel-grid panel-no-style\" ><div id=\"pgc-31979-8-0\"  class=\"panel-grid-cell\" ><div id=\"panel-31979-8-0-0\" class=\"so-panel widget widget_sow-editor panel-first-child panel-last-child\" data-index=\"8\" ><div\n\t\t\t\n\t\t\tclass=\"so-widget-sow-editor so-widget-sow-editor-base\"\n\t\t\t\n\t\t>\n<div class=\"siteorigin-widget-tinymce textwidget\">\n\t<p>Kurz vor Sonnenuntergang trafen zahlreiche V\u00f6gel im Baum ein, doch sobald die Dunkelheit hereinbrach, kehrte Ruhe ein.<\/p>\n<p>Ich fand dieses Zusammenspiel unglaublich spannend: Einfarbstare und Kuhreiher teilten sich die B\u00e4ume. Genau genommen m\u00fcsste man jedoch eher von Staren im Allgemeinen sprechen, denn neben den Einfarbstaren gesellten sich auch die mir vertrauten Stare dazu. Auf die Unterschiede zwischen diesen beiden Arten gehe ich weiter unten noch genauer ein.<\/p>\n<\/div>\n<\/div><\/div><\/div><\/div><div id=\"pg-31979-9\"  class=\"panel-grid panel-no-style\" ><div id=\"pgc-31979-9-0\"  class=\"panel-grid-cell\" ><div id=\"panel-31979-9-0-0\" class=\"so-panel widget widget_sow-image panel-first-child panel-last-child\" data-index=\"9\" ><div\n\t\t\t\n\t\t\tclass=\"so-widget-sow-image so-widget-sow-image-default-8b5b6f678277-31979\"\n\t\t\t\n\t\t>\n<div class=\"sow-image-container\">\n\t\t<img \n\tsrc=\"https:\/\/wildlife-travel.com\/wp-content\/uploads\/2026\/03\/Einfarbstare-in-Tarifa-3-scaled.jpg\" width=\"2560\" height=\"1707\" srcset=\"https:\/\/wildlife-travel.com\/wp-content\/uploads\/2026\/03\/Einfarbstare-in-Tarifa-3-scaled.jpg 2560w, https:\/\/wildlife-travel.com\/wp-content\/uploads\/2026\/03\/Einfarbstare-in-Tarifa-3-300x200.jpg 300w, https:\/\/wildlife-travel.com\/wp-content\/uploads\/2026\/03\/Einfarbstare-in-Tarifa-3-1024x683.jpg 1024w, https:\/\/wildlife-travel.com\/wp-content\/uploads\/2026\/03\/Einfarbstare-in-Tarifa-3-768x512.jpg 768w, https:\/\/wildlife-travel.com\/wp-content\/uploads\/2026\/03\/Einfarbstare-in-Tarifa-3-1536x1024.jpg 1536w, https:\/\/wildlife-travel.com\/wp-content\/uploads\/2026\/03\/Einfarbstare-in-Tarifa-3-2048x1365.jpg 2048w, https:\/\/wildlife-travel.com\/wp-content\/uploads\/2026\/03\/Einfarbstare-in-Tarifa-3-840x560.jpg 840w, https:\/\/wildlife-travel.com\/wp-content\/uploads\/2026\/03\/Einfarbstare-in-Tarifa-3-120x80.jpg 120w, https:\/\/wildlife-travel.com\/wp-content\/uploads\/2026\/03\/Einfarbstare-in-Tarifa-3-360x240.jpg 360w, https:\/\/wildlife-travel.com\/wp-content\/uploads\/2026\/03\/Einfarbstare-in-Tarifa-3-600x400.jpg 600w, https:\/\/wildlife-travel.com\/wp-content\/uploads\/2026\/03\/Einfarbstare-in-Tarifa-3-272x182.jpg 272w\" sizes=\"(max-width: 2560px) 100vw, 2560px\" title=\"Einfarbstare-in-Tarifa (3)\" alt=\"Einfarbstare in Tarifa\" \t\tclass=\"so-widget-image\"\/>\n\t<\/div>\n\n<\/div><\/div><\/div><\/div><div id=\"pg-31979-10\"  class=\"panel-grid panel-no-style\" ><div id=\"pgc-31979-10-0\"  class=\"panel-grid-cell\" ><div id=\"panel-31979-10-0-0\" class=\"so-panel widget widget_sow-editor panel-first-child panel-last-child\" data-index=\"10\" ><div class=\"panel-widget-style panel-widget-style-for-31979-10-0-0\" ><div\n\t\t\t\n\t\t\tclass=\"so-widget-sow-editor so-widget-sow-editor-base\"\n\t\t\t\n\t\t>\n<div class=\"siteorigin-widget-tinymce textwidget\">\n\t<p><span style=\"font-size: 16pt;\"><strong>Information:<\/strong><\/span> Falls du mehr \u00fcber die Stare erfahren m\u00f6chtest, die ich sonst in Berlin beobachte, wirf gerne einen Blick in einen meiner fr\u00fcheren Blogbeitr\u00e4ge. Dort berichte ich regelm\u00e4\u00dfig \u00fcber meine Beobachtungen, zum Beispiel im Rahmen der <a href=\"https:\/\/wildlife-travel.com\/de\/stunde-der-wintervoegel-2025\/\" target=\"_blank\" rel=\"noopener\">Stunde der Winterv\u00f6gel<\/a> oder der <a href=\"https:\/\/wildlife-travel.com\/de\/die-stunde-der-gartenvoegel-2025\/\" target=\"_blank\" rel=\"noopener\">Stunde der Gartenv\u00f6gel<\/a>.<\/p>\n<\/div>\n<\/div><\/div><\/div><\/div><\/div><div id=\"pg-31979-11\"  class=\"panel-grid panel-no-style\" ><div id=\"pgc-31979-11-0\"  class=\"panel-grid-cell\" ><div id=\"panel-31979-11-0-0\" class=\"so-panel widget widget_sow-editor panel-first-child panel-last-child\" data-index=\"11\" ><div\n\t\t\t\n\t\t\tclass=\"so-widget-sow-editor so-widget-sow-editor-base\"\n\t\t\t\n\t\t>\n<div class=\"siteorigin-widget-tinymce textwidget\">\n\t<p>Nichtsdestotrotz beobachtete ich eines Morgens, als ich vom Naturpark El Estrecho zur\u00fcckkam, besonders viele Einfarbstare in Tarifa in den Mauern des Turms Torre de Aljaranda. Da ich nach meiner fr\u00fchmorgendlichen Wanderung im Naturpark El Estrecho zun\u00e4chst eine Pause brauchte, entschied ich mich zu gehen. Gleichzeitig nahm ich mir vor, am n\u00e4chsten Morgen an diesen Ort zur\u00fcckzukehren, um die Einfarbstare dort besser und l\u00e4nger zu beobachten.<\/p>\n<p>Und genau das tat ich dann.<\/p>\n<\/div>\n<\/div><\/div><\/div><\/div><div id=\"pg-31979-12\"  class=\"panel-grid panel-no-style\" ><div id=\"pgc-31979-12-0\"  class=\"panel-grid-cell\" ><div id=\"panel-31979-12-0-0\" class=\"so-panel widget widget_sow-image panel-first-child panel-last-child\" data-index=\"12\" ><div\n\t\t\t\n\t\t\tclass=\"so-widget-sow-image so-widget-sow-image-default-8b5b6f678277-31979\"\n\t\t\t\n\t\t>\n<div class=\"sow-image-container\">\n\t\t<img \n\tsrc=\"https:\/\/wildlife-travel.com\/wp-content\/uploads\/2026\/03\/Einfarbstare-in-Tarifa-4.jpg\" width=\"1837\" height=\"1225\" srcset=\"https:\/\/wildlife-travel.com\/wp-content\/uploads\/2026\/03\/Einfarbstare-in-Tarifa-4.jpg 1837w, https:\/\/wildlife-travel.com\/wp-content\/uploads\/2026\/03\/Einfarbstare-in-Tarifa-4-300x200.jpg 300w, https:\/\/wildlife-travel.com\/wp-content\/uploads\/2026\/03\/Einfarbstare-in-Tarifa-4-1024x683.jpg 1024w, https:\/\/wildlife-travel.com\/wp-content\/uploads\/2026\/03\/Einfarbstare-in-Tarifa-4-768x512.jpg 768w, https:\/\/wildlife-travel.com\/wp-content\/uploads\/2026\/03\/Einfarbstare-in-Tarifa-4-1536x1024.jpg 1536w, https:\/\/wildlife-travel.com\/wp-content\/uploads\/2026\/03\/Einfarbstare-in-Tarifa-4-840x560.jpg 840w, https:\/\/wildlife-travel.com\/wp-content\/uploads\/2026\/03\/Einfarbstare-in-Tarifa-4-120x80.jpg 120w, https:\/\/wildlife-travel.com\/wp-content\/uploads\/2026\/03\/Einfarbstare-in-Tarifa-4-360x240.jpg 360w, https:\/\/wildlife-travel.com\/wp-content\/uploads\/2026\/03\/Einfarbstare-in-Tarifa-4-600x400.jpg 600w, https:\/\/wildlife-travel.com\/wp-content\/uploads\/2026\/03\/Einfarbstare-in-Tarifa-4-272x182.jpg 272w\" sizes=\"(max-width: 1837px) 100vw, 1837px\" title=\"Einfarbstare-in-Tarifa (4)\" alt=\"Einfarbstare in Tarifa\" \t\tclass=\"so-widget-image\"\/>\n\t<\/div>\n\n<\/div><\/div><\/div><\/div><div id=\"pg-31979-13\"  class=\"panel-grid panel-no-style\" ><div id=\"pgc-31979-13-0\"  class=\"panel-grid-cell\" ><div id=\"panel-31979-13-0-0\" class=\"so-panel widget widget_sow-editor panel-first-child panel-last-child\" data-index=\"13\" ><div\n\t\t\t\n\t\t\tclass=\"so-widget-sow-editor so-widget-sow-editor-base\"\n\t\t\t\n\t\t>\n<div class=\"siteorigin-widget-tinymce textwidget\">\n\t<p>Ich machte mich gegen acht Uhr auf den Weg, denn an diesem Tag ging die Sonne in Tarifa um 8:37 Uhr auf. P\u00fcnktlich zum Sonnenaufgang wollte ich am Turm Torre de Aljaranda sein.<\/p>\n<p>Die ersten Stare entdeckte ich bereits noch vor Sonnenaufgang. Das Licht war zu dieser Zeit noch grau und ged\u00e4mpft, doch die Einfarbstare suchten sich dennoch eifrig Pl\u00e4tze zum Rasten. Ob auf den Mauern, an einem Balkongel\u00e4nder oder in einer Palme \u2013 sie schienen \u00fcberall zu sein.<\/p>\n<p>Ich hatte das Gef\u00fchl, ihnen auf Schritt und Tritt zu begegnen.<\/p>\n<\/div>\n<\/div><\/div><\/div><\/div><div id=\"pg-31979-14\"  class=\"panel-grid panel-no-style\" ><div id=\"pgc-31979-14-0\"  class=\"panel-grid-cell\" ><div id=\"panel-31979-14-0-0\" class=\"so-panel widget widget_sow-image panel-first-child panel-last-child\" data-index=\"14\" ><div\n\t\t\t\n\t\t\tclass=\"so-widget-sow-image so-widget-sow-image-default-8b5b6f678277-31979\"\n\t\t\t\n\t\t>\n<div class=\"sow-image-container\">\n\t\t<img \n\tsrc=\"https:\/\/wildlife-travel.com\/wp-content\/uploads\/2026\/03\/Einfarbstare-in-Tarifa-5-scaled.jpg\" width=\"2560\" height=\"1707\" srcset=\"https:\/\/wildlife-travel.com\/wp-content\/uploads\/2026\/03\/Einfarbstare-in-Tarifa-5-scaled.jpg 2560w, https:\/\/wildlife-travel.com\/wp-content\/uploads\/2026\/03\/Einfarbstare-in-Tarifa-5-300x200.jpg 300w, https:\/\/wildlife-travel.com\/wp-content\/uploads\/2026\/03\/Einfarbstare-in-Tarifa-5-1024x683.jpg 1024w, https:\/\/wildlife-travel.com\/wp-content\/uploads\/2026\/03\/Einfarbstare-in-Tarifa-5-768x512.jpg 768w, https:\/\/wildlife-travel.com\/wp-content\/uploads\/2026\/03\/Einfarbstare-in-Tarifa-5-1536x1024.jpg 1536w, https:\/\/wildlife-travel.com\/wp-content\/uploads\/2026\/03\/Einfarbstare-in-Tarifa-5-2048x1365.jpg 2048w, https:\/\/wildlife-travel.com\/wp-content\/uploads\/2026\/03\/Einfarbstare-in-Tarifa-5-840x560.jpg 840w, https:\/\/wildlife-travel.com\/wp-content\/uploads\/2026\/03\/Einfarbstare-in-Tarifa-5-120x80.jpg 120w, https:\/\/wildlife-travel.com\/wp-content\/uploads\/2026\/03\/Einfarbstare-in-Tarifa-5-360x240.jpg 360w, https:\/\/wildlife-travel.com\/wp-content\/uploads\/2026\/03\/Einfarbstare-in-Tarifa-5-600x400.jpg 600w, https:\/\/wildlife-travel.com\/wp-content\/uploads\/2026\/03\/Einfarbstare-in-Tarifa-5-272x182.jpg 272w\" sizes=\"(max-width: 2560px) 100vw, 2560px\" title=\"Einfarbstare-in-Tarifa (5)\" alt=\"Einfarbstare in Tarifa\" \t\tclass=\"so-widget-image\"\/>\n\t<\/div>\n\n<\/div><\/div><\/div><\/div><div id=\"pg-31979-15\"  class=\"panel-grid panel-no-style\" ><div id=\"pgc-31979-15-0\"  class=\"panel-grid-cell\" ><div id=\"panel-31979-15-0-0\" class=\"so-panel widget widget_sow-image panel-first-child panel-last-child\" data-index=\"15\" ><div\n\t\t\t\n\t\t\tclass=\"so-widget-sow-image so-widget-sow-image-default-8b5b6f678277-31979\"\n\t\t\t\n\t\t>\n<div class=\"sow-image-container\">\n\t\t<img \n\tsrc=\"https:\/\/wildlife-travel.com\/wp-content\/uploads\/2026\/03\/Einfarbstare-in-Tarifa-6.jpg\" width=\"1837\" height=\"1225\" srcset=\"https:\/\/wildlife-travel.com\/wp-content\/uploads\/2026\/03\/Einfarbstare-in-Tarifa-6.jpg 1837w, https:\/\/wildlife-travel.com\/wp-content\/uploads\/2026\/03\/Einfarbstare-in-Tarifa-6-300x200.jpg 300w, https:\/\/wildlife-travel.com\/wp-content\/uploads\/2026\/03\/Einfarbstare-in-Tarifa-6-1024x683.jpg 1024w, https:\/\/wildlife-travel.com\/wp-content\/uploads\/2026\/03\/Einfarbstare-in-Tarifa-6-768x512.jpg 768w, https:\/\/wildlife-travel.com\/wp-content\/uploads\/2026\/03\/Einfarbstare-in-Tarifa-6-1536x1024.jpg 1536w, https:\/\/wildlife-travel.com\/wp-content\/uploads\/2026\/03\/Einfarbstare-in-Tarifa-6-840x560.jpg 840w, https:\/\/wildlife-travel.com\/wp-content\/uploads\/2026\/03\/Einfarbstare-in-Tarifa-6-120x80.jpg 120w, https:\/\/wildlife-travel.com\/wp-content\/uploads\/2026\/03\/Einfarbstare-in-Tarifa-6-360x240.jpg 360w, https:\/\/wildlife-travel.com\/wp-content\/uploads\/2026\/03\/Einfarbstare-in-Tarifa-6-600x400.jpg 600w, https:\/\/wildlife-travel.com\/wp-content\/uploads\/2026\/03\/Einfarbstare-in-Tarifa-6-272x182.jpg 272w\" sizes=\"(max-width: 1837px) 100vw, 1837px\" title=\"Einfarbstare-in-Tarifa (6)\" alt=\"Einfarbstare in Tarifa\" \t\tclass=\"so-widget-image\"\/>\n\t<\/div>\n\n<\/div><\/div><\/div><div id=\"pgc-31979-15-1\"  class=\"panel-grid-cell\" ><div id=\"panel-31979-15-1-0\" class=\"so-panel widget widget_sow-image panel-first-child panel-last-child\" data-index=\"16\" ><div\n\t\t\t\n\t\t\tclass=\"so-widget-sow-image so-widget-sow-image-default-8b5b6f678277-31979\"\n\t\t\t\n\t\t>\n<div class=\"sow-image-container\">\n\t\t<img \n\tsrc=\"https:\/\/wildlife-travel.com\/wp-content\/uploads\/2026\/03\/Einfarbstare-in-Tarifa-7-scaled.jpg\" width=\"2560\" height=\"1707\" srcset=\"https:\/\/wildlife-travel.com\/wp-content\/uploads\/2026\/03\/Einfarbstare-in-Tarifa-7-scaled.jpg 2560w, https:\/\/wildlife-travel.com\/wp-content\/uploads\/2026\/03\/Einfarbstare-in-Tarifa-7-300x200.jpg 300w, https:\/\/wildlife-travel.com\/wp-content\/uploads\/2026\/03\/Einfarbstare-in-Tarifa-7-1024x683.jpg 1024w, https:\/\/wildlife-travel.com\/wp-content\/uploads\/2026\/03\/Einfarbstare-in-Tarifa-7-768x512.jpg 768w, https:\/\/wildlife-travel.com\/wp-content\/uploads\/2026\/03\/Einfarbstare-in-Tarifa-7-1536x1024.jpg 1536w, https:\/\/wildlife-travel.com\/wp-content\/uploads\/2026\/03\/Einfarbstare-in-Tarifa-7-2048x1365.jpg 2048w, https:\/\/wildlife-travel.com\/wp-content\/uploads\/2026\/03\/Einfarbstare-in-Tarifa-7-840x560.jpg 840w, https:\/\/wildlife-travel.com\/wp-content\/uploads\/2026\/03\/Einfarbstare-in-Tarifa-7-120x80.jpg 120w, https:\/\/wildlife-travel.com\/wp-content\/uploads\/2026\/03\/Einfarbstare-in-Tarifa-7-360x240.jpg 360w, https:\/\/wildlife-travel.com\/wp-content\/uploads\/2026\/03\/Einfarbstare-in-Tarifa-7-600x400.jpg 600w, https:\/\/wildlife-travel.com\/wp-content\/uploads\/2026\/03\/Einfarbstare-in-Tarifa-7-272x182.jpg 272w\" sizes=\"(max-width: 2560px) 100vw, 2560px\" title=\"Einfarbstare-in-Tarifa (7)\" alt=\"Einfarbstare in Tarifa\" \t\tclass=\"so-widget-image\"\/>\n\t<\/div>\n\n<\/div><\/div><\/div><\/div><div id=\"pg-31979-16\"  class=\"panel-grid panel-no-style\" ><div id=\"pgc-31979-16-0\"  class=\"panel-grid-cell\" ><div id=\"panel-31979-16-0-0\" class=\"so-panel widget widget_sow-editor panel-first-child panel-last-child\" data-index=\"17\" ><div\n\t\t\t\n\t\t\tclass=\"so-widget-sow-editor so-widget-sow-editor-base\"\n\t\t\t\n\t\t>\n<div class=\"siteorigin-widget-tinymce textwidget\">\n\t<p>Die Einfarbstare in Tarifa erf\u00fcllten meinen Morgen mit ihren wundersch\u00f6nen Ges\u00e4ngen. Stare sind allgemein f\u00fcr ihre lauten und komplexen Laut\u00e4u\u00dferungen bekannt \u2013 sie k\u00f6nnen sogar die Rufe anderer Tiere und V\u00f6gel nachahmen. In Berlin fallen sie mir besonders auf, wenn sie mit ihren ziehenden, ansteigenden Pfeift\u00f6nen auf sich aufmerksam machen.<\/p>\n<p>Meistens singen sie von einer erh\u00f6hten Warte \u2013 in Tarifa waren es oft die Mauern, die ihnen als B\u00fchne dienten.\u00a0Oder ein Balkongel\u00e4nder.<\/p>\n<\/div>\n<\/div><\/div><\/div><\/div><div id=\"pg-31979-17\"  class=\"panel-grid panel-no-style\" ><div id=\"pgc-31979-17-0\"  class=\"panel-grid-cell\" ><div id=\"panel-31979-17-0-0\" class=\"so-panel widget widget_sow-image panel-first-child panel-last-child\" data-index=\"18\" ><div\n\t\t\t\n\t\t\tclass=\"so-widget-sow-image so-widget-sow-image-default-8b5b6f678277-31979\"\n\t\t\t\n\t\t>\n<div class=\"sow-image-container\">\n\t\t<img \n\tsrc=\"https:\/\/wildlife-travel.com\/wp-content\/uploads\/2026\/03\/Einfarbstare-in-Tarifa-9-scaled.jpg\" width=\"2560\" height=\"1707\" srcset=\"https:\/\/wildlife-travel.com\/wp-content\/uploads\/2026\/03\/Einfarbstare-in-Tarifa-9-scaled.jpg 2560w, https:\/\/wildlife-travel.com\/wp-content\/uploads\/2026\/03\/Einfarbstare-in-Tarifa-9-300x200.jpg 300w, https:\/\/wildlife-travel.com\/wp-content\/uploads\/2026\/03\/Einfarbstare-in-Tarifa-9-1024x683.jpg 1024w, https:\/\/wildlife-travel.com\/wp-content\/uploads\/2026\/03\/Einfarbstare-in-Tarifa-9-768x512.jpg 768w, https:\/\/wildlife-travel.com\/wp-content\/uploads\/2026\/03\/Einfarbstare-in-Tarifa-9-1536x1024.jpg 1536w, https:\/\/wildlife-travel.com\/wp-content\/uploads\/2026\/03\/Einfarbstare-in-Tarifa-9-2048x1365.jpg 2048w, https:\/\/wildlife-travel.com\/wp-content\/uploads\/2026\/03\/Einfarbstare-in-Tarifa-9-840x560.jpg 840w, https:\/\/wildlife-travel.com\/wp-content\/uploads\/2026\/03\/Einfarbstare-in-Tarifa-9-120x80.jpg 120w, https:\/\/wildlife-travel.com\/wp-content\/uploads\/2026\/03\/Einfarbstare-in-Tarifa-9-360x240.jpg 360w, https:\/\/wildlife-travel.com\/wp-content\/uploads\/2026\/03\/Einfarbstare-in-Tarifa-9-600x400.jpg 600w, https:\/\/wildlife-travel.com\/wp-content\/uploads\/2026\/03\/Einfarbstare-in-Tarifa-9-272x182.jpg 272w\" sizes=\"(max-width: 2560px) 100vw, 2560px\" title=\"Einfarbstare-in-Tarifa (9)\" alt=\"Einfarbstare in Tarifa\" \t\tclass=\"so-widget-image\"\/>\n\t<\/div>\n\n<\/div><\/div><\/div><\/div><div id=\"pg-31979-18\"  class=\"panel-grid panel-no-style\" ><div id=\"pgc-31979-18-0\"  class=\"panel-grid-cell\" ><div id=\"panel-31979-18-0-0\" class=\"so-panel widget widget_sow-editor panel-first-child panel-last-child\" data-index=\"19\" ><div\n\t\t\t\n\t\t\tclass=\"so-widget-sow-editor so-widget-sow-editor-base\"\n\t\t\t\n\t\t>\n<div class=\"siteorigin-widget-tinymce textwidget\">\n\t<p>Der Tag versprach wieder sehr warm zu werden, doch zun\u00e4chst verdeckte eine Wolke die Sonne, sodass sich der eigentliche Sonnenaufgang etwas verz\u00f6gerte. Das Licht wirkte noch weich und ged\u00e4mpft, fast so, als w\u00fcrde die Stadt noch schlafen. Trotzdem erwachten die V\u00f6gel schon und f\u00fcllten die Stille mit ihrem lebhaften Zwitschern.<\/p>\n<\/div>\n<\/div><\/div><\/div><\/div><div id=\"pg-31979-19\"  class=\"panel-grid panel-no-style\" ><div id=\"pgc-31979-19-0\"  class=\"panel-grid-cell\" ><div id=\"panel-31979-19-0-0\" class=\"so-panel widget widget_sow-image panel-first-child panel-last-child\" data-index=\"20\" ><div\n\t\t\t\n\t\t\tclass=\"so-widget-sow-image so-widget-sow-image-default-8b5b6f678277-31979\"\n\t\t\t\n\t\t>\n<div class=\"sow-image-container\">\n\t\t<img \n\tsrc=\"https:\/\/wildlife-travel.com\/wp-content\/uploads\/2026\/03\/Einfarbstare-in-Tarifa-10-scaled.jpg\" width=\"2560\" height=\"1707\" srcset=\"https:\/\/wildlife-travel.com\/wp-content\/uploads\/2026\/03\/Einfarbstare-in-Tarifa-10-scaled.jpg 2560w, https:\/\/wildlife-travel.com\/wp-content\/uploads\/2026\/03\/Einfarbstare-in-Tarifa-10-300x200.jpg 300w, https:\/\/wildlife-travel.com\/wp-content\/uploads\/2026\/03\/Einfarbstare-in-Tarifa-10-1024x683.jpg 1024w, https:\/\/wildlife-travel.com\/wp-content\/uploads\/2026\/03\/Einfarbstare-in-Tarifa-10-768x512.jpg 768w, https:\/\/wildlife-travel.com\/wp-content\/uploads\/2026\/03\/Einfarbstare-in-Tarifa-10-1536x1024.jpg 1536w, https:\/\/wildlife-travel.com\/wp-content\/uploads\/2026\/03\/Einfarbstare-in-Tarifa-10-2048x1365.jpg 2048w, https:\/\/wildlife-travel.com\/wp-content\/uploads\/2026\/03\/Einfarbstare-in-Tarifa-10-840x560.jpg 840w, https:\/\/wildlife-travel.com\/wp-content\/uploads\/2026\/03\/Einfarbstare-in-Tarifa-10-120x80.jpg 120w, https:\/\/wildlife-travel.com\/wp-content\/uploads\/2026\/03\/Einfarbstare-in-Tarifa-10-360x240.jpg 360w, https:\/\/wildlife-travel.com\/wp-content\/uploads\/2026\/03\/Einfarbstare-in-Tarifa-10-600x400.jpg 600w, https:\/\/wildlife-travel.com\/wp-content\/uploads\/2026\/03\/Einfarbstare-in-Tarifa-10-272x182.jpg 272w\" sizes=\"(max-width: 2560px) 100vw, 2560px\" title=\"Einfarbstare-in-Tarifa (10)\" alt=\"Sonnenaufgang in Tarifa\" \t\tclass=\"so-widget-image\"\/>\n\t<\/div>\n\n<\/div><\/div><\/div><\/div><div id=\"pg-31979-20\"  class=\"panel-grid panel-no-style\" ><div id=\"pgc-31979-20-0\"  class=\"panel-grid-cell\" ><div id=\"panel-31979-20-0-0\" class=\"so-panel widget widget_sow-editor panel-first-child panel-last-child\" data-index=\"21\" ><div\n\t\t\t\n\t\t\tclass=\"so-widget-sow-editor so-widget-sow-editor-base\"\n\t\t\t\n\t\t>\n<div class=\"siteorigin-widget-tinymce textwidget\">\n\t<p>Schlie\u00dflich drang das warme Sonnenlicht \u00fcber die D\u00e4cher von Tarifa und tauchte nat\u00fcrlich auch die Einfarbstare in goldenes Licht.<\/p>\n<\/div>\n<\/div><\/div><\/div><\/div><div id=\"pg-31979-21\"  class=\"panel-grid panel-no-style\" ><div id=\"pgc-31979-21-0\"  class=\"panel-grid-cell\" ><div id=\"panel-31979-21-0-0\" class=\"so-panel widget widget_sow-image panel-first-child panel-last-child\" data-index=\"22\" ><div\n\t\t\t\n\t\t\tclass=\"so-widget-sow-image so-widget-sow-image-default-8b5b6f678277-31979\"\n\t\t\t\n\t\t>\n<div class=\"sow-image-container\">\n\t\t<img \n\tsrc=\"https:\/\/wildlife-travel.com\/wp-content\/uploads\/2026\/03\/Einfarbstare-in-Tarifa-11-scaled.jpg\" width=\"2560\" height=\"1707\" srcset=\"https:\/\/wildlife-travel.com\/wp-content\/uploads\/2026\/03\/Einfarbstare-in-Tarifa-11-scaled.jpg 2560w, https:\/\/wildlife-travel.com\/wp-content\/uploads\/2026\/03\/Einfarbstare-in-Tarifa-11-300x200.jpg 300w, https:\/\/wildlife-travel.com\/wp-content\/uploads\/2026\/03\/Einfarbstare-in-Tarifa-11-1024x683.jpg 1024w, https:\/\/wildlife-travel.com\/wp-content\/uploads\/2026\/03\/Einfarbstare-in-Tarifa-11-768x512.jpg 768w, https:\/\/wildlife-travel.com\/wp-content\/uploads\/2026\/03\/Einfarbstare-in-Tarifa-11-1536x1024.jpg 1536w, https:\/\/wildlife-travel.com\/wp-content\/uploads\/2026\/03\/Einfarbstare-in-Tarifa-11-2048x1365.jpg 2048w, https:\/\/wildlife-travel.com\/wp-content\/uploads\/2026\/03\/Einfarbstare-in-Tarifa-11-840x560.jpg 840w, https:\/\/wildlife-travel.com\/wp-content\/uploads\/2026\/03\/Einfarbstare-in-Tarifa-11-120x80.jpg 120w, https:\/\/wildlife-travel.com\/wp-content\/uploads\/2026\/03\/Einfarbstare-in-Tarifa-11-360x240.jpg 360w, https:\/\/wildlife-travel.com\/wp-content\/uploads\/2026\/03\/Einfarbstare-in-Tarifa-11-600x400.jpg 600w, https:\/\/wildlife-travel.com\/wp-content\/uploads\/2026\/03\/Einfarbstare-in-Tarifa-11-272x182.jpg 272w\" sizes=\"(max-width: 2560px) 100vw, 2560px\" title=\"Einfarbstare-in-Tarifa (11)\" alt=\"Einfarbstare in Tarifa\" \t\tclass=\"so-widget-image\"\/>\n\t<\/div>\n\n<\/div><\/div><\/div><\/div><div id=\"pg-31979-22\"  class=\"panel-grid panel-no-style\" ><div id=\"pgc-31979-22-0\"  class=\"panel-grid-cell\" ><div id=\"panel-31979-22-0-0\" class=\"so-panel widget widget_sow-editor panel-first-child panel-last-child\" data-index=\"23\" ><div\n\t\t\t\n\t\t\tclass=\"so-widget-sow-editor so-widget-sow-editor-base\"\n\t\t\t\n\t\t>\n<div class=\"siteorigin-widget-tinymce textwidget\">\n\t<p>Das Konzert der Einfarbstare in Tarifa setzte sich fort. Ich beobachtete drei von ihnen, die sich scheinbar einen \u00dcberblick \u00fcber die Szenerie verschaffen wollten. Mal sangen sie, mal putzten sie ihr Gefieder, und dann schauten sie einfach nur in die Umgebung. Einer der Einfarbstare war besonders aufmerksam und blickte immer wieder in meine Richtung. Beobachtete er mich wohl genauso wie ich ihn? St\u00f6rte es ihn, dass ich ihn so ansah \u2013 oder war es ihm v\u00f6llig egal?<\/p>\n<\/div>\n<\/div><\/div><\/div><\/div><div id=\"pg-31979-23\"  class=\"panel-grid panel-no-style\" ><div id=\"pgc-31979-23-0\"  class=\"panel-grid-cell\" ><div id=\"panel-31979-23-0-0\" class=\"so-panel widget widget_sow-image panel-first-child panel-last-child\" data-index=\"24\" ><div\n\t\t\t\n\t\t\tclass=\"so-widget-sow-image so-widget-sow-image-default-8b5b6f678277-31979\"\n\t\t\t\n\t\t>\n<div class=\"sow-image-container\">\n\t\t<img \n\tsrc=\"https:\/\/wildlife-travel.com\/wp-content\/uploads\/2026\/03\/Einfarbstare-in-Tarifa-12-scaled.jpg\" width=\"2560\" height=\"1707\" srcset=\"https:\/\/wildlife-travel.com\/wp-content\/uploads\/2026\/03\/Einfarbstare-in-Tarifa-12-scaled.jpg 2560w, https:\/\/wildlife-travel.com\/wp-content\/uploads\/2026\/03\/Einfarbstare-in-Tarifa-12-300x200.jpg 300w, https:\/\/wildlife-travel.com\/wp-content\/uploads\/2026\/03\/Einfarbstare-in-Tarifa-12-1024x683.jpg 1024w, https:\/\/wildlife-travel.com\/wp-content\/uploads\/2026\/03\/Einfarbstare-in-Tarifa-12-768x512.jpg 768w, https:\/\/wildlife-travel.com\/wp-content\/uploads\/2026\/03\/Einfarbstare-in-Tarifa-12-1536x1024.jpg 1536w, https:\/\/wildlife-travel.com\/wp-content\/uploads\/2026\/03\/Einfarbstare-in-Tarifa-12-2048x1365.jpg 2048w, https:\/\/wildlife-travel.com\/wp-content\/uploads\/2026\/03\/Einfarbstare-in-Tarifa-12-840x560.jpg 840w, https:\/\/wildlife-travel.com\/wp-content\/uploads\/2026\/03\/Einfarbstare-in-Tarifa-12-120x80.jpg 120w, https:\/\/wildlife-travel.com\/wp-content\/uploads\/2026\/03\/Einfarbstare-in-Tarifa-12-360x240.jpg 360w, https:\/\/wildlife-travel.com\/wp-content\/uploads\/2026\/03\/Einfarbstare-in-Tarifa-12-600x400.jpg 600w, https:\/\/wildlife-travel.com\/wp-content\/uploads\/2026\/03\/Einfarbstare-in-Tarifa-12-272x182.jpg 272w\" sizes=\"(max-width: 2560px) 100vw, 2560px\" title=\"Einfarbstare-in-Tarifa (12)\" alt=\"Einfarbstare in Tarifa\" \t\tclass=\"so-widget-image\"\/>\n\t<\/div>\n\n<\/div><\/div><\/div><\/div><div id=\"pg-31979-24\"  class=\"panel-grid panel-no-style\" ><div id=\"pgc-31979-24-0\"  class=\"panel-grid-cell\" ><div id=\"panel-31979-24-0-0\" class=\"so-panel widget widget_sow-editor panel-first-child panel-last-child\" data-index=\"25\" ><div\n\t\t\t\n\t\t\tclass=\"so-widget-sow-editor so-widget-sow-editor-base\"\n\t\t\t\n\t\t>\n<div class=\"siteorigin-widget-tinymce textwidget\">\n\t<p>Ich nahm viel Bewegung unter den Einfarbstaren wahr. Auch die Stadt schien langsam aufzuwachen: Handwerker gingen ihrer Arbeit nach, die Stra\u00dfen wurden gereinigt, und eine Familie betrachtete vom Balkon eines Hotels den Sonnenaufgang.<\/p>\n<p>W\u00e4hrend um mich herum das Leben erwachte, richteten sich meine Augen weiterhin auf die Einfarbstare, die den Morgen mit ihrem Treiben f\u00fcllten.<\/p>\n<\/div>\n<\/div><\/div><\/div><\/div><div id=\"pg-31979-25\"  class=\"panel-grid panel-no-style\" ><div id=\"pgc-31979-25-0\"  class=\"panel-grid-cell\" ><div id=\"panel-31979-25-0-0\" class=\"so-panel widget widget_sow-image panel-first-child panel-last-child\" data-index=\"26\" ><div\n\t\t\t\n\t\t\tclass=\"so-widget-sow-image so-widget-sow-image-default-8b5b6f678277-31979\"\n\t\t\t\n\t\t>\n<div class=\"sow-image-container\">\n\t\t<img \n\tsrc=\"https:\/\/wildlife-travel.com\/wp-content\/uploads\/2026\/03\/Einfarbstare-in-Tarifa-13-scaled.jpg\" width=\"2560\" height=\"1707\" srcset=\"https:\/\/wildlife-travel.com\/wp-content\/uploads\/2026\/03\/Einfarbstare-in-Tarifa-13-scaled.jpg 2560w, https:\/\/wildlife-travel.com\/wp-content\/uploads\/2026\/03\/Einfarbstare-in-Tarifa-13-300x200.jpg 300w, https:\/\/wildlife-travel.com\/wp-content\/uploads\/2026\/03\/Einfarbstare-in-Tarifa-13-1024x683.jpg 1024w, https:\/\/wildlife-travel.com\/wp-content\/uploads\/2026\/03\/Einfarbstare-in-Tarifa-13-768x512.jpg 768w, https:\/\/wildlife-travel.com\/wp-content\/uploads\/2026\/03\/Einfarbstare-in-Tarifa-13-1536x1024.jpg 1536w, https:\/\/wildlife-travel.com\/wp-content\/uploads\/2026\/03\/Einfarbstare-in-Tarifa-13-2048x1365.jpg 2048w, https:\/\/wildlife-travel.com\/wp-content\/uploads\/2026\/03\/Einfarbstare-in-Tarifa-13-840x560.jpg 840w, https:\/\/wildlife-travel.com\/wp-content\/uploads\/2026\/03\/Einfarbstare-in-Tarifa-13-120x80.jpg 120w, https:\/\/wildlife-travel.com\/wp-content\/uploads\/2026\/03\/Einfarbstare-in-Tarifa-13-360x240.jpg 360w, https:\/\/wildlife-travel.com\/wp-content\/uploads\/2026\/03\/Einfarbstare-in-Tarifa-13-600x400.jpg 600w, https:\/\/wildlife-travel.com\/wp-content\/uploads\/2026\/03\/Einfarbstare-in-Tarifa-13-272x182.jpg 272w\" sizes=\"(max-width: 2560px) 100vw, 2560px\" title=\"Einfarbstare-in-Tarifa (13)\" alt=\"Einfarbstare in Tarifa\" \t\tclass=\"so-widget-image\"\/>\n\t<\/div>\n\n<\/div><\/div><\/div><\/div><div id=\"pg-31979-26\"  class=\"panel-grid panel-no-style\" ><div id=\"pgc-31979-26-0\"  class=\"panel-grid-cell\" ><div id=\"panel-31979-26-0-0\" class=\"so-panel widget widget_sow-image panel-first-child panel-last-child\" data-index=\"27\" ><div\n\t\t\t\n\t\t\tclass=\"so-widget-sow-image so-widget-sow-image-default-8b5b6f678277-31979\"\n\t\t\t\n\t\t>\n<div class=\"sow-image-container\">\n\t\t<img \n\tsrc=\"https:\/\/wildlife-travel.com\/wp-content\/uploads\/2026\/03\/Einfarbstare-in-Tarifa-14-scaled.jpg\" width=\"2560\" height=\"1707\" srcset=\"https:\/\/wildlife-travel.com\/wp-content\/uploads\/2026\/03\/Einfarbstare-in-Tarifa-14-scaled.jpg 2560w, https:\/\/wildlife-travel.com\/wp-content\/uploads\/2026\/03\/Einfarbstare-in-Tarifa-14-300x200.jpg 300w, https:\/\/wildlife-travel.com\/wp-content\/uploads\/2026\/03\/Einfarbstare-in-Tarifa-14-1024x683.jpg 1024w, https:\/\/wildlife-travel.com\/wp-content\/uploads\/2026\/03\/Einfarbstare-in-Tarifa-14-768x512.jpg 768w, https:\/\/wildlife-travel.com\/wp-content\/uploads\/2026\/03\/Einfarbstare-in-Tarifa-14-1536x1024.jpg 1536w, https:\/\/wildlife-travel.com\/wp-content\/uploads\/2026\/03\/Einfarbstare-in-Tarifa-14-2048x1365.jpg 2048w, https:\/\/wildlife-travel.com\/wp-content\/uploads\/2026\/03\/Einfarbstare-in-Tarifa-14-840x560.jpg 840w, https:\/\/wildlife-travel.com\/wp-content\/uploads\/2026\/03\/Einfarbstare-in-Tarifa-14-120x80.jpg 120w, https:\/\/wildlife-travel.com\/wp-content\/uploads\/2026\/03\/Einfarbstare-in-Tarifa-14-360x240.jpg 360w, https:\/\/wildlife-travel.com\/wp-content\/uploads\/2026\/03\/Einfarbstare-in-Tarifa-14-600x400.jpg 600w, https:\/\/wildlife-travel.com\/wp-content\/uploads\/2026\/03\/Einfarbstare-in-Tarifa-14-272x182.jpg 272w\" sizes=\"(max-width: 2560px) 100vw, 2560px\" title=\"Einfarbstare-in-Tarifa (14)\" alt=\"Einfarbstare in Tarifa\" \t\tclass=\"so-widget-image\"\/>\n\t<\/div>\n\n<\/div><\/div><\/div><div id=\"pgc-31979-26-1\"  class=\"panel-grid-cell\" ><div id=\"panel-31979-26-1-0\" class=\"so-panel widget widget_sow-image panel-first-child panel-last-child\" data-index=\"28\" ><div\n\t\t\t\n\t\t\tclass=\"so-widget-sow-image so-widget-sow-image-default-8b5b6f678277-31979\"\n\t\t\t\n\t\t>\n<div class=\"sow-image-container\">\n\t\t<img \n\tsrc=\"https:\/\/wildlife-travel.com\/wp-content\/uploads\/2026\/03\/Einfarbstare-in-Tarifa-15-scaled.jpg\" width=\"2560\" height=\"1707\" srcset=\"https:\/\/wildlife-travel.com\/wp-content\/uploads\/2026\/03\/Einfarbstare-in-Tarifa-15-scaled.jpg 2560w, https:\/\/wildlife-travel.com\/wp-content\/uploads\/2026\/03\/Einfarbstare-in-Tarifa-15-300x200.jpg 300w, https:\/\/wildlife-travel.com\/wp-content\/uploads\/2026\/03\/Einfarbstare-in-Tarifa-15-1024x683.jpg 1024w, https:\/\/wildlife-travel.com\/wp-content\/uploads\/2026\/03\/Einfarbstare-in-Tarifa-15-768x512.jpg 768w, https:\/\/wildlife-travel.com\/wp-content\/uploads\/2026\/03\/Einfarbstare-in-Tarifa-15-1536x1024.jpg 1536w, https:\/\/wildlife-travel.com\/wp-content\/uploads\/2026\/03\/Einfarbstare-in-Tarifa-15-2048x1365.jpg 2048w, https:\/\/wildlife-travel.com\/wp-content\/uploads\/2026\/03\/Einfarbstare-in-Tarifa-15-840x560.jpg 840w, https:\/\/wildlife-travel.com\/wp-content\/uploads\/2026\/03\/Einfarbstare-in-Tarifa-15-120x80.jpg 120w, https:\/\/wildlife-travel.com\/wp-content\/uploads\/2026\/03\/Einfarbstare-in-Tarifa-15-360x240.jpg 360w, https:\/\/wildlife-travel.com\/wp-content\/uploads\/2026\/03\/Einfarbstare-in-Tarifa-15-600x400.jpg 600w, https:\/\/wildlife-travel.com\/wp-content\/uploads\/2026\/03\/Einfarbstare-in-Tarifa-15-272x182.jpg 272w\" sizes=\"(max-width: 2560px) 100vw, 2560px\" title=\"Einfarbstare-in-Tarifa (15)\" alt=\"Einfarbstare in Tarifa\" \t\tclass=\"so-widget-image\"\/>\n\t<\/div>\n\n<\/div><\/div><\/div><\/div><div id=\"pg-31979-27\"  class=\"panel-grid panel-no-style\" ><div id=\"pgc-31979-27-0\"  class=\"panel-grid-cell\" ><div id=\"panel-31979-27-0-0\" class=\"so-panel widget widget_sow-image panel-first-child panel-last-child\" data-index=\"29\" ><div\n\t\t\t\n\t\t\tclass=\"so-widget-sow-image so-widget-sow-image-default-8b5b6f678277-31979\"\n\t\t\t\n\t\t>\n<div class=\"sow-image-container\">\n\t\t<img \n\tsrc=\"https:\/\/wildlife-travel.com\/wp-content\/uploads\/2026\/03\/Einfarbstare-in-Tarifa-16-scaled.jpg\" width=\"2560\" height=\"1707\" srcset=\"https:\/\/wildlife-travel.com\/wp-content\/uploads\/2026\/03\/Einfarbstare-in-Tarifa-16-scaled.jpg 2560w, https:\/\/wildlife-travel.com\/wp-content\/uploads\/2026\/03\/Einfarbstare-in-Tarifa-16-300x200.jpg 300w, https:\/\/wildlife-travel.com\/wp-content\/uploads\/2026\/03\/Einfarbstare-in-Tarifa-16-1024x683.jpg 1024w, https:\/\/wildlife-travel.com\/wp-content\/uploads\/2026\/03\/Einfarbstare-in-Tarifa-16-768x512.jpg 768w, https:\/\/wildlife-travel.com\/wp-content\/uploads\/2026\/03\/Einfarbstare-in-Tarifa-16-1536x1024.jpg 1536w, https:\/\/wildlife-travel.com\/wp-content\/uploads\/2026\/03\/Einfarbstare-in-Tarifa-16-2048x1365.jpg 2048w, https:\/\/wildlife-travel.com\/wp-content\/uploads\/2026\/03\/Einfarbstare-in-Tarifa-16-840x560.jpg 840w, https:\/\/wildlife-travel.com\/wp-content\/uploads\/2026\/03\/Einfarbstare-in-Tarifa-16-120x80.jpg 120w, https:\/\/wildlife-travel.com\/wp-content\/uploads\/2026\/03\/Einfarbstare-in-Tarifa-16-360x240.jpg 360w, https:\/\/wildlife-travel.com\/wp-content\/uploads\/2026\/03\/Einfarbstare-in-Tarifa-16-600x400.jpg 600w, https:\/\/wildlife-travel.com\/wp-content\/uploads\/2026\/03\/Einfarbstare-in-Tarifa-16-272x182.jpg 272w\" sizes=\"(max-width: 2560px) 100vw, 2560px\" title=\"Einfarbstare-in-Tarifa (16)\" alt=\"Einfarbstare in Tarifa\" \t\tclass=\"so-widget-image\"\/>\n\t<\/div>\n\n<\/div><\/div><\/div><\/div><div id=\"pg-31979-28\"  class=\"panel-grid panel-no-style\" ><div id=\"pgc-31979-28-0\"  class=\"panel-grid-cell\" ><div id=\"panel-31979-28-0-0\" class=\"so-panel widget widget_sow-editor panel-first-child panel-last-child\" data-index=\"30\" ><div\n\t\t\t\n\t\t\tclass=\"so-widget-sow-editor so-widget-sow-editor-base\"\n\t\t\t\n\t\t>\n<div class=\"siteorigin-widget-tinymce textwidget\">\n\t<p>Neben den Einfarbstaren entdeckte ich in Tarifa auch noch weitere Vogelarten \u2013 dazu mehr im n\u00e4chsten Abschnitt. Schon am fr\u00fchen Morgen war in dem kleinen St\u00e4dtchen einiges los, und das im Oktober.<\/p>\n<p>Ich beschloss, die Stra\u00dfe Mar\u00eda de Molina entlangzuspazieren. Nur wenige Autos fuhren hier vorbei, und so hatte ich Mu\u00dfe, nicht nur weitere V\u00f6gel zu beobachten, sondern auch einen sch\u00f6nen Ausblick auf Tarifa zu genie\u00dfen. Selbst eine M\u00f6we schien sich einen \u00dcberblick \u00fcber den erwachenden Morgen in der Stadt verschaffen zu wollen.<\/p>\n<\/div>\n<\/div><\/div><\/div><\/div><div id=\"pg-31979-29\"  class=\"panel-grid panel-no-style\" ><div id=\"pgc-31979-29-0\"  class=\"panel-grid-cell\" ><div id=\"panel-31979-29-0-0\" class=\"so-panel widget widget_sow-image panel-first-child panel-last-child\" data-index=\"31\" ><div\n\t\t\t\n\t\t\tclass=\"so-widget-sow-image so-widget-sow-image-default-8b5b6f678277-31979\"\n\t\t\t\n\t\t>\n<div class=\"sow-image-container\">\n\t\t<img \n\tsrc=\"https:\/\/wildlife-travel.com\/wp-content\/uploads\/2026\/03\/Einfarbstare-in-Tarifa-17-scaled.jpg\" width=\"2560\" height=\"1707\" srcset=\"https:\/\/wildlife-travel.com\/wp-content\/uploads\/2026\/03\/Einfarbstare-in-Tarifa-17-scaled.jpg 2560w, https:\/\/wildlife-travel.com\/wp-content\/uploads\/2026\/03\/Einfarbstare-in-Tarifa-17-300x200.jpg 300w, https:\/\/wildlife-travel.com\/wp-content\/uploads\/2026\/03\/Einfarbstare-in-Tarifa-17-1024x683.jpg 1024w, https:\/\/wildlife-travel.com\/wp-content\/uploads\/2026\/03\/Einfarbstare-in-Tarifa-17-768x512.jpg 768w, https:\/\/wildlife-travel.com\/wp-content\/uploads\/2026\/03\/Einfarbstare-in-Tarifa-17-1536x1024.jpg 1536w, https:\/\/wildlife-travel.com\/wp-content\/uploads\/2026\/03\/Einfarbstare-in-Tarifa-17-2048x1365.jpg 2048w, https:\/\/wildlife-travel.com\/wp-content\/uploads\/2026\/03\/Einfarbstare-in-Tarifa-17-840x560.jpg 840w, https:\/\/wildlife-travel.com\/wp-content\/uploads\/2026\/03\/Einfarbstare-in-Tarifa-17-120x80.jpg 120w, https:\/\/wildlife-travel.com\/wp-content\/uploads\/2026\/03\/Einfarbstare-in-Tarifa-17-360x240.jpg 360w, https:\/\/wildlife-travel.com\/wp-content\/uploads\/2026\/03\/Einfarbstare-in-Tarifa-17-600x400.jpg 600w, https:\/\/wildlife-travel.com\/wp-content\/uploads\/2026\/03\/Einfarbstare-in-Tarifa-17-272x182.jpg 272w\" sizes=\"(max-width: 2560px) 100vw, 2560px\" title=\"Einfarbstare-in-Tarifa (17)\" alt=\"V\u00f6gel in Andalusien\" \t\tclass=\"so-widget-image\"\/>\n\t<\/div>\n\n<\/div><\/div><\/div><\/div><div id=\"pg-31979-30\"  class=\"panel-grid panel-no-style\" ><div id=\"pgc-31979-30-0\"  class=\"panel-grid-cell\" ><div id=\"panel-31979-30-0-0\" class=\"so-panel widget widget_sow-image panel-first-child panel-last-child\" data-index=\"32\" ><div\n\t\t\t\n\t\t\tclass=\"so-widget-sow-image so-widget-sow-image-default-8b5b6f678277-31979\"\n\t\t\t\n\t\t>\n<div class=\"sow-image-container\">\n\t\t<img \n\tsrc=\"https:\/\/wildlife-travel.com\/wp-content\/uploads\/2026\/03\/Einfarbstare-in-Tarifa-18-scaled.jpg\" width=\"2560\" height=\"1707\" srcset=\"https:\/\/wildlife-travel.com\/wp-content\/uploads\/2026\/03\/Einfarbstare-in-Tarifa-18-scaled.jpg 2560w, https:\/\/wildlife-travel.com\/wp-content\/uploads\/2026\/03\/Einfarbstare-in-Tarifa-18-300x200.jpg 300w, https:\/\/wildlife-travel.com\/wp-content\/uploads\/2026\/03\/Einfarbstare-in-Tarifa-18-1024x683.jpg 1024w, https:\/\/wildlife-travel.com\/wp-content\/uploads\/2026\/03\/Einfarbstare-in-Tarifa-18-768x512.jpg 768w, https:\/\/wildlife-travel.com\/wp-content\/uploads\/2026\/03\/Einfarbstare-in-Tarifa-18-1536x1024.jpg 1536w, https:\/\/wildlife-travel.com\/wp-content\/uploads\/2026\/03\/Einfarbstare-in-Tarifa-18-2048x1365.jpg 2048w, https:\/\/wildlife-travel.com\/wp-content\/uploads\/2026\/03\/Einfarbstare-in-Tarifa-18-840x560.jpg 840w, https:\/\/wildlife-travel.com\/wp-content\/uploads\/2026\/03\/Einfarbstare-in-Tarifa-18-120x80.jpg 120w, https:\/\/wildlife-travel.com\/wp-content\/uploads\/2026\/03\/Einfarbstare-in-Tarifa-18-360x240.jpg 360w, https:\/\/wildlife-travel.com\/wp-content\/uploads\/2026\/03\/Einfarbstare-in-Tarifa-18-600x400.jpg 600w, https:\/\/wildlife-travel.com\/wp-content\/uploads\/2026\/03\/Einfarbstare-in-Tarifa-18-272x182.jpg 272w\" sizes=\"(max-width: 2560px) 100vw, 2560px\" title=\"Einfarbstare-in-Tarifa (18)\" alt=\"V\u00f6gel in Andalusien\" \t\tclass=\"so-widget-image\"\/>\n\t<\/div>\n\n<\/div><\/div><\/div><div id=\"pgc-31979-30-1\"  class=\"panel-grid-cell\" ><div id=\"panel-31979-30-1-0\" class=\"so-panel widget widget_sow-image panel-first-child panel-last-child\" data-index=\"33\" ><div\n\t\t\t\n\t\t\tclass=\"so-widget-sow-image so-widget-sow-image-default-8b5b6f678277-31979\"\n\t\t\t\n\t\t>\n<div class=\"sow-image-container\">\n\t\t<img \n\tsrc=\"https:\/\/wildlife-travel.com\/wp-content\/uploads\/2026\/03\/Einfarbstare-in-Tarifa-19-scaled.jpg\" width=\"2560\" height=\"1707\" srcset=\"https:\/\/wildlife-travel.com\/wp-content\/uploads\/2026\/03\/Einfarbstare-in-Tarifa-19-scaled.jpg 2560w, https:\/\/wildlife-travel.com\/wp-content\/uploads\/2026\/03\/Einfarbstare-in-Tarifa-19-300x200.jpg 300w, https:\/\/wildlife-travel.com\/wp-content\/uploads\/2026\/03\/Einfarbstare-in-Tarifa-19-1024x683.jpg 1024w, https:\/\/wildlife-travel.com\/wp-content\/uploads\/2026\/03\/Einfarbstare-in-Tarifa-19-768x512.jpg 768w, https:\/\/wildlife-travel.com\/wp-content\/uploads\/2026\/03\/Einfarbstare-in-Tarifa-19-1536x1024.jpg 1536w, https:\/\/wildlife-travel.com\/wp-content\/uploads\/2026\/03\/Einfarbstare-in-Tarifa-19-2048x1365.jpg 2048w, https:\/\/wildlife-travel.com\/wp-content\/uploads\/2026\/03\/Einfarbstare-in-Tarifa-19-840x560.jpg 840w, https:\/\/wildlife-travel.com\/wp-content\/uploads\/2026\/03\/Einfarbstare-in-Tarifa-19-120x80.jpg 120w, https:\/\/wildlife-travel.com\/wp-content\/uploads\/2026\/03\/Einfarbstare-in-Tarifa-19-360x240.jpg 360w, https:\/\/wildlife-travel.com\/wp-content\/uploads\/2026\/03\/Einfarbstare-in-Tarifa-19-600x400.jpg 600w, https:\/\/wildlife-travel.com\/wp-content\/uploads\/2026\/03\/Einfarbstare-in-Tarifa-19-272x182.jpg 272w\" sizes=\"(max-width: 2560px) 100vw, 2560px\" title=\"Einfarbstare-in-Tarifa (19)\" alt=\"V\u00f6gel in Andalusien\" \t\tclass=\"so-widget-image\"\/>\n\t<\/div>\n\n<\/div><\/div><\/div><\/div><div id=\"pg-31979-31\"  class=\"panel-grid panel-no-style\" ><div id=\"pgc-31979-31-0\"  class=\"panel-grid-cell\" ><div id=\"panel-31979-31-0-0\" class=\"so-panel widget widget_sow-editor panel-first-child panel-last-child\" data-index=\"34\" ><div\n\t\t\t\n\t\t\tclass=\"so-widget-sow-editor so-widget-sow-editor-base\"\n\t\t\t\n\t\t>\n<div class=\"siteorigin-widget-tinymce textwidget\">\n\t<p>Doch da es in der Stra\u00dfe Mar\u00eda de Molina ruhig war \u2013 fast zu ruhig \u2013 entschloss ich mich, zum Turm Torre de Aljaranda zur\u00fcckzukehren. Ich hoffte, dort noch mehr Einfarbstare an den Mauern beobachten zu k\u00f6nnen.<\/p>\n<p>Am Tag zuvor, als ich vom Naturpark El Estrecho zur\u00fcckkam, hatte ich bereits viele Einfarbstare an den Mauern gesehen. Mit dem Sonnenaufgang und dem warmen Licht, das nun die Mauern anstrahlte, gesellten sich noch viel mehr Stare dazu und f\u00fcllten die Szenerie mit ihrem lebhaften Treiben.<\/p>\n<\/div>\n<\/div><\/div><\/div><\/div><div id=\"pg-31979-32\"  class=\"panel-grid panel-no-style\" ><div id=\"pgc-31979-32-0\"  class=\"panel-grid-cell\" ><div id=\"panel-31979-32-0-0\" class=\"so-panel widget widget_sow-image panel-first-child panel-last-child\" data-index=\"35\" ><div\n\t\t\t\n\t\t\tclass=\"so-widget-sow-image so-widget-sow-image-default-8b5b6f678277-31979\"\n\t\t\t\n\t\t>\n<div class=\"sow-image-container\">\n\t\t<img \n\tsrc=\"https:\/\/wildlife-travel.com\/wp-content\/uploads\/2026\/03\/Einfarbstare-in-Tarifa-20-scaled.jpg\" width=\"2560\" height=\"1707\" srcset=\"https:\/\/wildlife-travel.com\/wp-content\/uploads\/2026\/03\/Einfarbstare-in-Tarifa-20-scaled.jpg 2560w, https:\/\/wildlife-travel.com\/wp-content\/uploads\/2026\/03\/Einfarbstare-in-Tarifa-20-300x200.jpg 300w, https:\/\/wildlife-travel.com\/wp-content\/uploads\/2026\/03\/Einfarbstare-in-Tarifa-20-1024x683.jpg 1024w, https:\/\/wildlife-travel.com\/wp-content\/uploads\/2026\/03\/Einfarbstare-in-Tarifa-20-768x512.jpg 768w, https:\/\/wildlife-travel.com\/wp-content\/uploads\/2026\/03\/Einfarbstare-in-Tarifa-20-1536x1024.jpg 1536w, https:\/\/wildlife-travel.com\/wp-content\/uploads\/2026\/03\/Einfarbstare-in-Tarifa-20-2048x1365.jpg 2048w, https:\/\/wildlife-travel.com\/wp-content\/uploads\/2026\/03\/Einfarbstare-in-Tarifa-20-840x560.jpg 840w, https:\/\/wildlife-travel.com\/wp-content\/uploads\/2026\/03\/Einfarbstare-in-Tarifa-20-120x80.jpg 120w, https:\/\/wildlife-travel.com\/wp-content\/uploads\/2026\/03\/Einfarbstare-in-Tarifa-20-360x240.jpg 360w, https:\/\/wildlife-travel.com\/wp-content\/uploads\/2026\/03\/Einfarbstare-in-Tarifa-20-600x400.jpg 600w, https:\/\/wildlife-travel.com\/wp-content\/uploads\/2026\/03\/Einfarbstare-in-Tarifa-20-272x182.jpg 272w\" sizes=\"(max-width: 2560px) 100vw, 2560px\" title=\"Einfarbstare-in-Tarifa (20)\" alt=\"Einfarbstare in Tarifa\" \t\tclass=\"so-widget-image\"\/>\n\t<\/div>\n\n<\/div><\/div><\/div><\/div><div id=\"pg-31979-33\"  class=\"panel-grid panel-no-style\" ><div id=\"pgc-31979-33-0\"  class=\"panel-grid-cell\" ><div id=\"panel-31979-33-0-0\" class=\"so-panel widget widget_sow-image panel-first-child panel-last-child\" data-index=\"36\" ><div\n\t\t\t\n\t\t\tclass=\"so-widget-sow-image so-widget-sow-image-default-8b5b6f678277-31979\"\n\t\t\t\n\t\t>\n<div class=\"sow-image-container\">\n\t\t<img \n\tsrc=\"https:\/\/wildlife-travel.com\/wp-content\/uploads\/2026\/03\/Einfarbstare-in-Tarifa-21-scaled.jpg\" width=\"2560\" height=\"1707\" srcset=\"https:\/\/wildlife-travel.com\/wp-content\/uploads\/2026\/03\/Einfarbstare-in-Tarifa-21-scaled.jpg 2560w, https:\/\/wildlife-travel.com\/wp-content\/uploads\/2026\/03\/Einfarbstare-in-Tarifa-21-300x200.jpg 300w, https:\/\/wildlife-travel.com\/wp-content\/uploads\/2026\/03\/Einfarbstare-in-Tarifa-21-1024x683.jpg 1024w, https:\/\/wildlife-travel.com\/wp-content\/uploads\/2026\/03\/Einfarbstare-in-Tarifa-21-768x512.jpg 768w, https:\/\/wildlife-travel.com\/wp-content\/uploads\/2026\/03\/Einfarbstare-in-Tarifa-21-1536x1024.jpg 1536w, https:\/\/wildlife-travel.com\/wp-content\/uploads\/2026\/03\/Einfarbstare-in-Tarifa-21-2048x1365.jpg 2048w, https:\/\/wildlife-travel.com\/wp-content\/uploads\/2026\/03\/Einfarbstare-in-Tarifa-21-840x560.jpg 840w, https:\/\/wildlife-travel.com\/wp-content\/uploads\/2026\/03\/Einfarbstare-in-Tarifa-21-120x80.jpg 120w, https:\/\/wildlife-travel.com\/wp-content\/uploads\/2026\/03\/Einfarbstare-in-Tarifa-21-360x240.jpg 360w, https:\/\/wildlife-travel.com\/wp-content\/uploads\/2026\/03\/Einfarbstare-in-Tarifa-21-600x400.jpg 600w, https:\/\/wildlife-travel.com\/wp-content\/uploads\/2026\/03\/Einfarbstare-in-Tarifa-21-272x182.jpg 272w\" sizes=\"(max-width: 2560px) 100vw, 2560px\" title=\"Einfarbstare-in-Tarifa (21)\" alt=\"Einfarbstare in Tarifa\" \t\tclass=\"so-widget-image\"\/>\n\t<\/div>\n\n<\/div><\/div><\/div><div id=\"pgc-31979-33-1\"  class=\"panel-grid-cell\" ><div id=\"panel-31979-33-1-0\" class=\"so-panel widget widget_sow-image panel-first-child panel-last-child\" data-index=\"37\" ><div\n\t\t\t\n\t\t\tclass=\"so-widget-sow-image so-widget-sow-image-default-8b5b6f678277-31979\"\n\t\t\t\n\t\t>\n<div class=\"sow-image-container\">\n\t\t<img \n\tsrc=\"https:\/\/wildlife-travel.com\/wp-content\/uploads\/2026\/03\/Einfarbstare-in-Tarifa-22-scaled.jpg\" width=\"2560\" height=\"1707\" srcset=\"https:\/\/wildlife-travel.com\/wp-content\/uploads\/2026\/03\/Einfarbstare-in-Tarifa-22-scaled.jpg 2560w, https:\/\/wildlife-travel.com\/wp-content\/uploads\/2026\/03\/Einfarbstare-in-Tarifa-22-300x200.jpg 300w, https:\/\/wildlife-travel.com\/wp-content\/uploads\/2026\/03\/Einfarbstare-in-Tarifa-22-1024x683.jpg 1024w, https:\/\/wildlife-travel.com\/wp-content\/uploads\/2026\/03\/Einfarbstare-in-Tarifa-22-768x512.jpg 768w, https:\/\/wildlife-travel.com\/wp-content\/uploads\/2026\/03\/Einfarbstare-in-Tarifa-22-1536x1024.jpg 1536w, https:\/\/wildlife-travel.com\/wp-content\/uploads\/2026\/03\/Einfarbstare-in-Tarifa-22-2048x1365.jpg 2048w, https:\/\/wildlife-travel.com\/wp-content\/uploads\/2026\/03\/Einfarbstare-in-Tarifa-22-840x560.jpg 840w, https:\/\/wildlife-travel.com\/wp-content\/uploads\/2026\/03\/Einfarbstare-in-Tarifa-22-120x80.jpg 120w, https:\/\/wildlife-travel.com\/wp-content\/uploads\/2026\/03\/Einfarbstare-in-Tarifa-22-360x240.jpg 360w, https:\/\/wildlife-travel.com\/wp-content\/uploads\/2026\/03\/Einfarbstare-in-Tarifa-22-600x400.jpg 600w, https:\/\/wildlife-travel.com\/wp-content\/uploads\/2026\/03\/Einfarbstare-in-Tarifa-22-272x182.jpg 272w\" sizes=\"(max-width: 2560px) 100vw, 2560px\" title=\"Einfarbstare-in-Tarifa (22)\" alt=\"Einfarbstare in Tarifa\" \t\tclass=\"so-widget-image\"\/>\n\t<\/div>\n\n<\/div><\/div><\/div><\/div><div id=\"pg-31979-34\"  class=\"panel-grid panel-no-style\" ><div id=\"pgc-31979-34-0\"  class=\"panel-grid-cell\" ><div id=\"panel-31979-34-0-0\" class=\"so-panel widget widget_sow-image panel-first-child panel-last-child\" data-index=\"38\" ><div\n\t\t\t\n\t\t\tclass=\"so-widget-sow-image so-widget-sow-image-default-8b5b6f678277-31979\"\n\t\t\t\n\t\t>\n<div class=\"sow-image-container\">\n\t\t<img \n\tsrc=\"https:\/\/wildlife-travel.com\/wp-content\/uploads\/2026\/03\/Einfarbstare-in-Tarifa-25-scaled.jpg\" width=\"2560\" height=\"1707\" srcset=\"https:\/\/wildlife-travel.com\/wp-content\/uploads\/2026\/03\/Einfarbstare-in-Tarifa-25-scaled.jpg 2560w, https:\/\/wildlife-travel.com\/wp-content\/uploads\/2026\/03\/Einfarbstare-in-Tarifa-25-300x200.jpg 300w, https:\/\/wildlife-travel.com\/wp-content\/uploads\/2026\/03\/Einfarbstare-in-Tarifa-25-1024x683.jpg 1024w, https:\/\/wildlife-travel.com\/wp-content\/uploads\/2026\/03\/Einfarbstare-in-Tarifa-25-768x512.jpg 768w, https:\/\/wildlife-travel.com\/wp-content\/uploads\/2026\/03\/Einfarbstare-in-Tarifa-25-1536x1024.jpg 1536w, https:\/\/wildlife-travel.com\/wp-content\/uploads\/2026\/03\/Einfarbstare-in-Tarifa-25-2048x1365.jpg 2048w, https:\/\/wildlife-travel.com\/wp-content\/uploads\/2026\/03\/Einfarbstare-in-Tarifa-25-840x560.jpg 840w, https:\/\/wildlife-travel.com\/wp-content\/uploads\/2026\/03\/Einfarbstare-in-Tarifa-25-120x80.jpg 120w, https:\/\/wildlife-travel.com\/wp-content\/uploads\/2026\/03\/Einfarbstare-in-Tarifa-25-360x240.jpg 360w, https:\/\/wildlife-travel.com\/wp-content\/uploads\/2026\/03\/Einfarbstare-in-Tarifa-25-600x400.jpg 600w, https:\/\/wildlife-travel.com\/wp-content\/uploads\/2026\/03\/Einfarbstare-in-Tarifa-25-272x182.jpg 272w\" sizes=\"(max-width: 2560px) 100vw, 2560px\" title=\"Einfarbstare-in-Tarifa (25)\" alt=\"Einfarbstare in Tarifa\" \t\tclass=\"so-widget-image\"\/>\n\t<\/div>\n\n<\/div><\/div><\/div><div id=\"pgc-31979-34-1\"  class=\"panel-grid-cell\" ><div id=\"panel-31979-34-1-0\" class=\"so-panel widget widget_sow-image panel-first-child panel-last-child\" data-index=\"39\" ><div\n\t\t\t\n\t\t\tclass=\"so-widget-sow-image so-widget-sow-image-default-8b5b6f678277-31979\"\n\t\t\t\n\t\t>\n<div class=\"sow-image-container\">\n\t\t<img \n\tsrc=\"https:\/\/wildlife-travel.com\/wp-content\/uploads\/2026\/03\/Einfarbstare-in-Tarifa-24-scaled.jpg\" width=\"2560\" height=\"1707\" srcset=\"https:\/\/wildlife-travel.com\/wp-content\/uploads\/2026\/03\/Einfarbstare-in-Tarifa-24-scaled.jpg 2560w, https:\/\/wildlife-travel.com\/wp-content\/uploads\/2026\/03\/Einfarbstare-in-Tarifa-24-300x200.jpg 300w, https:\/\/wildlife-travel.com\/wp-content\/uploads\/2026\/03\/Einfarbstare-in-Tarifa-24-1024x683.jpg 1024w, https:\/\/wildlife-travel.com\/wp-content\/uploads\/2026\/03\/Einfarbstare-in-Tarifa-24-768x512.jpg 768w, https:\/\/wildlife-travel.com\/wp-content\/uploads\/2026\/03\/Einfarbstare-in-Tarifa-24-1536x1024.jpg 1536w, https:\/\/wildlife-travel.com\/wp-content\/uploads\/2026\/03\/Einfarbstare-in-Tarifa-24-2048x1365.jpg 2048w, https:\/\/wildlife-travel.com\/wp-content\/uploads\/2026\/03\/Einfarbstare-in-Tarifa-24-840x560.jpg 840w, https:\/\/wildlife-travel.com\/wp-content\/uploads\/2026\/03\/Einfarbstare-in-Tarifa-24-120x80.jpg 120w, https:\/\/wildlife-travel.com\/wp-content\/uploads\/2026\/03\/Einfarbstare-in-Tarifa-24-360x240.jpg 360w, https:\/\/wildlife-travel.com\/wp-content\/uploads\/2026\/03\/Einfarbstare-in-Tarifa-24-600x400.jpg 600w, https:\/\/wildlife-travel.com\/wp-content\/uploads\/2026\/03\/Einfarbstare-in-Tarifa-24-272x182.jpg 272w\" sizes=\"(max-width: 2560px) 100vw, 2560px\" title=\"Einfarbstare-in-Tarifa (24)\" alt=\"Einfarbstare in Tarifa\" \t\tclass=\"so-widget-image\"\/>\n\t<\/div>\n\n<\/div><\/div><\/div><\/div><div id=\"pg-31979-35\"  class=\"panel-grid panel-no-style\" ><div id=\"pgc-31979-35-0\"  class=\"panel-grid-cell\" ><div id=\"panel-31979-35-0-0\" class=\"so-panel widget widget_sow-editor panel-first-child panel-last-child\" data-index=\"40\" ><div\n\t\t\t\n\t\t\tclass=\"so-widget-sow-editor so-widget-sow-editor-base\"\n\t\t\t\n\t\t>\n<div class=\"siteorigin-widget-tinymce textwidget\">\n\t<p>Die meisten Einfarbstare in Tarifa beobachtete ich tats\u00e4chlich an diesem Turm an jenem Morgen. Doch auch tags\u00fcber lassen sich die Einfarbstare hier und da an den verschiedensten Orten entdecken.<\/p>\n<p>So begegneten mir die Einfarbstare auch am Strand Playa de los Lances. Dort konnte ich beobachten, wie sie in Schw\u00e4rmen zusammen mit zahlreichen Sperlingen aufflogen und elegant \u00fcber den Strand hinwegzogen.<\/p>\n<\/div>\n<\/div><\/div><\/div><\/div><div id=\"pg-31979-36\"  class=\"panel-grid panel-no-style\" ><div id=\"pgc-31979-36-0\"  class=\"panel-grid-cell\" ><div id=\"panel-31979-36-0-0\" class=\"so-panel widget widget_sow-image panel-first-child panel-last-child\" data-index=\"41\" ><div\n\t\t\t\n\t\t\tclass=\"so-widget-sow-image so-widget-sow-image-default-8b5b6f678277-31979\"\n\t\t\t\n\t\t>\n<div class=\"sow-image-container\">\n\t\t<img \n\tsrc=\"https:\/\/wildlife-travel.com\/wp-content\/uploads\/2026\/03\/Einfarbstare-in-Tarifa-26-scaled.jpg\" width=\"2560\" height=\"1706\" srcset=\"https:\/\/wildlife-travel.com\/wp-content\/uploads\/2026\/03\/Einfarbstare-in-Tarifa-26-scaled.jpg 2560w, https:\/\/wildlife-travel.com\/wp-content\/uploads\/2026\/03\/Einfarbstare-in-Tarifa-26-300x200.jpg 300w, https:\/\/wildlife-travel.com\/wp-content\/uploads\/2026\/03\/Einfarbstare-in-Tarifa-26-1024x683.jpg 1024w, https:\/\/wildlife-travel.com\/wp-content\/uploads\/2026\/03\/Einfarbstare-in-Tarifa-26-768x512.jpg 768w, https:\/\/wildlife-travel.com\/wp-content\/uploads\/2026\/03\/Einfarbstare-in-Tarifa-26-1536x1024.jpg 1536w, https:\/\/wildlife-travel.com\/wp-content\/uploads\/2026\/03\/Einfarbstare-in-Tarifa-26-2048x1365.jpg 2048w, https:\/\/wildlife-travel.com\/wp-content\/uploads\/2026\/03\/Einfarbstare-in-Tarifa-26-840x560.jpg 840w, https:\/\/wildlife-travel.com\/wp-content\/uploads\/2026\/03\/Einfarbstare-in-Tarifa-26-120x80.jpg 120w, https:\/\/wildlife-travel.com\/wp-content\/uploads\/2026\/03\/Einfarbstare-in-Tarifa-26-360x240.jpg 360w, https:\/\/wildlife-travel.com\/wp-content\/uploads\/2026\/03\/Einfarbstare-in-Tarifa-26-600x400.jpg 600w, https:\/\/wildlife-travel.com\/wp-content\/uploads\/2026\/03\/Einfarbstare-in-Tarifa-26-272x182.jpg 272w\" sizes=\"(max-width: 2560px) 100vw, 2560px\" title=\"Einfarbstare-in-Tarifa (26)\" alt=\"Einfarbstare am Playa de los Lances\" \t\tclass=\"so-widget-image\"\/>\n\t<\/div>\n\n<\/div><\/div><\/div><\/div><div id=\"pg-31979-37\"  class=\"panel-grid panel-no-style\" ><div id=\"pgc-31979-37-0\"  class=\"panel-grid-cell\" ><div id=\"panel-31979-37-0-0\" class=\"so-panel widget widget_sow-editor panel-first-child panel-last-child\" data-index=\"42\" ><div\n\t\t\t\n\t\t\tclass=\"so-widget-sow-editor so-widget-sow-editor-base\"\n\t\t\t\n\t\t>\n<div class=\"siteorigin-widget-tinymce textwidget\">\n\t<p>Oder in unmittelbarer N\u00e4he von Kuhreihern.<\/p>\n<\/div>\n<\/div><\/div><\/div><\/div><div id=\"pg-31979-38\"  class=\"panel-grid panel-no-style\" ><div id=\"pgc-31979-38-0\"  class=\"panel-grid-cell\" ><div id=\"panel-31979-38-0-0\" class=\"so-panel widget widget_sow-image panel-first-child panel-last-child\" data-index=\"43\" ><div\n\t\t\t\n\t\t\tclass=\"so-widget-sow-image so-widget-sow-image-default-8b5b6f678277-31979\"\n\t\t\t\n\t\t>\n<div class=\"sow-image-container\">\n\t\t<img \n\tsrc=\"https:\/\/wildlife-travel.com\/wp-content\/uploads\/2026\/03\/Einfarbstare-in-Tarifa-27-scaled.jpg\" width=\"2560\" height=\"1707\" srcset=\"https:\/\/wildlife-travel.com\/wp-content\/uploads\/2026\/03\/Einfarbstare-in-Tarifa-27-scaled.jpg 2560w, https:\/\/wildlife-travel.com\/wp-content\/uploads\/2026\/03\/Einfarbstare-in-Tarifa-27-300x200.jpg 300w, https:\/\/wildlife-travel.com\/wp-content\/uploads\/2026\/03\/Einfarbstare-in-Tarifa-27-1024x683.jpg 1024w, https:\/\/wildlife-travel.com\/wp-content\/uploads\/2026\/03\/Einfarbstare-in-Tarifa-27-768x512.jpg 768w, https:\/\/wildlife-travel.com\/wp-content\/uploads\/2026\/03\/Einfarbstare-in-Tarifa-27-1536x1024.jpg 1536w, https:\/\/wildlife-travel.com\/wp-content\/uploads\/2026\/03\/Einfarbstare-in-Tarifa-27-2048x1365.jpg 2048w, https:\/\/wildlife-travel.com\/wp-content\/uploads\/2026\/03\/Einfarbstare-in-Tarifa-27-840x560.jpg 840w, https:\/\/wildlife-travel.com\/wp-content\/uploads\/2026\/03\/Einfarbstare-in-Tarifa-27-120x80.jpg 120w, https:\/\/wildlife-travel.com\/wp-content\/uploads\/2026\/03\/Einfarbstare-in-Tarifa-27-360x240.jpg 360w, https:\/\/wildlife-travel.com\/wp-content\/uploads\/2026\/03\/Einfarbstare-in-Tarifa-27-600x400.jpg 600w, https:\/\/wildlife-travel.com\/wp-content\/uploads\/2026\/03\/Einfarbstare-in-Tarifa-27-272x182.jpg 272w\" sizes=\"(max-width: 2560px) 100vw, 2560px\" title=\"Einfarbstare-in-Tarifa (27)\" alt=\"Stare und Kuhreiher in Andalusien\" \t\tclass=\"so-widget-image\"\/>\n\t<\/div>\n\n<\/div><\/div><\/div><\/div><div id=\"pg-31979-39\"  class=\"panel-grid panel-no-style\" ><div id=\"pgc-31979-39-0\"  class=\"panel-grid-cell\" ><div id=\"panel-31979-39-0-0\" class=\"so-panel widget widget_sow-editor panel-first-child panel-last-child\" data-index=\"44\" ><div\n\t\t\t\n\t\t\tclass=\"so-widget-sow-editor so-widget-sow-editor-base\"\n\t\t\t\n\t\t>\n<div class=\"siteorigin-widget-tinymce textwidget\">\n\t<p>Dort entdeckte ich auch einen Star, den man aus der Ferne leicht mit dem Einfarbstar verwechseln k\u00f6nnte. Genau darum geht es im n\u00e4chsten Abschnitt: Welche Unterschiede gibt es zwischen Einfarbstaren und Staren?<\/p>\n<\/div>\n<\/div><\/div><\/div><\/div><div id=\"pg-31979-40\"  class=\"panel-grid panel-no-style\" ><div id=\"pgc-31979-40-0\"  class=\"panel-grid-cell\" ><div id=\"panel-31979-40-0-0\" class=\"so-panel widget widget_sow-editor panel-first-child panel-last-child\" data-index=\"45\" ><div\n\t\t\t\n\t\t\tclass=\"so-widget-sow-editor so-widget-sow-editor-base\"\n\t\t\t\n\t\t>\n<div class=\"siteorigin-widget-tinymce textwidget\">\n\t<h2><span class=\"ez-toc-section\" id=\"Einfarbstar_und_Star_%E2%80%93_ein_Vergleich\"><\/span>Einfarbstar und Star \u2013 ein Vergleich<span class=\"ez-toc-section-end\"><\/span><\/h2>\n<\/div>\n<\/div><\/div><\/div><\/div><div id=\"pg-31979-41\"  class=\"panel-grid panel-no-style\" ><div id=\"pgc-31979-41-0\"  class=\"panel-grid-cell\" ><div id=\"panel-31979-41-0-0\" class=\"so-panel widget widget_sow-editor panel-first-child panel-last-child\" data-index=\"46\" ><div\n\t\t\t\n\t\t\tclass=\"so-widget-sow-editor so-widget-sow-editor-base\"\n\t\t\t\n\t\t>\n<div class=\"siteorigin-widget-tinymce textwidget\">\n\t<p>Stare z\u00e4hlen weltweit zu den artenreichsten Familien der Singv\u00f6gel, den <em>Sturnidae<\/em>. Zu ihnen geh\u00f6ren \u00fcber 30 Gattungen mit nahezu 120 Arten \u2013 beeindruckend, oder?<\/p>\n<p>Die beiden Stare, um die es hier geht, stammen aus der Gattung <em>Sturnus<\/em>: der Einfarbstar (<em>Sturnus unicolor<\/em>, linkes Foto) und der Gemeine Star, meist einfach \u201eStar\u201c genannt (<em>Sturnus vulgaris<\/em>, rechtes Foto).<\/p>\n<\/div>\n<\/div><\/div><\/div><\/div><div id=\"pg-31979-42\"  class=\"panel-grid panel-no-style\" ><div id=\"pgc-31979-42-0\"  class=\"panel-grid-cell\" ><div id=\"panel-31979-42-0-0\" class=\"so-panel widget widget_sow-image panel-first-child panel-last-child\" data-index=\"47\" ><div\n\t\t\t\n\t\t\tclass=\"so-widget-sow-image so-widget-sow-image-default-8b5b6f678277-31979\"\n\t\t\t\n\t\t>\n<div class=\"sow-image-container\">\n\t\t<img \n\tsrc=\"https:\/\/wildlife-travel.com\/wp-content\/uploads\/2026\/03\/Einfarbstare-in-Tarifa-23-scaled.jpg\" width=\"2560\" height=\"1707\" srcset=\"https:\/\/wildlife-travel.com\/wp-content\/uploads\/2026\/03\/Einfarbstare-in-Tarifa-23-scaled.jpg 2560w, https:\/\/wildlife-travel.com\/wp-content\/uploads\/2026\/03\/Einfarbstare-in-Tarifa-23-300x200.jpg 300w, https:\/\/wildlife-travel.com\/wp-content\/uploads\/2026\/03\/Einfarbstare-in-Tarifa-23-1024x683.jpg 1024w, https:\/\/wildlife-travel.com\/wp-content\/uploads\/2026\/03\/Einfarbstare-in-Tarifa-23-768x512.jpg 768w, https:\/\/wildlife-travel.com\/wp-content\/uploads\/2026\/03\/Einfarbstare-in-Tarifa-23-1536x1024.jpg 1536w, https:\/\/wildlife-travel.com\/wp-content\/uploads\/2026\/03\/Einfarbstare-in-Tarifa-23-2048x1365.jpg 2048w, https:\/\/wildlife-travel.com\/wp-content\/uploads\/2026\/03\/Einfarbstare-in-Tarifa-23-840x560.jpg 840w, https:\/\/wildlife-travel.com\/wp-content\/uploads\/2026\/03\/Einfarbstare-in-Tarifa-23-120x80.jpg 120w, https:\/\/wildlife-travel.com\/wp-content\/uploads\/2026\/03\/Einfarbstare-in-Tarifa-23-360x240.jpg 360w, https:\/\/wildlife-travel.com\/wp-content\/uploads\/2026\/03\/Einfarbstare-in-Tarifa-23-600x400.jpg 600w, https:\/\/wildlife-travel.com\/wp-content\/uploads\/2026\/03\/Einfarbstare-in-Tarifa-23-272x182.jpg 272w\" sizes=\"(max-width: 2560px) 100vw, 2560px\" title=\"Einfarbstare-in-Tarifa (23)\" alt=\"Einfarbstar\" \t\tclass=\"so-widget-image\"\/>\n\t<\/div>\n\n<\/div><\/div><\/div><div id=\"pgc-31979-42-1\"  class=\"panel-grid-cell\" ><div id=\"panel-31979-42-1-0\" class=\"so-panel widget widget_sow-image panel-first-child panel-last-child\" data-index=\"48\" ><div\n\t\t\t\n\t\t\tclass=\"so-widget-sow-image so-widget-sow-image-default-8b5b6f678277-31979\"\n\t\t\t\n\t\t>\n<div class=\"sow-image-container\">\n\t\t<img \n\tsrc=\"https:\/\/wildlife-travel.com\/wp-content\/uploads\/2026\/03\/Einfarbstare-in-Tarifa-29-scaled.jpg\" width=\"2560\" height=\"1707\" srcset=\"https:\/\/wildlife-travel.com\/wp-content\/uploads\/2026\/03\/Einfarbstare-in-Tarifa-29-scaled.jpg 2560w, https:\/\/wildlife-travel.com\/wp-content\/uploads\/2026\/03\/Einfarbstare-in-Tarifa-29-300x200.jpg 300w, https:\/\/wildlife-travel.com\/wp-content\/uploads\/2026\/03\/Einfarbstare-in-Tarifa-29-1024x683.jpg 1024w, https:\/\/wildlife-travel.com\/wp-content\/uploads\/2026\/03\/Einfarbstare-in-Tarifa-29-768x512.jpg 768w, https:\/\/wildlife-travel.com\/wp-content\/uploads\/2026\/03\/Einfarbstare-in-Tarifa-29-1536x1024.jpg 1536w, https:\/\/wildlife-travel.com\/wp-content\/uploads\/2026\/03\/Einfarbstare-in-Tarifa-29-2048x1365.jpg 2048w, https:\/\/wildlife-travel.com\/wp-content\/uploads\/2026\/03\/Einfarbstare-in-Tarifa-29-840x560.jpg 840w, https:\/\/wildlife-travel.com\/wp-content\/uploads\/2026\/03\/Einfarbstare-in-Tarifa-29-120x80.jpg 120w, https:\/\/wildlife-travel.com\/wp-content\/uploads\/2026\/03\/Einfarbstare-in-Tarifa-29-360x240.jpg 360w, https:\/\/wildlife-travel.com\/wp-content\/uploads\/2026\/03\/Einfarbstare-in-Tarifa-29-600x400.jpg 600w, https:\/\/wildlife-travel.com\/wp-content\/uploads\/2026\/03\/Einfarbstare-in-Tarifa-29-272x182.jpg 272w\" sizes=\"(max-width: 2560px) 100vw, 2560px\" title=\"Einfarbstare-in-Tarifa (29)\" alt=\"Star\" \t\tclass=\"so-widget-image\"\/>\n\t<\/div>\n\n<\/div><\/div><\/div><\/div><div id=\"pg-31979-43\"  class=\"panel-grid panel-no-style\" ><div id=\"pgc-31979-43-0\"  class=\"panel-grid-cell\" ><div id=\"panel-31979-43-0-0\" class=\"so-panel widget widget_sow-editor panel-first-child panel-last-child\" data-index=\"49\" ><div class=\"panel-widget-style panel-widget-style-for-31979-43-0-0\" ><div\n\t\t\t\n\t\t\tclass=\"so-widget-sow-editor so-widget-sow-editor-base\"\n\t\t\t\n\t\t>\n<div class=\"siteorigin-widget-tinymce textwidget\">\n\t<p><span style=\"font-size: 16pt;\"><strong>Information:<\/strong><\/span> Einen weiteren Vertreter der Stare konnte ich in S\u00fcdafrika beobachten: den Rotschwingenstar. \u00dcber welche anderen Vogelarten ich dort noch berichten konnte, erz\u00e4hle ich in einem Blogbeitrag zu meinen <a href=\"https:\/\/wildlife-travel.com\/de\/austernfischer-turakos-und-andere-voegel-in-suedafrika\/\" target=\"_blank\" rel=\"noopener\">Vogelbeobachtungen in S\u00fcdafrika<\/a>.<\/p>\n<\/div>\n<\/div><\/div><\/div><\/div><\/div><div id=\"pg-31979-44\"  class=\"panel-grid panel-no-style\" ><div id=\"pgc-31979-44-0\"  class=\"panel-grid-cell\" ><div id=\"panel-31979-44-0-0\" class=\"so-panel widget widget_sow-editor panel-first-child panel-last-child\" data-index=\"50\" ><div\n\t\t\t\n\t\t\tclass=\"so-widget-sow-editor so-widget-sow-editor-base\"\n\t\t\t\n\t\t>\n<div class=\"siteorigin-widget-tinymce textwidget\">\n\t<p>Auch wenn der Einfarbstar dem Gemeinen Star sehr \u00e4hnlich ist, erkennt man schnell die Unterschiede: Im Gegensatz zum gefleckten Gefieder des Stars tr\u00e4gt der Einfarbstar ein ungeflecktes, tiefschwarzes Gefieder mit metallischem Glanz. Seine Beine sind rosafarben, der Schnabel gelblich und teils dunkel gespitzt.<\/p>\n<p>Dabei ist zu beachten, dass sich die F\u00e4rbung \u2013 insbesondere von Schnabel und Beinen \u2013 je nach Schlicht- oder Prachtkleid ver\u00e4ndern kann.<\/p>\n<\/div>\n<\/div><\/div><\/div><\/div><div id=\"pg-31979-45\"  class=\"panel-grid panel-no-style\" ><div id=\"pgc-31979-45-0\"  class=\"panel-grid-cell\" ><div id=\"panel-31979-45-0-0\" class=\"so-panel widget widget_sow-image panel-first-child panel-last-child\" data-index=\"51\" ><div\n\t\t\t\n\t\t\tclass=\"so-widget-sow-image so-widget-sow-image-default-8b5b6f678277-31979\"\n\t\t\t\n\t\t>\n<div class=\"sow-image-container\">\n\t\t<img \n\tsrc=\"https:\/\/wildlife-travel.com\/wp-content\/uploads\/2026\/03\/Einfarbstare-in-Tarifa-30-scaled.jpg\" width=\"2560\" height=\"1707\" srcset=\"https:\/\/wildlife-travel.com\/wp-content\/uploads\/2026\/03\/Einfarbstare-in-Tarifa-30-scaled.jpg 2560w, https:\/\/wildlife-travel.com\/wp-content\/uploads\/2026\/03\/Einfarbstare-in-Tarifa-30-300x200.jpg 300w, https:\/\/wildlife-travel.com\/wp-content\/uploads\/2026\/03\/Einfarbstare-in-Tarifa-30-1024x683.jpg 1024w, https:\/\/wildlife-travel.com\/wp-content\/uploads\/2026\/03\/Einfarbstare-in-Tarifa-30-768x512.jpg 768w, https:\/\/wildlife-travel.com\/wp-content\/uploads\/2026\/03\/Einfarbstare-in-Tarifa-30-1536x1024.jpg 1536w, https:\/\/wildlife-travel.com\/wp-content\/uploads\/2026\/03\/Einfarbstare-in-Tarifa-30-2048x1365.jpg 2048w, https:\/\/wildlife-travel.com\/wp-content\/uploads\/2026\/03\/Einfarbstare-in-Tarifa-30-840x560.jpg 840w, https:\/\/wildlife-travel.com\/wp-content\/uploads\/2026\/03\/Einfarbstare-in-Tarifa-30-120x80.jpg 120w, https:\/\/wildlife-travel.com\/wp-content\/uploads\/2026\/03\/Einfarbstare-in-Tarifa-30-360x240.jpg 360w, https:\/\/wildlife-travel.com\/wp-content\/uploads\/2026\/03\/Einfarbstare-in-Tarifa-30-600x400.jpg 600w, https:\/\/wildlife-travel.com\/wp-content\/uploads\/2026\/03\/Einfarbstare-in-Tarifa-30-272x182.jpg 272w\" sizes=\"(max-width: 2560px) 100vw, 2560px\" title=\"Einfarbstare-in-Tarifa (30)\" alt=\"Einfarbstare in Tarifa\" \t\tclass=\"so-widget-image\"\/>\n\t<\/div>\n\n<\/div><\/div><\/div><\/div><div id=\"pg-31979-46\"  class=\"panel-grid panel-no-style\" ><div id=\"pgc-31979-46-0\"  class=\"panel-grid-cell\" ><div id=\"panel-31979-46-0-0\" class=\"so-panel widget widget_sow-editor panel-first-child panel-last-child\" data-index=\"52\" ><div\n\t\t\t\n\t\t\tclass=\"so-widget-sow-editor so-widget-sow-editor-base\"\n\t\t\t\n\t\t>\n<div class=\"siteorigin-widget-tinymce textwidget\">\n\t<p>Au\u00dferdem hat der Einfarbstar verl\u00e4ngerte Federn an Kopf und Brust. Auch das konnte ich bei meinen Beobachtungen in Tarifa gut sehen.<\/p>\n<\/div>\n<\/div><\/div><\/div><\/div><div id=\"pg-31979-47\"  class=\"panel-grid panel-no-style\" ><div id=\"pgc-31979-47-0\"  class=\"panel-grid-cell\" ><div id=\"panel-31979-47-0-0\" class=\"so-panel widget widget_sow-image panel-first-child panel-last-child\" data-index=\"53\" ><div\n\t\t\t\n\t\t\tclass=\"so-widget-sow-image so-widget-sow-image-default-8b5b6f678277-31979\"\n\t\t\t\n\t\t>\n<div class=\"sow-image-container\">\n\t\t<img \n\tsrc=\"https:\/\/wildlife-travel.com\/wp-content\/uploads\/2026\/03\/Einfarbstare-in-Tarifa-31-scaled.jpg\" width=\"2560\" height=\"1707\" srcset=\"https:\/\/wildlife-travel.com\/wp-content\/uploads\/2026\/03\/Einfarbstare-in-Tarifa-31-scaled.jpg 2560w, https:\/\/wildlife-travel.com\/wp-content\/uploads\/2026\/03\/Einfarbstare-in-Tarifa-31-300x200.jpg 300w, https:\/\/wildlife-travel.com\/wp-content\/uploads\/2026\/03\/Einfarbstare-in-Tarifa-31-1024x683.jpg 1024w, https:\/\/wildlife-travel.com\/wp-content\/uploads\/2026\/03\/Einfarbstare-in-Tarifa-31-768x512.jpg 768w, https:\/\/wildlife-travel.com\/wp-content\/uploads\/2026\/03\/Einfarbstare-in-Tarifa-31-1536x1024.jpg 1536w, https:\/\/wildlife-travel.com\/wp-content\/uploads\/2026\/03\/Einfarbstare-in-Tarifa-31-2048x1365.jpg 2048w, https:\/\/wildlife-travel.com\/wp-content\/uploads\/2026\/03\/Einfarbstare-in-Tarifa-31-840x560.jpg 840w, https:\/\/wildlife-travel.com\/wp-content\/uploads\/2026\/03\/Einfarbstare-in-Tarifa-31-120x80.jpg 120w, https:\/\/wildlife-travel.com\/wp-content\/uploads\/2026\/03\/Einfarbstare-in-Tarifa-31-360x240.jpg 360w, https:\/\/wildlife-travel.com\/wp-content\/uploads\/2026\/03\/Einfarbstare-in-Tarifa-31-600x400.jpg 600w, https:\/\/wildlife-travel.com\/wp-content\/uploads\/2026\/03\/Einfarbstare-in-Tarifa-31-272x182.jpg 272w\" sizes=\"(max-width: 2560px) 100vw, 2560px\" title=\"Einfarbstare-in-Tarifa (31)\" alt=\"Einfarbstare in Tarifa\" \t\tclass=\"so-widget-image\"\/>\n\t<\/div>\n\n<\/div><\/div><\/div><\/div><div id=\"pg-31979-48\"  class=\"panel-grid panel-no-style\" ><div id=\"pgc-31979-48-0\"  class=\"panel-grid-cell\" ><div id=\"panel-31979-48-0-0\" class=\"so-panel widget widget_sow-editor panel-first-child panel-last-child\" data-index=\"54\" ><div\n\t\t\t\n\t\t\tclass=\"so-widget-sow-editor so-widget-sow-editor-base\"\n\t\t\t\n\t\t>\n<div class=\"siteorigin-widget-tinymce textwidget\">\n\t<p>Der Gemeine Star hingegen entwickelt im Herbst die charakteristischen wei\u00dfen Tupfen, weshalb er auch \u201ePerlstar\u201c genannt wird. Diese nutzen sich bis zum Fr\u00fchjahr gr\u00f6\u00dftenteils ab, sodass das gl\u00e4nzend gr\u00fcn-violette Gefieder des Prachtkleids zum Vorschein kommt.<\/p>\n<p>Den folgenden Star habe ich im Winter in Berlin beobachtet.<\/p>\n<\/div>\n<\/div><\/div><\/div><\/div><div id=\"pg-31979-49\"  class=\"panel-grid panel-no-style\" ><div id=\"pgc-31979-49-0\"  class=\"panel-grid-cell\" ><div id=\"panel-31979-49-0-0\" class=\"so-panel widget widget_sow-image panel-first-child panel-last-child\" data-index=\"55\" ><div\n\t\t\t\n\t\t\tclass=\"so-widget-sow-image so-widget-sow-image-default-8b5b6f678277-31979\"\n\t\t\t\n\t\t>\n<div class=\"sow-image-container\">\n\t\t<img \n\tsrc=\"https:\/\/wildlife-travel.com\/wp-content\/uploads\/2026\/03\/Einfarbstare-in-Tarifa-32-scaled.jpg\" width=\"2560\" height=\"1707\" srcset=\"https:\/\/wildlife-travel.com\/wp-content\/uploads\/2026\/03\/Einfarbstare-in-Tarifa-32-scaled.jpg 2560w, https:\/\/wildlife-travel.com\/wp-content\/uploads\/2026\/03\/Einfarbstare-in-Tarifa-32-300x200.jpg 300w, https:\/\/wildlife-travel.com\/wp-content\/uploads\/2026\/03\/Einfarbstare-in-Tarifa-32-1024x683.jpg 1024w, https:\/\/wildlife-travel.com\/wp-content\/uploads\/2026\/03\/Einfarbstare-in-Tarifa-32-768x512.jpg 768w, https:\/\/wildlife-travel.com\/wp-content\/uploads\/2026\/03\/Einfarbstare-in-Tarifa-32-1536x1024.jpg 1536w, https:\/\/wildlife-travel.com\/wp-content\/uploads\/2026\/03\/Einfarbstare-in-Tarifa-32-2048x1365.jpg 2048w, https:\/\/wildlife-travel.com\/wp-content\/uploads\/2026\/03\/Einfarbstare-in-Tarifa-32-840x560.jpg 840w, https:\/\/wildlife-travel.com\/wp-content\/uploads\/2026\/03\/Einfarbstare-in-Tarifa-32-120x80.jpg 120w, https:\/\/wildlife-travel.com\/wp-content\/uploads\/2026\/03\/Einfarbstare-in-Tarifa-32-360x240.jpg 360w, https:\/\/wildlife-travel.com\/wp-content\/uploads\/2026\/03\/Einfarbstare-in-Tarifa-32-600x400.jpg 600w, https:\/\/wildlife-travel.com\/wp-content\/uploads\/2026\/03\/Einfarbstare-in-Tarifa-32-272x182.jpg 272w\" sizes=\"(max-width: 2560px) 100vw, 2560px\" title=\"Einfarbstare-in-Tarifa (32)\" alt=\"Star in Berlin\" \t\tclass=\"so-widget-image\"\/>\n\t<\/div>\n\n<\/div><\/div><\/div><\/div><div id=\"pg-31979-50\"  class=\"panel-grid panel-no-style\" ><div id=\"pgc-31979-50-0\"  class=\"panel-grid-cell\" ><div id=\"panel-31979-50-0-0\" class=\"so-panel widget widget_sow-editor panel-first-child panel-last-child\" data-index=\"56\" ><div\n\t\t\t\n\t\t\tclass=\"so-widget-sow-editor so-widget-sow-editor-base\"\n\t\t\t\n\t\t>\n<div class=\"siteorigin-widget-tinymce textwidget\">\n\t<p>In Berlin habe ich bislang noch keinen Einfarbstar gesehen \u2013 was allerdings nicht ungew\u00f6hnlich ist. Einfarbstare sind vor allem im S\u00fcden Mitteleuropas verbreitet, mit ihrem gr\u00f6\u00dften Verbreitungsgebiet in Spanien und Portugal. Dar\u00fcber hinaus kommen sie an der Nordwestk\u00fcste Afrikas sowie auf Inseln wie Sardinien und Sizilien vor.<\/p>\n<p>Der Gemeine Star besitzt hingegen ein deutlich gr\u00f6\u00dferes Verbreitungsgebiet. Zwar ist er \u00fcberwiegend auf der Nordhalbkugel heimisch, wurde jedoch auch in Australien, Neuseeland, S\u00fcdafrika und Argentinien eingef\u00fchrt und ist dort heute verbreitet.<\/p>\n<p>Interessanterweise werden auf der Iberischen Halbinsel dennoch mehr Einfarbstare als Gemeine Stare beobachtet. Laut iNaturalist gibt es aktuell \u00fcber 8.500 Beobachtungen von Einfarbstaren in Spanien und knapp \u00fcber 3.000 in Portugal. Demgegen\u00fcber stehen mehr als 2.300 Beobachtungen des Gemeinen Stars in Spanien und etwa 600 in Portugal (Stand M\u00e4rz 2026).<\/p>\n<\/div>\n<\/div><\/div><\/div><\/div><div id=\"pg-31979-51\"  class=\"panel-grid panel-no-style\" ><div id=\"pgc-31979-51-0\"  class=\"panel-grid-cell\" ><div id=\"panel-31979-51-0-0\" class=\"so-panel widget widget_sow-image panel-first-child panel-last-child\" data-index=\"57\" ><div\n\t\t\t\n\t\t\tclass=\"so-widget-sow-image so-widget-sow-image-default-8b5b6f678277-31979\"\n\t\t\t\n\t\t>\n<div class=\"sow-image-container\">\n\t\t<img \n\tsrc=\"https:\/\/wildlife-travel.com\/wp-content\/uploads\/2026\/03\/Einfarbstare-in-Tarifa-33-scaled.jpg\" width=\"2560\" height=\"1707\" srcset=\"https:\/\/wildlife-travel.com\/wp-content\/uploads\/2026\/03\/Einfarbstare-in-Tarifa-33-scaled.jpg 2560w, https:\/\/wildlife-travel.com\/wp-content\/uploads\/2026\/03\/Einfarbstare-in-Tarifa-33-300x200.jpg 300w, https:\/\/wildlife-travel.com\/wp-content\/uploads\/2026\/03\/Einfarbstare-in-Tarifa-33-1024x683.jpg 1024w, https:\/\/wildlife-travel.com\/wp-content\/uploads\/2026\/03\/Einfarbstare-in-Tarifa-33-768x512.jpg 768w, https:\/\/wildlife-travel.com\/wp-content\/uploads\/2026\/03\/Einfarbstare-in-Tarifa-33-1536x1024.jpg 1536w, https:\/\/wildlife-travel.com\/wp-content\/uploads\/2026\/03\/Einfarbstare-in-Tarifa-33-2048x1365.jpg 2048w, https:\/\/wildlife-travel.com\/wp-content\/uploads\/2026\/03\/Einfarbstare-in-Tarifa-33-840x560.jpg 840w, https:\/\/wildlife-travel.com\/wp-content\/uploads\/2026\/03\/Einfarbstare-in-Tarifa-33-120x80.jpg 120w, https:\/\/wildlife-travel.com\/wp-content\/uploads\/2026\/03\/Einfarbstare-in-Tarifa-33-360x240.jpg 360w, https:\/\/wildlife-travel.com\/wp-content\/uploads\/2026\/03\/Einfarbstare-in-Tarifa-33-600x400.jpg 600w, https:\/\/wildlife-travel.com\/wp-content\/uploads\/2026\/03\/Einfarbstare-in-Tarifa-33-272x182.jpg 272w\" sizes=\"(max-width: 2560px) 100vw, 2560px\" title=\"Einfarbstare-in-Tarifa (33)\" alt=\"Einfarbstare in Tarifa\" \t\tclass=\"so-widget-image\"\/>\n\t<\/div>\n\n<\/div><\/div><\/div><div id=\"pgc-31979-51-1\"  class=\"panel-grid-cell\" ><div id=\"panel-31979-51-1-0\" class=\"so-panel widget widget_sow-image panel-first-child panel-last-child\" data-index=\"58\" ><div\n\t\t\t\n\t\t\tclass=\"so-widget-sow-image so-widget-sow-image-default-8b5b6f678277-31979\"\n\t\t\t\n\t\t>\n<div class=\"sow-image-container\">\n\t\t<img \n\tsrc=\"https:\/\/wildlife-travel.com\/wp-content\/uploads\/2026\/03\/Einfarbstare-in-Tarifa-34-scaled.jpg\" width=\"2560\" height=\"1707\" srcset=\"https:\/\/wildlife-travel.com\/wp-content\/uploads\/2026\/03\/Einfarbstare-in-Tarifa-34-scaled.jpg 2560w, https:\/\/wildlife-travel.com\/wp-content\/uploads\/2026\/03\/Einfarbstare-in-Tarifa-34-300x200.jpg 300w, https:\/\/wildlife-travel.com\/wp-content\/uploads\/2026\/03\/Einfarbstare-in-Tarifa-34-1024x683.jpg 1024w, https:\/\/wildlife-travel.com\/wp-content\/uploads\/2026\/03\/Einfarbstare-in-Tarifa-34-768x512.jpg 768w, https:\/\/wildlife-travel.com\/wp-content\/uploads\/2026\/03\/Einfarbstare-in-Tarifa-34-1536x1024.jpg 1536w, https:\/\/wildlife-travel.com\/wp-content\/uploads\/2026\/03\/Einfarbstare-in-Tarifa-34-2048x1365.jpg 2048w, https:\/\/wildlife-travel.com\/wp-content\/uploads\/2026\/03\/Einfarbstare-in-Tarifa-34-840x560.jpg 840w, https:\/\/wildlife-travel.com\/wp-content\/uploads\/2026\/03\/Einfarbstare-in-Tarifa-34-120x80.jpg 120w, https:\/\/wildlife-travel.com\/wp-content\/uploads\/2026\/03\/Einfarbstare-in-Tarifa-34-360x240.jpg 360w, https:\/\/wildlife-travel.com\/wp-content\/uploads\/2026\/03\/Einfarbstare-in-Tarifa-34-600x400.jpg 600w, https:\/\/wildlife-travel.com\/wp-content\/uploads\/2026\/03\/Einfarbstare-in-Tarifa-34-272x182.jpg 272w\" sizes=\"(max-width: 2560px) 100vw, 2560px\" title=\"Einfarbstare-in-Tarifa (34)\" alt=\"Star in Berlin\" \t\tclass=\"so-widget-image\"\/>\n\t<\/div>\n\n<\/div><\/div><\/div><\/div><div id=\"pg-31979-52\"  class=\"panel-grid panel-no-style\" ><div id=\"pgc-31979-52-0\"  class=\"panel-grid-cell\" ><div id=\"panel-31979-52-0-0\" class=\"so-panel widget widget_sow-editor panel-first-child panel-last-child\" data-index=\"59\" ><div\n\t\t\t\n\t\t\tclass=\"so-widget-sow-editor so-widget-sow-editor-base\"\n\t\t\t\n\t\t>\n<div class=\"siteorigin-widget-tinymce textwidget\">\n\t<p>Das bedeutet, dass eine Verwechslungsgefahr zwischen den beiden Arten vor allem in S\u00fcdeuropa besteht. In Berlin ist sie hingegen praktisch ausgeschlossen, da dort bislang ausschlie\u00dflich Gemeine Stare vorkommen.<\/p>\n<p>In Spanien oder Portugal sollte man dagegen genauer hinschauen, um Einfarbstar und Gemeinen Star sicher auseinanderzuhalten.<\/p>\n<\/div>\n<\/div><\/div><\/div><\/div><div id=\"pg-31979-53\"  class=\"panel-grid panel-no-style\" ><div id=\"pgc-31979-53-0\"  class=\"panel-grid-cell\" ><div id=\"panel-31979-53-0-0\" class=\"so-panel widget widget_sow-image panel-first-child panel-last-child\" data-index=\"60\" ><div\n\t\t\t\n\t\t\tclass=\"so-widget-sow-image so-widget-sow-image-default-8b5b6f678277-31979\"\n\t\t\t\n\t\t>\n<div class=\"sow-image-container\">\n\t\t<img \n\tsrc=\"https:\/\/wildlife-travel.com\/wp-content\/uploads\/2026\/03\/Einfarbstare-in-Tarifa-35.jpg\" width=\"1837\" height=\"1225\" srcset=\"https:\/\/wildlife-travel.com\/wp-content\/uploads\/2026\/03\/Einfarbstare-in-Tarifa-35.jpg 1837w, https:\/\/wildlife-travel.com\/wp-content\/uploads\/2026\/03\/Einfarbstare-in-Tarifa-35-300x200.jpg 300w, https:\/\/wildlife-travel.com\/wp-content\/uploads\/2026\/03\/Einfarbstare-in-Tarifa-35-1024x683.jpg 1024w, https:\/\/wildlife-travel.com\/wp-content\/uploads\/2026\/03\/Einfarbstare-in-Tarifa-35-768x512.jpg 768w, https:\/\/wildlife-travel.com\/wp-content\/uploads\/2026\/03\/Einfarbstare-in-Tarifa-35-1536x1024.jpg 1536w, https:\/\/wildlife-travel.com\/wp-content\/uploads\/2026\/03\/Einfarbstare-in-Tarifa-35-840x560.jpg 840w, https:\/\/wildlife-travel.com\/wp-content\/uploads\/2026\/03\/Einfarbstare-in-Tarifa-35-120x80.jpg 120w, https:\/\/wildlife-travel.com\/wp-content\/uploads\/2026\/03\/Einfarbstare-in-Tarifa-35-360x240.jpg 360w, https:\/\/wildlife-travel.com\/wp-content\/uploads\/2026\/03\/Einfarbstare-in-Tarifa-35-600x400.jpg 600w, https:\/\/wildlife-travel.com\/wp-content\/uploads\/2026\/03\/Einfarbstare-in-Tarifa-35-272x182.jpg 272w\" sizes=\"(max-width: 1837px) 100vw, 1837px\" title=\"Einfarbstare-in-Tarifa (35)\" alt=\"Einfarbstare in Tarifa\" \t\tclass=\"so-widget-image\"\/>\n\t<\/div>\n\n<\/div><\/div><\/div><\/div><div id=\"pg-31979-54\"  class=\"panel-grid panel-no-style\" ><div id=\"pgc-31979-54-0\"  class=\"panel-grid-cell\" ><div id=\"panel-31979-54-0-0\" class=\"so-panel widget widget_sow-editor panel-first-child panel-last-child\" data-index=\"61\" ><div class=\"panel-widget-style panel-widget-style-for-31979-54-0-0\" ><div\n\t\t\t\n\t\t\tclass=\"so-widget-sow-editor so-widget-sow-editor-base\"\n\t\t\t\n\t\t>\n<div class=\"siteorigin-widget-tinymce textwidget\">\n\t<p><span style=\"font-size: 16pt;\"><strong>Information:<\/strong><\/span> Wenn du mehr \u00fcber meine Beobachtungen des Gemeinen Stars in Berlin erfahren m\u00f6chtest, findest du diese unter anderem in meinem Blogbeitrag zur <a href=\"https:\/\/wildlife-travel.com\/de\/stunde-der-wintervoegel-2025\/\" target=\"_blank\" rel=\"noopener\">Stunde der Winterv\u00f6gel<\/a>. In den Berliner Parks begegne ich diesen V\u00f6geln regelm\u00e4\u00dfig.<\/p>\n<\/div>\n<\/div><\/div><\/div><\/div><\/div><div id=\"pg-31979-55\"  class=\"panel-grid panel-no-style\" ><div id=\"pgc-31979-55-0\"  class=\"panel-grid-cell\" ><div id=\"panel-31979-55-0-0\" class=\"so-panel widget widget_sow-editor panel-first-child panel-last-child\" data-index=\"62\" ><div\n\t\t\t\n\t\t\tclass=\"so-widget-sow-editor so-widget-sow-editor-base\"\n\t\t\t\n\t\t>\n<div class=\"siteorigin-widget-tinymce textwidget\">\n\t<h2><span class=\"ez-toc-section\" id=\"Die_Voegel_Tarifas\"><\/span>Die V\u00f6gel Tarifas<span class=\"ez-toc-section-end\"><\/span><\/h2>\n<\/div>\n<\/div><\/div><\/div><\/div><div id=\"pg-31979-56\"  class=\"panel-grid panel-no-style\" ><div id=\"pgc-31979-56-0\"  class=\"panel-grid-cell\" ><div id=\"panel-31979-56-0-0\" class=\"so-panel widget widget_sow-editor panel-first-child panel-last-child\" data-index=\"63\" ><div\n\t\t\t\n\t\t\tclass=\"so-widget-sow-editor so-widget-sow-editor-base\"\n\t\t\t\n\t\t>\n<div class=\"siteorigin-widget-tinymce textwidget\">\n\t<p>Auf der Suche nach den Einfarbstaren begegneten mir noch viele weitere Vogelarten. Der erste Vogel, den ich an diesem Morgen entdeckte, war allerdings kein Einfarbstar, sondern eine Samtkopf-Grasm\u00fccke. Dieser wundersch\u00f6ne Vogel war mir bereits am Vortag im Naturpark El Estrecho begegnet.<\/p>\n<p>Leider waren die Lichtbedingungen nicht optimal, da es zur Zeit des Sonnenaufgangs noch recht dunkel war. Die Samtkopf-Grasm\u00fccke zeigte sich mir an diesem Morgen aber gleich mehrfach entlang der Mauer, offenbar auf Nahrungssuche.<\/p>\n<\/div>\n<\/div><\/div><\/div><\/div><div id=\"pg-31979-57\"  class=\"panel-grid panel-no-style\" ><div id=\"pgc-31979-57-0\"  class=\"panel-grid-cell\" ><div id=\"panel-31979-57-0-0\" class=\"so-panel widget widget_sow-image panel-first-child panel-last-child\" data-index=\"64\" ><div\n\t\t\t\n\t\t\tclass=\"so-widget-sow-image so-widget-sow-image-default-8b5b6f678277-31979\"\n\t\t\t\n\t\t>\n<div class=\"sow-image-container\">\n\t\t<img \n\tsrc=\"https:\/\/wildlife-travel.com\/wp-content\/uploads\/2026\/03\/Einfarbstare-in-Tarifa-36.jpg\" width=\"1837\" height=\"1225\" srcset=\"https:\/\/wildlife-travel.com\/wp-content\/uploads\/2026\/03\/Einfarbstare-in-Tarifa-36.jpg 1837w, https:\/\/wildlife-travel.com\/wp-content\/uploads\/2026\/03\/Einfarbstare-in-Tarifa-36-300x200.jpg 300w, https:\/\/wildlife-travel.com\/wp-content\/uploads\/2026\/03\/Einfarbstare-in-Tarifa-36-1024x683.jpg 1024w, https:\/\/wildlife-travel.com\/wp-content\/uploads\/2026\/03\/Einfarbstare-in-Tarifa-36-768x512.jpg 768w, https:\/\/wildlife-travel.com\/wp-content\/uploads\/2026\/03\/Einfarbstare-in-Tarifa-36-1536x1024.jpg 1536w, https:\/\/wildlife-travel.com\/wp-content\/uploads\/2026\/03\/Einfarbstare-in-Tarifa-36-840x560.jpg 840w, https:\/\/wildlife-travel.com\/wp-content\/uploads\/2026\/03\/Einfarbstare-in-Tarifa-36-120x80.jpg 120w, https:\/\/wildlife-travel.com\/wp-content\/uploads\/2026\/03\/Einfarbstare-in-Tarifa-36-360x240.jpg 360w, https:\/\/wildlife-travel.com\/wp-content\/uploads\/2026\/03\/Einfarbstare-in-Tarifa-36-600x400.jpg 600w, https:\/\/wildlife-travel.com\/wp-content\/uploads\/2026\/03\/Einfarbstare-in-Tarifa-36-272x182.jpg 272w\" sizes=\"(max-width: 1837px) 100vw, 1837px\" title=\"Einfarbstare-in-Tarifa (36)\" alt=\"V\u00f6gel beobachten in Andalusien\" \t\tclass=\"so-widget-image\"\/>\n\t<\/div>\n\n<\/div><\/div><\/div><div id=\"pgc-31979-57-1\"  class=\"panel-grid-cell\" ><div id=\"panel-31979-57-1-0\" class=\"so-panel widget widget_sow-image panel-first-child panel-last-child\" data-index=\"65\" ><div\n\t\t\t\n\t\t\tclass=\"so-widget-sow-image so-widget-sow-image-default-8b5b6f678277-31979\"\n\t\t\t\n\t\t>\n<div class=\"sow-image-container\">\n\t\t<img \n\tsrc=\"https:\/\/wildlife-travel.com\/wp-content\/uploads\/2026\/03\/Einfarbstare-in-Tarifa-37.jpg\" width=\"1837\" height=\"1225\" srcset=\"https:\/\/wildlife-travel.com\/wp-content\/uploads\/2026\/03\/Einfarbstare-in-Tarifa-37.jpg 1837w, https:\/\/wildlife-travel.com\/wp-content\/uploads\/2026\/03\/Einfarbstare-in-Tarifa-37-300x200.jpg 300w, https:\/\/wildlife-travel.com\/wp-content\/uploads\/2026\/03\/Einfarbstare-in-Tarifa-37-1024x683.jpg 1024w, https:\/\/wildlife-travel.com\/wp-content\/uploads\/2026\/03\/Einfarbstare-in-Tarifa-37-768x512.jpg 768w, https:\/\/wildlife-travel.com\/wp-content\/uploads\/2026\/03\/Einfarbstare-in-Tarifa-37-1536x1024.jpg 1536w, https:\/\/wildlife-travel.com\/wp-content\/uploads\/2026\/03\/Einfarbstare-in-Tarifa-37-840x560.jpg 840w, https:\/\/wildlife-travel.com\/wp-content\/uploads\/2026\/03\/Einfarbstare-in-Tarifa-37-120x80.jpg 120w, https:\/\/wildlife-travel.com\/wp-content\/uploads\/2026\/03\/Einfarbstare-in-Tarifa-37-360x240.jpg 360w, https:\/\/wildlife-travel.com\/wp-content\/uploads\/2026\/03\/Einfarbstare-in-Tarifa-37-600x400.jpg 600w, https:\/\/wildlife-travel.com\/wp-content\/uploads\/2026\/03\/Einfarbstare-in-Tarifa-37-272x182.jpg 272w\" sizes=\"(max-width: 1837px) 100vw, 1837px\" title=\"Einfarbstare-in-Tarifa (37)\" alt=\"V\u00f6gel beobachten in Andalusien\" \t\tclass=\"so-widget-image\"\/>\n\t<\/div>\n\n<\/div><\/div><\/div><\/div><div id=\"pg-31979-58\"  class=\"panel-grid panel-no-style\" ><div id=\"pgc-31979-58-0\"  class=\"panel-grid-cell\" ><div id=\"panel-31979-58-0-0\" class=\"so-panel widget widget_sow-editor panel-first-child panel-last-child\" data-index=\"66\" ><div\n\t\t\t\n\t\t\tclass=\"so-widget-sow-editor so-widget-sow-editor-base\"\n\t\t\t\n\t\t>\n<div class=\"siteorigin-widget-tinymce textwidget\">\n\t<p>Auf Nahrungssuche waren auch die Haussperlinge.<\/p>\n<\/div>\n<\/div><\/div><\/div><\/div><div id=\"pg-31979-59\"  class=\"panel-grid panel-no-style\" ><div id=\"pgc-31979-59-0\"  class=\"panel-grid-cell\" ><div id=\"panel-31979-59-0-0\" class=\"so-panel widget widget_sow-image panel-first-child panel-last-child\" data-index=\"67\" ><div\n\t\t\t\n\t\t\tclass=\"so-widget-sow-image so-widget-sow-image-default-8b5b6f678277-31979\"\n\t\t\t\n\t\t>\n<div class=\"sow-image-container\">\n\t\t<img \n\tsrc=\"https:\/\/wildlife-travel.com\/wp-content\/uploads\/2026\/03\/Einfarbstare-in-Tarifa-38.jpg\" width=\"1837\" height=\"1225\" srcset=\"https:\/\/wildlife-travel.com\/wp-content\/uploads\/2026\/03\/Einfarbstare-in-Tarifa-38.jpg 1837w, https:\/\/wildlife-travel.com\/wp-content\/uploads\/2026\/03\/Einfarbstare-in-Tarifa-38-300x200.jpg 300w, https:\/\/wildlife-travel.com\/wp-content\/uploads\/2026\/03\/Einfarbstare-in-Tarifa-38-1024x683.jpg 1024w, https:\/\/wildlife-travel.com\/wp-content\/uploads\/2026\/03\/Einfarbstare-in-Tarifa-38-768x512.jpg 768w, https:\/\/wildlife-travel.com\/wp-content\/uploads\/2026\/03\/Einfarbstare-in-Tarifa-38-1536x1024.jpg 1536w, https:\/\/wildlife-travel.com\/wp-content\/uploads\/2026\/03\/Einfarbstare-in-Tarifa-38-840x560.jpg 840w, https:\/\/wildlife-travel.com\/wp-content\/uploads\/2026\/03\/Einfarbstare-in-Tarifa-38-120x80.jpg 120w, https:\/\/wildlife-travel.com\/wp-content\/uploads\/2026\/03\/Einfarbstare-in-Tarifa-38-360x240.jpg 360w, https:\/\/wildlife-travel.com\/wp-content\/uploads\/2026\/03\/Einfarbstare-in-Tarifa-38-600x400.jpg 600w, https:\/\/wildlife-travel.com\/wp-content\/uploads\/2026\/03\/Einfarbstare-in-Tarifa-38-272x182.jpg 272w\" sizes=\"(max-width: 1837px) 100vw, 1837px\" title=\"Einfarbstare-in-Tarifa (38)\" alt=\"V\u00f6gel beobachten in Andalusien\" \t\tclass=\"so-widget-image\"\/>\n\t<\/div>\n\n<\/div><\/div><\/div><div id=\"pgc-31979-59-1\"  class=\"panel-grid-cell\" ><div id=\"panel-31979-59-1-0\" class=\"so-panel widget widget_sow-image panel-first-child panel-last-child\" data-index=\"68\" ><div\n\t\t\t\n\t\t\tclass=\"so-widget-sow-image so-widget-sow-image-default-8b5b6f678277-31979\"\n\t\t\t\n\t\t>\n<div class=\"sow-image-container\">\n\t\t<img \n\tsrc=\"https:\/\/wildlife-travel.com\/wp-content\/uploads\/2026\/03\/Einfarbstare-in-Tarifa-39-scaled.jpg\" width=\"2560\" height=\"1707\" srcset=\"https:\/\/wildlife-travel.com\/wp-content\/uploads\/2026\/03\/Einfarbstare-in-Tarifa-39-scaled.jpg 2560w, https:\/\/wildlife-travel.com\/wp-content\/uploads\/2026\/03\/Einfarbstare-in-Tarifa-39-300x200.jpg 300w, https:\/\/wildlife-travel.com\/wp-content\/uploads\/2026\/03\/Einfarbstare-in-Tarifa-39-1024x683.jpg 1024w, https:\/\/wildlife-travel.com\/wp-content\/uploads\/2026\/03\/Einfarbstare-in-Tarifa-39-768x512.jpg 768w, https:\/\/wildlife-travel.com\/wp-content\/uploads\/2026\/03\/Einfarbstare-in-Tarifa-39-1536x1024.jpg 1536w, https:\/\/wildlife-travel.com\/wp-content\/uploads\/2026\/03\/Einfarbstare-in-Tarifa-39-2048x1365.jpg 2048w, https:\/\/wildlife-travel.com\/wp-content\/uploads\/2026\/03\/Einfarbstare-in-Tarifa-39-840x560.jpg 840w, https:\/\/wildlife-travel.com\/wp-content\/uploads\/2026\/03\/Einfarbstare-in-Tarifa-39-120x80.jpg 120w, https:\/\/wildlife-travel.com\/wp-content\/uploads\/2026\/03\/Einfarbstare-in-Tarifa-39-360x240.jpg 360w, https:\/\/wildlife-travel.com\/wp-content\/uploads\/2026\/03\/Einfarbstare-in-Tarifa-39-600x400.jpg 600w, https:\/\/wildlife-travel.com\/wp-content\/uploads\/2026\/03\/Einfarbstare-in-Tarifa-39-272x182.jpg 272w\" sizes=\"(max-width: 2560px) 100vw, 2560px\" title=\"Einfarbstare-in-Tarifa (39)\" alt=\"V\u00f6gel beobachten in Andalusien\" \t\tclass=\"so-widget-image\"\/>\n\t<\/div>\n\n<\/div><\/div><\/div><\/div><div id=\"pg-31979-60\"  class=\"panel-grid panel-no-style\" ><div id=\"pgc-31979-60-0\"  class=\"panel-grid-cell\" ><div id=\"panel-31979-60-0-0\" class=\"so-panel widget widget_sow-editor panel-first-child panel-last-child\" data-index=\"69\" ><div\n\t\t\t\n\t\t\tclass=\"so-widget-sow-editor so-widget-sow-editor-base\"\n\t\t\t\n\t\t>\n<div class=\"siteorigin-widget-tinymce textwidget\">\n\t<p>W\u00e4hrend ich die Mauern nach Einfarbstaren absuchte, entdeckte ich hier und da einen Haussperling. Mit ihrem unauff\u00e4lligen Gefieder waren sie deutlich besser getarnt als die Einfarbstare.<\/p>\n<\/div>\n<\/div><\/div><\/div><\/div><div id=\"pg-31979-61\"  class=\"panel-grid panel-no-style\" ><div id=\"pgc-31979-61-0\"  class=\"panel-grid-cell\" ><div id=\"panel-31979-61-0-0\" class=\"so-panel widget widget_sow-image panel-first-child panel-last-child\" data-index=\"70\" ><div\n\t\t\t\n\t\t\tclass=\"so-widget-sow-image so-widget-sow-image-default-8b5b6f678277-31979\"\n\t\t\t\n\t\t>\n<div class=\"sow-image-container\">\n\t\t<img \n\tsrc=\"https:\/\/wildlife-travel.com\/wp-content\/uploads\/2026\/03\/Einfarbstare-in-Tarifa-40.jpg\" width=\"1837\" height=\"1225\" srcset=\"https:\/\/wildlife-travel.com\/wp-content\/uploads\/2026\/03\/Einfarbstare-in-Tarifa-40.jpg 1837w, https:\/\/wildlife-travel.com\/wp-content\/uploads\/2026\/03\/Einfarbstare-in-Tarifa-40-300x200.jpg 300w, https:\/\/wildlife-travel.com\/wp-content\/uploads\/2026\/03\/Einfarbstare-in-Tarifa-40-1024x683.jpg 1024w, https:\/\/wildlife-travel.com\/wp-content\/uploads\/2026\/03\/Einfarbstare-in-Tarifa-40-768x512.jpg 768w, https:\/\/wildlife-travel.com\/wp-content\/uploads\/2026\/03\/Einfarbstare-in-Tarifa-40-1536x1024.jpg 1536w, https:\/\/wildlife-travel.com\/wp-content\/uploads\/2026\/03\/Einfarbstare-in-Tarifa-40-840x560.jpg 840w, https:\/\/wildlife-travel.com\/wp-content\/uploads\/2026\/03\/Einfarbstare-in-Tarifa-40-120x80.jpg 120w, https:\/\/wildlife-travel.com\/wp-content\/uploads\/2026\/03\/Einfarbstare-in-Tarifa-40-360x240.jpg 360w, https:\/\/wildlife-travel.com\/wp-content\/uploads\/2026\/03\/Einfarbstare-in-Tarifa-40-600x400.jpg 600w, https:\/\/wildlife-travel.com\/wp-content\/uploads\/2026\/03\/Einfarbstare-in-Tarifa-40-272x182.jpg 272w\" sizes=\"(max-width: 1837px) 100vw, 1837px\" title=\"Einfarbstare-in-Tarifa (40)\" alt=\"V\u00f6gel beobachten in Andalusien\" \t\tclass=\"so-widget-image\"\/>\n\t<\/div>\n\n<\/div><\/div><\/div><\/div><div id=\"pg-31979-62\"  class=\"panel-grid panel-no-style\" ><div id=\"pgc-31979-62-0\"  class=\"panel-grid-cell\" ><div id=\"panel-31979-62-0-0\" class=\"so-panel widget widget_sow-editor panel-first-child panel-last-child\" data-index=\"71\" ><div\n\t\t\t\n\t\t\tclass=\"so-widget-sow-editor so-widget-sow-editor-base\"\n\t\t\t\n\t\t>\n<div class=\"siteorigin-widget-tinymce textwidget\">\n\t<p>Auch die M\u00f6wen waren bereits unterwegs.<\/p>\n<p>Als ich mich von der Mauer entfernte, entdeckte ich auf einem steinernen Gel\u00e4nder eine Taube, die dort ruhig hockte \u2013 eine Haustaube.<\/p>\n<\/div>\n<\/div><\/div><\/div><\/div><div id=\"pg-31979-63\"  class=\"panel-grid panel-no-style\" ><div id=\"pgc-31979-63-0\"  class=\"panel-grid-cell\" ><div id=\"panel-31979-63-0-0\" class=\"so-panel widget widget_sow-image panel-first-child panel-last-child\" data-index=\"72\" ><div\n\t\t\t\n\t\t\tclass=\"so-widget-sow-image so-widget-sow-image-default-8b5b6f678277-31979\"\n\t\t\t\n\t\t>\n<div class=\"sow-image-container\">\n\t\t<img \n\tsrc=\"https:\/\/wildlife-travel.com\/wp-content\/uploads\/2026\/03\/Einfarbstare-in-Tarifa-41-scaled.jpg\" width=\"2560\" height=\"1707\" srcset=\"https:\/\/wildlife-travel.com\/wp-content\/uploads\/2026\/03\/Einfarbstare-in-Tarifa-41-scaled.jpg 2560w, https:\/\/wildlife-travel.com\/wp-content\/uploads\/2026\/03\/Einfarbstare-in-Tarifa-41-300x200.jpg 300w, https:\/\/wildlife-travel.com\/wp-content\/uploads\/2026\/03\/Einfarbstare-in-Tarifa-41-1024x683.jpg 1024w, https:\/\/wildlife-travel.com\/wp-content\/uploads\/2026\/03\/Einfarbstare-in-Tarifa-41-768x512.jpg 768w, https:\/\/wildlife-travel.com\/wp-content\/uploads\/2026\/03\/Einfarbstare-in-Tarifa-41-1536x1024.jpg 1536w, https:\/\/wildlife-travel.com\/wp-content\/uploads\/2026\/03\/Einfarbstare-in-Tarifa-41-2048x1365.jpg 2048w, https:\/\/wildlife-travel.com\/wp-content\/uploads\/2026\/03\/Einfarbstare-in-Tarifa-41-840x560.jpg 840w, https:\/\/wildlife-travel.com\/wp-content\/uploads\/2026\/03\/Einfarbstare-in-Tarifa-41-120x80.jpg 120w, https:\/\/wildlife-travel.com\/wp-content\/uploads\/2026\/03\/Einfarbstare-in-Tarifa-41-360x240.jpg 360w, https:\/\/wildlife-travel.com\/wp-content\/uploads\/2026\/03\/Einfarbstare-in-Tarifa-41-600x400.jpg 600w, https:\/\/wildlife-travel.com\/wp-content\/uploads\/2026\/03\/Einfarbstare-in-Tarifa-41-272x182.jpg 272w\" sizes=\"(max-width: 2560px) 100vw, 2560px\" title=\"Einfarbstare-in-Tarifa (41)\" alt=\"V\u00f6gel beobachten in Andalusien\" \t\tclass=\"so-widget-image\"\/>\n\t<\/div>\n\n<\/div><\/div><\/div><\/div><div id=\"pg-31979-64\"  class=\"panel-grid panel-no-style\" ><div id=\"pgc-31979-64-0\"  class=\"panel-grid-cell\" ><div id=\"panel-31979-64-0-0\" class=\"so-panel widget widget_sow-editor panel-first-child panel-last-child\" data-index=\"73\" ><div\n\t\t\t\n\t\t\tclass=\"so-widget-sow-editor so-widget-sow-editor-base\"\n\t\t\t\n\t\t>\n<div class=\"siteorigin-widget-tinymce textwidget\">\n\t<p>Und dann h\u00f6rte ich einen mir immer vertrauter werdenden Gesang. Ich vermutete sofort, dass sich eine Samtkopf-Grasm\u00fccke in einem der B\u00e4ume verstecken m\u00fcsste. Inzwischen hatte ich den Gesang schon mehrmals geh\u00f6rt \u2013 und tats\u00e4chlich: Es war die Samtkopf-Grasm\u00fccke. F\u00fcr mich ein kleines, aber feines Erfolgserlebnis.<\/p>\n<\/div>\n<\/div><\/div><\/div><\/div><div id=\"pg-31979-65\"  class=\"panel-grid panel-no-style\" ><div id=\"pgc-31979-65-0\"  class=\"panel-grid-cell\" ><div id=\"panel-31979-65-0-0\" class=\"so-panel widget widget_sow-image panel-first-child panel-last-child\" data-index=\"74\" ><div\n\t\t\t\n\t\t\tclass=\"so-widget-sow-image so-widget-sow-image-default-8b5b6f678277-31979\"\n\t\t\t\n\t\t>\n<div class=\"sow-image-container\">\n\t\t<img \n\tsrc=\"https:\/\/wildlife-travel.com\/wp-content\/uploads\/2026\/03\/Einfarbstare-in-Tarifa-42-scaled.jpg\" width=\"2560\" height=\"1707\" srcset=\"https:\/\/wildlife-travel.com\/wp-content\/uploads\/2026\/03\/Einfarbstare-in-Tarifa-42-scaled.jpg 2560w, https:\/\/wildlife-travel.com\/wp-content\/uploads\/2026\/03\/Einfarbstare-in-Tarifa-42-300x200.jpg 300w, https:\/\/wildlife-travel.com\/wp-content\/uploads\/2026\/03\/Einfarbstare-in-Tarifa-42-1024x683.jpg 1024w, https:\/\/wildlife-travel.com\/wp-content\/uploads\/2026\/03\/Einfarbstare-in-Tarifa-42-768x512.jpg 768w, https:\/\/wildlife-travel.com\/wp-content\/uploads\/2026\/03\/Einfarbstare-in-Tarifa-42-1536x1024.jpg 1536w, https:\/\/wildlife-travel.com\/wp-content\/uploads\/2026\/03\/Einfarbstare-in-Tarifa-42-2048x1365.jpg 2048w, https:\/\/wildlife-travel.com\/wp-content\/uploads\/2026\/03\/Einfarbstare-in-Tarifa-42-840x560.jpg 840w, https:\/\/wildlife-travel.com\/wp-content\/uploads\/2026\/03\/Einfarbstare-in-Tarifa-42-120x80.jpg 120w, https:\/\/wildlife-travel.com\/wp-content\/uploads\/2026\/03\/Einfarbstare-in-Tarifa-42-360x240.jpg 360w, https:\/\/wildlife-travel.com\/wp-content\/uploads\/2026\/03\/Einfarbstare-in-Tarifa-42-600x400.jpg 600w, https:\/\/wildlife-travel.com\/wp-content\/uploads\/2026\/03\/Einfarbstare-in-Tarifa-42-272x182.jpg 272w\" sizes=\"(max-width: 2560px) 100vw, 2560px\" title=\"Einfarbstare-in-Tarifa (42)\" alt=\"V\u00f6gel beobachten in Andalusien\" \t\tclass=\"so-widget-image\"\/>\n\t<\/div>\n\n<\/div><\/div><\/div><\/div><div id=\"pg-31979-66\"  class=\"panel-grid panel-no-style\" ><div id=\"pgc-31979-66-0\"  class=\"panel-grid-cell\" ><div id=\"panel-31979-66-0-0\" class=\"so-panel widget widget_sow-editor panel-first-child panel-last-child\" data-index=\"75\" ><div\n\t\t\t\n\t\t\tclass=\"so-widget-sow-editor so-widget-sow-editor-base\"\n\t\t\t\n\t\t>\n<div class=\"siteorigin-widget-tinymce textwidget\">\n\t<p>Einen Vogel vermisste ich an diesem Morgen jedoch besonders: das Schwarzkehlchen. In Tarifa begegneten sie mir sonst fast \u00fcberall, doch an der Mauer des Turms Torre de Aljaranda waren sie diesmal gar nicht zu sehen. Aber klar, eine Steinmauer ist auch nicht ihr bevorzugter Lebensraum... Daf\u00fcr kann man die Schwarzkehlchen umso h\u00e4ufiger am Strand Playa de los Lances sehen (Foto).<\/p>\n<p>Auch wenn ich an diesem Morgen keine Schwarzkehlchen beobachten konnte, war es ein wunderbarer Morgen voller Begegnungen und Beobachtungen \u2013 ein kleiner Einblick in die vielf\u00e4ltige Vogelwelt Tarifas.<\/p>\n<\/div>\n<\/div><\/div><\/div><\/div><div id=\"pg-31979-67\"  class=\"panel-grid panel-no-style\" ><div id=\"pgc-31979-67-0\"  class=\"panel-grid-cell\" ><div id=\"panel-31979-67-0-0\" class=\"so-panel widget widget_sow-image panel-first-child panel-last-child\" data-index=\"76\" ><div\n\t\t\t\n\t\t\tclass=\"so-widget-sow-image so-widget-sow-image-default-8b5b6f678277-31979\"\n\t\t\t\n\t\t>\n<div class=\"sow-image-container\">\n\t\t<img \n\tsrc=\"https:\/\/wildlife-travel.com\/wp-content\/uploads\/2026\/03\/Einfarbstare-in-Tarifa-43-scaled.jpg\" width=\"2560\" height=\"1707\" srcset=\"https:\/\/wildlife-travel.com\/wp-content\/uploads\/2026\/03\/Einfarbstare-in-Tarifa-43-scaled.jpg 2560w, https:\/\/wildlife-travel.com\/wp-content\/uploads\/2026\/03\/Einfarbstare-in-Tarifa-43-300x200.jpg 300w, https:\/\/wildlife-travel.com\/wp-content\/uploads\/2026\/03\/Einfarbstare-in-Tarifa-43-1024x683.jpg 1024w, https:\/\/wildlife-travel.com\/wp-content\/uploads\/2026\/03\/Einfarbstare-in-Tarifa-43-768x512.jpg 768w, https:\/\/wildlife-travel.com\/wp-content\/uploads\/2026\/03\/Einfarbstare-in-Tarifa-43-1536x1024.jpg 1536w, https:\/\/wildlife-travel.com\/wp-content\/uploads\/2026\/03\/Einfarbstare-in-Tarifa-43-2048x1365.jpg 2048w, https:\/\/wildlife-travel.com\/wp-content\/uploads\/2026\/03\/Einfarbstare-in-Tarifa-43-840x560.jpg 840w, https:\/\/wildlife-travel.com\/wp-content\/uploads\/2026\/03\/Einfarbstare-in-Tarifa-43-120x80.jpg 120w, https:\/\/wildlife-travel.com\/wp-content\/uploads\/2026\/03\/Einfarbstare-in-Tarifa-43-360x240.jpg 360w, https:\/\/wildlife-travel.com\/wp-content\/uploads\/2026\/03\/Einfarbstare-in-Tarifa-43-600x400.jpg 600w, https:\/\/wildlife-travel.com\/wp-content\/uploads\/2026\/03\/Einfarbstare-in-Tarifa-43-272x182.jpg 272w\" sizes=\"(max-width: 2560px) 100vw, 2560px\" title=\"Einfarbstare-in-Tarifa (43)\" alt=\"V\u00f6gel beobachten in Andalusien\" \t\tclass=\"so-widget-image\"\/>\n\t<\/div>\n\n<\/div><\/div><\/div><\/div><div id=\"pg-31979-68\"  class=\"panel-grid panel-no-style\" ><div id=\"pgc-31979-68-0\"  class=\"panel-grid-cell\" ><div id=\"panel-31979-68-0-0\" class=\"so-panel widget widget_sow-editor panel-first-child panel-last-child\" data-index=\"77\" ><div class=\"panel-widget-style panel-widget-style-for-31979-68-0-0\" ><div\n\t\t\t\n\t\t\tclass=\"so-widget-sow-editor so-widget-sow-editor-base\"\n\t\t\t\n\t\t>\n<div class=\"siteorigin-widget-tinymce textwidget\">\n\t<p><span style=\"font-size: 16pt;\"><strong>Information:<\/strong><\/span> Wenn du noch mehr \u00fcber die Vogelwelt Tarifas im Oktober erfahren m\u00f6chtest, wirf doch einen Blick in meinen fr\u00fcheren Beitrag. Dort berichte ich nicht nur von meinen Begegnungen mit den Schwarzkehlchen, sondern auch von vielen anderen Arten.<\/p>\n<\/div>\n<\/div><\/div><\/div><\/div><\/div><div id=\"pg-31979-69\"  class=\"panel-grid panel-no-style\" ><div id=\"pgc-31979-69-0\"  class=\"panel-grid-cell\" ><div id=\"panel-31979-69-0-0\" class=\"so-panel widget widget_sow-editor panel-first-child panel-last-child\" data-index=\"78\" ><div\n\t\t\t\n\t\t\tclass=\"so-widget-sow-editor so-widget-sow-editor-base\"\n\t\t\t\n\t\t>\n<div class=\"siteorigin-widget-tinymce textwidget\">\n\t<h2><span class=\"ez-toc-section\" id=\"Mehr_Informationen\"><\/span>Mehr Informationen<span class=\"ez-toc-section-end\"><\/span><\/h2>\n<\/div>\n<\/div><\/div><\/div><\/div><div id=\"pg-31979-70\"  class=\"panel-grid panel-no-style\" ><div id=\"pgc-31979-70-0\"  class=\"panel-grid-cell\" ><div id=\"panel-31979-70-0-0\" class=\"so-panel widget widget_sow-editor panel-first-child panel-last-child\" data-index=\"79\" ><div class=\"panel-widget-style panel-widget-style-for-31979-70-0-0\" ><div\n\t\t\t\n\t\t\tclass=\"so-widget-sow-editor so-widget-sow-editor-base\"\n\t\t\t\n\t\t>\n<div class=\"siteorigin-widget-tinymce textwidget\">\n\t<p><a href=\"https:\/\/wildlife-travel.com\/de\/voegel-beobachten-in-tarifa-spanien\/\" target=\"_blank\" rel=\"noopener\">V\u00f6gel beobachten<\/a> im Naturpark El Estrecho und am Strand Playa de los Lances<\/p>\n<p>V\u00f6gel in <a href=\"https:\/\/wildlife-travel.com\/de\/voegel-in-barbate-und-umgebung-spanien\/\" target=\"_blank\" rel=\"noopener\">Barbate<\/a><\/p>\n<p><a href=\"https:\/\/wildlife-travel.com\/de\/delfine-vor-tarifa-spanien\/\" target=\"_blank\" rel=\"noopener\">Wale und Delfine<\/a> in Tarifa<\/p>\n<\/div>\n<\/div><\/div><\/div><\/div><\/div><div id=\"pg-31979-71\"  class=\"panel-grid panel-no-style\" ><div id=\"pgc-31979-71-0\"  class=\"panel-grid-cell\" ><div id=\"panel-31979-71-0-0\" class=\"so-panel widget widget_sow-editor panel-first-child panel-last-child\" data-index=\"80\" ><div\n\t\t\t\n\t\t\tclass=\"so-widget-sow-editor so-widget-sow-editor-base\"\n\t\t\t\n\t\t>\n<div class=\"siteorigin-widget-tinymce textwidget\">\n\t<p><strong>Hast du die Einfarbstare in Tarifa auch schon beobachtet? Oder hast du Einfarbstare oder Gemeine Stare an einem anderen Ort erlebt? Lass es uns doch in den Kommentaren wissen.<\/strong><\/p>\n<\/div>\n<\/div><\/div><\/div><\/div><div id=\"pg-31979-72\"  class=\"panel-grid panel-no-style\" ><div id=\"pgc-31979-72-0\"  class=\"panel-grid-cell\" ><div id=\"panel-31979-72-0-0\" class=\"so-panel widget widget_sow-image panel-first-child panel-last-child\" data-index=\"81\" ><div\n\t\t\t\n\t\t\tclass=\"so-widget-sow-image so-widget-sow-image-default-8b5b6f678277-31979\"\n\t\t\t\n\t\t>\n<div class=\"sow-image-container\">\n\t\t<img \n\tsrc=\"https:\/\/wildlife-travel.com\/wp-content\/uploads\/2026\/03\/Einfarbstare-in-Tarifa-DE1.jpg\" width=\"800\" height=\"1200\" srcset=\"https:\/\/wildlife-travel.com\/wp-content\/uploads\/2026\/03\/Einfarbstare-in-Tarifa-DE1.jpg 800w, https:\/\/wildlife-travel.com\/wp-content\/uploads\/2026\/03\/Einfarbstare-in-Tarifa-DE1-200x300.jpg 200w, https:\/\/wildlife-travel.com\/wp-content\/uploads\/2026\/03\/Einfarbstare-in-Tarifa-DE1-683x1024.jpg 683w, https:\/\/wildlife-travel.com\/wp-content\/uploads\/2026\/03\/Einfarbstare-in-Tarifa-DE1-768x1152.jpg 768w\" sizes=\"(max-width: 800px) 100vw, 800px\" alt=\"Einfarbstare in Tarifa\" \t\tclass=\"so-widget-image\"\/>\n\t<\/div>\n\n<\/div><\/div><\/div><div id=\"pgc-31979-72-1\"  class=\"panel-grid-cell\" ><div id=\"panel-31979-72-1-0\" class=\"so-panel widget widget_sow-image panel-first-child panel-last-child\" data-index=\"82\" ><div\n\t\t\t\n\t\t\tclass=\"so-widget-sow-image so-widget-sow-image-default-8b5b6f678277-31979\"\n\t\t\t\n\t\t>\n<div class=\"sow-image-container\">\n\t\t<img \n\tsrc=\"https:\/\/wildlife-travel.com\/wp-content\/uploads\/2026\/03\/Einfarbstare-in-Tarifa-DE2.jpg\" width=\"800\" height=\"1200\" srcset=\"https:\/\/wildlife-travel.com\/wp-content\/uploads\/2026\/03\/Einfarbstare-in-Tarifa-DE2.jpg 800w, https:\/\/wildlife-travel.com\/wp-content\/uploads\/2026\/03\/Einfarbstare-in-Tarifa-DE2-200x300.jpg 200w, https:\/\/wildlife-travel.com\/wp-content\/uploads\/2026\/03\/Einfarbstare-in-Tarifa-DE2-683x1024.jpg 683w, https:\/\/wildlife-travel.com\/wp-content\/uploads\/2026\/03\/Einfarbstare-in-Tarifa-DE2-768x1152.jpg 768w\" sizes=\"(max-width: 800px) 100vw, 800px\" alt=\"Einfarbstare in Tarifa\" \t\tclass=\"so-widget-image\"\/>\n\t<\/div>\n\n<\/div><\/div><\/div><\/div><\/div>","protected":false},"excerpt":{"rendered":"","protected":false},"author":1,"featured_media":31984,"comment_status":"open","ping_status":"closed","sticky":false,"template":"","format":"standard","meta":{"_monsterinsights_skip_tracking":false,"_monsterinsights_sitenote_active":false,"_monsterinsights_sitenote_note":"","_monsterinsights_sitenote_category":0,"footnotes":""},"categories":[230],"tags":[],"class_list":["post-31979","post","type-post","status-publish","format-standard","has-post-thumbnail","hentry","category-spanien"],"yoast_head":"<!-- This site is optimized with the Yoast SEO plugin v27.5 - https:\/\/yoast.com\/product\/yoast-seo-wordpress\/ -->\n<title>Einfarbstare in Tarifa, Spanien<\/title>\n<meta name=\"description\" content=\"Einfarbstare in Tarifa und viele weitere V\u00f6gel im El Estrecho, am Strand Playa de los Lances oder in der Stadt. Mehr auf dem Blog...\" \/>\n<meta name=\"robots\" content=\"index, follow, max-snippet:-1, max-image-preview:large, max-video-preview:-1\" \/>\n<link rel=\"canonical\" href=\"https:\/\/wildlife-travel.com\/de\/einfarbstare-in-tarifa-spanien\/\" \/>\n<meta property=\"og:locale\" content=\"de_DE\" \/>\n<meta property=\"og:type\" content=\"article\" \/>\n<meta property=\"og:title\" content=\"Einfarbstare in Tarifa, Spanien\" \/>\n<meta property=\"og:description\" content=\"Einfarbstare in Tarifa und viele weitere V\u00f6gel im El Estrecho, am Strand Playa de los Lances oder in der Stadt. Mehr auf dem Blog...\" \/>\n<meta property=\"og:url\" content=\"https:\/\/wildlife-travel.com\/de\/einfarbstare-in-tarifa-spanien\/\" \/>\n<meta property=\"article:published_time\" content=\"2026-03-27T11:00:37+00:00\" \/>\n<meta property=\"article:modified_time\" content=\"2026-03-29T12:19:51+00:00\" \/>\n<meta property=\"og:image\" content=\"https:\/\/wildlife-travel.com\/wp-content\/uploads\/2026\/03\/Einfarbstare-in-Tarifa-Titelbild.jpg\" \/>\n\t<meta property=\"og:image:width\" content=\"2500\" \/>\n\t<meta property=\"og:image:height\" content=\"800\" \/>\n\t<meta property=\"og:image:type\" content=\"image\/jpeg\" \/>\n<meta name=\"author\" content=\"Tanja Heinz\" \/>\n<meta name=\"twitter:card\" content=\"summary_large_image\" \/>\n<meta name=\"twitter:label1\" content=\"Written by\" \/>\n\t<meta name=\"twitter:data1\" content=\"Tanja Heinz\" \/>\n\t<meta name=\"twitter:label2\" content=\"Est. reading time\" \/>\n\t<meta name=\"twitter:data2\" content=\"20 minutes\" \/>\n<script type=\"application\/ld+json\" class=\"yoast-schema-graph\">{\"@context\":\"https:\\\/\\\/schema.org\",\"@graph\":[{\"@type\":\"Article\",\"@id\":\"https:\\\/\\\/wildlife-travel.com\\\/de\\\/einfarbstare-in-tarifa-spanien\\\/#article\",\"isPartOf\":{\"@id\":\"https:\\\/\\\/wildlife-travel.com\\\/de\\\/einfarbstare-in-tarifa-spanien\\\/\"},\"author\":{\"name\":\"Tanja Heinz\",\"@id\":\"https:\\\/\\\/wildlife-travel.com\\\/de\\\/#\\\/schema\\\/person\\\/37ec276948c84f4f860abef1a19c2e62\"},\"headline\":\"Einfarbstare in Tarifa, Spanien\",\"datePublished\":\"2026-03-27T11:00:37+00:00\",\"dateModified\":\"2026-03-29T12:19:51+00:00\",\"mainEntityOfPage\":{\"@id\":\"https:\\\/\\\/wildlife-travel.com\\\/de\\\/einfarbstare-in-tarifa-spanien\\\/\"},\"wordCount\":2436,\"commentCount\":0,\"publisher\":{\"@id\":\"https:\\\/\\\/wildlife-travel.com\\\/de\\\/#\\\/schema\\\/person\\\/37ec276948c84f4f860abef1a19c2e62\"},\"image\":{\"@id\":\"https:\\\/\\\/wildlife-travel.com\\\/de\\\/einfarbstare-in-tarifa-spanien\\\/#primaryimage\"},\"thumbnailUrl\":\"https:\\\/\\\/wildlife-travel.com\\\/wp-content\\\/uploads\\\/2026\\\/03\\\/Einfarbstare-in-Tarifa-Titelbild.jpg\",\"articleSection\":[\"Spanien\"],\"inLanguage\":\"de-DE\",\"potentialAction\":[{\"@type\":\"CommentAction\",\"name\":\"Comment\",\"target\":[\"https:\\\/\\\/wildlife-travel.com\\\/de\\\/einfarbstare-in-tarifa-spanien\\\/#respond\"]}]},{\"@type\":\"WebPage\",\"@id\":\"https:\\\/\\\/wildlife-travel.com\\\/de\\\/einfarbstare-in-tarifa-spanien\\\/\",\"url\":\"https:\\\/\\\/wildlife-travel.com\\\/de\\\/einfarbstare-in-tarifa-spanien\\\/\",\"name\":\"Einfarbstare in Tarifa, Spanien\",\"isPartOf\":{\"@id\":\"https:\\\/\\\/wildlife-travel.com\\\/de\\\/#website\"},\"primaryImageOfPage\":{\"@id\":\"https:\\\/\\\/wildlife-travel.com\\\/de\\\/einfarbstare-in-tarifa-spanien\\\/#primaryimage\"},\"image\":{\"@id\":\"https:\\\/\\\/wildlife-travel.com\\\/de\\\/einfarbstare-in-tarifa-spanien\\\/#primaryimage\"},\"thumbnailUrl\":\"https:\\\/\\\/wildlife-travel.com\\\/wp-content\\\/uploads\\\/2026\\\/03\\\/Einfarbstare-in-Tarifa-Titelbild.jpg\",\"datePublished\":\"2026-03-27T11:00:37+00:00\",\"dateModified\":\"2026-03-29T12:19:51+00:00\",\"description\":\"Einfarbstare in Tarifa und viele weitere V\u00f6gel im El Estrecho, am Strand Playa de los Lances oder in der Stadt. Mehr auf dem Blog...\",\"breadcrumb\":{\"@id\":\"https:\\\/\\\/wildlife-travel.com\\\/de\\\/einfarbstare-in-tarifa-spanien\\\/#breadcrumb\"},\"inLanguage\":\"de-DE\",\"potentialAction\":[{\"@type\":\"ReadAction\",\"target\":[\"https:\\\/\\\/wildlife-travel.com\\\/de\\\/einfarbstare-in-tarifa-spanien\\\/\"]}]},{\"@type\":\"ImageObject\",\"inLanguage\":\"de-DE\",\"@id\":\"https:\\\/\\\/wildlife-travel.com\\\/de\\\/einfarbstare-in-tarifa-spanien\\\/#primaryimage\",\"url\":\"https:\\\/\\\/wildlife-travel.com\\\/wp-content\\\/uploads\\\/2026\\\/03\\\/Einfarbstare-in-Tarifa-Titelbild.jpg\",\"contentUrl\":\"https:\\\/\\\/wildlife-travel.com\\\/wp-content\\\/uploads\\\/2026\\\/03\\\/Einfarbstare-in-Tarifa-Titelbild.jpg\",\"width\":2500,\"height\":800,\"caption\":\"Einfarbstare in Tarifa\"},{\"@type\":\"BreadcrumbList\",\"@id\":\"https:\\\/\\\/wildlife-travel.com\\\/de\\\/einfarbstare-in-tarifa-spanien\\\/#breadcrumb\",\"itemListElement\":[{\"@type\":\"ListItem\",\"position\":1,\"name\":\"Startseite\",\"item\":\"https:\\\/\\\/wildlife-travel.com\\\/de\\\/\"},{\"@type\":\"ListItem\",\"position\":2,\"name\":\"Einfarbstare in Tarifa, Spanien\"}]},{\"@type\":\"WebSite\",\"@id\":\"https:\\\/\\\/wildlife-travel.com\\\/de\\\/#website\",\"url\":\"https:\\\/\\\/wildlife-travel.com\\\/de\\\/\",\"name\":\"\",\"description\":\"Wildlife Travel\",\"publisher\":{\"@id\":\"https:\\\/\\\/wildlife-travel.com\\\/de\\\/#\\\/schema\\\/person\\\/37ec276948c84f4f860abef1a19c2e62\"},\"potentialAction\":[{\"@type\":\"SearchAction\",\"target\":{\"@type\":\"EntryPoint\",\"urlTemplate\":\"https:\\\/\\\/wildlife-travel.com\\\/de\\\/?s={search_term_string}\"},\"query-input\":{\"@type\":\"PropertyValueSpecification\",\"valueRequired\":true,\"valueName\":\"search_term_string\"}}],\"inLanguage\":\"de-DE\"},{\"@type\":[\"Person\",\"Organization\"],\"@id\":\"https:\\\/\\\/wildlife-travel.com\\\/de\\\/#\\\/schema\\\/person\\\/37ec276948c84f4f860abef1a19c2e62\",\"name\":\"Tanja Heinz\",\"logo\":{\"@id\":\"https:\\\/\\\/wildlife-travel.com\\\/de\\\/#\\\/schema\\\/person\\\/image\\\/\"}}]}<\/script>\n<!-- \/ Yoast SEO plugin. -->","yoast_head_json":{"title":"Einfarbstare in Tarifa, Spanien","description":"Einfarbstare in Tarifa und viele weitere V\u00f6gel im El Estrecho, am Strand Playa de los Lances oder in der Stadt. Mehr auf dem Blog...","robots":{"index":"index","follow":"follow","max-snippet":"max-snippet:-1","max-image-preview":"max-image-preview:large","max-video-preview":"max-video-preview:-1"},"canonical":"https:\/\/wildlife-travel.com\/de\/einfarbstare-in-tarifa-spanien\/","og_locale":"de_DE","og_type":"article","og_title":"Einfarbstare in Tarifa, Spanien","og_description":"Einfarbstare in Tarifa und viele weitere V\u00f6gel im El Estrecho, am Strand Playa de los Lances oder in der Stadt. Mehr auf dem Blog...","og_url":"https:\/\/wildlife-travel.com\/de\/einfarbstare-in-tarifa-spanien\/","article_published_time":"2026-03-27T11:00:37+00:00","article_modified_time":"2026-03-29T12:19:51+00:00","og_image":[{"width":2500,"height":800,"url":"https:\/\/wildlife-travel.com\/wp-content\/uploads\/2026\/03\/Einfarbstare-in-Tarifa-Titelbild.jpg","type":"image\/jpeg"}],"author":"Tanja Heinz","twitter_card":"summary_large_image","twitter_misc":{"Written by":"Tanja Heinz","Est. reading time":"20 minutes"},"schema":{"@context":"https:\/\/schema.org","@graph":[{"@type":"Article","@id":"https:\/\/wildlife-travel.com\/de\/einfarbstare-in-tarifa-spanien\/#article","isPartOf":{"@id":"https:\/\/wildlife-travel.com\/de\/einfarbstare-in-tarifa-spanien\/"},"author":{"name":"Tanja Heinz","@id":"https:\/\/wildlife-travel.com\/de\/#\/schema\/person\/37ec276948c84f4f860abef1a19c2e62"},"headline":"Einfarbstare in Tarifa, Spanien","datePublished":"2026-03-27T11:00:37+00:00","dateModified":"2026-03-29T12:19:51+00:00","mainEntityOfPage":{"@id":"https:\/\/wildlife-travel.com\/de\/einfarbstare-in-tarifa-spanien\/"},"wordCount":2436,"commentCount":0,"publisher":{"@id":"https:\/\/wildlife-travel.com\/de\/#\/schema\/person\/37ec276948c84f4f860abef1a19c2e62"},"image":{"@id":"https:\/\/wildlife-travel.com\/de\/einfarbstare-in-tarifa-spanien\/#primaryimage"},"thumbnailUrl":"https:\/\/wildlife-travel.com\/wp-content\/uploads\/2026\/03\/Einfarbstare-in-Tarifa-Titelbild.jpg","articleSection":["Spanien"],"inLanguage":"de-DE","potentialAction":[{"@type":"CommentAction","name":"Comment","target":["https:\/\/wildlife-travel.com\/de\/einfarbstare-in-tarifa-spanien\/#respond"]}]},{"@type":"WebPage","@id":"https:\/\/wildlife-travel.com\/de\/einfarbstare-in-tarifa-spanien\/","url":"https:\/\/wildlife-travel.com\/de\/einfarbstare-in-tarifa-spanien\/","name":"Einfarbstare in Tarifa, Spanien","isPartOf":{"@id":"https:\/\/wildlife-travel.com\/de\/#website"},"primaryImageOfPage":{"@id":"https:\/\/wildlife-travel.com\/de\/einfarbstare-in-tarifa-spanien\/#primaryimage"},"image":{"@id":"https:\/\/wildlife-travel.com\/de\/einfarbstare-in-tarifa-spanien\/#primaryimage"},"thumbnailUrl":"https:\/\/wildlife-travel.com\/wp-content\/uploads\/2026\/03\/Einfarbstare-in-Tarifa-Titelbild.jpg","datePublished":"2026-03-27T11:00:37+00:00","dateModified":"2026-03-29T12:19:51+00:00","description":"Einfarbstare in Tarifa und viele weitere V\u00f6gel im El Estrecho, am Strand Playa de los Lances oder in der Stadt. Mehr auf dem Blog...","breadcrumb":{"@id":"https:\/\/wildlife-travel.com\/de\/einfarbstare-in-tarifa-spanien\/#breadcrumb"},"inLanguage":"de-DE","potentialAction":[{"@type":"ReadAction","target":["https:\/\/wildlife-travel.com\/de\/einfarbstare-in-tarifa-spanien\/"]}]},{"@type":"ImageObject","inLanguage":"de-DE","@id":"https:\/\/wildlife-travel.com\/de\/einfarbstare-in-tarifa-spanien\/#primaryimage","url":"https:\/\/wildlife-travel.com\/wp-content\/uploads\/2026\/03\/Einfarbstare-in-Tarifa-Titelbild.jpg","contentUrl":"https:\/\/wildlife-travel.com\/wp-content\/uploads\/2026\/03\/Einfarbstare-in-Tarifa-Titelbild.jpg","width":2500,"height":800,"caption":"Einfarbstare in Tarifa"},{"@type":"BreadcrumbList","@id":"https:\/\/wildlife-travel.com\/de\/einfarbstare-in-tarifa-spanien\/#breadcrumb","itemListElement":[{"@type":"ListItem","position":1,"name":"Startseite","item":"https:\/\/wildlife-travel.com\/de\/"},{"@type":"ListItem","position":2,"name":"Einfarbstare in Tarifa, Spanien"}]},{"@type":"WebSite","@id":"https:\/\/wildlife-travel.com\/de\/#website","url":"https:\/\/wildlife-travel.com\/de\/","name":"","description":"Wildlife Travel","publisher":{"@id":"https:\/\/wildlife-travel.com\/de\/#\/schema\/person\/37ec276948c84f4f860abef1a19c2e62"},"potentialAction":[{"@type":"SearchAction","target":{"@type":"EntryPoint","urlTemplate":"https:\/\/wildlife-travel.com\/de\/?s={search_term_string}"},"query-input":{"@type":"PropertyValueSpecification","valueRequired":true,"valueName":"search_term_string"}}],"inLanguage":"de-DE"},{"@type":["Person","Organization"],"@id":"https:\/\/wildlife-travel.com\/de\/#\/schema\/person\/37ec276948c84f4f860abef1a19c2e62","name":"Tanja Heinz","logo":{"@id":"https:\/\/wildlife-travel.com\/de\/#\/schema\/person\/image\/"}}]}},"_links":{"self":[{"href":"https:\/\/wildlife-travel.com\/de\/wp-json\/wp\/v2\/posts\/31979","targetHints":{"allow":["GET"]}}],"collection":[{"href":"https:\/\/wildlife-travel.com\/de\/wp-json\/wp\/v2\/posts"}],"about":[{"href":"https:\/\/wildlife-travel.com\/de\/wp-json\/wp\/v2\/types\/post"}],"author":[{"embeddable":true,"href":"https:\/\/wildlife-travel.com\/de\/wp-json\/wp\/v2\/users\/1"}],"replies":[{"embeddable":true,"href":"https:\/\/wildlife-travel.com\/de\/wp-json\/wp\/v2\/comments?post=31979"}],"version-history":[{"count":0,"href":"https:\/\/wildlife-travel.com\/de\/wp-json\/wp\/v2\/posts\/31979\/revisions"}],"wp:featuredmedia":[{"embeddable":true,"href":"https:\/\/wildlife-travel.com\/de\/wp-json\/wp\/v2\/media\/31984"}],"wp:attachment":[{"href":"https:\/\/wildlife-travel.com\/de\/wp-json\/wp\/v2\/media?parent=31979"}],"wp:term":[{"taxonomy":"category","embeddable":true,"href":"https:\/\/wildlife-travel.com\/de\/wp-json\/wp\/v2\/categories?post=31979"},{"taxonomy":"post_tag","embeddable":true,"href":"https:\/\/wildlife-travel.com\/de\/wp-json\/wp\/v2\/tags?post=31979"}],"curies":[{"name":"wp","href":"https:\/\/api.w.org\/{rel}","templated":true}]}}