{"id":32037,"date":"2026-03-28T12:00:16","date_gmt":"2026-03-28T11:00:16","guid":{"rendered":"https:\/\/wildlife-travel.com\/?p=32037"},"modified":"2026-03-29T14:21:27","modified_gmt":"2026-03-29T12:21:27","slug":"voegel-in-barbate-und-umgebung-spanien","status":"publish","type":"post","link":"https:\/\/wildlife-travel.com\/de\/voegel-in-barbate-und-umgebung-spanien\/","title":{"rendered":"V\u00f6gel in Barbate und Umgebung, Spanien"},"content":{"rendered":"<div id=\"pl-32037\"  class=\"panel-layout\" ><div id=\"pg-32037-0\"  class=\"panel-grid panel-no-style\" ><div id=\"pgc-32037-0-0\"  class=\"panel-grid-cell\" ><div id=\"panel-32037-0-0-0\" class=\"so-panel widget widget_sow-editor panel-first-child panel-last-child\" data-index=\"0\" ><div\n\t\t\t\n\t\t\tclass=\"so-widget-sow-editor so-widget-sow-editor-base\"\n\t\t\t\n\t\t>\n<div class=\"siteorigin-widget-tinymce textwidget\">\n\t<p><strong>Im Oktober bietet die Region um Barbate in Andalusien fantastische M\u00f6glichkeiten, V\u00f6gel zu beobachten. In diesem Blogbeitrag \u00fcber V\u00f6gel in Barbate berichte ich von den verschiedenen Vogelarten, die mir in dieser Ecke Spaniens begegnet sind. Wer gerne Vogelarten in Spanien entdecken m\u00f6chte, findet hier zahlreiche faszinierende Begegnungen.<\/strong><\/p>\n<\/div>\n<\/div><\/div><\/div><\/div><div id=\"pg-32037-1\"  class=\"panel-grid panel-no-style\" ><div id=\"pgc-32037-1-0\"  class=\"panel-grid-cell\" ><div id=\"panel-32037-1-0-0\" class=\"so-panel widget widget_sow-editor panel-first-child panel-last-child\" data-index=\"1\" ><div\n\t\t\t\n\t\t\tclass=\"so-widget-sow-editor so-widget-sow-editor-base\"\n\t\t\t\n\t\t>\n<div class=\"siteorigin-widget-tinymce textwidget\">\n\t<p>Schwarzkehlchen im Naturpark El Estrecho, Flamingos am Strand Playa de los Lances und unz\u00e4hlige Einfarbstare im Zentrum von Tarifa \u2013 das kleine St\u00e4dtchen, der s\u00fcdlichste Ort des europ\u00e4ischen Festlands, ist ein einzigartiger Platz f\u00fcr Vogelbeobachtungen. Hier treffen nicht nur Atlantik und Mittelmeer aufeinander, was vielen Meeress\u00e4ugetieren eine reiche Nahrungsquelle bietet, sondern von Tarifa sind es auch nur noch 14 km \u00fcber das Wasser bis zum afrikanischen Kontinent.<\/p>\n<p>Doch an einem Tag zog es mich weg von Tarifa, um V\u00f6gel in Barbate zu beobachten und in der Hoffnung, einen ganz besonderen Vogel zu entdecken: den Waldrapp. Um es gleich vorwegzunehmen: Leider hatte ich kein Gl\u00fcck. Zwar halten sich die Waldrappe im Herbst und Winter in der Umgebung von Barbate in Andalusien auf, doch keiner von ihnen zeigte sich an diesem Tag.<\/p>\n<p>Stattdessen begegneten mir zahlreiche andere Vogelarten. Zun\u00e4chst entdeckte ich in Barbate unter einer Br\u00fccke an einer vielbefahrenen Stra\u00dfe zahlreiche Mittelmeerm\u00f6wen.<\/p>\n<\/div>\n<\/div><\/div><\/div><\/div><div id=\"pg-32037-2\"  class=\"panel-grid panel-no-style\" ><div id=\"pgc-32037-2-0\"  class=\"panel-grid-cell\" ><div id=\"panel-32037-2-0-0\" class=\"so-panel widget widget_sow-image panel-first-child panel-last-child\" data-index=\"2\" ><div\n\t\t\t\n\t\t\tclass=\"so-widget-sow-image so-widget-sow-image-default-8b5b6f678277-32037\"\n\t\t\t\n\t\t>\n<div class=\"sow-image-container\">\n\t\t<img \n\tsrc=\"https:\/\/wildlife-travel.com\/wp-content\/uploads\/2026\/03\/Voegel-in-Barbate-1-scaled.jpg\" width=\"2560\" height=\"1707\" srcset=\"https:\/\/wildlife-travel.com\/wp-content\/uploads\/2026\/03\/Voegel-in-Barbate-1-scaled.jpg 2560w, https:\/\/wildlife-travel.com\/wp-content\/uploads\/2026\/03\/Voegel-in-Barbate-1-300x200.jpg 300w, https:\/\/wildlife-travel.com\/wp-content\/uploads\/2026\/03\/Voegel-in-Barbate-1-1024x683.jpg 1024w, https:\/\/wildlife-travel.com\/wp-content\/uploads\/2026\/03\/Voegel-in-Barbate-1-768x512.jpg 768w, https:\/\/wildlife-travel.com\/wp-content\/uploads\/2026\/03\/Voegel-in-Barbate-1-1536x1024.jpg 1536w, https:\/\/wildlife-travel.com\/wp-content\/uploads\/2026\/03\/Voegel-in-Barbate-1-2048x1365.jpg 2048w, https:\/\/wildlife-travel.com\/wp-content\/uploads\/2026\/03\/Voegel-in-Barbate-1-840x560.jpg 840w, https:\/\/wildlife-travel.com\/wp-content\/uploads\/2026\/03\/Voegel-in-Barbate-1-120x80.jpg 120w, https:\/\/wildlife-travel.com\/wp-content\/uploads\/2026\/03\/Voegel-in-Barbate-1-360x240.jpg 360w, https:\/\/wildlife-travel.com\/wp-content\/uploads\/2026\/03\/Voegel-in-Barbate-1-600x400.jpg 600w, https:\/\/wildlife-travel.com\/wp-content\/uploads\/2026\/03\/Voegel-in-Barbate-1-272x182.jpg 272w\" sizes=\"(max-width: 2560px) 100vw, 2560px\" title=\"V\u00f6gel-in-Barbate (1)\" alt=\"V\u00f6gel in Barbate\" \t\tclass=\"so-widget-image\"\/>\n\t<\/div>\n\n<\/div><\/div><\/div><\/div><div id=\"pg-32037-3\"  class=\"panel-grid panel-no-style\" ><div id=\"pgc-32037-3-0\"  class=\"panel-grid-cell\" ><div id=\"panel-32037-3-0-0\" class=\"so-panel widget widget_sow-editor panel-first-child panel-last-child\" data-index=\"3\" ><div\n\t\t\t\n\t\t\tclass=\"so-widget-sow-editor so-widget-sow-editor-base\"\n\t\t\t\n\t\t>\n<div class=\"siteorigin-widget-tinymce textwidget\">\n\t<p>Die Gegend um Barbate zeichnet sich durch lange Sandstr\u00e4nde, felsige Buchten, aber auch durch Marschland und Pinienw\u00e4lder aus \u2013 ideale Orte f\u00fcr sch\u00f6ne Wanderungen und Vogelbeobachtungen. Besonders interessant ist der Bereich, wo der Fluss Barbate ins Meer m\u00fcndet: Hier treffen unterschiedliche Lebensr\u00e4ume aufeinander, und viele Vogelarten nutzen die K\u00fcstenbereiche als Nahrungsquelle oder Rastplatz.<\/p>\n<p>An diesem Morgen entdeckte ich dort einen Stelzenl\u00e4ufer, der elegant durch das seichte Wasser streifte. Sein filigraner Gang und das schnelle Aufpicken von Nahrung im Wasser machten ihn zu einem echten Blickfang.<\/p>\n<\/div>\n<\/div><\/div><\/div><\/div><div id=\"pg-32037-4\"  class=\"panel-grid panel-no-style\" ><div id=\"pgc-32037-4-0\"  class=\"panel-grid-cell\" ><div id=\"panel-32037-4-0-0\" class=\"so-panel widget widget_sow-image panel-first-child panel-last-child\" data-index=\"4\" ><div\n\t\t\t\n\t\t\tclass=\"so-widget-sow-image so-widget-sow-image-default-8b5b6f678277-32037\"\n\t\t\t\n\t\t>\n<div class=\"sow-image-container\">\n\t\t<img \n\tsrc=\"https:\/\/wildlife-travel.com\/wp-content\/uploads\/2026\/03\/Voegel-in-Barbate-2-scaled.jpg\" width=\"2560\" height=\"1707\" srcset=\"https:\/\/wildlife-travel.com\/wp-content\/uploads\/2026\/03\/Voegel-in-Barbate-2-scaled.jpg 2560w, https:\/\/wildlife-travel.com\/wp-content\/uploads\/2026\/03\/Voegel-in-Barbate-2-300x200.jpg 300w, https:\/\/wildlife-travel.com\/wp-content\/uploads\/2026\/03\/Voegel-in-Barbate-2-1024x683.jpg 1024w, https:\/\/wildlife-travel.com\/wp-content\/uploads\/2026\/03\/Voegel-in-Barbate-2-768x512.jpg 768w, https:\/\/wildlife-travel.com\/wp-content\/uploads\/2026\/03\/Voegel-in-Barbate-2-1536x1024.jpg 1536w, https:\/\/wildlife-travel.com\/wp-content\/uploads\/2026\/03\/Voegel-in-Barbate-2-2048x1365.jpg 2048w, https:\/\/wildlife-travel.com\/wp-content\/uploads\/2026\/03\/Voegel-in-Barbate-2-840x560.jpg 840w, https:\/\/wildlife-travel.com\/wp-content\/uploads\/2026\/03\/Voegel-in-Barbate-2-120x80.jpg 120w, https:\/\/wildlife-travel.com\/wp-content\/uploads\/2026\/03\/Voegel-in-Barbate-2-360x240.jpg 360w, https:\/\/wildlife-travel.com\/wp-content\/uploads\/2026\/03\/Voegel-in-Barbate-2-600x400.jpg 600w, https:\/\/wildlife-travel.com\/wp-content\/uploads\/2026\/03\/Voegel-in-Barbate-2-272x182.jpg 272w\" sizes=\"(max-width: 2560px) 100vw, 2560px\" title=\"V\u00f6gel-in-Barbate (2)\" alt=\"V\u00f6gel in Barbate\" \t\tclass=\"so-widget-image\"\/>\n\t<\/div>\n\n<\/div><\/div><\/div><\/div><div id=\"pg-32037-5\"  class=\"panel-grid panel-no-style\" ><div id=\"pgc-32037-5-0\"  class=\"panel-grid-cell\" ><div id=\"panel-32037-5-0-0\" class=\"so-panel widget widget_sow-editor panel-first-child panel-last-child\" data-index=\"5\" ><div\n\t\t\t\n\t\t\tclass=\"so-widget-sow-editor so-widget-sow-editor-base\"\n\t\t\t\n\t\t>\n<div class=\"siteorigin-widget-tinymce textwidget\">\n\t<p>Etwas weiter entfernt huschte ein Sandregenpfeifer vorbei. Solche V\u00f6gel sind faszinierend \u2013 auch wenn ich ehrlich zugeben muss, dass ich diese V\u00f6gel aus der Familie der Regenpfeifer oft erst im Nachhinein bestimmen kann, da ich sie so selten sehe und ich sie nicht mit anderen Regenpfeifern verwechseln will.<\/p>\n<p>Interessanterweise sind mir Sandregenpfeifer bereits auf Island und Borkum begegnet. Diese Regenpfeiferarten lassen sich also an recht unterschiedlichen Orten beobachten. Sp\u00e4ter entdeckte ich zudem einige Exemplare in der Umgebung von Lissabon, was zeigt, wie weit verbreitet und dennoch eigenartig verstreut diese V\u00f6gel sind.<\/p>\n<\/div>\n<\/div><\/div><\/div><\/div><div id=\"pg-32037-6\"  class=\"panel-grid panel-no-style\" ><div id=\"pgc-32037-6-0\"  class=\"panel-grid-cell\" ><div id=\"panel-32037-6-0-0\" class=\"so-panel widget widget_sow-image panel-first-child panel-last-child\" data-index=\"6\" ><div\n\t\t\t\n\t\t\tclass=\"so-widget-sow-image so-widget-sow-image-default-8b5b6f678277-32037\"\n\t\t\t\n\t\t>\n<div class=\"sow-image-container\">\n\t\t<img \n\tsrc=\"https:\/\/wildlife-travel.com\/wp-content\/uploads\/2026\/03\/Voegel-in-Barbate-3-scaled.jpg\" width=\"2560\" height=\"1707\" srcset=\"https:\/\/wildlife-travel.com\/wp-content\/uploads\/2026\/03\/Voegel-in-Barbate-3-scaled.jpg 2560w, https:\/\/wildlife-travel.com\/wp-content\/uploads\/2026\/03\/Voegel-in-Barbate-3-300x200.jpg 300w, https:\/\/wildlife-travel.com\/wp-content\/uploads\/2026\/03\/Voegel-in-Barbate-3-1024x683.jpg 1024w, https:\/\/wildlife-travel.com\/wp-content\/uploads\/2026\/03\/Voegel-in-Barbate-3-768x512.jpg 768w, https:\/\/wildlife-travel.com\/wp-content\/uploads\/2026\/03\/Voegel-in-Barbate-3-1536x1024.jpg 1536w, https:\/\/wildlife-travel.com\/wp-content\/uploads\/2026\/03\/Voegel-in-Barbate-3-2048x1365.jpg 2048w, https:\/\/wildlife-travel.com\/wp-content\/uploads\/2026\/03\/Voegel-in-Barbate-3-840x560.jpg 840w, https:\/\/wildlife-travel.com\/wp-content\/uploads\/2026\/03\/Voegel-in-Barbate-3-120x80.jpg 120w, https:\/\/wildlife-travel.com\/wp-content\/uploads\/2026\/03\/Voegel-in-Barbate-3-360x240.jpg 360w, https:\/\/wildlife-travel.com\/wp-content\/uploads\/2026\/03\/Voegel-in-Barbate-3-600x400.jpg 600w, https:\/\/wildlife-travel.com\/wp-content\/uploads\/2026\/03\/Voegel-in-Barbate-3-272x182.jpg 272w\" sizes=\"(max-width: 2560px) 100vw, 2560px\" title=\"V\u00f6gel-in-Barbate (3)\" alt=\"V\u00f6gel in Barbate\" \t\tclass=\"so-widget-image\"\/>\n\t<\/div>\n\n<\/div><\/div><\/div><\/div><div id=\"pg-32037-7\"  class=\"panel-grid panel-no-style\" ><div id=\"pgc-32037-7-0\"  class=\"panel-grid-cell\" ><div id=\"panel-32037-7-0-0\" class=\"so-panel widget widget_sow-editor panel-first-child panel-last-child\" data-index=\"7\" ><div class=\"panel-widget-style panel-widget-style-for-32037-7-0-0\" ><div\n\t\t\t\n\t\t\tclass=\"so-widget-sow-editor so-widget-sow-editor-base\"\n\t\t\t\n\t\t>\n<div class=\"siteorigin-widget-tinymce textwidget\">\n\t<p><span style=\"font-size: 16pt;\"><strong>Information:<\/strong><\/span> Auf Island konnte ich die Sandregenpfeifer auf der kleinen <a href=\"https:\/\/wildlife-travel.com\/de\/papageitaucher-auf-grimsey-in-island\/\" target=\"_blank\" rel=\"noopener\">Insel Gr\u00edmsey<\/a> beobachten \u2013 mehr dazu findest du in einem meiner fr\u00fcheren Blogbeitr\u00e4ge. Welche Vogelarten mir neben den Sandregenpfeifern <a href=\"https:\/\/wildlife-travel.com\/de\/voegel-auf-borkum-einer-ostfriesische-insel-in-der-nordsee\/#Sandregenpfeifer\" target=\"_blank\" rel=\"noopener\">auf Borkum<\/a> begegneten, habe ich ebenfalls in einem Blogbeitrag festgehalten.<\/p>\n<\/div>\n<\/div><\/div><\/div><\/div><\/div><div id=\"pg-32037-8\"  class=\"panel-grid panel-no-style\" ><div id=\"pgc-32037-8-0\"  class=\"panel-grid-cell\" ><div id=\"panel-32037-8-0-0\" class=\"so-panel widget widget_sow-editor panel-first-child panel-last-child\" data-index=\"8\" ><div\n\t\t\t\n\t\t\tclass=\"so-widget-sow-editor so-widget-sow-editor-base\"\n\t\t\t\n\t\t>\n<div class=\"siteorigin-widget-tinymce textwidget\">\n\t<p>An mehreren Orten begegneten mir Einfarbstare. In Spanien und Portugal \u00fcberwiegt ihre Anzahl deutlich gegen\u00fcber den Gemeinen Staren. Zwar \u00fcberschneiden sich die Verbreitungsgebiete der beiden Arten auf der iberischen Halbinsel, doch im n\u00f6rdlichen Europa kommen ausschlie\u00dflich Gemeine Stare vor. Da ich in Barbate nur einheitlich schwarz gef\u00e4rbte Stare beobachtete, konnte ich dort ausschlie\u00dflich Einfarbstare zu meinen Beobachtungen z\u00e4hlen.<\/p>\n<\/div>\n<\/div><\/div><\/div><\/div><div id=\"pg-32037-9\"  class=\"panel-grid panel-no-style\" ><div id=\"pgc-32037-9-0\"  class=\"panel-grid-cell\" ><div id=\"panel-32037-9-0-0\" class=\"so-panel widget widget_sow-image panel-first-child panel-last-child\" data-index=\"9\" ><div\n\t\t\t\n\t\t\tclass=\"so-widget-sow-image so-widget-sow-image-default-8b5b6f678277-32037\"\n\t\t\t\n\t\t>\n<div class=\"sow-image-container\">\n\t\t<img \n\tsrc=\"https:\/\/wildlife-travel.com\/wp-content\/uploads\/2026\/03\/Voegel-in-Barbate-4-scaled.jpg\" width=\"2560\" height=\"1707\" srcset=\"https:\/\/wildlife-travel.com\/wp-content\/uploads\/2026\/03\/Voegel-in-Barbate-4-scaled.jpg 2560w, https:\/\/wildlife-travel.com\/wp-content\/uploads\/2026\/03\/Voegel-in-Barbate-4-300x200.jpg 300w, https:\/\/wildlife-travel.com\/wp-content\/uploads\/2026\/03\/Voegel-in-Barbate-4-1024x683.jpg 1024w, https:\/\/wildlife-travel.com\/wp-content\/uploads\/2026\/03\/Voegel-in-Barbate-4-768x512.jpg 768w, https:\/\/wildlife-travel.com\/wp-content\/uploads\/2026\/03\/Voegel-in-Barbate-4-1536x1024.jpg 1536w, https:\/\/wildlife-travel.com\/wp-content\/uploads\/2026\/03\/Voegel-in-Barbate-4-2048x1365.jpg 2048w, https:\/\/wildlife-travel.com\/wp-content\/uploads\/2026\/03\/Voegel-in-Barbate-4-840x560.jpg 840w, https:\/\/wildlife-travel.com\/wp-content\/uploads\/2026\/03\/Voegel-in-Barbate-4-120x80.jpg 120w, https:\/\/wildlife-travel.com\/wp-content\/uploads\/2026\/03\/Voegel-in-Barbate-4-360x240.jpg 360w, https:\/\/wildlife-travel.com\/wp-content\/uploads\/2026\/03\/Voegel-in-Barbate-4-600x400.jpg 600w, https:\/\/wildlife-travel.com\/wp-content\/uploads\/2026\/03\/Voegel-in-Barbate-4-272x182.jpg 272w\" sizes=\"(max-width: 2560px) 100vw, 2560px\" title=\"V\u00f6gel-in-Barbate (4)\" alt=\"V\u00f6gel in Barbate\" \t\tclass=\"so-widget-image\"\/>\n\t<\/div>\n\n<\/div><\/div><\/div><div id=\"pgc-32037-9-1\"  class=\"panel-grid-cell\" ><div id=\"panel-32037-9-1-0\" class=\"so-panel widget widget_sow-image panel-first-child panel-last-child\" data-index=\"10\" ><div\n\t\t\t\n\t\t\tclass=\"so-widget-sow-image so-widget-sow-image-default-8b5b6f678277-32037\"\n\t\t\t\n\t\t>\n<div class=\"sow-image-container\">\n\t\t<img \n\tsrc=\"https:\/\/wildlife-travel.com\/wp-content\/uploads\/2026\/03\/Voegel-in-Barbate-5-scaled.jpg\" width=\"2560\" height=\"1707\" srcset=\"https:\/\/wildlife-travel.com\/wp-content\/uploads\/2026\/03\/Voegel-in-Barbate-5-scaled.jpg 2560w, https:\/\/wildlife-travel.com\/wp-content\/uploads\/2026\/03\/Voegel-in-Barbate-5-300x200.jpg 300w, https:\/\/wildlife-travel.com\/wp-content\/uploads\/2026\/03\/Voegel-in-Barbate-5-1024x683.jpg 1024w, https:\/\/wildlife-travel.com\/wp-content\/uploads\/2026\/03\/Voegel-in-Barbate-5-768x512.jpg 768w, https:\/\/wildlife-travel.com\/wp-content\/uploads\/2026\/03\/Voegel-in-Barbate-5-1536x1024.jpg 1536w, https:\/\/wildlife-travel.com\/wp-content\/uploads\/2026\/03\/Voegel-in-Barbate-5-2048x1365.jpg 2048w, https:\/\/wildlife-travel.com\/wp-content\/uploads\/2026\/03\/Voegel-in-Barbate-5-840x560.jpg 840w, https:\/\/wildlife-travel.com\/wp-content\/uploads\/2026\/03\/Voegel-in-Barbate-5-120x80.jpg 120w, https:\/\/wildlife-travel.com\/wp-content\/uploads\/2026\/03\/Voegel-in-Barbate-5-360x240.jpg 360w, https:\/\/wildlife-travel.com\/wp-content\/uploads\/2026\/03\/Voegel-in-Barbate-5-600x400.jpg 600w, https:\/\/wildlife-travel.com\/wp-content\/uploads\/2026\/03\/Voegel-in-Barbate-5-272x182.jpg 272w\" sizes=\"(max-width: 2560px) 100vw, 2560px\" title=\"V\u00f6gel-in-Barbate (5)\" alt=\"Einfarbstare\" \t\tclass=\"so-widget-image\"\/>\n\t<\/div>\n\n<\/div><\/div><\/div><\/div><div id=\"pg-32037-10\"  class=\"panel-grid panel-no-style\" ><div id=\"pgc-32037-10-0\"  class=\"panel-grid-cell\" ><div id=\"panel-32037-10-0-0\" class=\"so-panel widget widget_sow-editor panel-first-child panel-last-child\" data-index=\"11\" ><div\n\t\t\t\n\t\t\tclass=\"so-widget-sow-editor so-widget-sow-editor-base\"\n\t\t\t\n\t\t>\n<div class=\"siteorigin-widget-tinymce textwidget\">\n\t<p>Nat\u00fcrlich lie\u00dfen sich auch in Barbate wieder zahlreiche Schwarzkehlchen blicken. Zwar waren es nicht so viele wie in Tarifa, doch immer wieder tauchte eines vor mir auf. Da ich zu diesem Zeitpunkt bereits viele von ihnen gesehen hatte, hielt ich mich nicht lange bei ihnen auf \u2013 so sch\u00f6n sie auch waren.<\/p>\n<\/div>\n<\/div><\/div><\/div><\/div><div id=\"pg-32037-11\"  class=\"panel-grid panel-no-style\" ><div id=\"pgc-32037-11-0\"  class=\"panel-grid-cell\" ><div id=\"panel-32037-11-0-0\" class=\"so-panel widget widget_sow-image panel-first-child panel-last-child\" data-index=\"12\" ><div\n\t\t\t\n\t\t\tclass=\"so-widget-sow-image so-widget-sow-image-default-8b5b6f678277-32037\"\n\t\t\t\n\t\t>\n<div class=\"sow-image-container\">\n\t\t<img \n\tsrc=\"https:\/\/wildlife-travel.com\/wp-content\/uploads\/2026\/03\/Voegel-in-Barbate-6-scaled.jpg\" width=\"2560\" height=\"1707\" srcset=\"https:\/\/wildlife-travel.com\/wp-content\/uploads\/2026\/03\/Voegel-in-Barbate-6-scaled.jpg 2560w, https:\/\/wildlife-travel.com\/wp-content\/uploads\/2026\/03\/Voegel-in-Barbate-6-300x200.jpg 300w, https:\/\/wildlife-travel.com\/wp-content\/uploads\/2026\/03\/Voegel-in-Barbate-6-1024x683.jpg 1024w, https:\/\/wildlife-travel.com\/wp-content\/uploads\/2026\/03\/Voegel-in-Barbate-6-768x512.jpg 768w, https:\/\/wildlife-travel.com\/wp-content\/uploads\/2026\/03\/Voegel-in-Barbate-6-1536x1024.jpg 1536w, https:\/\/wildlife-travel.com\/wp-content\/uploads\/2026\/03\/Voegel-in-Barbate-6-2048x1365.jpg 2048w, https:\/\/wildlife-travel.com\/wp-content\/uploads\/2026\/03\/Voegel-in-Barbate-6-840x560.jpg 840w, https:\/\/wildlife-travel.com\/wp-content\/uploads\/2026\/03\/Voegel-in-Barbate-6-120x80.jpg 120w, https:\/\/wildlife-travel.com\/wp-content\/uploads\/2026\/03\/Voegel-in-Barbate-6-360x240.jpg 360w, https:\/\/wildlife-travel.com\/wp-content\/uploads\/2026\/03\/Voegel-in-Barbate-6-600x400.jpg 600w, https:\/\/wildlife-travel.com\/wp-content\/uploads\/2026\/03\/Voegel-in-Barbate-6-272x182.jpg 272w\" sizes=\"(max-width: 2560px) 100vw, 2560px\" title=\"V\u00f6gel-in-Barbate (6)\" alt=\"Schwarzkehlchen\" \t\tclass=\"so-widget-image\"\/>\n\t<\/div>\n\n<\/div><\/div><\/div><\/div><div id=\"pg-32037-12\"  class=\"panel-grid panel-no-style\" ><div id=\"pgc-32037-12-0\"  class=\"panel-grid-cell\" ><div id=\"panel-32037-12-0-0\" class=\"so-panel widget widget_sow-editor panel-first-child panel-last-child\" data-index=\"13\" ><div\n\t\t\t\n\t\t\tclass=\"so-widget-sow-editor so-widget-sow-editor-base\"\n\t\t\t\n\t\t>\n<div class=\"siteorigin-widget-tinymce textwidget\">\n\t<p>Ich beschloss, die Br\u00fccke zu \u00fcberqueren \u2013 vielleicht gab es auf der anderen Seite ja einen Ort, von dem aus man ebenfalls gut V\u00f6gel in Barbate beobachten konnte.<\/p>\n<p>Die Umgebung von Barbate ist gepr\u00e4gt von Marschland, das sich entlang der K\u00fcste erstreckt. Zwischen den Wasserl\u00e4ufen und Salzwiesen lassen sich zahlreiche Vogelarten beobachten, die das Feuchtgebiet als Nahrungsquelle oder Rastplatz nutzen.<\/p>\n<\/div>\n<\/div><\/div><\/div><\/div><div id=\"pg-32037-13\"  class=\"panel-grid panel-no-style\" ><div id=\"pgc-32037-13-0\"  class=\"panel-grid-cell\" ><div id=\"panel-32037-13-0-0\" class=\"so-panel widget widget_sow-image panel-first-child panel-last-child\" data-index=\"14\" ><div\n\t\t\t\n\t\t\tclass=\"so-widget-sow-image so-widget-sow-image-default-8b5b6f678277-32037\"\n\t\t\t\n\t\t>\n<div class=\"sow-image-container\">\n\t\t<img \n\tsrc=\"https:\/\/wildlife-travel.com\/wp-content\/uploads\/2026\/03\/Voegel-in-Barbate-7-scaled.jpg\" width=\"2560\" height=\"1707\" srcset=\"https:\/\/wildlife-travel.com\/wp-content\/uploads\/2026\/03\/Voegel-in-Barbate-7-scaled.jpg 2560w, https:\/\/wildlife-travel.com\/wp-content\/uploads\/2026\/03\/Voegel-in-Barbate-7-300x200.jpg 300w, https:\/\/wildlife-travel.com\/wp-content\/uploads\/2026\/03\/Voegel-in-Barbate-7-1024x683.jpg 1024w, https:\/\/wildlife-travel.com\/wp-content\/uploads\/2026\/03\/Voegel-in-Barbate-7-768x512.jpg 768w, https:\/\/wildlife-travel.com\/wp-content\/uploads\/2026\/03\/Voegel-in-Barbate-7-1536x1024.jpg 1536w, https:\/\/wildlife-travel.com\/wp-content\/uploads\/2026\/03\/Voegel-in-Barbate-7-2048x1365.jpg 2048w, https:\/\/wildlife-travel.com\/wp-content\/uploads\/2026\/03\/Voegel-in-Barbate-7-840x560.jpg 840w, https:\/\/wildlife-travel.com\/wp-content\/uploads\/2026\/03\/Voegel-in-Barbate-7-120x80.jpg 120w, https:\/\/wildlife-travel.com\/wp-content\/uploads\/2026\/03\/Voegel-in-Barbate-7-360x240.jpg 360w, https:\/\/wildlife-travel.com\/wp-content\/uploads\/2026\/03\/Voegel-in-Barbate-7-600x400.jpg 600w, https:\/\/wildlife-travel.com\/wp-content\/uploads\/2026\/03\/Voegel-in-Barbate-7-272x182.jpg 272w\" sizes=\"(max-width: 2560px) 100vw, 2560px\" title=\"V\u00f6gel-in-Barbate (7)\" alt=\"Barbate\" \t\tclass=\"so-widget-image\"\/>\n\t<\/div>\n\n<\/div><\/div><\/div><div id=\"pgc-32037-13-1\"  class=\"panel-grid-cell\" ><div id=\"panel-32037-13-1-0\" class=\"so-panel widget widget_sow-image panel-first-child panel-last-child\" data-index=\"15\" ><div\n\t\t\t\n\t\t\tclass=\"so-widget-sow-image so-widget-sow-image-default-8b5b6f678277-32037\"\n\t\t\t\n\t\t>\n<div class=\"sow-image-container\">\n\t\t<img \n\tsrc=\"https:\/\/wildlife-travel.com\/wp-content\/uploads\/2026\/03\/Voegel-in-Barbate-8-scaled.jpg\" width=\"2560\" height=\"1707\" srcset=\"https:\/\/wildlife-travel.com\/wp-content\/uploads\/2026\/03\/Voegel-in-Barbate-8-scaled.jpg 2560w, https:\/\/wildlife-travel.com\/wp-content\/uploads\/2026\/03\/Voegel-in-Barbate-8-300x200.jpg 300w, https:\/\/wildlife-travel.com\/wp-content\/uploads\/2026\/03\/Voegel-in-Barbate-8-1024x683.jpg 1024w, https:\/\/wildlife-travel.com\/wp-content\/uploads\/2026\/03\/Voegel-in-Barbate-8-768x512.jpg 768w, https:\/\/wildlife-travel.com\/wp-content\/uploads\/2026\/03\/Voegel-in-Barbate-8-1536x1024.jpg 1536w, https:\/\/wildlife-travel.com\/wp-content\/uploads\/2026\/03\/Voegel-in-Barbate-8-2048x1365.jpg 2048w, https:\/\/wildlife-travel.com\/wp-content\/uploads\/2026\/03\/Voegel-in-Barbate-8-840x560.jpg 840w, https:\/\/wildlife-travel.com\/wp-content\/uploads\/2026\/03\/Voegel-in-Barbate-8-120x80.jpg 120w, https:\/\/wildlife-travel.com\/wp-content\/uploads\/2026\/03\/Voegel-in-Barbate-8-360x240.jpg 360w, https:\/\/wildlife-travel.com\/wp-content\/uploads\/2026\/03\/Voegel-in-Barbate-8-600x400.jpg 600w, https:\/\/wildlife-travel.com\/wp-content\/uploads\/2026\/03\/Voegel-in-Barbate-8-272x182.jpg 272w\" sizes=\"(max-width: 2560px) 100vw, 2560px\" title=\"V\u00f6gel-in-Barbate (8)\" alt=\"Barbate\" \t\tclass=\"so-widget-image\"\/>\n\t<\/div>\n\n<\/div><\/div><\/div><\/div><div id=\"pg-32037-14\"  class=\"panel-grid panel-no-style\" ><div id=\"pgc-32037-14-0\"  class=\"panel-grid-cell\" ><div id=\"panel-32037-14-0-0\" class=\"so-panel widget widget_sow-editor panel-first-child panel-last-child\" data-index=\"16\" ><div\n\t\t\t\n\t\t\tclass=\"so-widget-sow-editor so-widget-sow-editor-base\"\n\t\t\t\n\t\t>\n<div class=\"siteorigin-widget-tinymce textwidget\">\n\t<p>Dann sah ich einen Kuhreiher \u00fcber mich hinwegfliegen. Schlie\u00dflich landete er auf dem Gel\u00e4nder der Br\u00fccke, von wo aus er die Umgebung zu beobachten schien. Mit seinen wachsamen Blicken wirkte er, als pr\u00fcfe er sorgf\u00e4ltig, wo er als N\u00e4chstes nach Nahrung suchen k\u00f6nnte.<\/p>\n<\/div>\n<\/div><\/div><\/div><\/div><div id=\"pg-32037-15\"  class=\"panel-grid panel-no-style\" ><div id=\"pgc-32037-15-0\"  class=\"panel-grid-cell\" ><div id=\"panel-32037-15-0-0\" class=\"so-panel widget widget_sow-image panel-first-child panel-last-child\" data-index=\"17\" ><div\n\t\t\t\n\t\t\tclass=\"so-widget-sow-image so-widget-sow-image-default-8b5b6f678277-32037\"\n\t\t\t\n\t\t>\n<div class=\"sow-image-container\">\n\t\t<img \n\tsrc=\"https:\/\/wildlife-travel.com\/wp-content\/uploads\/2026\/03\/Voegel-in-Barbate-9-scaled.jpg\" width=\"2560\" height=\"1707\" srcset=\"https:\/\/wildlife-travel.com\/wp-content\/uploads\/2026\/03\/Voegel-in-Barbate-9-scaled.jpg 2560w, https:\/\/wildlife-travel.com\/wp-content\/uploads\/2026\/03\/Voegel-in-Barbate-9-300x200.jpg 300w, https:\/\/wildlife-travel.com\/wp-content\/uploads\/2026\/03\/Voegel-in-Barbate-9-1024x683.jpg 1024w, https:\/\/wildlife-travel.com\/wp-content\/uploads\/2026\/03\/Voegel-in-Barbate-9-768x512.jpg 768w, https:\/\/wildlife-travel.com\/wp-content\/uploads\/2026\/03\/Voegel-in-Barbate-9-1536x1024.jpg 1536w, https:\/\/wildlife-travel.com\/wp-content\/uploads\/2026\/03\/Voegel-in-Barbate-9-2048x1365.jpg 2048w, https:\/\/wildlife-travel.com\/wp-content\/uploads\/2026\/03\/Voegel-in-Barbate-9-840x560.jpg 840w, https:\/\/wildlife-travel.com\/wp-content\/uploads\/2026\/03\/Voegel-in-Barbate-9-120x80.jpg 120w, https:\/\/wildlife-travel.com\/wp-content\/uploads\/2026\/03\/Voegel-in-Barbate-9-360x240.jpg 360w, https:\/\/wildlife-travel.com\/wp-content\/uploads\/2026\/03\/Voegel-in-Barbate-9-600x400.jpg 600w, https:\/\/wildlife-travel.com\/wp-content\/uploads\/2026\/03\/Voegel-in-Barbate-9-272x182.jpg 272w\" sizes=\"(max-width: 2560px) 100vw, 2560px\" title=\"V\u00f6gel-in-Barbate (9)\" alt=\"V\u00f6gel in Barbate\" \t\tclass=\"so-widget-image\"\/>\n\t<\/div>\n\n<\/div><\/div><\/div><div id=\"pgc-32037-15-1\"  class=\"panel-grid-cell\" ><div id=\"panel-32037-15-1-0\" class=\"so-panel widget widget_sow-image panel-first-child panel-last-child\" data-index=\"18\" ><div\n\t\t\t\n\t\t\tclass=\"so-widget-sow-image so-widget-sow-image-default-8b5b6f678277-32037\"\n\t\t\t\n\t\t>\n<div class=\"sow-image-container\">\n\t\t<img \n\tsrc=\"https:\/\/wildlife-travel.com\/wp-content\/uploads\/2026\/03\/Voegel-in-Barbate-10-scaled.jpg\" width=\"2560\" height=\"1707\" srcset=\"https:\/\/wildlife-travel.com\/wp-content\/uploads\/2026\/03\/Voegel-in-Barbate-10-scaled.jpg 2560w, https:\/\/wildlife-travel.com\/wp-content\/uploads\/2026\/03\/Voegel-in-Barbate-10-300x200.jpg 300w, https:\/\/wildlife-travel.com\/wp-content\/uploads\/2026\/03\/Voegel-in-Barbate-10-1024x683.jpg 1024w, https:\/\/wildlife-travel.com\/wp-content\/uploads\/2026\/03\/Voegel-in-Barbate-10-768x512.jpg 768w, https:\/\/wildlife-travel.com\/wp-content\/uploads\/2026\/03\/Voegel-in-Barbate-10-1536x1024.jpg 1536w, https:\/\/wildlife-travel.com\/wp-content\/uploads\/2026\/03\/Voegel-in-Barbate-10-2048x1365.jpg 2048w, https:\/\/wildlife-travel.com\/wp-content\/uploads\/2026\/03\/Voegel-in-Barbate-10-840x560.jpg 840w, https:\/\/wildlife-travel.com\/wp-content\/uploads\/2026\/03\/Voegel-in-Barbate-10-120x80.jpg 120w, https:\/\/wildlife-travel.com\/wp-content\/uploads\/2026\/03\/Voegel-in-Barbate-10-360x240.jpg 360w, https:\/\/wildlife-travel.com\/wp-content\/uploads\/2026\/03\/Voegel-in-Barbate-10-600x400.jpg 600w, https:\/\/wildlife-travel.com\/wp-content\/uploads\/2026\/03\/Voegel-in-Barbate-10-272x182.jpg 272w\" sizes=\"(max-width: 2560px) 100vw, 2560px\" title=\"V\u00f6gel-in-Barbate (10)\" alt=\"V\u00f6gel in Barbate\" \t\tclass=\"so-widget-image\"\/>\n\t<\/div>\n\n<\/div><\/div><\/div><\/div><div id=\"pg-32037-16\"  class=\"panel-grid panel-no-style\" ><div id=\"pgc-32037-16-0\"  class=\"panel-grid-cell\" ><div id=\"panel-32037-16-0-0\" class=\"so-panel widget widget_sow-editor panel-first-child panel-last-child\" data-index=\"19\" ><div\n\t\t\t\n\t\t\tclass=\"so-widget-sow-editor so-widget-sow-editor-base\"\n\t\t\t\n\t\t>\n<div class=\"siteorigin-widget-tinymce textwidget\">\n\t<p>Ich ging weiter. Von der Br\u00fccke aus erblickte ich eine M\u00f6we \u2013 konnte es sich dabei etwa um eine Heringsm\u00f6we handeln?<\/p>\n<\/div>\n<\/div><\/div><\/div><\/div><div id=\"pg-32037-17\"  class=\"panel-grid panel-no-style\" ><div id=\"pgc-32037-17-0\"  class=\"panel-grid-cell\" ><div id=\"panel-32037-17-0-0\" class=\"so-panel widget widget_sow-image panel-first-child panel-last-child\" data-index=\"20\" ><div\n\t\t\t\n\t\t\tclass=\"so-widget-sow-image so-widget-sow-image-default-8b5b6f678277-32037\"\n\t\t\t\n\t\t>\n<div class=\"sow-image-container\">\n\t\t<img \n\tsrc=\"https:\/\/wildlife-travel.com\/wp-content\/uploads\/2026\/03\/Voegel-in-Barbate-11.jpg\" width=\"1837\" height=\"1225\" srcset=\"https:\/\/wildlife-travel.com\/wp-content\/uploads\/2026\/03\/Voegel-in-Barbate-11.jpg 1837w, https:\/\/wildlife-travel.com\/wp-content\/uploads\/2026\/03\/Voegel-in-Barbate-11-300x200.jpg 300w, https:\/\/wildlife-travel.com\/wp-content\/uploads\/2026\/03\/Voegel-in-Barbate-11-1024x683.jpg 1024w, https:\/\/wildlife-travel.com\/wp-content\/uploads\/2026\/03\/Voegel-in-Barbate-11-768x512.jpg 768w, https:\/\/wildlife-travel.com\/wp-content\/uploads\/2026\/03\/Voegel-in-Barbate-11-1536x1024.jpg 1536w, https:\/\/wildlife-travel.com\/wp-content\/uploads\/2026\/03\/Voegel-in-Barbate-11-840x560.jpg 840w, https:\/\/wildlife-travel.com\/wp-content\/uploads\/2026\/03\/Voegel-in-Barbate-11-120x80.jpg 120w, https:\/\/wildlife-travel.com\/wp-content\/uploads\/2026\/03\/Voegel-in-Barbate-11-360x240.jpg 360w, https:\/\/wildlife-travel.com\/wp-content\/uploads\/2026\/03\/Voegel-in-Barbate-11-600x400.jpg 600w, https:\/\/wildlife-travel.com\/wp-content\/uploads\/2026\/03\/Voegel-in-Barbate-11-272x182.jpg 272w\" sizes=\"(max-width: 1837px) 100vw, 1837px\" title=\"V\u00f6gel-in-Barbate (11)\" alt=\"V\u00f6gel in Barbate\" \t\tclass=\"so-widget-image\"\/>\n\t<\/div>\n\n<\/div><\/div><\/div><\/div><div id=\"pg-32037-18\"  class=\"panel-grid panel-no-style\" ><div id=\"pgc-32037-18-0\"  class=\"panel-grid-cell\" ><div id=\"panel-32037-18-0-0\" class=\"so-panel widget widget_sow-editor panel-first-child panel-last-child\" data-index=\"21\" ><div class=\"panel-widget-style panel-widget-style-for-32037-18-0-0\" ><div\n\t\t\t\n\t\t\tclass=\"so-widget-sow-editor so-widget-sow-editor-base\"\n\t\t\t\n\t\t>\n<div class=\"siteorigin-widget-tinymce textwidget\">\n\t<p><span style=\"font-size: 16pt;\"><strong>Frage:<\/strong> <\/span>Kennst du dich mit M\u00f6wen aus? Falls ja, bin ich f\u00fcr jede Hilfe bei der Bestimmung dankbar. Hinterlasse gerne einen Kommentar.<\/p>\n<\/div>\n<\/div><\/div><\/div><\/div><\/div><div id=\"pg-32037-19\"  class=\"panel-grid panel-no-style\" ><div id=\"pgc-32037-19-0\"  class=\"panel-grid-cell\" ><div id=\"panel-32037-19-0-0\" class=\"so-panel widget widget_sow-editor panel-first-child panel-last-child\" data-index=\"22\" ><div\n\t\t\t\n\t\t\tclass=\"so-widget-sow-editor so-widget-sow-editor-base\"\n\t\t\t\n\t\t>\n<div class=\"siteorigin-widget-tinymce textwidget\">\n\t<p>Nicht weit entfernt entdeckte ich einen weiteren Vogel: einen Goldregenpfeifer. Wie schon die Sandregenpfeifer waren mir auch die Goldregenpfeifer von der Insel Gr\u00edmsey in Island vertraut.<\/p>\n<\/div>\n<\/div><\/div><\/div><\/div><div id=\"pg-32037-20\"  class=\"panel-grid panel-no-style\" ><div id=\"pgc-32037-20-0\"  class=\"panel-grid-cell\" ><div id=\"panel-32037-20-0-0\" class=\"so-panel widget widget_sow-image panel-first-child panel-last-child\" data-index=\"23\" ><div\n\t\t\t\n\t\t\tclass=\"so-widget-sow-image so-widget-sow-image-default-8b5b6f678277-32037\"\n\t\t\t\n\t\t>\n<div class=\"sow-image-container\">\n\t\t<img \n\tsrc=\"https:\/\/wildlife-travel.com\/wp-content\/uploads\/2026\/03\/Voegel-in-Barbate-12-scaled.jpg\" width=\"2560\" height=\"1707\" srcset=\"https:\/\/wildlife-travel.com\/wp-content\/uploads\/2026\/03\/Voegel-in-Barbate-12-scaled.jpg 2560w, https:\/\/wildlife-travel.com\/wp-content\/uploads\/2026\/03\/Voegel-in-Barbate-12-300x200.jpg 300w, https:\/\/wildlife-travel.com\/wp-content\/uploads\/2026\/03\/Voegel-in-Barbate-12-1024x683.jpg 1024w, https:\/\/wildlife-travel.com\/wp-content\/uploads\/2026\/03\/Voegel-in-Barbate-12-768x512.jpg 768w, https:\/\/wildlife-travel.com\/wp-content\/uploads\/2026\/03\/Voegel-in-Barbate-12-1536x1024.jpg 1536w, https:\/\/wildlife-travel.com\/wp-content\/uploads\/2026\/03\/Voegel-in-Barbate-12-2048x1365.jpg 2048w, https:\/\/wildlife-travel.com\/wp-content\/uploads\/2026\/03\/Voegel-in-Barbate-12-840x560.jpg 840w, https:\/\/wildlife-travel.com\/wp-content\/uploads\/2026\/03\/Voegel-in-Barbate-12-120x80.jpg 120w, https:\/\/wildlife-travel.com\/wp-content\/uploads\/2026\/03\/Voegel-in-Barbate-12-360x240.jpg 360w, https:\/\/wildlife-travel.com\/wp-content\/uploads\/2026\/03\/Voegel-in-Barbate-12-600x400.jpg 600w, https:\/\/wildlife-travel.com\/wp-content\/uploads\/2026\/03\/Voegel-in-Barbate-12-272x182.jpg 272w\" sizes=\"(max-width: 2560px) 100vw, 2560px\" title=\"V\u00f6gel-in-Barbate (12)\" alt=\"V\u00f6gel in Barbate\" \t\tclass=\"so-widget-image\"\/>\n\t<\/div>\n\n<\/div><\/div><\/div><\/div><div id=\"pg-32037-21\"  class=\"panel-grid panel-no-style\" ><div id=\"pgc-32037-21-0\"  class=\"panel-grid-cell\" ><div id=\"panel-32037-21-0-0\" class=\"so-panel widget widget_sow-editor panel-first-child panel-last-child\" data-index=\"24\" ><div\n\t\t\t\n\t\t\tclass=\"so-widget-sow-editor so-widget-sow-editor-base\"\n\t\t\t\n\t\t>\n<div class=\"siteorigin-widget-tinymce textwidget\">\n\t<p>Zu den V\u00f6geln, die mir von Gr\u00edmsey vertraut vorkamen, z\u00e4hlt auch der Regenbrachvogel \u2013 wobei \u201evertraut\u201c hier nicht ganz stimmt, denn normalerweise sehe ich diese V\u00f6gel kaum, und so konnte ich ihn erst im Nachhinein bestimmen. Korrekt w\u00e4re zudem zu sagen, dass ich den Regenbrachvogel in Dalv\u00edk und nicht auf Gr\u00edmsey beobachtet habe \u2013 von Dalv\u00edk aus fuhr ich sp\u00e4ter mit dem Schiff nach Gr\u00edmsey.<\/p>\n<p>Nichtsdestotrotz begegnete mir in Barbate erneut ein Regenbrachvogel, was mich sehr freute. Dort konnte ich ihn sogar besser beobachten als zuvor in Dalv\u00edk.<\/p>\n<\/div>\n<\/div><\/div><\/div><\/div><div id=\"pg-32037-22\"  class=\"panel-grid panel-no-style\" ><div id=\"pgc-32037-22-0\"  class=\"panel-grid-cell\" ><div id=\"panel-32037-22-0-0\" class=\"so-panel widget widget_sow-image panel-first-child panel-last-child\" data-index=\"25\" ><div\n\t\t\t\n\t\t\tclass=\"so-widget-sow-image so-widget-sow-image-default-8b5b6f678277-32037\"\n\t\t\t\n\t\t>\n<div class=\"sow-image-container\">\n\t\t<img \n\tsrc=\"https:\/\/wildlife-travel.com\/wp-content\/uploads\/2026\/03\/Voegel-in-Barbate-13-scaled.jpg\" width=\"2560\" height=\"1707\" srcset=\"https:\/\/wildlife-travel.com\/wp-content\/uploads\/2026\/03\/Voegel-in-Barbate-13-scaled.jpg 2560w, https:\/\/wildlife-travel.com\/wp-content\/uploads\/2026\/03\/Voegel-in-Barbate-13-300x200.jpg 300w, https:\/\/wildlife-travel.com\/wp-content\/uploads\/2026\/03\/Voegel-in-Barbate-13-1024x683.jpg 1024w, https:\/\/wildlife-travel.com\/wp-content\/uploads\/2026\/03\/Voegel-in-Barbate-13-768x512.jpg 768w, https:\/\/wildlife-travel.com\/wp-content\/uploads\/2026\/03\/Voegel-in-Barbate-13-1536x1024.jpg 1536w, https:\/\/wildlife-travel.com\/wp-content\/uploads\/2026\/03\/Voegel-in-Barbate-13-2048x1365.jpg 2048w, https:\/\/wildlife-travel.com\/wp-content\/uploads\/2026\/03\/Voegel-in-Barbate-13-840x560.jpg 840w, https:\/\/wildlife-travel.com\/wp-content\/uploads\/2026\/03\/Voegel-in-Barbate-13-120x80.jpg 120w, https:\/\/wildlife-travel.com\/wp-content\/uploads\/2026\/03\/Voegel-in-Barbate-13-360x240.jpg 360w, https:\/\/wildlife-travel.com\/wp-content\/uploads\/2026\/03\/Voegel-in-Barbate-13-600x400.jpg 600w, https:\/\/wildlife-travel.com\/wp-content\/uploads\/2026\/03\/Voegel-in-Barbate-13-272x182.jpg 272w\" sizes=\"(max-width: 2560px) 100vw, 2560px\" title=\"V\u00f6gel-in-Barbate (13)\" alt=\"V\u00f6gel in Barbate\" \t\tclass=\"so-widget-image\"\/>\n\t<\/div>\n\n<\/div><\/div><\/div><\/div><div id=\"pg-32037-23\"  class=\"panel-grid panel-no-style\" ><div id=\"pgc-32037-23-0\"  class=\"panel-grid-cell\" ><div id=\"panel-32037-23-0-0\" class=\"so-panel widget widget_sow-editor panel-first-child panel-last-child\" data-index=\"26\" ><div\n\t\t\t\n\t\t\tclass=\"so-widget-sow-editor so-widget-sow-editor-base\"\n\t\t\t\n\t\t>\n<div class=\"siteorigin-widget-tinymce textwidget\">\n\t<p>Ein Vogel, der mir wirklich vertraut ist \u2013 schlie\u00dflich lebt er sogar in einer Gro\u00dfstadt wie Berlin \u2013 ist der Graureiher. Ich erkenne ihn sofort.<\/p>\n<\/div>\n<\/div><\/div><\/div><\/div><div id=\"pg-32037-24\"  class=\"panel-grid panel-no-style\" ><div id=\"pgc-32037-24-0\"  class=\"panel-grid-cell\" ><div id=\"panel-32037-24-0-0\" class=\"so-panel widget widget_sow-image panel-first-child panel-last-child\" data-index=\"27\" ><div\n\t\t\t\n\t\t\tclass=\"so-widget-sow-image so-widget-sow-image-default-8b5b6f678277-32037\"\n\t\t\t\n\t\t>\n<div class=\"sow-image-container\">\n\t\t<img \n\tsrc=\"https:\/\/wildlife-travel.com\/wp-content\/uploads\/2026\/03\/Voegel-in-Barbate-14-scaled.jpg\" width=\"2560\" height=\"1707\" srcset=\"https:\/\/wildlife-travel.com\/wp-content\/uploads\/2026\/03\/Voegel-in-Barbate-14-scaled.jpg 2560w, https:\/\/wildlife-travel.com\/wp-content\/uploads\/2026\/03\/Voegel-in-Barbate-14-300x200.jpg 300w, https:\/\/wildlife-travel.com\/wp-content\/uploads\/2026\/03\/Voegel-in-Barbate-14-1024x683.jpg 1024w, https:\/\/wildlife-travel.com\/wp-content\/uploads\/2026\/03\/Voegel-in-Barbate-14-768x512.jpg 768w, https:\/\/wildlife-travel.com\/wp-content\/uploads\/2026\/03\/Voegel-in-Barbate-14-1536x1024.jpg 1536w, https:\/\/wildlife-travel.com\/wp-content\/uploads\/2026\/03\/Voegel-in-Barbate-14-2048x1365.jpg 2048w, https:\/\/wildlife-travel.com\/wp-content\/uploads\/2026\/03\/Voegel-in-Barbate-14-840x560.jpg 840w, https:\/\/wildlife-travel.com\/wp-content\/uploads\/2026\/03\/Voegel-in-Barbate-14-120x80.jpg 120w, https:\/\/wildlife-travel.com\/wp-content\/uploads\/2026\/03\/Voegel-in-Barbate-14-360x240.jpg 360w, https:\/\/wildlife-travel.com\/wp-content\/uploads\/2026\/03\/Voegel-in-Barbate-14-600x400.jpg 600w, https:\/\/wildlife-travel.com\/wp-content\/uploads\/2026\/03\/Voegel-in-Barbate-14-272x182.jpg 272w\" sizes=\"(max-width: 2560px) 100vw, 2560px\" title=\"V\u00f6gel-in-Barbate (14)\" alt=\"V\u00f6gel in Barbate\" \t\tclass=\"so-widget-image\"\/>\n\t<\/div>\n\n<\/div><\/div><\/div><\/div><div id=\"pg-32037-25\"  class=\"panel-grid panel-no-style\" ><div id=\"pgc-32037-25-0\"  class=\"panel-grid-cell\" ><div id=\"panel-32037-25-0-0\" class=\"so-panel widget widget_sow-editor panel-first-child panel-last-child\" data-index=\"28\" ><div\n\t\t\t\n\t\t\tclass=\"so-widget-sow-editor so-widget-sow-editor-base\"\n\t\t\t\n\t\t>\n<div class=\"siteorigin-widget-tinymce textwidget\">\n\t<p>Der Tag war eigentlich angenehm warm, doch auf der Br\u00fccke, zwischen dem Stra\u00dfenverkehr, f\u00fchlte es sich eher nach einem hei\u00dfen Tag an. Hin und wieder fuhr jemand mit dem Fahrrad an mir vorbei, die meisten jedoch waren mit dem Auto unterwegs. Auf der anderen Seite der Br\u00fccke beobachtete ich Menschen, die zum Strand liefen.<\/p>\n<p>An diesem Nachmittag lag mein Hauptfokus auf den V\u00f6geln, doch die Gegend um Barbate zeigt, dass es dort auch sehr sch\u00f6n ist, die K\u00fcste und das Marschland zu genie\u00dfen \u2013 ein Ort, an dem sich Naturbeobachtungen und die Ruhe der Landschaft wunderbar verbinden.<\/p>\n<\/div>\n<\/div><\/div><\/div><\/div><div id=\"pg-32037-26\"  class=\"panel-grid panel-no-style\" ><div id=\"pgc-32037-26-0\"  class=\"panel-grid-cell\" ><div id=\"panel-32037-26-0-0\" class=\"so-panel widget widget_sow-image panel-first-child panel-last-child\" data-index=\"29\" ><div\n\t\t\t\n\t\t\tclass=\"so-widget-sow-image so-widget-sow-image-default-8b5b6f678277-32037\"\n\t\t\t\n\t\t>\n<div class=\"sow-image-container\">\n\t\t<img \n\tsrc=\"https:\/\/wildlife-travel.com\/wp-content\/uploads\/2026\/03\/Voegel-in-Barbate-15-scaled.jpg\" width=\"2560\" height=\"1707\" srcset=\"https:\/\/wildlife-travel.com\/wp-content\/uploads\/2026\/03\/Voegel-in-Barbate-15-scaled.jpg 2560w, https:\/\/wildlife-travel.com\/wp-content\/uploads\/2026\/03\/Voegel-in-Barbate-15-300x200.jpg 300w, https:\/\/wildlife-travel.com\/wp-content\/uploads\/2026\/03\/Voegel-in-Barbate-15-1024x683.jpg 1024w, https:\/\/wildlife-travel.com\/wp-content\/uploads\/2026\/03\/Voegel-in-Barbate-15-768x512.jpg 768w, https:\/\/wildlife-travel.com\/wp-content\/uploads\/2026\/03\/Voegel-in-Barbate-15-1536x1024.jpg 1536w, https:\/\/wildlife-travel.com\/wp-content\/uploads\/2026\/03\/Voegel-in-Barbate-15-2048x1365.jpg 2048w, https:\/\/wildlife-travel.com\/wp-content\/uploads\/2026\/03\/Voegel-in-Barbate-15-840x560.jpg 840w, https:\/\/wildlife-travel.com\/wp-content\/uploads\/2026\/03\/Voegel-in-Barbate-15-120x80.jpg 120w, https:\/\/wildlife-travel.com\/wp-content\/uploads\/2026\/03\/Voegel-in-Barbate-15-360x240.jpg 360w, https:\/\/wildlife-travel.com\/wp-content\/uploads\/2026\/03\/Voegel-in-Barbate-15-600x400.jpg 600w, https:\/\/wildlife-travel.com\/wp-content\/uploads\/2026\/03\/Voegel-in-Barbate-15-272x182.jpg 272w\" sizes=\"(max-width: 2560px) 100vw, 2560px\" title=\"V\u00f6gel-in-Barbate (15)\" alt=\"Barbate\" \t\tclass=\"so-widget-image\"\/>\n\t<\/div>\n\n<\/div><\/div><\/div><\/div><div id=\"pg-32037-27\"  class=\"panel-grid panel-no-style\" ><div id=\"pgc-32037-27-0\"  class=\"panel-grid-cell\" ><div id=\"panel-32037-27-0-0\" class=\"so-panel widget widget_sow-editor panel-first-child panel-last-child\" data-index=\"30\" ><div\n\t\t\t\n\t\t\tclass=\"so-widget-sow-editor so-widget-sow-editor-base\"\n\t\t\t\n\t\t>\n<div class=\"siteorigin-widget-tinymce textwidget\">\n\t<p>Von weitem entdeckte ich noch eine weitere mir bekannte Vogelart: den Steinw\u00e4lzer. In Deutschland hatte ich ihn bereits auf <a href=\"https:\/\/wildlife-travel.com\/de\/kegelrobben-auf-der-helgolaender-duene-im-winter\/\" target=\"_blank\" rel=\"noopener\">Helgoland<\/a> und Borkum gesehen, sp\u00e4ter dann auch im Norden von Lissabon. Wie die Regenbrachv\u00f6gel geh\u00f6ren die Steinw\u00e4lzer zu den Schnepfenv\u00f6geln. Besonders an dieser Beobachtung war, dass ich so viele von ihnen auf einmal sehen konnte.<\/p>\n<\/div>\n<\/div><\/div><\/div><\/div><div id=\"pg-32037-28\"  class=\"panel-grid panel-no-style\" ><div id=\"pgc-32037-28-0\"  class=\"panel-grid-cell\" ><div id=\"panel-32037-28-0-0\" class=\"so-panel widget widget_sow-image panel-first-child panel-last-child\" data-index=\"31\" ><div\n\t\t\t\n\t\t\tclass=\"so-widget-sow-image so-widget-sow-image-default-8b5b6f678277-32037\"\n\t\t\t\n\t\t>\n<div class=\"sow-image-container\">\n\t\t<img \n\tsrc=\"https:\/\/wildlife-travel.com\/wp-content\/uploads\/2026\/03\/Voegel-in-Barbate-16-scaled.jpg\" width=\"2560\" height=\"1707\" srcset=\"https:\/\/wildlife-travel.com\/wp-content\/uploads\/2026\/03\/Voegel-in-Barbate-16-scaled.jpg 2560w, https:\/\/wildlife-travel.com\/wp-content\/uploads\/2026\/03\/Voegel-in-Barbate-16-300x200.jpg 300w, https:\/\/wildlife-travel.com\/wp-content\/uploads\/2026\/03\/Voegel-in-Barbate-16-1024x683.jpg 1024w, https:\/\/wildlife-travel.com\/wp-content\/uploads\/2026\/03\/Voegel-in-Barbate-16-768x512.jpg 768w, https:\/\/wildlife-travel.com\/wp-content\/uploads\/2026\/03\/Voegel-in-Barbate-16-1536x1024.jpg 1536w, https:\/\/wildlife-travel.com\/wp-content\/uploads\/2026\/03\/Voegel-in-Barbate-16-2048x1365.jpg 2048w, https:\/\/wildlife-travel.com\/wp-content\/uploads\/2026\/03\/Voegel-in-Barbate-16-840x560.jpg 840w, https:\/\/wildlife-travel.com\/wp-content\/uploads\/2026\/03\/Voegel-in-Barbate-16-120x80.jpg 120w, https:\/\/wildlife-travel.com\/wp-content\/uploads\/2026\/03\/Voegel-in-Barbate-16-360x240.jpg 360w, https:\/\/wildlife-travel.com\/wp-content\/uploads\/2026\/03\/Voegel-in-Barbate-16-600x400.jpg 600w, https:\/\/wildlife-travel.com\/wp-content\/uploads\/2026\/03\/Voegel-in-Barbate-16-272x182.jpg 272w\" sizes=\"(max-width: 2560px) 100vw, 2560px\" title=\"V\u00f6gel-in-Barbate (16)\" alt=\"Steinw\u00e4lzer\" \t\tclass=\"so-widget-image\"\/>\n\t<\/div>\n\n<\/div><\/div><\/div><div id=\"pgc-32037-28-1\"  class=\"panel-grid-cell\" ><div id=\"panel-32037-28-1-0\" class=\"so-panel widget widget_sow-image panel-first-child panel-last-child\" data-index=\"32\" ><div\n\t\t\t\n\t\t\tclass=\"so-widget-sow-image so-widget-sow-image-default-8b5b6f678277-32037\"\n\t\t\t\n\t\t>\n<div class=\"sow-image-container\">\n\t\t<img \n\tsrc=\"https:\/\/wildlife-travel.com\/wp-content\/uploads\/2026\/03\/Voegel-in-Barbate-17-scaled.jpg\" width=\"2560\" height=\"1707\" srcset=\"https:\/\/wildlife-travel.com\/wp-content\/uploads\/2026\/03\/Voegel-in-Barbate-17-scaled.jpg 2560w, https:\/\/wildlife-travel.com\/wp-content\/uploads\/2026\/03\/Voegel-in-Barbate-17-300x200.jpg 300w, https:\/\/wildlife-travel.com\/wp-content\/uploads\/2026\/03\/Voegel-in-Barbate-17-1024x683.jpg 1024w, https:\/\/wildlife-travel.com\/wp-content\/uploads\/2026\/03\/Voegel-in-Barbate-17-768x512.jpg 768w, https:\/\/wildlife-travel.com\/wp-content\/uploads\/2026\/03\/Voegel-in-Barbate-17-1536x1024.jpg 1536w, https:\/\/wildlife-travel.com\/wp-content\/uploads\/2026\/03\/Voegel-in-Barbate-17-2048x1365.jpg 2048w, https:\/\/wildlife-travel.com\/wp-content\/uploads\/2026\/03\/Voegel-in-Barbate-17-840x560.jpg 840w, https:\/\/wildlife-travel.com\/wp-content\/uploads\/2026\/03\/Voegel-in-Barbate-17-120x80.jpg 120w, https:\/\/wildlife-travel.com\/wp-content\/uploads\/2026\/03\/Voegel-in-Barbate-17-360x240.jpg 360w, https:\/\/wildlife-travel.com\/wp-content\/uploads\/2026\/03\/Voegel-in-Barbate-17-600x400.jpg 600w, https:\/\/wildlife-travel.com\/wp-content\/uploads\/2026\/03\/Voegel-in-Barbate-17-272x182.jpg 272w\" sizes=\"(max-width: 2560px) 100vw, 2560px\" title=\"V\u00f6gel-in-Barbate (17)\" alt=\"Steinw\u00e4lzer\" \t\tclass=\"so-widget-image\"\/>\n\t<\/div>\n\n<\/div><\/div><\/div><\/div><div id=\"pg-32037-29\"  class=\"panel-grid panel-no-style\" ><div id=\"pgc-32037-29-0\"  class=\"panel-grid-cell\" ><div id=\"panel-32037-29-0-0\" class=\"so-panel widget widget_sow-editor panel-first-child panel-last-child\" data-index=\"33\" ><div\n\t\t\t\n\t\t\tclass=\"so-widget-sow-editor so-widget-sow-editor-base\"\n\t\t\t\n\t\t>\n<div class=\"siteorigin-widget-tinymce textwidget\">\n\t<p>Neben dem Steinw\u00e4lzer und dem Regenbrachvogel geh\u00f6rt auch der Rotschenkel zu den Schnepfenv\u00f6geln. Mit seinem auff\u00e4llig roten Bein und dem schlanken, leicht gebogenen Schnabel ist er leicht von anderen Watv\u00f6geln zu unterscheiden. Rotschenkel sind oft in feuchten K\u00fcstengebieten, Marschland oder an Flussm\u00fcndungen anzutreffen, wo sie nach kleinen Wirbellosen im Schlamm suchen.<\/p>\n<\/div>\n<\/div><\/div><\/div><\/div><div id=\"pg-32037-30\"  class=\"panel-grid panel-no-style\" ><div id=\"pgc-32037-30-0\"  class=\"panel-grid-cell\" ><div id=\"panel-32037-30-0-0\" class=\"so-panel widget widget_sow-image panel-first-child panel-last-child\" data-index=\"34\" ><div\n\t\t\t\n\t\t\tclass=\"so-widget-sow-image so-widget-sow-image-default-8b5b6f678277-32037\"\n\t\t\t\n\t\t>\n<div class=\"sow-image-container\">\n\t\t<img \n\tsrc=\"https:\/\/wildlife-travel.com\/wp-content\/uploads\/2026\/03\/Voegel-in-Barbate-18-scaled.jpg\" width=\"2560\" height=\"1707\" srcset=\"https:\/\/wildlife-travel.com\/wp-content\/uploads\/2026\/03\/Voegel-in-Barbate-18-scaled.jpg 2560w, https:\/\/wildlife-travel.com\/wp-content\/uploads\/2026\/03\/Voegel-in-Barbate-18-300x200.jpg 300w, https:\/\/wildlife-travel.com\/wp-content\/uploads\/2026\/03\/Voegel-in-Barbate-18-1024x683.jpg 1024w, https:\/\/wildlife-travel.com\/wp-content\/uploads\/2026\/03\/Voegel-in-Barbate-18-768x512.jpg 768w, https:\/\/wildlife-travel.com\/wp-content\/uploads\/2026\/03\/Voegel-in-Barbate-18-1536x1024.jpg 1536w, https:\/\/wildlife-travel.com\/wp-content\/uploads\/2026\/03\/Voegel-in-Barbate-18-2048x1365.jpg 2048w, https:\/\/wildlife-travel.com\/wp-content\/uploads\/2026\/03\/Voegel-in-Barbate-18-840x560.jpg 840w, https:\/\/wildlife-travel.com\/wp-content\/uploads\/2026\/03\/Voegel-in-Barbate-18-120x80.jpg 120w, https:\/\/wildlife-travel.com\/wp-content\/uploads\/2026\/03\/Voegel-in-Barbate-18-360x240.jpg 360w, https:\/\/wildlife-travel.com\/wp-content\/uploads\/2026\/03\/Voegel-in-Barbate-18-600x400.jpg 600w, https:\/\/wildlife-travel.com\/wp-content\/uploads\/2026\/03\/Voegel-in-Barbate-18-272x182.jpg 272w\" sizes=\"(max-width: 2560px) 100vw, 2560px\" title=\"V\u00f6gel-in-Barbate (18)\" alt=\"Wasserv\u00f6gel in Andalusien\" \t\tclass=\"so-widget-image\"\/>\n\t<\/div>\n\n<\/div><\/div><\/div><\/div><div id=\"pg-32037-31\"  class=\"panel-grid panel-no-style\" ><div id=\"pgc-32037-31-0\"  class=\"panel-grid-cell\" ><div id=\"panel-32037-31-0-0\" class=\"so-panel widget widget_sow-editor panel-first-child panel-last-child\" data-index=\"35\" ><div\n\t\t\t\n\t\t\tclass=\"so-widget-sow-editor so-widget-sow-editor-base\"\n\t\t\t\n\t\t>\n<div class=\"siteorigin-widget-tinymce textwidget\">\n\t<p>An der Stelle, an der ich den Rotschenkel beobachtete, begegnete mir auch erneut ein Sandregenpfeifer.<\/p>\n<\/div>\n<\/div><\/div><\/div><\/div><div id=\"pg-32037-32\"  class=\"panel-grid panel-no-style\" ><div id=\"pgc-32037-32-0\"  class=\"panel-grid-cell\" ><div id=\"panel-32037-32-0-0\" class=\"so-panel widget widget_sow-image panel-first-child panel-last-child\" data-index=\"36\" ><div\n\t\t\t\n\t\t\tclass=\"so-widget-sow-image so-widget-sow-image-default-8b5b6f678277-32037\"\n\t\t\t\n\t\t>\n<div class=\"sow-image-container\">\n\t\t<img \n\tsrc=\"https:\/\/wildlife-travel.com\/wp-content\/uploads\/2026\/03\/Voegel-in-Barbate-19-scaled.jpg\" width=\"2560\" height=\"1707\" srcset=\"https:\/\/wildlife-travel.com\/wp-content\/uploads\/2026\/03\/Voegel-in-Barbate-19-scaled.jpg 2560w, https:\/\/wildlife-travel.com\/wp-content\/uploads\/2026\/03\/Voegel-in-Barbate-19-300x200.jpg 300w, https:\/\/wildlife-travel.com\/wp-content\/uploads\/2026\/03\/Voegel-in-Barbate-19-1024x683.jpg 1024w, https:\/\/wildlife-travel.com\/wp-content\/uploads\/2026\/03\/Voegel-in-Barbate-19-768x512.jpg 768w, https:\/\/wildlife-travel.com\/wp-content\/uploads\/2026\/03\/Voegel-in-Barbate-19-1536x1024.jpg 1536w, https:\/\/wildlife-travel.com\/wp-content\/uploads\/2026\/03\/Voegel-in-Barbate-19-2048x1365.jpg 2048w, https:\/\/wildlife-travel.com\/wp-content\/uploads\/2026\/03\/Voegel-in-Barbate-19-840x560.jpg 840w, https:\/\/wildlife-travel.com\/wp-content\/uploads\/2026\/03\/Voegel-in-Barbate-19-120x80.jpg 120w, https:\/\/wildlife-travel.com\/wp-content\/uploads\/2026\/03\/Voegel-in-Barbate-19-360x240.jpg 360w, https:\/\/wildlife-travel.com\/wp-content\/uploads\/2026\/03\/Voegel-in-Barbate-19-600x400.jpg 600w, https:\/\/wildlife-travel.com\/wp-content\/uploads\/2026\/03\/Voegel-in-Barbate-19-272x182.jpg 272w\" sizes=\"(max-width: 2560px) 100vw, 2560px\" title=\"V\u00f6gel-in-Barbate (19)\" alt=\"Wasserv\u00f6gel in Andalusien\" \t\tclass=\"so-widget-image\"\/>\n\t<\/div>\n\n<\/div><\/div><\/div><\/div><div id=\"pg-32037-33\"  class=\"panel-grid panel-no-style\" ><div id=\"pgc-32037-33-0\"  class=\"panel-grid-cell\" ><div id=\"panel-32037-33-0-0\" class=\"so-panel widget widget_sow-editor panel-first-child panel-last-child\" data-index=\"37\" ><div\n\t\t\t\n\t\t\tclass=\"so-widget-sow-editor so-widget-sow-editor-base\"\n\t\t\t\n\t\t>\n<div class=\"siteorigin-widget-tinymce textwidget\">\n\t<p>Und pl\u00f6tzlich tauchte wieder ein Goldregenpfeifer auf. Doch damit nicht genug \u2013 neben ihm stand ein Alpenstrandl\u00e4ufer. Auch diesen Vogel aus der Familie der Schnepfenv\u00f6gel (und nicht der Regenpfeifer wie der Goldregenpfeifer) hatte ich bereits auf Island gesehen. Es war faszinierend zu beobachten, wie viele der V\u00f6gel, die mir auf Island begegnet waren, nun auch in Spanien zu sehen waren \u2013 ein interessanter Einblick in ihre weiten Verbreitungsgebiete.<\/p>\n<\/div>\n<\/div><\/div><\/div><\/div><div id=\"pg-32037-34\"  class=\"panel-grid panel-no-style\" ><div id=\"pgc-32037-34-0\"  class=\"panel-grid-cell\" ><div id=\"panel-32037-34-0-0\" class=\"so-panel widget widget_sow-image panel-first-child panel-last-child\" data-index=\"38\" ><div\n\t\t\t\n\t\t\tclass=\"so-widget-sow-image so-widget-sow-image-default-8b5b6f678277-32037\"\n\t\t\t\n\t\t>\n<div class=\"sow-image-container\">\n\t\t<img \n\tsrc=\"https:\/\/wildlife-travel.com\/wp-content\/uploads\/2026\/03\/Voegel-in-Barbate-20-scaled.jpg\" width=\"2560\" height=\"1707\" srcset=\"https:\/\/wildlife-travel.com\/wp-content\/uploads\/2026\/03\/Voegel-in-Barbate-20-scaled.jpg 2560w, https:\/\/wildlife-travel.com\/wp-content\/uploads\/2026\/03\/Voegel-in-Barbate-20-300x200.jpg 300w, https:\/\/wildlife-travel.com\/wp-content\/uploads\/2026\/03\/Voegel-in-Barbate-20-1024x683.jpg 1024w, https:\/\/wildlife-travel.com\/wp-content\/uploads\/2026\/03\/Voegel-in-Barbate-20-768x512.jpg 768w, https:\/\/wildlife-travel.com\/wp-content\/uploads\/2026\/03\/Voegel-in-Barbate-20-1536x1024.jpg 1536w, https:\/\/wildlife-travel.com\/wp-content\/uploads\/2026\/03\/Voegel-in-Barbate-20-2048x1365.jpg 2048w, https:\/\/wildlife-travel.com\/wp-content\/uploads\/2026\/03\/Voegel-in-Barbate-20-840x560.jpg 840w, https:\/\/wildlife-travel.com\/wp-content\/uploads\/2026\/03\/Voegel-in-Barbate-20-120x80.jpg 120w, https:\/\/wildlife-travel.com\/wp-content\/uploads\/2026\/03\/Voegel-in-Barbate-20-360x240.jpg 360w, https:\/\/wildlife-travel.com\/wp-content\/uploads\/2026\/03\/Voegel-in-Barbate-20-600x400.jpg 600w, https:\/\/wildlife-travel.com\/wp-content\/uploads\/2026\/03\/Voegel-in-Barbate-20-272x182.jpg 272w\" sizes=\"(max-width: 2560px) 100vw, 2560px\" title=\"V\u00f6gel-in-Barbate (20)\" alt=\"Wasserv\u00f6gel in Andalusien\" \t\tclass=\"so-widget-image\"\/>\n\t<\/div>\n\n<\/div><\/div><\/div><\/div><div id=\"pg-32037-35\"  class=\"panel-grid panel-no-style\" ><div id=\"pgc-32037-35-0\"  class=\"panel-grid-cell\" ><div id=\"panel-32037-35-0-0\" class=\"so-panel widget widget_sow-editor panel-first-child panel-last-child\" data-index=\"39\" ><div\n\t\t\t\n\t\t\tclass=\"so-widget-sow-editor so-widget-sow-editor-base\"\n\t\t\t\n\t\t>\n<div class=\"siteorigin-widget-tinymce textwidget\">\n\t<p>Wie weiter oben schon erw\u00e4hnt, kann ich bestimmte V\u00f6gel wie den Sandregenpfeifer oft erst im Nachhinein bestimmen. Der n\u00e4chste Vogel ist der Grund daf\u00fcr: der Seeregenpfeifer. Um Sandregenpfeifer und Seeregenpfeifer zuverl\u00e4ssig unterscheiden zu k\u00f6nnen, muss man die V\u00f6gel regelm\u00e4\u00dfig beobachten. F\u00fcr mich war es in Barbate der allererste Seeregenpfeifer, den ich zu Gesicht bekam \u2013 ein besonderer Moment, der meine Begeisterung f\u00fcr diese Watv\u00f6gel noch einmal verst\u00e4rkte.<\/p>\n<\/div>\n<\/div><\/div><\/div><\/div><div id=\"pg-32037-36\"  class=\"panel-grid panel-no-style\" ><div id=\"pgc-32037-36-0\"  class=\"panel-grid-cell\" ><div id=\"panel-32037-36-0-0\" class=\"so-panel widget widget_sow-image panel-first-child panel-last-child\" data-index=\"40\" ><div\n\t\t\t\n\t\t\tclass=\"so-widget-sow-image so-widget-sow-image-default-8b5b6f678277-32037\"\n\t\t\t\n\t\t>\n<div class=\"sow-image-container\">\n\t\t<img \n\tsrc=\"https:\/\/wildlife-travel.com\/wp-content\/uploads\/2026\/03\/Voegel-in-Barbate-21-scaled.jpg\" width=\"2560\" height=\"1707\" srcset=\"https:\/\/wildlife-travel.com\/wp-content\/uploads\/2026\/03\/Voegel-in-Barbate-21-scaled.jpg 2560w, https:\/\/wildlife-travel.com\/wp-content\/uploads\/2026\/03\/Voegel-in-Barbate-21-300x200.jpg 300w, https:\/\/wildlife-travel.com\/wp-content\/uploads\/2026\/03\/Voegel-in-Barbate-21-1024x683.jpg 1024w, https:\/\/wildlife-travel.com\/wp-content\/uploads\/2026\/03\/Voegel-in-Barbate-21-768x512.jpg 768w, https:\/\/wildlife-travel.com\/wp-content\/uploads\/2026\/03\/Voegel-in-Barbate-21-1536x1024.jpg 1536w, https:\/\/wildlife-travel.com\/wp-content\/uploads\/2026\/03\/Voegel-in-Barbate-21-2048x1365.jpg 2048w, https:\/\/wildlife-travel.com\/wp-content\/uploads\/2026\/03\/Voegel-in-Barbate-21-840x560.jpg 840w, https:\/\/wildlife-travel.com\/wp-content\/uploads\/2026\/03\/Voegel-in-Barbate-21-120x80.jpg 120w, https:\/\/wildlife-travel.com\/wp-content\/uploads\/2026\/03\/Voegel-in-Barbate-21-360x240.jpg 360w, https:\/\/wildlife-travel.com\/wp-content\/uploads\/2026\/03\/Voegel-in-Barbate-21-600x400.jpg 600w, https:\/\/wildlife-travel.com\/wp-content\/uploads\/2026\/03\/Voegel-in-Barbate-21-272x182.jpg 272w\" sizes=\"(max-width: 2560px) 100vw, 2560px\" title=\"V\u00f6gel-in-Barbate (21)\" alt=\"Wasserv\u00f6gel in Andalusien\" \t\tclass=\"so-widget-image\"\/>\n\t<\/div>\n\n<\/div><\/div><\/div><\/div><div id=\"pg-32037-37\"  class=\"panel-grid panel-no-style\" ><div id=\"pgc-32037-37-0\"  class=\"panel-grid-cell\" ><div id=\"panel-32037-37-0-0\" class=\"so-panel widget widget_sow-editor panel-first-child panel-last-child\" data-index=\"41\" ><div class=\"panel-widget-style panel-widget-style-for-32037-37-0-0\" ><div\n\t\t\t\n\t\t\tclass=\"so-widget-sow-editor so-widget-sow-editor-base\"\n\t\t\t\n\t\t>\n<div class=\"siteorigin-widget-tinymce textwidget\">\n\t<p><span style=\"font-size: 16pt;\"><strong>Information:<\/strong><\/span> Den Seeregenpfeifer habe ich mithilfe von <a href=\"https:\/\/www.inaturalist.org\/home\" target=\"_blank\" rel=\"noopener\">iNaturalist<\/a> bestimmen lassen. iNaturalist ist eine Citizen-Science-Plattform, auf der sich Menschen gegenseitig bei der Bestimmung von Arten unterst\u00fctzen und ihre Beobachtungen teilen.<\/p>\n<\/div>\n<\/div><\/div><\/div><\/div><\/div><div id=\"pg-32037-38\"  class=\"panel-grid panel-no-style\" ><div id=\"pgc-32037-38-0\"  class=\"panel-grid-cell\" ><div id=\"panel-32037-38-0-0\" class=\"so-panel widget widget_sow-editor panel-first-child panel-last-child\" data-index=\"42\" ><div\n\t\t\t\n\t\t\tclass=\"so-widget-sow-editor so-widget-sow-editor-base\"\n\t\t\t\n\t\t>\n<div class=\"siteorigin-widget-tinymce textwidget\">\n\t<p>Zum Schluss entdeckte ich noch einen Seidenreiher. Diese eleganten V\u00f6gel sind mir in Spanien und Portugal schon mehrfach begegnet \u2013 unter anderem in <a href=\"https:\/\/wildlife-travel.com\/de\/moenchssittiche-in-malaga-spanien\/\" target=\"_blank\" rel=\"noopener\">M\u00e1laga<\/a>, <a href=\"https:\/\/wildlife-travel.com\/de\/voegel-beobachten-in-tarifa-spanien\/\" target=\"_blank\" rel=\"noopener\">Tarifa<\/a> und auch im n\u00f6rdlichen Lissabon. Besonders auff\u00e4llig sind ihr schneewei\u00dfes Gefieder und der lange, schlanke Hals, mit dem sie geschickt nach Nahrung im Wasser suchen. Es war ein sch\u00f6ner Abschluss, diesen anmutigen Vogel zum Tagesende noch beobachten zu k\u00f6nnen.<\/p>\n<\/div>\n<\/div><\/div><\/div><\/div><div id=\"pg-32037-39\"  class=\"panel-grid panel-no-style\" ><div id=\"pgc-32037-39-0\"  class=\"panel-grid-cell\" ><div id=\"panel-32037-39-0-0\" class=\"so-panel widget widget_sow-image panel-first-child panel-last-child\" data-index=\"43\" ><div\n\t\t\t\n\t\t\tclass=\"so-widget-sow-image so-widget-sow-image-default-8b5b6f678277-32037\"\n\t\t\t\n\t\t>\n<div class=\"sow-image-container\">\n\t\t<img \n\tsrc=\"https:\/\/wildlife-travel.com\/wp-content\/uploads\/2026\/03\/Voegel-in-Barbate-22-scaled.jpg\" width=\"2560\" height=\"1707\" srcset=\"https:\/\/wildlife-travel.com\/wp-content\/uploads\/2026\/03\/Voegel-in-Barbate-22-scaled.jpg 2560w, https:\/\/wildlife-travel.com\/wp-content\/uploads\/2026\/03\/Voegel-in-Barbate-22-300x200.jpg 300w, https:\/\/wildlife-travel.com\/wp-content\/uploads\/2026\/03\/Voegel-in-Barbate-22-1024x683.jpg 1024w, https:\/\/wildlife-travel.com\/wp-content\/uploads\/2026\/03\/Voegel-in-Barbate-22-768x512.jpg 768w, https:\/\/wildlife-travel.com\/wp-content\/uploads\/2026\/03\/Voegel-in-Barbate-22-1536x1024.jpg 1536w, https:\/\/wildlife-travel.com\/wp-content\/uploads\/2026\/03\/Voegel-in-Barbate-22-2048x1365.jpg 2048w, https:\/\/wildlife-travel.com\/wp-content\/uploads\/2026\/03\/Voegel-in-Barbate-22-840x560.jpg 840w, https:\/\/wildlife-travel.com\/wp-content\/uploads\/2026\/03\/Voegel-in-Barbate-22-120x80.jpg 120w, https:\/\/wildlife-travel.com\/wp-content\/uploads\/2026\/03\/Voegel-in-Barbate-22-360x240.jpg 360w, https:\/\/wildlife-travel.com\/wp-content\/uploads\/2026\/03\/Voegel-in-Barbate-22-600x400.jpg 600w, https:\/\/wildlife-travel.com\/wp-content\/uploads\/2026\/03\/Voegel-in-Barbate-22-272x182.jpg 272w\" sizes=\"(max-width: 2560px) 100vw, 2560px\" title=\"V\u00f6gel-in-Barbate (22)\" alt=\"Wasserv\u00f6gel in Andalusien\" \t\tclass=\"so-widget-image\"\/>\n\t<\/div>\n\n<\/div><\/div><\/div><\/div><div id=\"pg-32037-40\"  class=\"panel-grid panel-no-style\" ><div id=\"pgc-32037-40-0\"  class=\"panel-grid-cell\" ><div id=\"panel-32037-40-0-0\" class=\"so-panel widget widget_sow-editor panel-first-child panel-last-child\" data-index=\"44\" ><div\n\t\t\t\n\t\t\tclass=\"so-widget-sow-editor so-widget-sow-editor-base\"\n\t\t\t\n\t\t>\n<div class=\"siteorigin-widget-tinymce textwidget\">\n\t<p>Die Stadt Barbate selbst habe ich nicht erkundet, da ich noch vorhatte, nach den Waldrappen zu suchen. Da ich in der Umgebung von Barbate keinen Waldrapp entdeckte, verlie\u00df ich Barbate und machte mich auf den Weg zu einer Finca in der Umgebung, um dort nach ihnen zu suchen. Leider vergeblich. Daher kann ich nur wenige Eindr\u00fccke von Barbate selbst teilen.<\/p>\n<\/div>\n<\/div><\/div><\/div><\/div><div id=\"pg-32037-41\"  class=\"panel-grid panel-no-style\" ><div id=\"pgc-32037-41-0\"  class=\"panel-grid-cell\" ><div id=\"panel-32037-41-0-0\" class=\"so-panel widget widget_sow-image panel-first-child panel-last-child\" data-index=\"45\" ><div\n\t\t\t\n\t\t\tclass=\"so-widget-sow-image so-widget-sow-image-default-8b5b6f678277-32037\"\n\t\t\t\n\t\t>\n<div class=\"sow-image-container\">\n\t\t<img \n\tsrc=\"https:\/\/wildlife-travel.com\/wp-content\/uploads\/2026\/03\/Voegel-in-Barbate-23-scaled.jpg\" width=\"2560\" height=\"1707\" srcset=\"https:\/\/wildlife-travel.com\/wp-content\/uploads\/2026\/03\/Voegel-in-Barbate-23-scaled.jpg 2560w, https:\/\/wildlife-travel.com\/wp-content\/uploads\/2026\/03\/Voegel-in-Barbate-23-300x200.jpg 300w, https:\/\/wildlife-travel.com\/wp-content\/uploads\/2026\/03\/Voegel-in-Barbate-23-1024x683.jpg 1024w, https:\/\/wildlife-travel.com\/wp-content\/uploads\/2026\/03\/Voegel-in-Barbate-23-768x512.jpg 768w, https:\/\/wildlife-travel.com\/wp-content\/uploads\/2026\/03\/Voegel-in-Barbate-23-1536x1024.jpg 1536w, https:\/\/wildlife-travel.com\/wp-content\/uploads\/2026\/03\/Voegel-in-Barbate-23-2048x1365.jpg 2048w, https:\/\/wildlife-travel.com\/wp-content\/uploads\/2026\/03\/Voegel-in-Barbate-23-840x560.jpg 840w, https:\/\/wildlife-travel.com\/wp-content\/uploads\/2026\/03\/Voegel-in-Barbate-23-120x80.jpg 120w, https:\/\/wildlife-travel.com\/wp-content\/uploads\/2026\/03\/Voegel-in-Barbate-23-360x240.jpg 360w, https:\/\/wildlife-travel.com\/wp-content\/uploads\/2026\/03\/Voegel-in-Barbate-23-600x400.jpg 600w, https:\/\/wildlife-travel.com\/wp-content\/uploads\/2026\/03\/Voegel-in-Barbate-23-272x182.jpg 272w\" sizes=\"(max-width: 2560px) 100vw, 2560px\" title=\"V\u00f6gel-in-Barbate (23)\" alt=\"Vejer de la Frontera\" \t\tclass=\"so-widget-image\"\/>\n\t<\/div>\n\n<\/div><\/div><\/div><\/div><div id=\"pg-32037-42\"  class=\"panel-grid panel-no-style\" ><div id=\"pgc-32037-42-0\"  class=\"panel-grid-cell\" ><div id=\"panel-32037-42-0-0\" class=\"so-panel widget widget_sow-image panel-first-child panel-last-child\" data-index=\"46\" ><div\n\t\t\t\n\t\t\tclass=\"so-widget-sow-image so-widget-sow-image-default-8b5b6f678277-32037\"\n\t\t\t\n\t\t>\n<div class=\"sow-image-container\">\n\t\t<img \n\tsrc=\"https:\/\/wildlife-travel.com\/wp-content\/uploads\/2026\/03\/Voegel-in-Barbate-24-scaled.jpg\" width=\"2560\" height=\"1707\" srcset=\"https:\/\/wildlife-travel.com\/wp-content\/uploads\/2026\/03\/Voegel-in-Barbate-24-scaled.jpg 2560w, https:\/\/wildlife-travel.com\/wp-content\/uploads\/2026\/03\/Voegel-in-Barbate-24-300x200.jpg 300w, https:\/\/wildlife-travel.com\/wp-content\/uploads\/2026\/03\/Voegel-in-Barbate-24-1024x683.jpg 1024w, https:\/\/wildlife-travel.com\/wp-content\/uploads\/2026\/03\/Voegel-in-Barbate-24-768x512.jpg 768w, https:\/\/wildlife-travel.com\/wp-content\/uploads\/2026\/03\/Voegel-in-Barbate-24-1536x1024.jpg 1536w, https:\/\/wildlife-travel.com\/wp-content\/uploads\/2026\/03\/Voegel-in-Barbate-24-2048x1365.jpg 2048w, https:\/\/wildlife-travel.com\/wp-content\/uploads\/2026\/03\/Voegel-in-Barbate-24-840x560.jpg 840w, https:\/\/wildlife-travel.com\/wp-content\/uploads\/2026\/03\/Voegel-in-Barbate-24-120x80.jpg 120w, https:\/\/wildlife-travel.com\/wp-content\/uploads\/2026\/03\/Voegel-in-Barbate-24-360x240.jpg 360w, https:\/\/wildlife-travel.com\/wp-content\/uploads\/2026\/03\/Voegel-in-Barbate-24-600x400.jpg 600w, https:\/\/wildlife-travel.com\/wp-content\/uploads\/2026\/03\/Voegel-in-Barbate-24-272x182.jpg 272w\" sizes=\"(max-width: 2560px) 100vw, 2560px\" title=\"V\u00f6gel-in-Barbate (24)\" alt=\"Vejer de la Frontera\" \t\tclass=\"so-widget-image\"\/>\n\t<\/div>\n\n<\/div><\/div><\/div><div id=\"pgc-32037-42-1\"  class=\"panel-grid-cell\" ><div id=\"panel-32037-42-1-0\" class=\"so-panel widget widget_sow-image panel-first-child panel-last-child\" data-index=\"47\" ><div\n\t\t\t\n\t\t\tclass=\"so-widget-sow-image so-widget-sow-image-default-8b5b6f678277-32037\"\n\t\t\t\n\t\t>\n<div class=\"sow-image-container\">\n\t\t<img \n\tsrc=\"https:\/\/wildlife-travel.com\/wp-content\/uploads\/2026\/03\/Voegel-in-Barbate-25.jpg\" width=\"1837\" height=\"1225\" srcset=\"https:\/\/wildlife-travel.com\/wp-content\/uploads\/2026\/03\/Voegel-in-Barbate-25.jpg 1837w, https:\/\/wildlife-travel.com\/wp-content\/uploads\/2026\/03\/Voegel-in-Barbate-25-300x200.jpg 300w, https:\/\/wildlife-travel.com\/wp-content\/uploads\/2026\/03\/Voegel-in-Barbate-25-1024x683.jpg 1024w, https:\/\/wildlife-travel.com\/wp-content\/uploads\/2026\/03\/Voegel-in-Barbate-25-768x512.jpg 768w, https:\/\/wildlife-travel.com\/wp-content\/uploads\/2026\/03\/Voegel-in-Barbate-25-1536x1024.jpg 1536w, https:\/\/wildlife-travel.com\/wp-content\/uploads\/2026\/03\/Voegel-in-Barbate-25-840x560.jpg 840w, https:\/\/wildlife-travel.com\/wp-content\/uploads\/2026\/03\/Voegel-in-Barbate-25-120x80.jpg 120w, https:\/\/wildlife-travel.com\/wp-content\/uploads\/2026\/03\/Voegel-in-Barbate-25-360x240.jpg 360w, https:\/\/wildlife-travel.com\/wp-content\/uploads\/2026\/03\/Voegel-in-Barbate-25-600x400.jpg 600w, https:\/\/wildlife-travel.com\/wp-content\/uploads\/2026\/03\/Voegel-in-Barbate-25-272x182.jpg 272w\" sizes=\"(max-width: 1837px) 100vw, 1837px\" title=\"V\u00f6gel-in-Barbate (25)\" alt=\"Vejer de la Frontera\" \t\tclass=\"so-widget-image\"\/>\n\t<\/div>\n\n<\/div><\/div><\/div><\/div><div id=\"pg-32037-43\"  class=\"panel-grid panel-no-style\" ><div id=\"pgc-32037-43-0\"  class=\"panel-grid-cell\" ><div id=\"panel-32037-43-0-0\" class=\"so-panel widget widget_sow-image panel-first-child panel-last-child\" data-index=\"48\" ><div\n\t\t\t\n\t\t\tclass=\"so-widget-sow-image so-widget-sow-image-default-8b5b6f678277-32037\"\n\t\t\t\n\t\t>\n<div class=\"sow-image-container\">\n\t\t<img \n\tsrc=\"https:\/\/wildlife-travel.com\/wp-content\/uploads\/2026\/03\/Voegel-in-Barbate-26-scaled.jpg\" width=\"2560\" height=\"1707\" srcset=\"https:\/\/wildlife-travel.com\/wp-content\/uploads\/2026\/03\/Voegel-in-Barbate-26-scaled.jpg 2560w, https:\/\/wildlife-travel.com\/wp-content\/uploads\/2026\/03\/Voegel-in-Barbate-26-300x200.jpg 300w, https:\/\/wildlife-travel.com\/wp-content\/uploads\/2026\/03\/Voegel-in-Barbate-26-1024x683.jpg 1024w, https:\/\/wildlife-travel.com\/wp-content\/uploads\/2026\/03\/Voegel-in-Barbate-26-768x512.jpg 768w, https:\/\/wildlife-travel.com\/wp-content\/uploads\/2026\/03\/Voegel-in-Barbate-26-1536x1024.jpg 1536w, https:\/\/wildlife-travel.com\/wp-content\/uploads\/2026\/03\/Voegel-in-Barbate-26-2048x1365.jpg 2048w, https:\/\/wildlife-travel.com\/wp-content\/uploads\/2026\/03\/Voegel-in-Barbate-26-840x560.jpg 840w, https:\/\/wildlife-travel.com\/wp-content\/uploads\/2026\/03\/Voegel-in-Barbate-26-120x80.jpg 120w, https:\/\/wildlife-travel.com\/wp-content\/uploads\/2026\/03\/Voegel-in-Barbate-26-360x240.jpg 360w, https:\/\/wildlife-travel.com\/wp-content\/uploads\/2026\/03\/Voegel-in-Barbate-26-600x400.jpg 600w, https:\/\/wildlife-travel.com\/wp-content\/uploads\/2026\/03\/Voegel-in-Barbate-26-272x182.jpg 272w\" sizes=\"(max-width: 2560px) 100vw, 2560px\" title=\"V\u00f6gel-in-Barbate (26)\" alt=\"Vejer de la Frontera\" \t\tclass=\"so-widget-image\"\/>\n\t<\/div>\n\n<\/div><\/div><\/div><\/div><div id=\"pg-32037-44\"  class=\"panel-grid panel-no-style\" ><div id=\"pgc-32037-44-0\"  class=\"panel-grid-cell\" ><div id=\"panel-32037-44-0-0\" class=\"so-panel widget widget_sow-editor panel-first-child panel-last-child\" data-index=\"49\" ><div\n\t\t\t\n\t\t\tclass=\"so-widget-sow-editor so-widget-sow-editor-base\"\n\t\t\t\n\t\t>\n<div class=\"siteorigin-widget-tinymce textwidget\">\n\t<p>Bevor ich zum Ende komme, sei erw\u00e4hnt, dass ich auch durch Vejer de la Frontera fuhr. Dort soll es ebenfalls schon Waldrappe gegeben haben, doch gesehen habe ich auch dort keinen. Daf\u00fcr boten sich mir wundersch\u00f6ne Ausblicke auf die Umgebung. Ich denke, sowohl Barbate \u2013 insbesondere f\u00fcr die Beobachtung der V\u00f6gel in Barbate \u2013 als auch Vejer de la Frontera sind sehr sch\u00f6ne Ausflugsziele in Andalusien, die sich f\u00fcr Naturbeobachtungen und entspannte Spazierg\u00e4nge eignen.<\/p>\n<\/div>\n<\/div><\/div><\/div><\/div><div id=\"pg-32037-45\"  class=\"panel-grid panel-no-style\" ><div id=\"pgc-32037-45-0\"  class=\"panel-grid-cell\" ><div id=\"panel-32037-45-0-0\" class=\"so-panel widget widget_sow-image panel-first-child panel-last-child\" data-index=\"50\" ><div\n\t\t\t\n\t\t\tclass=\"so-widget-sow-image so-widget-sow-image-default-8b5b6f678277-32037\"\n\t\t\t\n\t\t>\n<div class=\"sow-image-container\">\n\t\t<img \n\tsrc=\"https:\/\/wildlife-travel.com\/wp-content\/uploads\/2026\/03\/Voegel-in-Barbate-27-scaled.jpg\" width=\"2560\" height=\"1707\" srcset=\"https:\/\/wildlife-travel.com\/wp-content\/uploads\/2026\/03\/Voegel-in-Barbate-27-scaled.jpg 2560w, https:\/\/wildlife-travel.com\/wp-content\/uploads\/2026\/03\/Voegel-in-Barbate-27-300x200.jpg 300w, https:\/\/wildlife-travel.com\/wp-content\/uploads\/2026\/03\/Voegel-in-Barbate-27-1024x683.jpg 1024w, https:\/\/wildlife-travel.com\/wp-content\/uploads\/2026\/03\/Voegel-in-Barbate-27-768x512.jpg 768w, https:\/\/wildlife-travel.com\/wp-content\/uploads\/2026\/03\/Voegel-in-Barbate-27-1536x1024.jpg 1536w, https:\/\/wildlife-travel.com\/wp-content\/uploads\/2026\/03\/Voegel-in-Barbate-27-2048x1365.jpg 2048w, https:\/\/wildlife-travel.com\/wp-content\/uploads\/2026\/03\/Voegel-in-Barbate-27-840x560.jpg 840w, https:\/\/wildlife-travel.com\/wp-content\/uploads\/2026\/03\/Voegel-in-Barbate-27-120x80.jpg 120w, https:\/\/wildlife-travel.com\/wp-content\/uploads\/2026\/03\/Voegel-in-Barbate-27-360x240.jpg 360w, https:\/\/wildlife-travel.com\/wp-content\/uploads\/2026\/03\/Voegel-in-Barbate-27-600x400.jpg 600w, https:\/\/wildlife-travel.com\/wp-content\/uploads\/2026\/03\/Voegel-in-Barbate-27-272x182.jpg 272w\" sizes=\"(max-width: 2560px) 100vw, 2560px\" title=\"V\u00f6gel-in-Barbate (27)\" alt=\"Vejer de la Frontera\" \t\tclass=\"so-widget-image\"\/>\n\t<\/div>\n\n<\/div><\/div><\/div><\/div><div id=\"pg-32037-46\"  class=\"panel-grid panel-no-style\" ><div id=\"pgc-32037-46-0\"  class=\"panel-grid-cell\" ><div id=\"panel-32037-46-0-0\" class=\"so-panel widget widget_sow-image panel-first-child panel-last-child\" data-index=\"51\" ><div\n\t\t\t\n\t\t\tclass=\"so-widget-sow-image so-widget-sow-image-default-8b5b6f678277-32037\"\n\t\t\t\n\t\t>\n<div class=\"sow-image-container\">\n\t\t<img \n\tsrc=\"https:\/\/wildlife-travel.com\/wp-content\/uploads\/2026\/03\/Voegel-in-Barbate-28-scaled.jpg\" width=\"2560\" height=\"1707\" srcset=\"https:\/\/wildlife-travel.com\/wp-content\/uploads\/2026\/03\/Voegel-in-Barbate-28-scaled.jpg 2560w, https:\/\/wildlife-travel.com\/wp-content\/uploads\/2026\/03\/Voegel-in-Barbate-28-300x200.jpg 300w, https:\/\/wildlife-travel.com\/wp-content\/uploads\/2026\/03\/Voegel-in-Barbate-28-1024x683.jpg 1024w, https:\/\/wildlife-travel.com\/wp-content\/uploads\/2026\/03\/Voegel-in-Barbate-28-768x512.jpg 768w, https:\/\/wildlife-travel.com\/wp-content\/uploads\/2026\/03\/Voegel-in-Barbate-28-1536x1024.jpg 1536w, https:\/\/wildlife-travel.com\/wp-content\/uploads\/2026\/03\/Voegel-in-Barbate-28-2048x1365.jpg 2048w, https:\/\/wildlife-travel.com\/wp-content\/uploads\/2026\/03\/Voegel-in-Barbate-28-840x560.jpg 840w, https:\/\/wildlife-travel.com\/wp-content\/uploads\/2026\/03\/Voegel-in-Barbate-28-120x80.jpg 120w, https:\/\/wildlife-travel.com\/wp-content\/uploads\/2026\/03\/Voegel-in-Barbate-28-360x240.jpg 360w, https:\/\/wildlife-travel.com\/wp-content\/uploads\/2026\/03\/Voegel-in-Barbate-28-600x400.jpg 600w, https:\/\/wildlife-travel.com\/wp-content\/uploads\/2026\/03\/Voegel-in-Barbate-28-272x182.jpg 272w\" sizes=\"(max-width: 2560px) 100vw, 2560px\" title=\"V\u00f6gel-in-Barbate (28)\" alt=\"Vejer de la Frontera\" \t\tclass=\"so-widget-image\"\/>\n\t<\/div>\n\n<\/div><\/div><\/div><div id=\"pgc-32037-46-1\"  class=\"panel-grid-cell\" ><div id=\"panel-32037-46-1-0\" class=\"so-panel widget widget_sow-image panel-first-child panel-last-child\" data-index=\"52\" ><div\n\t\t\t\n\t\t\tclass=\"so-widget-sow-image so-widget-sow-image-default-8b5b6f678277-32037\"\n\t\t\t\n\t\t>\n<div class=\"sow-image-container\">\n\t\t<img \n\tsrc=\"https:\/\/wildlife-travel.com\/wp-content\/uploads\/2026\/03\/Voegel-in-Barbate-29.jpg\" width=\"1837\" height=\"1225\" srcset=\"https:\/\/wildlife-travel.com\/wp-content\/uploads\/2026\/03\/Voegel-in-Barbate-29.jpg 1837w, https:\/\/wildlife-travel.com\/wp-content\/uploads\/2026\/03\/Voegel-in-Barbate-29-300x200.jpg 300w, https:\/\/wildlife-travel.com\/wp-content\/uploads\/2026\/03\/Voegel-in-Barbate-29-1024x683.jpg 1024w, https:\/\/wildlife-travel.com\/wp-content\/uploads\/2026\/03\/Voegel-in-Barbate-29-768x512.jpg 768w, https:\/\/wildlife-travel.com\/wp-content\/uploads\/2026\/03\/Voegel-in-Barbate-29-1536x1024.jpg 1536w, https:\/\/wildlife-travel.com\/wp-content\/uploads\/2026\/03\/Voegel-in-Barbate-29-840x560.jpg 840w, https:\/\/wildlife-travel.com\/wp-content\/uploads\/2026\/03\/Voegel-in-Barbate-29-120x80.jpg 120w, https:\/\/wildlife-travel.com\/wp-content\/uploads\/2026\/03\/Voegel-in-Barbate-29-360x240.jpg 360w, https:\/\/wildlife-travel.com\/wp-content\/uploads\/2026\/03\/Voegel-in-Barbate-29-600x400.jpg 600w, https:\/\/wildlife-travel.com\/wp-content\/uploads\/2026\/03\/Voegel-in-Barbate-29-272x182.jpg 272w\" sizes=\"(max-width: 1837px) 100vw, 1837px\" title=\"V\u00f6gel-in-Barbate (29)\" alt=\"Vejer de la Frontera\" \t\tclass=\"so-widget-image\"\/>\n\t<\/div>\n\n<\/div><\/div><\/div><\/div><div id=\"pg-32037-47\"  class=\"panel-grid panel-no-style\" ><div id=\"pgc-32037-47-0\"  class=\"panel-grid-cell\" ><div id=\"panel-32037-47-0-0\" class=\"so-panel widget widget_sow-editor panel-first-child panel-last-child\" data-index=\"53\" ><div class=\"panel-widget-style panel-widget-style-for-32037-47-0-0\" ><div\n\t\t\t\n\t\t\tclass=\"so-widget-sow-editor so-widget-sow-editor-base\"\n\t\t\t\n\t\t>\n<div class=\"siteorigin-widget-tinymce textwidget\">\n\t<p><strong>Weitere Blog-Artikel:<\/strong><\/p>\n<p><a href=\"https:\/\/wildlife-travel.com\/de\/einfarbstare-in-tarifa-spanien\/\" target=\"_blank\" rel=\"noopener\">Einfarbstare<\/a> in Tarifa, Spanien<\/p>\n<p>V\u00f6gel in der <a href=\"https:\/\/wildlife-travel.com\/de\/voegel-beobachten-in-tarifa-spanien\/\" target=\"_blank\" rel=\"noopener\">Umgebung von Tarifa<\/a><\/p>\n<p><a href=\"https:\/\/wildlife-travel.com\/de\/delfine-vor-tarifa-spanien\/\" target=\"_blank\" rel=\"noopener\">Wale und Delfine<\/a> in der Stra\u00dfe von Gibraltar<\/p>\n<\/div>\n<\/div><\/div><\/div><\/div><\/div><div id=\"pg-32037-48\"  class=\"panel-grid panel-no-style\" ><div id=\"pgc-32037-48-0\"  class=\"panel-grid-cell\" ><div id=\"panel-32037-48-0-0\" class=\"so-panel widget widget_sow-editor panel-first-child panel-last-child\" data-index=\"54\" ><div\n\t\t\t\n\t\t\tclass=\"so-widget-sow-editor so-widget-sow-editor-base\"\n\t\t\t\n\t\t>\n<div class=\"siteorigin-widget-tinymce textwidget\">\n\t<p><strong>Hast du schon mal V\u00f6gel in Barbate beobachtet? Falls ja, welche V\u00f6gel hast du dort gesehen? Lass es uns doch in den Kommentaren wissen.\u00a0<\/strong><\/p>\n<\/div>\n<\/div><\/div><\/div><\/div><div id=\"pg-32037-49\"  class=\"panel-grid panel-no-style\" ><div id=\"pgc-32037-49-0\"  class=\"panel-grid-cell\" ><div id=\"panel-32037-49-0-0\" class=\"so-panel widget widget_sow-image panel-first-child panel-last-child\" data-index=\"55\" ><div\n\t\t\t\n\t\t\tclass=\"so-widget-sow-image so-widget-sow-image-default-8b5b6f678277-32037\"\n\t\t\t\n\t\t>\n<div class=\"sow-image-container\">\n\t\t<img \n\tsrc=\"https:\/\/wildlife-travel.com\/wp-content\/uploads\/2026\/03\/Voegel-beobachten-in-Barbate-DE1.jpg\" width=\"800\" height=\"1200\" srcset=\"https:\/\/wildlife-travel.com\/wp-content\/uploads\/2026\/03\/Voegel-beobachten-in-Barbate-DE1.jpg 800w, https:\/\/wildlife-travel.com\/wp-content\/uploads\/2026\/03\/Voegel-beobachten-in-Barbate-DE1-200x300.jpg 200w, https:\/\/wildlife-travel.com\/wp-content\/uploads\/2026\/03\/Voegel-beobachten-in-Barbate-DE1-683x1024.jpg 683w, https:\/\/wildlife-travel.com\/wp-content\/uploads\/2026\/03\/Voegel-beobachten-in-Barbate-DE1-768x1152.jpg 768w\" sizes=\"(max-width: 800px) 100vw, 800px\" title=\"V\u00f6gel-beobachten-in-Barbate-DE1\" alt=\"V\u00f6gel in Barbate\" \t\tclass=\"so-widget-image\"\/>\n\t<\/div>\n\n<\/div><\/div><\/div><div id=\"pgc-32037-49-1\"  class=\"panel-grid-cell\" ><div id=\"panel-32037-49-1-0\" class=\"so-panel widget widget_sow-image panel-first-child panel-last-child\" data-index=\"56\" ><div\n\t\t\t\n\t\t\tclass=\"so-widget-sow-image so-widget-sow-image-default-8b5b6f678277-32037\"\n\t\t\t\n\t\t>\n<div class=\"sow-image-container\">\n\t\t<img \n\tsrc=\"https:\/\/wildlife-travel.com\/wp-content\/uploads\/2026\/03\/Voegel-beobachten-in-Barbate-DE2.jpg\" width=\"800\" height=\"1200\" srcset=\"https:\/\/wildlife-travel.com\/wp-content\/uploads\/2026\/03\/Voegel-beobachten-in-Barbate-DE2.jpg 800w, https:\/\/wildlife-travel.com\/wp-content\/uploads\/2026\/03\/Voegel-beobachten-in-Barbate-DE2-200x300.jpg 200w, https:\/\/wildlife-travel.com\/wp-content\/uploads\/2026\/03\/Voegel-beobachten-in-Barbate-DE2-683x1024.jpg 683w, https:\/\/wildlife-travel.com\/wp-content\/uploads\/2026\/03\/Voegel-beobachten-in-Barbate-DE2-768x1152.jpg 768w\" sizes=\"(max-width: 800px) 100vw, 800px\" title=\"V\u00f6gel-beobachten-in-Barbate-DE2\" alt=\"V\u00f6gel in Barbate\" \t\tclass=\"so-widget-image\"\/>\n\t<\/div>\n\n<\/div><\/div><\/div><\/div><\/div>","protected":false},"excerpt":{"rendered":"","protected":false},"author":1,"featured_media":32038,"comment_status":"open","ping_status":"closed","sticky":false,"template":"","format":"standard","meta":{"_monsterinsights_skip_tracking":false,"_monsterinsights_sitenote_active":false,"_monsterinsights_sitenote_note":"","_monsterinsights_sitenote_category":0,"footnotes":""},"categories":[230],"tags":[],"class_list":["post-32037","post","type-post","status-publish","format-standard","has-post-thumbnail","hentry","category-spanien"],"yoast_head":"<!-- This site is optimized with the Yoast SEO plugin v27.5 - https:\/\/yoast.com\/product\/yoast-seo-wordpress\/ -->\n<title>V\u00f6gel in Barbate, Spanien<\/title>\n<meta name=\"description\" content=\"V\u00f6gel in Barbate: M\u00f6wen, Schwarzkehlchen, Stare und zahlreiche Wasserv\u00f6gel in Andalusien. Lies mehr auf dem Blog...\" \/>\n<meta name=\"robots\" content=\"index, follow, max-snippet:-1, max-image-preview:large, max-video-preview:-1\" \/>\n<link rel=\"canonical\" href=\"https:\/\/wildlife-travel.com\/de\/voegel-in-barbate-und-umgebung-spanien\/\" \/>\n<meta property=\"og:locale\" content=\"de_DE\" \/>\n<meta property=\"og:type\" content=\"article\" \/>\n<meta property=\"og:title\" content=\"V\u00f6gel in Barbate, Spanien\" \/>\n<meta property=\"og:description\" content=\"V\u00f6gel in Barbate: M\u00f6wen, Schwarzkehlchen, Stare und zahlreiche Wasserv\u00f6gel in Andalusien. Lies mehr auf dem Blog...\" \/>\n<meta property=\"og:url\" content=\"https:\/\/wildlife-travel.com\/de\/voegel-in-barbate-und-umgebung-spanien\/\" \/>\n<meta property=\"article:published_time\" content=\"2026-03-28T11:00:16+00:00\" \/>\n<meta property=\"article:modified_time\" content=\"2026-03-29T12:21:27+00:00\" \/>\n<meta property=\"og:image\" content=\"https:\/\/wildlife-travel.com\/wp-content\/uploads\/2026\/03\/Voegel-in-Barbate.jpg\" \/>\n\t<meta property=\"og:image:width\" content=\"2500\" \/>\n\t<meta property=\"og:image:height\" content=\"800\" \/>\n\t<meta property=\"og:image:type\" content=\"image\/jpeg\" \/>\n<meta name=\"author\" content=\"Tanja Heinz\" \/>\n<meta name=\"twitter:card\" content=\"summary_large_image\" \/>\n<meta name=\"twitter:label1\" content=\"Written by\" \/>\n\t<meta name=\"twitter:data1\" content=\"Tanja Heinz\" \/>\n\t<meta name=\"twitter:label2\" content=\"Est. reading time\" \/>\n\t<meta name=\"twitter:data2\" content=\"15 minutes\" \/>\n<script type=\"application\/ld+json\" class=\"yoast-schema-graph\">{\"@context\":\"https:\\\/\\\/schema.org\",\"@graph\":[{\"@type\":\"Article\",\"@id\":\"https:\\\/\\\/wildlife-travel.com\\\/de\\\/voegel-in-barbate-und-umgebung-spanien\\\/#article\",\"isPartOf\":{\"@id\":\"https:\\\/\\\/wildlife-travel.com\\\/de\\\/voegel-in-barbate-und-umgebung-spanien\\\/\"},\"author\":{\"name\":\"Tanja Heinz\",\"@id\":\"https:\\\/\\\/wildlife-travel.com\\\/de\\\/#\\\/schema\\\/person\\\/37ec276948c84f4f860abef1a19c2e62\"},\"headline\":\"V\u00f6gel in Barbate und Umgebung, Spanien\",\"datePublished\":\"2026-03-28T11:00:16+00:00\",\"dateModified\":\"2026-03-29T12:21:27+00:00\",\"mainEntityOfPage\":{\"@id\":\"https:\\\/\\\/wildlife-travel.com\\\/de\\\/voegel-in-barbate-und-umgebung-spanien\\\/\"},\"wordCount\":1827,\"commentCount\":0,\"publisher\":{\"@id\":\"https:\\\/\\\/wildlife-travel.com\\\/de\\\/#\\\/schema\\\/person\\\/37ec276948c84f4f860abef1a19c2e62\"},\"image\":{\"@id\":\"https:\\\/\\\/wildlife-travel.com\\\/de\\\/voegel-in-barbate-und-umgebung-spanien\\\/#primaryimage\"},\"thumbnailUrl\":\"https:\\\/\\\/wildlife-travel.com\\\/wp-content\\\/uploads\\\/2026\\\/03\\\/Voegel-in-Barbate.jpg\",\"articleSection\":[\"Spanien\"],\"inLanguage\":\"de-DE\",\"potentialAction\":[{\"@type\":\"CommentAction\",\"name\":\"Comment\",\"target\":[\"https:\\\/\\\/wildlife-travel.com\\\/de\\\/voegel-in-barbate-und-umgebung-spanien\\\/#respond\"]}]},{\"@type\":\"WebPage\",\"@id\":\"https:\\\/\\\/wildlife-travel.com\\\/de\\\/voegel-in-barbate-und-umgebung-spanien\\\/\",\"url\":\"https:\\\/\\\/wildlife-travel.com\\\/de\\\/voegel-in-barbate-und-umgebung-spanien\\\/\",\"name\":\"V\u00f6gel in Barbate, Spanien\",\"isPartOf\":{\"@id\":\"https:\\\/\\\/wildlife-travel.com\\\/de\\\/#website\"},\"primaryImageOfPage\":{\"@id\":\"https:\\\/\\\/wildlife-travel.com\\\/de\\\/voegel-in-barbate-und-umgebung-spanien\\\/#primaryimage\"},\"image\":{\"@id\":\"https:\\\/\\\/wildlife-travel.com\\\/de\\\/voegel-in-barbate-und-umgebung-spanien\\\/#primaryimage\"},\"thumbnailUrl\":\"https:\\\/\\\/wildlife-travel.com\\\/wp-content\\\/uploads\\\/2026\\\/03\\\/Voegel-in-Barbate.jpg\",\"datePublished\":\"2026-03-28T11:00:16+00:00\",\"dateModified\":\"2026-03-29T12:21:27+00:00\",\"description\":\"V\u00f6gel in Barbate: M\u00f6wen, Schwarzkehlchen, Stare und zahlreiche Wasserv\u00f6gel in Andalusien. Lies mehr auf dem Blog...\",\"breadcrumb\":{\"@id\":\"https:\\\/\\\/wildlife-travel.com\\\/de\\\/voegel-in-barbate-und-umgebung-spanien\\\/#breadcrumb\"},\"inLanguage\":\"de-DE\",\"potentialAction\":[{\"@type\":\"ReadAction\",\"target\":[\"https:\\\/\\\/wildlife-travel.com\\\/de\\\/voegel-in-barbate-und-umgebung-spanien\\\/\"]}]},{\"@type\":\"ImageObject\",\"inLanguage\":\"de-DE\",\"@id\":\"https:\\\/\\\/wildlife-travel.com\\\/de\\\/voegel-in-barbate-und-umgebung-spanien\\\/#primaryimage\",\"url\":\"https:\\\/\\\/wildlife-travel.com\\\/wp-content\\\/uploads\\\/2026\\\/03\\\/Voegel-in-Barbate.jpg\",\"contentUrl\":\"https:\\\/\\\/wildlife-travel.com\\\/wp-content\\\/uploads\\\/2026\\\/03\\\/Voegel-in-Barbate.jpg\",\"width\":2500,\"height\":800,\"caption\":\"V\u00f6gel in Barbate\"},{\"@type\":\"BreadcrumbList\",\"@id\":\"https:\\\/\\\/wildlife-travel.com\\\/de\\\/voegel-in-barbate-und-umgebung-spanien\\\/#breadcrumb\",\"itemListElement\":[{\"@type\":\"ListItem\",\"position\":1,\"name\":\"Startseite\",\"item\":\"https:\\\/\\\/wildlife-travel.com\\\/de\\\/\"},{\"@type\":\"ListItem\",\"position\":2,\"name\":\"V\u00f6gel in Barbate und Umgebung, Spanien\"}]},{\"@type\":\"WebSite\",\"@id\":\"https:\\\/\\\/wildlife-travel.com\\\/de\\\/#website\",\"url\":\"https:\\\/\\\/wildlife-travel.com\\\/de\\\/\",\"name\":\"\",\"description\":\"Wildlife Travel\",\"publisher\":{\"@id\":\"https:\\\/\\\/wildlife-travel.com\\\/de\\\/#\\\/schema\\\/person\\\/37ec276948c84f4f860abef1a19c2e62\"},\"potentialAction\":[{\"@type\":\"SearchAction\",\"target\":{\"@type\":\"EntryPoint\",\"urlTemplate\":\"https:\\\/\\\/wildlife-travel.com\\\/de\\\/?s={search_term_string}\"},\"query-input\":{\"@type\":\"PropertyValueSpecification\",\"valueRequired\":true,\"valueName\":\"search_term_string\"}}],\"inLanguage\":\"de-DE\"},{\"@type\":[\"Person\",\"Organization\"],\"@id\":\"https:\\\/\\\/wildlife-travel.com\\\/de\\\/#\\\/schema\\\/person\\\/37ec276948c84f4f860abef1a19c2e62\",\"name\":\"Tanja Heinz\",\"logo\":{\"@id\":\"https:\\\/\\\/wildlife-travel.com\\\/de\\\/#\\\/schema\\\/person\\\/image\\\/\"}}]}<\/script>\n<!-- \/ Yoast SEO plugin. -->","yoast_head_json":{"title":"V\u00f6gel in Barbate, Spanien","description":"V\u00f6gel in Barbate: M\u00f6wen, Schwarzkehlchen, Stare und zahlreiche Wasserv\u00f6gel in Andalusien. Lies mehr auf dem Blog...","robots":{"index":"index","follow":"follow","max-snippet":"max-snippet:-1","max-image-preview":"max-image-preview:large","max-video-preview":"max-video-preview:-1"},"canonical":"https:\/\/wildlife-travel.com\/de\/voegel-in-barbate-und-umgebung-spanien\/","og_locale":"de_DE","og_type":"article","og_title":"V\u00f6gel in Barbate, Spanien","og_description":"V\u00f6gel in Barbate: M\u00f6wen, Schwarzkehlchen, Stare und zahlreiche Wasserv\u00f6gel in Andalusien. Lies mehr auf dem Blog...","og_url":"https:\/\/wildlife-travel.com\/de\/voegel-in-barbate-und-umgebung-spanien\/","article_published_time":"2026-03-28T11:00:16+00:00","article_modified_time":"2026-03-29T12:21:27+00:00","og_image":[{"width":2500,"height":800,"url":"https:\/\/wildlife-travel.com\/wp-content\/uploads\/2026\/03\/Voegel-in-Barbate.jpg","type":"image\/jpeg"}],"author":"Tanja Heinz","twitter_card":"summary_large_image","twitter_misc":{"Written by":"Tanja Heinz","Est. reading time":"15 minutes"},"schema":{"@context":"https:\/\/schema.org","@graph":[{"@type":"Article","@id":"https:\/\/wildlife-travel.com\/de\/voegel-in-barbate-und-umgebung-spanien\/#article","isPartOf":{"@id":"https:\/\/wildlife-travel.com\/de\/voegel-in-barbate-und-umgebung-spanien\/"},"author":{"name":"Tanja Heinz","@id":"https:\/\/wildlife-travel.com\/de\/#\/schema\/person\/37ec276948c84f4f860abef1a19c2e62"},"headline":"V\u00f6gel in Barbate und Umgebung, Spanien","datePublished":"2026-03-28T11:00:16+00:00","dateModified":"2026-03-29T12:21:27+00:00","mainEntityOfPage":{"@id":"https:\/\/wildlife-travel.com\/de\/voegel-in-barbate-und-umgebung-spanien\/"},"wordCount":1827,"commentCount":0,"publisher":{"@id":"https:\/\/wildlife-travel.com\/de\/#\/schema\/person\/37ec276948c84f4f860abef1a19c2e62"},"image":{"@id":"https:\/\/wildlife-travel.com\/de\/voegel-in-barbate-und-umgebung-spanien\/#primaryimage"},"thumbnailUrl":"https:\/\/wildlife-travel.com\/wp-content\/uploads\/2026\/03\/Voegel-in-Barbate.jpg","articleSection":["Spanien"],"inLanguage":"de-DE","potentialAction":[{"@type":"CommentAction","name":"Comment","target":["https:\/\/wildlife-travel.com\/de\/voegel-in-barbate-und-umgebung-spanien\/#respond"]}]},{"@type":"WebPage","@id":"https:\/\/wildlife-travel.com\/de\/voegel-in-barbate-und-umgebung-spanien\/","url":"https:\/\/wildlife-travel.com\/de\/voegel-in-barbate-und-umgebung-spanien\/","name":"V\u00f6gel in Barbate, Spanien","isPartOf":{"@id":"https:\/\/wildlife-travel.com\/de\/#website"},"primaryImageOfPage":{"@id":"https:\/\/wildlife-travel.com\/de\/voegel-in-barbate-und-umgebung-spanien\/#primaryimage"},"image":{"@id":"https:\/\/wildlife-travel.com\/de\/voegel-in-barbate-und-umgebung-spanien\/#primaryimage"},"thumbnailUrl":"https:\/\/wildlife-travel.com\/wp-content\/uploads\/2026\/03\/Voegel-in-Barbate.jpg","datePublished":"2026-03-28T11:00:16+00:00","dateModified":"2026-03-29T12:21:27+00:00","description":"V\u00f6gel in Barbate: M\u00f6wen, Schwarzkehlchen, Stare und zahlreiche Wasserv\u00f6gel in Andalusien. Lies mehr auf dem Blog...","breadcrumb":{"@id":"https:\/\/wildlife-travel.com\/de\/voegel-in-barbate-und-umgebung-spanien\/#breadcrumb"},"inLanguage":"de-DE","potentialAction":[{"@type":"ReadAction","target":["https:\/\/wildlife-travel.com\/de\/voegel-in-barbate-und-umgebung-spanien\/"]}]},{"@type":"ImageObject","inLanguage":"de-DE","@id":"https:\/\/wildlife-travel.com\/de\/voegel-in-barbate-und-umgebung-spanien\/#primaryimage","url":"https:\/\/wildlife-travel.com\/wp-content\/uploads\/2026\/03\/Voegel-in-Barbate.jpg","contentUrl":"https:\/\/wildlife-travel.com\/wp-content\/uploads\/2026\/03\/Voegel-in-Barbate.jpg","width":2500,"height":800,"caption":"V\u00f6gel in Barbate"},{"@type":"BreadcrumbList","@id":"https:\/\/wildlife-travel.com\/de\/voegel-in-barbate-und-umgebung-spanien\/#breadcrumb","itemListElement":[{"@type":"ListItem","position":1,"name":"Startseite","item":"https:\/\/wildlife-travel.com\/de\/"},{"@type":"ListItem","position":2,"name":"V\u00f6gel in Barbate und Umgebung, Spanien"}]},{"@type":"WebSite","@id":"https:\/\/wildlife-travel.com\/de\/#website","url":"https:\/\/wildlife-travel.com\/de\/","name":"","description":"Wildlife Travel","publisher":{"@id":"https:\/\/wildlife-travel.com\/de\/#\/schema\/person\/37ec276948c84f4f860abef1a19c2e62"},"potentialAction":[{"@type":"SearchAction","target":{"@type":"EntryPoint","urlTemplate":"https:\/\/wildlife-travel.com\/de\/?s={search_term_string}"},"query-input":{"@type":"PropertyValueSpecification","valueRequired":true,"valueName":"search_term_string"}}],"inLanguage":"de-DE"},{"@type":["Person","Organization"],"@id":"https:\/\/wildlife-travel.com\/de\/#\/schema\/person\/37ec276948c84f4f860abef1a19c2e62","name":"Tanja Heinz","logo":{"@id":"https:\/\/wildlife-travel.com\/de\/#\/schema\/person\/image\/"}}]}},"_links":{"self":[{"href":"https:\/\/wildlife-travel.com\/de\/wp-json\/wp\/v2\/posts\/32037","targetHints":{"allow":["GET"]}}],"collection":[{"href":"https:\/\/wildlife-travel.com\/de\/wp-json\/wp\/v2\/posts"}],"about":[{"href":"https:\/\/wildlife-travel.com\/de\/wp-json\/wp\/v2\/types\/post"}],"author":[{"embeddable":true,"href":"https:\/\/wildlife-travel.com\/de\/wp-json\/wp\/v2\/users\/1"}],"replies":[{"embeddable":true,"href":"https:\/\/wildlife-travel.com\/de\/wp-json\/wp\/v2\/comments?post=32037"}],"version-history":[{"count":0,"href":"https:\/\/wildlife-travel.com\/de\/wp-json\/wp\/v2\/posts\/32037\/revisions"}],"wp:featuredmedia":[{"embeddable":true,"href":"https:\/\/wildlife-travel.com\/de\/wp-json\/wp\/v2\/media\/32038"}],"wp:attachment":[{"href":"https:\/\/wildlife-travel.com\/de\/wp-json\/wp\/v2\/media?parent=32037"}],"wp:term":[{"taxonomy":"category","embeddable":true,"href":"https:\/\/wildlife-travel.com\/de\/wp-json\/wp\/v2\/categories?post=32037"},{"taxonomy":"post_tag","embeddable":true,"href":"https:\/\/wildlife-travel.com\/de\/wp-json\/wp\/v2\/tags?post=32037"}],"curies":[{"name":"wp","href":"https:\/\/api.w.org\/{rel}","templated":true}]}}