{"id":5136,"date":"2018-12-19T11:08:59","date_gmt":"2018-12-19T10:08:59","guid":{"rendered":"https:\/\/wildlife-travel.com\/?p=5136"},"modified":"2025-07-16T12:11:49","modified_gmt":"2025-07-16T10:11:49","slug":"reise-highlights-2018-die-schoensten-erlebnisse-des-jahres","status":"publish","type":"post","link":"https:\/\/wildlife-travel.com\/de\/reise-highlights-2018-die-schoensten-erlebnisse-des-jahres\/","title":{"rendered":"Reise-Highlights 2018 &#8211; Die sch\u00f6nsten Erlebnisse des Jahres"},"content":{"rendered":"<p>Still und leise ist mein Blog dieses Jahr Anfang Dezember ein Jahr alt geworden. Grund genug hier nochmal auf mein erstes Blogger-Jahr zur\u00fcckzublicken. Da passt es doch gerade, dass Andreas von <a href=\"https:\/\/www.reisewut.com\/\" target=\"_blank\" rel=\"noopener noreferrer\">Reisewut<\/a> zu einer <a href=\"https:\/\/www.reisewut.com\/2018\/11\/reise-highlights-2018-urlaub\/\" target=\"_blank\" rel=\"noopener noreferrer\">Jahresr\u00fcckblick-Blogparade<\/a> aufgerufen hat. Gerne mache auch ich wieder mit. Vielleicht erinnerst du dich noch an die letzte Blogparade, die Andreas aufgerufen hat. Bei dieser Blogparade ging es um \u201eMomente f\u00fcr die Ewigkeit\u201c. Falls du den Beitrag noch nicht kennst, dann schon doch mal vorbei. Dort schreibe ich \u00fcber meine <a href=\"https:\/\/wildlife-travel.com\/de\/blogparade-auf-wildlife-travel-momente-fuer-die-ewigkeit-meine-schoensten-erlebnisse-mit-walen-und-delfinen\/\" target=\"_blank\" rel=\"noopener noreferrer\">sch\u00f6nsten Erlebnisse mit Walen und Delfinen<\/a>.<\/p>\n<div id=\"ez-toc-container\" class=\"ez-toc-v2_0_82_2 counter-hierarchy ez-toc-counter ez-toc-custom ez-toc-container-direction\">\n<div class=\"ez-toc-title-container\"><p class=\"ez-toc-title\" style=\"cursor:inherit\"><\/p>\n<\/div><nav><ul class='ez-toc-list ez-toc-list-level-1 ' ><li class='ez-toc-page-1 ez-toc-heading-level-3'><a class=\"ez-toc-link ez-toc-heading-1\" href=\"https:\/\/wildlife-travel.com\/de\/reise-highlights-2018-die-schoensten-erlebnisse-des-jahres\/#Was_war_mein_Reise-Highlight_2018\" >Was war mein Reise-Highlight 2018?<\/a><\/li><li class='ez-toc-page-1 ez-toc-heading-level-3'><a class=\"ez-toc-link ez-toc-heading-2\" href=\"https:\/\/wildlife-travel.com\/de\/reise-highlights-2018-die-schoensten-erlebnisse-des-jahres\/#Welche_Momente_sind_mir_besonders_in_Erinnerung_geblieben\" >Welche Momente sind mir besonders in Erinnerung geblieben?<\/a><ul class='ez-toc-list-level-4' ><li class='ez-toc-heading-level-4'><a class=\"ez-toc-link ez-toc-heading-3\" href=\"https:\/\/wildlife-travel.com\/de\/reise-highlights-2018-die-schoensten-erlebnisse-des-jahres\/#Suedliche_Spinnenaffen_in_einem_Wald_in_Sao_Paulo\" >S\u00fcdliche Spinnenaffen in einem Wald in S\u00e3o Paulo<\/a><\/li><li class='ez-toc-page-1 ez-toc-heading-level-4'><a class=\"ez-toc-link ez-toc-heading-4\" href=\"https:\/\/wildlife-travel.com\/de\/reise-highlights-2018-die-schoensten-erlebnisse-des-jahres\/#Goldene_Loewenaeffchen_im_Atlantischen_Regenwald\" >Goldene L\u00f6wen\u00e4ffchen im Atlantischen Regenwald<\/a><\/li><li class='ez-toc-page-1 ez-toc-heading-level-4'><a class=\"ez-toc-link ez-toc-heading-5\" href=\"https:\/\/wildlife-travel.com\/de\/reise-highlights-2018-die-schoensten-erlebnisse-des-jahres\/#Guyana-Delfine_in_der_Sepetiba_Bay\" >Guyana-Delfine in der Sepetiba Bay<\/a><\/li><li class='ez-toc-page-1 ez-toc-heading-level-4'><a class=\"ez-toc-link ez-toc-heading-6\" href=\"https:\/\/wildlife-travel.com\/de\/reise-highlights-2018-die-schoensten-erlebnisse-des-jahres\/#Die_groesste_Fliege_der_Welt\" >Die gr\u00f6\u00dfte Fliege der Welt<\/a><\/li><li class='ez-toc-page-1 ez-toc-heading-level-4'><a class=\"ez-toc-link ez-toc-heading-7\" href=\"https:\/\/wildlife-travel.com\/de\/reise-highlights-2018-die-schoensten-erlebnisse-des-jahres\/#Voegel_in_Brasilien\" >V\u00f6gel in Brasilien<\/a><\/li><\/ul><\/li><li class='ez-toc-page-1 ez-toc-heading-level-3'><a class=\"ez-toc-link ez-toc-heading-8\" href=\"https:\/\/wildlife-travel.com\/de\/reise-highlights-2018-die-schoensten-erlebnisse-des-jahres\/#Was_hat_mich_besonders_beeindruckt_auf_meiner_diesjaehrigen_Reise\" >Was hat mich besonders beeindruckt auf meiner diesj\u00e4hrigen Reise?<\/a><\/li><li class='ez-toc-page-1 ez-toc-heading-level-3'><a class=\"ez-toc-link ez-toc-heading-9\" href=\"https:\/\/wildlife-travel.com\/de\/reise-highlights-2018-die-schoensten-erlebnisse-des-jahres\/#Was_gibt_es_2019_hier_auf_dem_Blog\" >Was gibt es 2019 hier auf dem Blog?<\/a><\/li><li class='ez-toc-page-1 ez-toc-heading-level-3'><a class=\"ez-toc-link ez-toc-heading-10\" href=\"https:\/\/wildlife-travel.com\/de\/reise-highlights-2018-die-schoensten-erlebnisse-des-jahres\/#An_der_Blogparade_haben_teilgenommen\" >An der Blogparade haben teilgenommen:<\/a><\/li><\/ul><\/nav><\/div>\n<h3><span class=\"ez-toc-section\" id=\"Was_war_mein_Reise-Highlight_2018\"><\/span>Was war mein Reise-Highlight 2018?<span class=\"ez-toc-section-end\"><\/span><\/h3>\n<p>In meinem Fall ist das ganz schnell zu beantworten, da es nur eine Reise (aber daf\u00fcr eine l\u00e4ngere) neben ein paar kleineren Ausfl\u00fcgen gab.<\/p>\n<p>N\u00e4mlich nach Brasilien.<\/p>\n<p>F\u00fcr mich war es meine erste Reise nach Brasilien und \u00fcberhaupt nach S\u00fcdamerika. Ich war begeistert von der Reise und der Artenvielfalt, die das Land (noch) zu bieten hat, nach Hause gekommen. Mittlerweile liegt die Reise schon einige Monate zur\u00fcck. Aber ich habe so viel erlebt, so dass ich immer noch dabei bin \u00fcber meine lange Reise durch den S\u00fcden von Brasilien hier auf dem Blog zu schreiben. Warum ich so lange brauche, hat aber auch noch andere Gr\u00fcnde.<\/p>\n<p>Wo ich schon beim n\u00e4chsten Thema w\u00e4re, das mein Jahr 2018 sehr gepr\u00e4gt hat.<\/p>\n<p>N\u00e4mlich das Bloggen \u00fcber meine Reisen.<\/p>\n<p>Ich (und ich nehme an jeder (Reise-)Blogger auch) musste die Erfahrung machen, wie viel Arbeit hinter so einem Blog steht. Ich musste mich nicht nur mit Themen wie WordPress-Webseiten-Erstellung besch\u00e4ftigen, sondern musste mir auch immer stets Zeit blocken um an Texten f\u00fcr diesen Blog schreiben zu k\u00f6nnen. Dann kommt noch das Thema Suchmaschinenoptimierung hinzu, f\u00fcr das ich bis jetzt viel zu wenig Zeit investiert habe. Und dann w\u00e4ren da auch noch die Sozialen Medien, die mich zeitlich manchmal ganz sch\u00f6n \u00fcberfordert haben. Und das alles neben zwei Jobs und einer neuen beruflichen Ausrichtung. Also alles neben einem f\u00fcr mich sehr chaotischem Jahr.<\/p>\n<p>Aber das w\u00fcrde ich ja alles gar nicht machen, wenn es mir \u00fcberhaupt keinen Spa\u00df machen w\u00fcrde.<br \/>\nEs liegt noch sehr viel Arbeit an meinem Blog vor mir, aber ich habe richtig Lust noch weiter zu machen. Am Anfang des Blogs war mir nicht bewusst, wie viel Arbeit da hinter so einem Blog \u00fcberhaupt steht. Aber jetzt wei\u00df ich es und freue mich auf alle weiteren Herausforderungen, die noch auf mich zukommen werden.<\/p>\n<p>Mein erstes Blogger-Jahr war daher nicht nur von meiner Reise nach Brasilien gepr\u00e4gt, sondern auch vom Bloggen insgesamt.<\/p>\n<h3><span class=\"ez-toc-section\" id=\"Welche_Momente_sind_mir_besonders_in_Erinnerung_geblieben\"><\/span>Welche Momente sind mir besonders in Erinnerung geblieben?<span class=\"ez-toc-section-end\"><\/span><\/h3>\n<p>In Bezug auf meine Reise nach Brasilien ist das gar nicht so einfach zu beantworten. Denn dort gab es ein paar Momente, die mir besonders gut in Erinnerung geblieben sind. Und nat\u00fcrlich geh\u00f6ren dazu vor allem viele Tierbegegnungen.<\/p>\n<h4><span class=\"ez-toc-section\" id=\"Suedliche_Spinnenaffen_in_einem_Wald_in_Sao_Paulo\"><\/span>S\u00fcdliche Spinnenaffen in einem Wald in S\u00e3o Paulo<span class=\"ez-toc-section-end\"><\/span><\/h4>\n<p>Eine der bedeutendsten Tierbegegnung in Brasilien war definitiv die mit den Spinnenaffen. Meine Reise in Brasilien fing zun\u00e4chst allerdings \u201ewenig erfolgreich\u201c an. Denn im <a href=\"https:\/\/wildlife-travel.com\/de\/auf-der-suche-nach-dem-groessten-affen-suedamerikas-in-brasilien\/\" target=\"_blank\" rel=\"noopener noreferrer\">Feliciano Miguel Abdalla Naturreservat<\/a> im Bundesstaat Minas Gerais in der N\u00e4he von Caratinga suchten wir vergeblich nach den N\u00f6rdlichen Spinnenaffen. Kurz vor unserer Ankunft in Caratinga wurde uns mitgeteilt, dass sie f\u00fcr uns leider keinen lokalen Guide auftreiben konnten. Wir durften zwar trotzdem das Naturreservat betreten und anscheinend k\u00f6nnen die Spinnenaffen oft am Rande des Weges gesehen werden, aber unsere Suche blieb leider erfolglos. W\u00e4hrend der gesamten Reise lie\u00dfen mich die Spinnenaffen jedoch gedanklich nicht zur Ruhe kommen. Auch weil mich ihre Situation traurig macht und ich \u00fcber meinen Blog \u00fcber sie erz\u00e4hlen m\u00f6chte. Denn der n\u00f6rdliche Spinnenaffe ist \u201evom Aussterben bedroht\u201c (Englisch: &#8220;critically endangered&#8221;) laut <a href=\"https:\/\/www.iucnredlist.org\/species\/2994\/9529636\" target=\"_blank\" rel=\"nofollow noopener noreferrer\">IUCN<\/a>. Es gibt so viele Beitr\u00e4ge im Internet zu finden \u00fcber Gorillas und Orang-Utans \u2013 die auch ganz tolle Tiere sind \u2013 aber \u00fcber die Spinnenaffen sieht die Suche im Internet sp\u00e4rlicher aus. Daher liegen mir die Spinnenaffen auch besonders am Herzen.<\/p>\n<p>Da mich unsere erfolglose Suche nicht zur Ruhe kommen lie\u00df, suchte ich nach weiteren M\u00f6glichkeiten, Spinnenaffen zu sehen. Und es gab diese M\u00f6glichkeit. N\u00e4mlich mit der Nichtregierungsorganisation <a href=\"https:\/\/www.facebook.com\/institutopromuriqui\/\" target=\"_blank\" rel=\"nofollow noopener noreferrer\">Associa\u00e7\u00e3o Pr\u00f3-Muriqui<\/a>. Mit den Leuten von dieser Organisation konnte ich in einem Wald im Bundesstaat S\u00e3o Paulo Spinnenaffen beobachten. In diesem Fall waren es allerdings nicht die N\u00f6rdlichen, sondern die S\u00fcdlichen Spinnenaffen. Sie sind laut IUCN\u00a0<a href=\"https:\/\/www.iucnredlist.org\/species\/2993\/9529160\" target=\"_blank\" rel=\"nofollow noopener noreferrer\"> \u201estark gef\u00e4hrdet\u201c<\/a> (Englisch: &#8220;endangered&#8221;). Anfang des n\u00e4chsten Jahres gibt es zu den S\u00fcdlichen Spinnenaffen auf diesem Blog noch einen ausf\u00fchrlicheren Bericht.<\/p>\n<p><img loading=\"lazy\" decoding=\"async\" class=\"alignnone wp-image-6576 size-large\" src=\"https:\/\/wildlife-travel.com\/wp-content\/uploads\/2018\/12\/Wildlife-Travel-3-3-1024x683.jpg\" alt=\"Wildlife Travel\" width=\"840\" height=\"560\" srcset=\"https:\/\/wildlife-travel.com\/wp-content\/uploads\/2018\/12\/Wildlife-Travel-3-3-1024x683.jpg 1024w, https:\/\/wildlife-travel.com\/wp-content\/uploads\/2018\/12\/Wildlife-Travel-3-3-300x200.jpg 300w, https:\/\/wildlife-travel.com\/wp-content\/uploads\/2018\/12\/Wildlife-Travel-3-3-768x512.jpg 768w, https:\/\/wildlife-travel.com\/wp-content\/uploads\/2018\/12\/Wildlife-Travel-3-3-840x560.jpg 840w, https:\/\/wildlife-travel.com\/wp-content\/uploads\/2018\/12\/Wildlife-Travel-3-3-120x80.jpg 120w, https:\/\/wildlife-travel.com\/wp-content\/uploads\/2018\/12\/Wildlife-Travel-3-3-360x240.jpg 360w, https:\/\/wildlife-travel.com\/wp-content\/uploads\/2018\/12\/Wildlife-Travel-3-3-600x400.jpg 600w, https:\/\/wildlife-travel.com\/wp-content\/uploads\/2018\/12\/Wildlife-Travel-3-3.jpg 1336w\" sizes=\"auto, (max-width: 840px) 100vw, 840px\" \/><\/p>\n<h4><span class=\"ez-toc-section\" id=\"Goldene_Loewenaeffchen_im_Atlantischen_Regenwald\"><\/span>Goldene L\u00f6wen\u00e4ffchen im Atlantischen Regenwald<span class=\"ez-toc-section-end\"><\/span><\/h4>\n<p>Eine weitere Affenart, die ich zum ersten Mal in Brasilien in freier Wildbahn beobachten konnte, waren die Goldenen L\u00f6wen\u00e4ffchen. Mit den S\u00fcdlichen Spinnenaffen haben sie gemeinsam, dass sie laut IUCN auch <a href=\"https:\/\/www.iucnredlist.org\/species\/11506\/3287321\" target=\"_blank\" rel=\"nofollow noopener noreferrer\">\u201estark gef\u00e4hrdet\u201c<\/a> sind. Die Goldenen L\u00f6wen\u00e4ffchen konnte ich mit der Organisation <a href=\"http:\/\/www.micoleao.org.br\/\" target=\"_blank\" rel=\"nofollow noopener noreferrer\">Associa\u00e7\u00e3o Mico Le\u00e3o Dourado<\/a> besuchen. Ich berichtete in einem meiner<a href=\"https:\/\/wildlife-travel.com\/de\/goldene-loewenaeffchem-im-atlantischen-regenwald-in-rio-de-janeiro-brasilien\/\" target=\"_blank\" rel=\"noopener noreferrer\"> Blog-Beitr\u00e4ge<\/a> schon \u00fcber diese Begegnung. Das Besondere an dieser Begegnung war zudem noch, dass die Goldenen L\u00f6wen\u00e4ffchen endemisch sind im Altantischen Regenwald im Bundesstaat Rio de Janeiro. D.h. sie kommen an keinem anderen Ort mehr vor. Auch diese Begegnung blieb mir besonders gut in Erinnerung. \u00c4hnlich wie bei den Spinnenaffen, es gibt nur sehr wenig im Internet zu finden \u00fcber wie man Goldene L\u00f6wen\u00e4ffchen in ihrem nat\u00fcrlichen Lebensraum beobachten kann obwohl die Associa\u00e7\u00e3o Mico Le\u00e3o Dourado von Rio de Janeiro aus recht einfach zu erreichen ist.<\/p>\n<p><img loading=\"lazy\" decoding=\"async\" class=\"size-large wp-image-5143\" src=\"https:\/\/wildlife-travel.com\/wp-content\/uploads\/2018\/12\/Wildlife-Travel-3-1-1024x683.jpg\" alt=\"Wildlife Travel\" width=\"840\" height=\"560\" \/><\/p>\n<h4><span class=\"ez-toc-section\" id=\"Guyana-Delfine_in_der_Sepetiba_Bay\"><\/span>Guyana-Delfine in der Sepetiba Bay<span class=\"ez-toc-section-end\"><\/span><\/h4>\n<p>Die Begegnung mit den Guyana-Delfinen war im Vergleich zu den S\u00fcdlichen Spinnenaffen und Goldenen L\u00f6wen\u00e4ffchen kurz, aber dennoch blieb mir die Begegnung mit ihnen besonders stark in Erinnerung. Ich berichtete \u00fcber die Guyana-Delfine schon in einem <a href=\"https:\/\/wildlife-travel.com\/de\/guyana-delfine-in-der-sepetiba-bay-in-itacuruca-rio-de-janeiro-brasilien\/\" target=\"_blank\" rel=\"noopener noreferrer\">Blog-Beitrag<\/a>. Die Begegnung mit den Guyana-Delfinen blieb mir besonders gut in Erinnerung, weil es nicht allen Delfinen dort zu der Zeit besonders gut ging, denn zu der Zeit als wir in Itacuru\u00e7\u00e1 (Ausgangspunkt f\u00fcr die Delfin-Touren) waren, hatte eine Virus in den Wochen zuvor etwa 200 Delfine get\u00f6tet. Die Biologen an Bord schauten sich die Delfine besorgt an, denn ein paar von ihnen sahen recht abgemagert aus.<\/p>\n<p>Auch nach der Delfin-Tour gingen mir noch zahlreiche Fragen durch den Kopf. Warum sterben gerade jetzt so viele Delfine? Hat das etwas mit der industriellen Entwicklung der Region zu tun? Beantworten kann ich diese Fragen nicht, bin aber gespannt was weiter passieren wird und berichte dar\u00fcber nat\u00fcrlich hier auf diesem Blog.<\/p>\n<p><img loading=\"lazy\" decoding=\"async\" class=\"alignnone wp-image-6580 size-large\" src=\"https:\/\/wildlife-travel.com\/wp-content\/uploads\/2018\/12\/Wildlife-Travel-5-4-1024x683.jpg\" alt=\"Wildlife Travel\" width=\"840\" height=\"560\" srcset=\"https:\/\/wildlife-travel.com\/wp-content\/uploads\/2018\/12\/Wildlife-Travel-5-4-1024x683.jpg 1024w, https:\/\/wildlife-travel.com\/wp-content\/uploads\/2018\/12\/Wildlife-Travel-5-4-300x200.jpg 300w, https:\/\/wildlife-travel.com\/wp-content\/uploads\/2018\/12\/Wildlife-Travel-5-4-768x512.jpg 768w, https:\/\/wildlife-travel.com\/wp-content\/uploads\/2018\/12\/Wildlife-Travel-5-4-840x560.jpg 840w, https:\/\/wildlife-travel.com\/wp-content\/uploads\/2018\/12\/Wildlife-Travel-5-4-120x80.jpg 120w, https:\/\/wildlife-travel.com\/wp-content\/uploads\/2018\/12\/Wildlife-Travel-5-4-360x240.jpg 360w, https:\/\/wildlife-travel.com\/wp-content\/uploads\/2018\/12\/Wildlife-Travel-5-4-600x400.jpg 600w, https:\/\/wildlife-travel.com\/wp-content\/uploads\/2018\/12\/Wildlife-Travel-5-4.jpg 1311w\" sizes=\"auto, (max-width: 840px) 100vw, 840px\" \/><\/p>\n<h4><span class=\"ez-toc-section\" id=\"Die_groesste_Fliege_der_Welt\"><\/span>Die gr\u00f6\u00dfte Fliege der Welt<span class=\"ez-toc-section-end\"><\/span><\/h4>\n<p>Eine Begegnung von der ich erst im Nachhinein erfuhr, wie besonders diese war, war die Begegnung mit der gr\u00f6\u00dften Fliege der Welt im <a href=\"https:\/\/wildlife-travel.com\/de\/auf-der-suche-nach-dem-groessten-affen-suedamerikas-in-brasilien\/\" target=\"_blank\" rel=\"noopener noreferrer\">Feliciano Miguel Abdalla Naturreservat<\/a>. Vielleicht gibt es noch gr\u00f6\u00dfere Fliegen, aber bis jetzt ist keine gr\u00f6\u00dfere Fliege bekannt als die, die ich in diesem Naturreservat gesehen und fotografiert habe. Und zwar handelt es sich bei der gr\u00f6\u00dften Fliege um <em>Gauromydas heros<\/em>. Einen deutschen Namen gibt es scheinbar nicht. Ich habe erst im Nachhinein von dieser besonderen Begegnung erfahren, weil ich keine Insektenspezialistin bin. Um herauszufinden um welches Insekt es sich handelt, lud ich ein Bild von ihr auf die Internetseite von <a href=\"https:\/\/www.inaturalist.org\/\" target=\"_blank\" rel=\"nofollow noopener noreferrer\">iNaturalist<\/a> hoch. Denn dort tummeln sich viele sehr gute Naturkenner. Seien es Insekten oder V\u00f6gel oder anderes, oft findet man Hilfe bei der Bestimmung. Und somit erfuhr ich von einem Insektenspezialisten, dass es sich bei der Fliege um <em>Gauromydas heros<\/em> und um die gr\u00f6\u00dfte Fliege der Welt handelt. Das zu wissen hat mich wahnsinnig gefreut und ich habe noch mehr Lust bekommen rauszugehen und die Natur zu entdecken (was bei meinem Biologie-Studium definitiv zu kurz gekommen ist!).<\/p>\n<p><img decoding=\"async\" class=\"details-image\" draggable=\"false\" src=\"https:\/\/wildlife-travel.com\/wp-content\/uploads\/2018\/12\/Wildlife-Travel-2-5-1024x683.jpg\" alt=\"\" \/><\/p>\n<h4><span class=\"ez-toc-section\" id=\"Voegel_in_Brasilien\"><\/span>V\u00f6gel in Brasilien<span class=\"ez-toc-section-end\"><\/span><\/h4>\n<p>Ganz besondere Begegnungen hatte ich auch mit der Vogelwelt Brasiliens. Aufgrund der gro\u00dfen Vogelvielfalt hatte ich dementsprechend nur einen Bruchteil davon gesehen. Kolibris, Tukane, Tangare, Tyrannen oder Papageien. An jedem Ort entdeckte ich f\u00fcr mich eine neue Vogelart. Somit ist es hier sehr schwierig zu entscheiden, welche Begegnung mit den V\u00f6geln in Brasilien mir besonders gut in Erinnerung geblieben ist. Doch wenn ich mich entscheiden m\u00fcsste, dann w\u00fcrde ich die Hyazinth-Aras im Pantanal w\u00e4hlen. Ihr blau-gelbes Gefieder und ihre Gr\u00f6\u00dfe haben bei mir bleibenden Eindruck hinterelassen. Im n\u00e4chsten Jahr gibt es zum Pantanal in Brasilien noch einen Beitrag hier auf dem Blog. Neben dem Pantanal gibt es nat\u00fcrlich noch viele andere Orte in Brasilien wo man sehr gut V\u00f6gel beobachten kann. Dazu geh\u00f6rt zum Beispiel der Itatiaia-Nationalpark. In einem meiner <a href=\"https:\/\/wildlife-travel.com\/de\/einblick-in-die-vogelwelt-brasiliens-im-itatiaia-nationalpark\/\" target=\"_blank\" rel=\"noopener noreferrer\">Blog-Beitr\u00e4ge<\/a> berichtete ich schon \u00fcber diesen wunderbaren Ort. Ein weiterer interessanter Ort V\u00f6gel in Basilien zu beobachten ist \u00fcbrigens auch <a href=\"https:\/\/wildlife-travel.com\/de\/vogelbeobachtung-in-ubatuba-ein-paradies-fuer-voegel-und-vogelinteressierte\/\" target=\"_blank\" rel=\"noopener noreferrer\">Ubatuba<\/a> oder <a href=\"https:\/\/wildlife-travel.com\/de\/itaunas-im-brasilianischen-espirito-santo-ein-paradies-fuer-naturliebhaber\/\" target=\"_blank\" rel=\"noopener noreferrer\">Ita\u00fanas <\/a>oder das<a href=\"https:\/\/wildlife-travel.com\/de\/auf-der-suche-nach-dem-groessten-affen-suedamerikas-in-brasilien\/\" target=\"_blank\" rel=\"noopener noreferrer\"> Feliciano Miguel Abdalla Naturreservat<\/a>.<\/p>\n<p><img loading=\"lazy\" decoding=\"async\" class=\"alignnone wp-image-6584 size-large\" src=\"https:\/\/wildlife-travel.com\/wp-content\/uploads\/2018\/12\/Wildlife-Travel-1-5-1024x683.jpg\" alt=\"Wildlife Travel\" width=\"840\" height=\"560\" srcset=\"https:\/\/wildlife-travel.com\/wp-content\/uploads\/2018\/12\/Wildlife-Travel-1-5-1024x683.jpg 1024w, https:\/\/wildlife-travel.com\/wp-content\/uploads\/2018\/12\/Wildlife-Travel-1-5-300x200.jpg 300w, https:\/\/wildlife-travel.com\/wp-content\/uploads\/2018\/12\/Wildlife-Travel-1-5-768x512.jpg 768w, https:\/\/wildlife-travel.com\/wp-content\/uploads\/2018\/12\/Wildlife-Travel-1-5-840x560.jpg 840w, https:\/\/wildlife-travel.com\/wp-content\/uploads\/2018\/12\/Wildlife-Travel-1-5-120x80.jpg 120w, https:\/\/wildlife-travel.com\/wp-content\/uploads\/2018\/12\/Wildlife-Travel-1-5-360x240.jpg 360w, https:\/\/wildlife-travel.com\/wp-content\/uploads\/2018\/12\/Wildlife-Travel-1-5-600x400.jpg 600w, https:\/\/wildlife-travel.com\/wp-content\/uploads\/2018\/12\/Wildlife-Travel-1-5.jpg 1336w\" sizes=\"auto, (max-width: 840px) 100vw, 840px\" \/><\/p>\n<h3><span class=\"ez-toc-section\" id=\"Was_hat_mich_besonders_beeindruckt_auf_meiner_diesjaehrigen_Reise\"><\/span>Was hat mich besonders beeindruckt auf meiner diesj\u00e4hrigen Reise?<span class=\"ez-toc-section-end\"><\/span><\/h3>\n<p>Neben den seltenen und f\u00fcr Brasilien typischen Tieren hat mich in dem Land nat\u00fcrlich auch die Gastfreundschaft der Brasilianer beeindruckt. Ich f\u00fchlte mich in dem Land wirklich sehr willkommen. Die zwei Monate waren so schnell vorbei und obwohl ich schon sehr viel gesehen hatte, h\u00e4tte es noch so viel mehr f\u00fcr mich zu sehen gegeben. Brasilien lie\u00df mein Biologen-Herz um einiges h\u00f6herschlagen. Brasilien ist ein tolles Land, wenn man sich f\u00fcr Natur und Tiere interessiert. Es gibt noch so viel zu sehen. So viele Tiere und Pflanzen gibt es in meiner Heimat Deutschland leider nicht (mehr). Ich bin auch auf zahlreiche Menschen getroffen, die sich f\u00fcr die Tierwelt und den Naturschutz aktiv einsetzen. Das motiviert mich selber noch mehr, diesen Blog hier weiter aufzubauen.<\/p>\n<h3><span class=\"ez-toc-section\" id=\"Was_gibt_es_2019_hier_auf_dem_Blog\"><\/span>Was gibt es 2019 hier auf dem Blog?<span class=\"ez-toc-section-end\"><\/span><\/h3>\n<p>Das Jahr neigt sich dem Ende zu und ich habe f\u00fcr 2019 immer noch keine konkreten Reisepl\u00e4ne gemacht. Es gibt schon ein paar Ideen, aber da das Bloggen f\u00fcr mich schon sehr zeitintensiv ist und es hier auf der Webseite noch einiges zu verbessern gibt, bin ich bis jetzt noch nicht dazu gekommen meine ersten Ideen weiter zu konkretisieren. Daher seid gespannt was kommen wird.<\/p>\n<p>Hier an dieser Stelle m\u00f6chte ich mich nochmals bei Andreas von <a href=\"https:\/\/www.reisewut.com\/\" target=\"_blank\" rel=\"noopener noreferrer\">Reisewut<\/a> bedanken, der die <a href=\"https:\/\/www.reisewut.com\/2018\/11\/reise-highlights-2018-urlaub\/\" target=\"_blank\" rel=\"noopener noreferrer\">Blogparade<\/a> ins Leben gerufen hat. Ich mache immer wieder gerne mit. Ich kann daher schon sagen, dass ich im neuen Jahr immer wieder bei Blogparaden teilnehmen werde, da es eine tolle Sache ist sich \u00fcber ein Thema mit anderen Reisebloggern auszutauschen.<\/p>\n<h3><span class=\"ez-toc-section\" id=\"An_der_Blogparade_haben_teilgenommen\"><\/span>An der Blogparade haben teilgenommen:<span class=\"ez-toc-section-end\"><\/span><\/h3>\n<p>1. Michael und Janet von <a href=\"https:\/\/www.breierblog.de\/toskana-camping-ueber-den-wolken\/\" target=\"_blank\" rel=\"nofollow noopener noreferrer\">Breierblog<\/a><br \/>\n2. Anja von Das fliegende Klassenzimmer<br \/>\n3. Sonja von <a href=\"https:\/\/jointhesunnyside.de\/reiserueckblick-2018\/\" target=\"_blank\" rel=\"nofollow noopener noreferrer\">Join the Sunny Side<\/a><br \/>\n4. Ingrid von <a href=\"https:\/\/schaedelmaedel.de\/wandern-verdon\/\" target=\"_blank\" rel=\"nofollow noopener noreferrer\">Sch\u00e4delm\u00e4del<\/a><br \/>\n5. Ina von Mit Kind im Rucksack<br \/>\n6. Heiko von <a href=\"https:\/\/www.people-abroad.de\/blog\/outdoor-aktivitaeten\/\" target=\"_blank\" rel=\"nofollow noopener noreferrer\">People abroad<\/a><br \/>\n7. Ilona von <a href=\"https:\/\/wandernd.de\/2018\/12\/14\/rueckblick-2018-reiseplaene-2019\/\" target=\"_blank\" rel=\"nofollow noopener noreferrer\">Wandernd<\/a><br \/>\n8. Janine und Stefan von Gepackt und los<br \/>\n9. Ren\u00e9 von Reens Blog<br \/>\n10. Tobias von <a href=\"https:\/\/pennypennypennyblog.com\/2018\/11\/21\/reise-highlights-2018\/\" target=\"_blank\" rel=\"nofollow noopener noreferrer\">Pennyblog<\/a><br \/>\n11. <a href=\"https:\/\/geheimtippreisen.blogspot.com\/2018\/12\/geheimtippreisen-jahresruckblick-2018.html\" target=\"_blank\" rel=\"nofollow noopener noreferrer\">Geheimtippreisen<\/a><br \/>\n12. Ina und Thomas von <a href=\"https:\/\/www.gindeslebens.com\/13-reisehighlights-2018\/\" target=\"_blank\" rel=\"nofollow noopener noreferrer\">Gin des Lebens<\/a><br \/>\n13. Sabine von <a href=\"https:\/\/www.ferngeweht.de\/reiserueckblick-2018\/\" target=\"_blank\" rel=\"nofollow noopener noreferrer\">Ferngeweht<\/a><br \/>\n14. Katrin von <a href=\"https:\/\/www.cotedazur-unlimited.eu\/mein-unerwarteter-reiseknaller-2018-marseille-teil-1\/\" target=\"_blank\" rel=\"nofollow noopener noreferrer\">C\u00f4te d\u2019Azur Unlimited<\/a><br \/>\n15. Sandra von A decent cup of tea<br \/>\n16. Stefan von Schwerti on Tour<br \/>\n17. Julia von Traveling Kinder<br \/>\n18. Lena Marie von <a href=\"https:\/\/www.family4travel.de\/jahresrueckblick-2018\/\" target=\"_blank\" rel=\"nofollow noopener noreferrer\">Family 4 Travel<\/a><br \/>\n19. Sabine von <a href=\"https:\/\/www.moosbrugger-climbing.com\/jahresrueckblick-2018\/\" target=\"_blank\" rel=\"nofollow noopener noreferrer\">Moosbrugger Climbing<\/a><br \/>\n20. Marion von <a href=\"https:\/\/escape-from-reality.de\/mein-reisejahr-2018\/\" target=\"_blank\" rel=\"nofollow noopener noreferrer\">Escape from reality<\/a><br \/>\n21. Markus von Abenteuer.info<br \/>\n22. Antje von Meehr erleben<br \/>\n23. Jasmin von <a href=\"https:\/\/beyondmymat.de\/jahresrueckblick-2018\/\" target=\"_blank\" rel=\"nofollow noopener noreferrer\">Beyond my mat<\/a><br \/>\n24. Manu von Worldcalling4me<br \/>\n25. Julia von <a href=\"https:\/\/julie-en-voyage.com\/2018\/12\/31\/reisehighlights-2018-meine-schoensten-erlebnisse-des-jahres\/\" target=\"_blank\" rel=\"nofollow noopener noreferrer\">Julie en voyage<\/a><br \/>\n26. Martina von Places and pleasure<br \/>\n27. Katja von <a href=\"https:\/\/www.hin-fahren.de\/nordkap-und-norwegen-mit-wohnmobil-in-vier-wochen\/\" target=\"_blank\" rel=\"nofollow noopener noreferrer\">Hin-fahren<\/a><br \/>\n28. Michelle von <a href=\"https:\/\/gowhereyourhearttellsyoutogo.wordpress.com\/2018\/12\/31\/jahresrueckblick18\/\" target=\"_blank\" rel=\"nofollow noopener noreferrer\">The road most traveled<\/a><br \/>\n29. Katharina und Andre von Dive the globe<br \/>\n30. Pascale von Heart Beat Life<br \/>\n31. Silvia von Abenteuerzeilen<br \/>\n32. Lisa von <a href=\"https:\/\/imprintmytravel.com\/jahresrueckblick-2018-ausblick-2019\/\" target=\"_blank\" rel=\"nofollow noopener noreferrer\">Imprint my travel<\/a><br \/>\n33. Melanie und Ricardo von <a href=\"https:\/\/www.tausendfremdeorte.de\/jahresrueckblick-2018-unsere-reisehighlights\/\" target=\"_blank\" rel=\"nofollow noopener noreferrer\">Tausend fremde Orte<\/a><br \/>\n34. Jasmin und Jan von <a href=\"https:\/\/thehiketribe.com\/de\/jahresrueckblick-2018\/\" target=\"_blank\" rel=\"nofollow noopener noreferrer\">The Hike Tribe<\/a><br \/>\n35. Nicole von <a href=\"https:\/\/preissnbeere.de\/meine-reise-highlights-2018\/\" target=\"_blank\" rel=\"nofollow noopener noreferrer\">Preissnbeere<\/a><br \/>\n36. Barbara von <a href=\"https:\/\/reisepsycho.com\/ein-perfektes-reisejahr\/\" target=\"_blank\" rel=\"nofollow noopener noreferrer\">Reisepsycho<\/a><br \/>\n37. Rafaela und Eva von Comepass<br \/>\n38. Michael von To eight countries<br \/>\n39. Gina und Markus von 2 on the go<br \/>\n40. Susanne von <a href=\"https:\/\/travelsanne.de\/reise-highlights-2018\/\" target=\"_blank\" rel=\"nofollow noopener noreferrer\">Travelsanne<\/a><br \/>\n41. Gregor von Future Proof World<\/p>\n","protected":false},"excerpt":{"rendered":"","protected":false},"author":1,"featured_media":8969,"comment_status":"open","ping_status":"closed","sticky":false,"template":"","format":"standard","meta":{"_monsterinsights_skip_tracking":false,"_monsterinsights_sitenote_active":false,"_monsterinsights_sitenote_note":"","_monsterinsights_sitenote_category":0,"footnotes":""},"categories":[41],"tags":[],"class_list":["post-5136","post","type-post","status-publish","format-standard","has-post-thumbnail","hentry","category-blogparade"],"yoast_head":"<!-- This site is optimized with the Yoast SEO plugin v27.4 - https:\/\/yoast.com\/product\/yoast-seo-wordpress\/ -->\n<title>Reise-Highlights 2018 - Die sch\u00f6nsten Erlebnisse des Jahres -<\/title>\n<meta name=\"robots\" content=\"index, follow, max-snippet:-1, max-image-preview:large, max-video-preview:-1\" \/>\n<link rel=\"canonical\" href=\"https:\/\/wildlife-travel.com\/de\/reise-highlights-2018-die-schoensten-erlebnisse-des-jahres\/\" \/>\n<meta property=\"og:locale\" content=\"de_DE\" \/>\n<meta property=\"og:type\" content=\"article\" \/>\n<meta property=\"og:title\" content=\"Reise-Highlights 2018 - Die sch\u00f6nsten Erlebnisse des Jahres -\" \/>\n<meta property=\"og:url\" content=\"https:\/\/wildlife-travel.com\/de\/reise-highlights-2018-die-schoensten-erlebnisse-des-jahres\/\" \/>\n<meta property=\"article:published_time\" content=\"2018-12-19T10:08:59+00:00\" \/>\n<meta property=\"article:modified_time\" content=\"2025-07-16T10:11:49+00:00\" \/>\n<meta property=\"og:image\" content=\"https:\/\/wildlife-travel.com\/wp-content\/uploads\/2018\/12\/Wildlife-Travel-Blogparade-Titelbild-3.jpg\" \/>\n\t<meta property=\"og:image:width\" content=\"2500\" \/>\n\t<meta property=\"og:image:height\" content=\"800\" \/>\n\t<meta property=\"og:image:type\" content=\"image\/jpeg\" \/>\n<meta name=\"author\" content=\"Tanja Heinz\" \/>\n<meta name=\"twitter:card\" content=\"summary_large_image\" \/>\n<meta name=\"twitter:label1\" content=\"Written by\" \/>\n\t<meta name=\"twitter:data1\" content=\"Tanja Heinz\" \/>\n\t<meta name=\"twitter:label2\" content=\"Est. reading time\" \/>\n\t<meta name=\"twitter:data2\" content=\"12 minutes\" \/>\n<script type=\"application\/ld+json\" class=\"yoast-schema-graph\">{\"@context\":\"https:\\\/\\\/schema.org\",\"@graph\":[{\"@type\":\"Article\",\"@id\":\"https:\\\/\\\/wildlife-travel.com\\\/de\\\/reise-highlights-2018-die-schoensten-erlebnisse-des-jahres\\\/#article\",\"isPartOf\":{\"@id\":\"https:\\\/\\\/wildlife-travel.com\\\/de\\\/reise-highlights-2018-die-schoensten-erlebnisse-des-jahres\\\/\"},\"author\":{\"name\":\"Tanja Heinz\",\"@id\":\"https:\\\/\\\/wildlife-travel.com\\\/de\\\/#\\\/schema\\\/person\\\/37ec276948c84f4f860abef1a19c2e62\"},\"headline\":\"Reise-Highlights 2018 &#8211; Die sch\u00f6nsten Erlebnisse des Jahres\",\"datePublished\":\"2018-12-19T10:08:59+00:00\",\"dateModified\":\"2025-07-16T10:11:49+00:00\",\"mainEntityOfPage\":{\"@id\":\"https:\\\/\\\/wildlife-travel.com\\\/de\\\/reise-highlights-2018-die-schoensten-erlebnisse-des-jahres\\\/\"},\"wordCount\":1955,\"commentCount\":2,\"publisher\":{\"@id\":\"https:\\\/\\\/wildlife-travel.com\\\/de\\\/#\\\/schema\\\/person\\\/37ec276948c84f4f860abef1a19c2e62\"},\"image\":{\"@id\":\"https:\\\/\\\/wildlife-travel.com\\\/de\\\/reise-highlights-2018-die-schoensten-erlebnisse-des-jahres\\\/#primaryimage\"},\"thumbnailUrl\":\"https:\\\/\\\/wildlife-travel.com\\\/wp-content\\\/uploads\\\/2018\\\/12\\\/Wildlife-Travel-Blogparade-Titelbild-3.jpg\",\"articleSection\":[\"Blogparade\"],\"inLanguage\":\"de-DE\",\"potentialAction\":[{\"@type\":\"CommentAction\",\"name\":\"Comment\",\"target\":[\"https:\\\/\\\/wildlife-travel.com\\\/de\\\/reise-highlights-2018-die-schoensten-erlebnisse-des-jahres\\\/#respond\"]}]},{\"@type\":\"WebPage\",\"@id\":\"https:\\\/\\\/wildlife-travel.com\\\/de\\\/reise-highlights-2018-die-schoensten-erlebnisse-des-jahres\\\/\",\"url\":\"https:\\\/\\\/wildlife-travel.com\\\/de\\\/reise-highlights-2018-die-schoensten-erlebnisse-des-jahres\\\/\",\"name\":\"Reise-Highlights 2018 - Die sch\u00f6nsten Erlebnisse des Jahres -\",\"isPartOf\":{\"@id\":\"https:\\\/\\\/wildlife-travel.com\\\/de\\\/#website\"},\"primaryImageOfPage\":{\"@id\":\"https:\\\/\\\/wildlife-travel.com\\\/de\\\/reise-highlights-2018-die-schoensten-erlebnisse-des-jahres\\\/#primaryimage\"},\"image\":{\"@id\":\"https:\\\/\\\/wildlife-travel.com\\\/de\\\/reise-highlights-2018-die-schoensten-erlebnisse-des-jahres\\\/#primaryimage\"},\"thumbnailUrl\":\"https:\\\/\\\/wildlife-travel.com\\\/wp-content\\\/uploads\\\/2018\\\/12\\\/Wildlife-Travel-Blogparade-Titelbild-3.jpg\",\"datePublished\":\"2018-12-19T10:08:59+00:00\",\"dateModified\":\"2025-07-16T10:11:49+00:00\",\"breadcrumb\":{\"@id\":\"https:\\\/\\\/wildlife-travel.com\\\/de\\\/reise-highlights-2018-die-schoensten-erlebnisse-des-jahres\\\/#breadcrumb\"},\"inLanguage\":\"de-DE\",\"potentialAction\":[{\"@type\":\"ReadAction\",\"target\":[\"https:\\\/\\\/wildlife-travel.com\\\/de\\\/reise-highlights-2018-die-schoensten-erlebnisse-des-jahres\\\/\"]}]},{\"@type\":\"ImageObject\",\"inLanguage\":\"de-DE\",\"@id\":\"https:\\\/\\\/wildlife-travel.com\\\/de\\\/reise-highlights-2018-die-schoensten-erlebnisse-des-jahres\\\/#primaryimage\",\"url\":\"https:\\\/\\\/wildlife-travel.com\\\/wp-content\\\/uploads\\\/2018\\\/12\\\/Wildlife-Travel-Blogparade-Titelbild-3.jpg\",\"contentUrl\":\"https:\\\/\\\/wildlife-travel.com\\\/wp-content\\\/uploads\\\/2018\\\/12\\\/Wildlife-Travel-Blogparade-Titelbild-3.jpg\",\"width\":2500,\"height\":800,\"caption\":\"Wildlife Travel\"},{\"@type\":\"BreadcrumbList\",\"@id\":\"https:\\\/\\\/wildlife-travel.com\\\/de\\\/reise-highlights-2018-die-schoensten-erlebnisse-des-jahres\\\/#breadcrumb\",\"itemListElement\":[{\"@type\":\"ListItem\",\"position\":1,\"name\":\"Startseite\",\"item\":\"https:\\\/\\\/wildlife-travel.com\\\/de\\\/\"},{\"@type\":\"ListItem\",\"position\":2,\"name\":\"Reise-Highlights 2018 &#8211; Die sch\u00f6nsten Erlebnisse des Jahres\"}]},{\"@type\":\"WebSite\",\"@id\":\"https:\\\/\\\/wildlife-travel.com\\\/de\\\/#website\",\"url\":\"https:\\\/\\\/wildlife-travel.com\\\/de\\\/\",\"name\":\"\",\"description\":\"Wildlife Travel\",\"publisher\":{\"@id\":\"https:\\\/\\\/wildlife-travel.com\\\/de\\\/#\\\/schema\\\/person\\\/37ec276948c84f4f860abef1a19c2e62\"},\"potentialAction\":[{\"@type\":\"SearchAction\",\"target\":{\"@type\":\"EntryPoint\",\"urlTemplate\":\"https:\\\/\\\/wildlife-travel.com\\\/de\\\/?s={search_term_string}\"},\"query-input\":{\"@type\":\"PropertyValueSpecification\",\"valueRequired\":true,\"valueName\":\"search_term_string\"}}],\"inLanguage\":\"de-DE\"},{\"@type\":[\"Person\",\"Organization\"],\"@id\":\"https:\\\/\\\/wildlife-travel.com\\\/de\\\/#\\\/schema\\\/person\\\/37ec276948c84f4f860abef1a19c2e62\",\"name\":\"Tanja Heinz\",\"logo\":{\"@id\":\"https:\\\/\\\/wildlife-travel.com\\\/de\\\/#\\\/schema\\\/person\\\/image\\\/\"}}]}<\/script>\n<!-- \/ Yoast SEO plugin. -->","yoast_head_json":{"title":"Reise-Highlights 2018 - Die sch\u00f6nsten Erlebnisse des Jahres -","robots":{"index":"index","follow":"follow","max-snippet":"max-snippet:-1","max-image-preview":"max-image-preview:large","max-video-preview":"max-video-preview:-1"},"canonical":"https:\/\/wildlife-travel.com\/de\/reise-highlights-2018-die-schoensten-erlebnisse-des-jahres\/","og_locale":"de_DE","og_type":"article","og_title":"Reise-Highlights 2018 - Die sch\u00f6nsten Erlebnisse des Jahres -","og_url":"https:\/\/wildlife-travel.com\/de\/reise-highlights-2018-die-schoensten-erlebnisse-des-jahres\/","article_published_time":"2018-12-19T10:08:59+00:00","article_modified_time":"2025-07-16T10:11:49+00:00","og_image":[{"width":2500,"height":800,"url":"https:\/\/wildlife-travel.com\/wp-content\/uploads\/2018\/12\/Wildlife-Travel-Blogparade-Titelbild-3.jpg","type":"image\/jpeg"}],"author":"Tanja Heinz","twitter_card":"summary_large_image","twitter_misc":{"Written by":"Tanja Heinz","Est. reading time":"12 minutes"},"schema":{"@context":"https:\/\/schema.org","@graph":[{"@type":"Article","@id":"https:\/\/wildlife-travel.com\/de\/reise-highlights-2018-die-schoensten-erlebnisse-des-jahres\/#article","isPartOf":{"@id":"https:\/\/wildlife-travel.com\/de\/reise-highlights-2018-die-schoensten-erlebnisse-des-jahres\/"},"author":{"name":"Tanja Heinz","@id":"https:\/\/wildlife-travel.com\/de\/#\/schema\/person\/37ec276948c84f4f860abef1a19c2e62"},"headline":"Reise-Highlights 2018 &#8211; Die sch\u00f6nsten Erlebnisse des Jahres","datePublished":"2018-12-19T10:08:59+00:00","dateModified":"2025-07-16T10:11:49+00:00","mainEntityOfPage":{"@id":"https:\/\/wildlife-travel.com\/de\/reise-highlights-2018-die-schoensten-erlebnisse-des-jahres\/"},"wordCount":1955,"commentCount":2,"publisher":{"@id":"https:\/\/wildlife-travel.com\/de\/#\/schema\/person\/37ec276948c84f4f860abef1a19c2e62"},"image":{"@id":"https:\/\/wildlife-travel.com\/de\/reise-highlights-2018-die-schoensten-erlebnisse-des-jahres\/#primaryimage"},"thumbnailUrl":"https:\/\/wildlife-travel.com\/wp-content\/uploads\/2018\/12\/Wildlife-Travel-Blogparade-Titelbild-3.jpg","articleSection":["Blogparade"],"inLanguage":"de-DE","potentialAction":[{"@type":"CommentAction","name":"Comment","target":["https:\/\/wildlife-travel.com\/de\/reise-highlights-2018-die-schoensten-erlebnisse-des-jahres\/#respond"]}]},{"@type":"WebPage","@id":"https:\/\/wildlife-travel.com\/de\/reise-highlights-2018-die-schoensten-erlebnisse-des-jahres\/","url":"https:\/\/wildlife-travel.com\/de\/reise-highlights-2018-die-schoensten-erlebnisse-des-jahres\/","name":"Reise-Highlights 2018 - Die sch\u00f6nsten Erlebnisse des Jahres -","isPartOf":{"@id":"https:\/\/wildlife-travel.com\/de\/#website"},"primaryImageOfPage":{"@id":"https:\/\/wildlife-travel.com\/de\/reise-highlights-2018-die-schoensten-erlebnisse-des-jahres\/#primaryimage"},"image":{"@id":"https:\/\/wildlife-travel.com\/de\/reise-highlights-2018-die-schoensten-erlebnisse-des-jahres\/#primaryimage"},"thumbnailUrl":"https:\/\/wildlife-travel.com\/wp-content\/uploads\/2018\/12\/Wildlife-Travel-Blogparade-Titelbild-3.jpg","datePublished":"2018-12-19T10:08:59+00:00","dateModified":"2025-07-16T10:11:49+00:00","breadcrumb":{"@id":"https:\/\/wildlife-travel.com\/de\/reise-highlights-2018-die-schoensten-erlebnisse-des-jahres\/#breadcrumb"},"inLanguage":"de-DE","potentialAction":[{"@type":"ReadAction","target":["https:\/\/wildlife-travel.com\/de\/reise-highlights-2018-die-schoensten-erlebnisse-des-jahres\/"]}]},{"@type":"ImageObject","inLanguage":"de-DE","@id":"https:\/\/wildlife-travel.com\/de\/reise-highlights-2018-die-schoensten-erlebnisse-des-jahres\/#primaryimage","url":"https:\/\/wildlife-travel.com\/wp-content\/uploads\/2018\/12\/Wildlife-Travel-Blogparade-Titelbild-3.jpg","contentUrl":"https:\/\/wildlife-travel.com\/wp-content\/uploads\/2018\/12\/Wildlife-Travel-Blogparade-Titelbild-3.jpg","width":2500,"height":800,"caption":"Wildlife Travel"},{"@type":"BreadcrumbList","@id":"https:\/\/wildlife-travel.com\/de\/reise-highlights-2018-die-schoensten-erlebnisse-des-jahres\/#breadcrumb","itemListElement":[{"@type":"ListItem","position":1,"name":"Startseite","item":"https:\/\/wildlife-travel.com\/de\/"},{"@type":"ListItem","position":2,"name":"Reise-Highlights 2018 &#8211; Die sch\u00f6nsten Erlebnisse des Jahres"}]},{"@type":"WebSite","@id":"https:\/\/wildlife-travel.com\/de\/#website","url":"https:\/\/wildlife-travel.com\/de\/","name":"","description":"Wildlife Travel","publisher":{"@id":"https:\/\/wildlife-travel.com\/de\/#\/schema\/person\/37ec276948c84f4f860abef1a19c2e62"},"potentialAction":[{"@type":"SearchAction","target":{"@type":"EntryPoint","urlTemplate":"https:\/\/wildlife-travel.com\/de\/?s={search_term_string}"},"query-input":{"@type":"PropertyValueSpecification","valueRequired":true,"valueName":"search_term_string"}}],"inLanguage":"de-DE"},{"@type":["Person","Organization"],"@id":"https:\/\/wildlife-travel.com\/de\/#\/schema\/person\/37ec276948c84f4f860abef1a19c2e62","name":"Tanja Heinz","logo":{"@id":"https:\/\/wildlife-travel.com\/de\/#\/schema\/person\/image\/"}}]}},"_links":{"self":[{"href":"https:\/\/wildlife-travel.com\/de\/wp-json\/wp\/v2\/posts\/5136","targetHints":{"allow":["GET"]}}],"collection":[{"href":"https:\/\/wildlife-travel.com\/de\/wp-json\/wp\/v2\/posts"}],"about":[{"href":"https:\/\/wildlife-travel.com\/de\/wp-json\/wp\/v2\/types\/post"}],"author":[{"embeddable":true,"href":"https:\/\/wildlife-travel.com\/de\/wp-json\/wp\/v2\/users\/1"}],"replies":[{"embeddable":true,"href":"https:\/\/wildlife-travel.com\/de\/wp-json\/wp\/v2\/comments?post=5136"}],"version-history":[{"count":0,"href":"https:\/\/wildlife-travel.com\/de\/wp-json\/wp\/v2\/posts\/5136\/revisions"}],"wp:featuredmedia":[{"embeddable":true,"href":"https:\/\/wildlife-travel.com\/de\/wp-json\/wp\/v2\/media\/8969"}],"wp:attachment":[{"href":"https:\/\/wildlife-travel.com\/de\/wp-json\/wp\/v2\/media?parent=5136"}],"wp:term":[{"taxonomy":"category","embeddable":true,"href":"https:\/\/wildlife-travel.com\/de\/wp-json\/wp\/v2\/categories?post=5136"},{"taxonomy":"post_tag","embeddable":true,"href":"https:\/\/wildlife-travel.com\/de\/wp-json\/wp\/v2\/tags?post=5136"}],"curies":[{"name":"wp","href":"https:\/\/api.w.org\/{rel}","templated":true}]}}