{"id":4827,"date":"2018-07-12T09:01:46","date_gmt":"2018-07-12T07:01:46","guid":{"rendered":"https:\/\/wildlife-travel.com\/?p=4827"},"modified":"2025-12-14T19:46:54","modified_gmt":"2025-12-14T18:46:54","slug":"fotoparade-my-best-travel-photos-of-the-first-half-year-in-2018","status":"publish","type":"post","link":"https:\/\/wildlife-travel.com\/en\/fotoparade-my-best-travel-photos-of-the-first-half-year-in-2018\/","title":{"rendered":"\u201cFotoparade\u201d \u2013 My best travel photos of the first half year of 2018"},"content":{"rendered":"<p>What were your best travel photos in the first half of the year 2018? Michael from <a href=\"https:\/\/www.erkunde-die-welt.de\/\" target=\"_blank\" rel=\"noopener noreferrer\">Erkunde die Welt<\/a> dedicated himself to this question, but also asked other bloggers to participate in the seventh <a href=\"https:\/\/www.erkunde-die-welt.de\/2018\/06\/10\/fotoparade-1-2018-meine-schoensten-reisefotos\/\" target=\"_blank\" rel=\"noopener noreferrer\">\u201cFotoparade\u201d<\/a> to share their photos. I\u2019m more than happy to join this year as well.<\/p>\n<p>On my last journey at the beginning of this year I went to Brazil. I was interested in this country especially because of its biodiversity. By all means I was definitely not disappointed and I went home with thousands of photos that now wait to be published.<\/p>\n<p>As I dedicate myself at the moment especially to animial photography and as we are on a blog about wildlife, I show exclusively photographs of wild animals. From the six categories of the \u201cFotoparade\u201d I choose the two categories \u201cclose-up\u201d and \u201cbest photo\u201d (although the \u201cbest photo\u201d is a \u201cclose-up\u201d as well).<\/p>\n<p>As I was mainly in search of non-human primates, I will show photographs of only this animal group. The term \u201cnon-human\u201d might sound a little bit complicated and inconvenient for you. However, I like to use this term, as we humans are primates, too. Furthermore, this term is quite common in primatology.<\/p>\n<div id=\"ez-toc-container\" class=\"ez-toc-v2_0_82_2 counter-hierarchy ez-toc-counter ez-toc-custom ez-toc-container-direction\">\n<div class=\"ez-toc-title-container\"><p class=\"ez-toc-title\" style=\"cursor:inherit\"><\/p>\n<\/div><nav><ul class='ez-toc-list ez-toc-list-level-1 ' ><li class='ez-toc-page-1 ez-toc-heading-level-3'><a class=\"ez-toc-link ez-toc-heading-1\" href=\"https:\/\/wildlife-travel.com\/en\/fotoparade-my-best-travel-photos-of-the-first-half-year-in-2018\/#My_best_travel_photographs_of_non-human_primates_in_Brazil\" >My best travel photographs of non-human primates in Brazil<\/a><ul class='ez-toc-list-level-4' ><li class='ez-toc-heading-level-4'><a class=\"ez-toc-link ez-toc-heading-2\" href=\"https:\/\/wildlife-travel.com\/en\/fotoparade-my-best-travel-photos-of-the-first-half-year-in-2018\/#Crested_capuchin_Sapajus_robustus\" >Crested capuchin (Sapajus robustus)<\/a><\/li><li class='ez-toc-page-1 ez-toc-heading-level-4'><a class=\"ez-toc-link ez-toc-heading-3\" href=\"https:\/\/wildlife-travel.com\/en\/fotoparade-my-best-travel-photos-of-the-first-half-year-in-2018\/#White-headed_marmoset_Callithrix_geoffroyi\" >White-headed marmoset (Callithrix geoffroyi)<\/a><\/li><li class='ez-toc-page-1 ez-toc-heading-level-4'><a class=\"ez-toc-link ez-toc-heading-4\" href=\"https:\/\/wildlife-travel.com\/en\/fotoparade-my-best-travel-photos-of-the-first-half-year-in-2018\/#Common_marmoset_Callithrix_jacchus\" >Common marmoset (Callithrix jacchus)<\/a><\/li><li class='ez-toc-page-1 ez-toc-heading-level-4'><a class=\"ez-toc-link ez-toc-heading-5\" href=\"https:\/\/wildlife-travel.com\/en\/fotoparade-my-best-travel-photos-of-the-first-half-year-in-2018\/#Golden_lion_tamarin_Leontopithecus_rosalia\" >Golden lion tamarin (Leontopithecus rosalia)<\/a><\/li><li class='ez-toc-page-1 ez-toc-heading-level-4'><a class=\"ez-toc-link ez-toc-heading-6\" href=\"https:\/\/wildlife-travel.com\/en\/fotoparade-my-best-travel-photos-of-the-first-half-year-in-2018\/#Black_capuchin_Sapajus_nigritus\" >Black capuchin (Sapajus nigritus)<\/a><\/li><li class='ez-toc-page-1 ez-toc-heading-level-4'><a class=\"ez-toc-link ez-toc-heading-7\" href=\"https:\/\/wildlife-travel.com\/en\/fotoparade-my-best-travel-photos-of-the-first-half-year-in-2018\/#Southern_muriqui_Brachyteles_arachnoides\" >Southern muriqui (Brachyteles arachnoides)<\/a><\/li><\/ul><\/li><li class='ez-toc-page-1 ez-toc-heading-level-3'><a class=\"ez-toc-link ez-toc-heading-8\" href=\"https:\/\/wildlife-travel.com\/en\/fotoparade-my-best-travel-photos-of-the-first-half-year-in-2018\/#Best_photograph\" >Best photograph<\/a><\/li><li class='ez-toc-page-1 ez-toc-heading-level-3'><a class=\"ez-toc-link ez-toc-heading-9\" href=\"https:\/\/wildlife-travel.com\/en\/fotoparade-my-best-travel-photos-of-the-first-half-year-in-2018\/#Other_blogs_that_participated_at_the_%E2%80%9CFotoparade%E2%80%9D\" >Other blogs that participated at the \u201cFotoparade\u201d:<\/a><\/li><\/ul><\/nav><\/div>\n<h3><span class=\"ez-toc-section\" id=\"My_best_travel_photographs_of_non-human_primates_in_Brazil\"><\/span>My best travel photographs of non-human primates in Brazil<span class=\"ez-toc-section-end\"><\/span><\/h3>\n<h4><span class=\"ez-toc-section\" id=\"Crested_capuchin_Sapajus_robustus\"><\/span>Crested capuchin (<em>Sapajus robustus<\/em>)<span class=\"ez-toc-section-end\"><\/span><\/h4>\n<p><img loading=\"lazy\" decoding=\"async\" class=\"alignnone wp-image-6492 size-large\" src=\"https:\/\/wildlife-travel.com\/wp-content\/uploads\/2018\/07\/Wildlife-Travel-8-1-1024x683.jpg\" alt=\"Wildlife Travel\" width=\"840\" height=\"560\" srcset=\"https:\/\/wildlife-travel.com\/wp-content\/uploads\/2018\/07\/Wildlife-Travel-8-1-1024x683.jpg 1024w, https:\/\/wildlife-travel.com\/wp-content\/uploads\/2018\/07\/Wildlife-Travel-8-1-300x200.jpg 300w, https:\/\/wildlife-travel.com\/wp-content\/uploads\/2018\/07\/Wildlife-Travel-8-1-768x512.jpg 768w, https:\/\/wildlife-travel.com\/wp-content\/uploads\/2018\/07\/Wildlife-Travel-8-1-840x560.jpg 840w, https:\/\/wildlife-travel.com\/wp-content\/uploads\/2018\/07\/Wildlife-Travel-8-1-120x80.jpg 120w, https:\/\/wildlife-travel.com\/wp-content\/uploads\/2018\/07\/Wildlife-Travel-8-1-360x240.jpg 360w, https:\/\/wildlife-travel.com\/wp-content\/uploads\/2018\/07\/Wildlife-Travel-8-1-600x400.jpg 600w, https:\/\/wildlife-travel.com\/wp-content\/uploads\/2018\/07\/Wildlife-Travel-8-1.jpg 1336w\" sizes=\"auto, (max-width: 840px) 100vw, 840px\" \/><\/p>\n<p>I saw the crested capuchin in the Reserva Natural Vale close to Linhares in the state of Esp\u00edrito Santo in Brazil. That means, in the East of Brazil close to the Atlantic Ocean. The Reserva Natural Vale was an insider tip of a Brazilian and was actually not on our itinerary. However, the Reserva Natural Vale is abundant in biodiversity and is an UNESCO World Heritage natural site. When Ricardo (who is Brazilian by the way) and me went to the Reserva Natural Vale, we did not expect to see crested capuchins or any other animals. We were late and it was a very hot day. We thought most animals probably hide and relax from the heat. When I saw and heard a yellow-throated woodpecker (<em>Piculus flavigula<\/em>) drumming I became hopeful to see some more animals on that day. However, mosquitos were biting us all the time. And thus, we left the area of the Atlantic Forest in the Reserva Natural Vela to get rid of the mosquitos \u2013 at least for some time. As there was a small timber roof on stilts we went there to protect ourselves some time from the hot sun\u2026 until we heard something in the top of the trees. There was a group of crested capuchins moving through the forest. The crested capuchins were jumping from tree to tree and I followed them with my camera until they stopped at a tree with an open jackfruit. The younger crested capuchins reached first the jackfruit and got their share of the fruit. However, when a bigger crested capuchin arrived, the other individuals left and cleared the way for him. I think that this bigger individual might have been the alpha male of this group. One crested capuchin hid behind a big jackfruit and I thought that this one is a great photo motif. I could have watched the crested capuchins for hours, however, as it became later and later, eventually we had to leave again.<\/p>\n<h4><span class=\"ez-toc-section\" id=\"White-headed_marmoset_Callithrix_geoffroyi\"><\/span>White-headed marmoset (<em>Callithrix geoffroyi<\/em>)<span class=\"ez-toc-section-end\"><\/span><\/h4>\n<p><img loading=\"lazy\" decoding=\"async\" class=\"alignnone wp-image-6496 size-large\" src=\"https:\/\/wildlife-travel.com\/wp-content\/uploads\/2018\/07\/Wildlife-Travel-2-1-1024x683.jpg\" alt=\"Wildlife Travel\" width=\"840\" height=\"560\" srcset=\"https:\/\/wildlife-travel.com\/wp-content\/uploads\/2018\/07\/Wildlife-Travel-2-1-1024x683.jpg 1024w, https:\/\/wildlife-travel.com\/wp-content\/uploads\/2018\/07\/Wildlife-Travel-2-1-300x200.jpg 300w, https:\/\/wildlife-travel.com\/wp-content\/uploads\/2018\/07\/Wildlife-Travel-2-1-768x512.jpg 768w, https:\/\/wildlife-travel.com\/wp-content\/uploads\/2018\/07\/Wildlife-Travel-2-1-840x560.jpg 840w, https:\/\/wildlife-travel.com\/wp-content\/uploads\/2018\/07\/Wildlife-Travel-2-1-120x80.jpg 120w, https:\/\/wildlife-travel.com\/wp-content\/uploads\/2018\/07\/Wildlife-Travel-2-1-360x240.jpg 360w, https:\/\/wildlife-travel.com\/wp-content\/uploads\/2018\/07\/Wildlife-Travel-2-1-600x400.jpg 600w, https:\/\/wildlife-travel.com\/wp-content\/uploads\/2018\/07\/Wildlife-Travel-2-1.jpg 1336w\" sizes=\"auto, (max-width: 840px) 100vw, 840px\" \/><\/p>\n<p>In Brazil it is sometimes very helpful if you know some Portuguese or if you travel with a Brazilian. When we stopped at Vit\u00f3ria \u2013 the capital of the state Esp\u00edrito Santo and likewise located in the East of Brazil \u2013 we got another great insider tip of a Brazilian. She recommended us to walk up the forest on the Morro da Penha where the Convento da Penha (translation: convent Penha) is located as in this area live small marmosets. Indeed. When we walked up the Santu\u00e1rio da Natureza (translation: natural reserve) of the Morro da Penha we did not see any marmosets, but after enjoying the view from the Convento da Penha over the city of Vit\u00f3ria we spotted some White-headed marmosets at the entrance of the convent. We watched them how they gnaw the bark of the trees. They did not appear shy at all to us and the other visitors. They appeared quite indifferent to the people around. They just continued with their life like they probably do every day.<\/p>\n<h4><span class=\"ez-toc-section\" id=\"Common_marmoset_Callithrix_jacchus\"><\/span>Common marmoset (<em>Callithrix jacchus<\/em>)<span class=\"ez-toc-section-end\"><\/span><\/h4>\n<p><img loading=\"lazy\" decoding=\"async\" class=\"alignnone wp-image-6499 size-large\" src=\"https:\/\/wildlife-travel.com\/wp-content\/uploads\/2018\/07\/Wildlife-Travel-6-1-1024x683.jpg\" alt=\"Wildlife Travel\" width=\"840\" height=\"560\" srcset=\"https:\/\/wildlife-travel.com\/wp-content\/uploads\/2018\/07\/Wildlife-Travel-6-1-1024x683.jpg 1024w, https:\/\/wildlife-travel.com\/wp-content\/uploads\/2018\/07\/Wildlife-Travel-6-1-300x200.jpg 300w, https:\/\/wildlife-travel.com\/wp-content\/uploads\/2018\/07\/Wildlife-Travel-6-1-768x512.jpg 768w, https:\/\/wildlife-travel.com\/wp-content\/uploads\/2018\/07\/Wildlife-Travel-6-1-840x560.jpg 840w, https:\/\/wildlife-travel.com\/wp-content\/uploads\/2018\/07\/Wildlife-Travel-6-1-120x80.jpg 120w, https:\/\/wildlife-travel.com\/wp-content\/uploads\/2018\/07\/Wildlife-Travel-6-1-360x240.jpg 360w, https:\/\/wildlife-travel.com\/wp-content\/uploads\/2018\/07\/Wildlife-Travel-6-1-600x400.jpg 600w, https:\/\/wildlife-travel.com\/wp-content\/uploads\/2018\/07\/Wildlife-Travel-6-1.jpg 1336w\" sizes=\"auto, (max-width: 840px) 100vw, 840px\" \/><\/p>\n<p>The \u201eCidade Maravilhosa\u201c (\u00fcbersetzt: Marvelous City) \u2013 how Rio de Janeiro is known \u2013 has to offer not only samba, soccer or Copacapana, but also wildlife. Like for example the common marmosets. If you go from the Praia Vermelha into the direction of the Pista Cl\u00e1udio Coutinho at the Sugarloaf, there is a good probability to see wild common marmosets. The Pista Cl\u00e1udio Coutinho is an asphalted walkway of about 2 km distance. As the walkway is surrounded by dense trees you can go for a walk in the shadow of the sun. There is also a walkway up to the Morro da Urca where you have a great view over the city. When we walked through the Pista Cl\u00e1udio Coutinho we saw common marmosets more than once. They are not shy, but they also do not care about the people around them. It was not very easy to take photographs of them as these animals move very quickly. However, this was a very welcome challenge for me. While the sun was very strong at the beginning when we entered the walkway, later on the day the light became less strong and warmer. Thus, in the late afternoon I got this picture. They actually look quite cute, however, they are not very popular among conservationist as they are not native to the forests of Rio de Janeiro. They rob eggs from native birds and compete for food with other native animals.<\/p>\n<p><img loading=\"lazy\" decoding=\"async\" class=\"alignnone wp-image-6501 size-large\" src=\"https:\/\/wildlife-travel.com\/wp-content\/uploads\/2018\/07\/Wildlife-Travel-5-1-1024x683.jpg\" alt=\"Wildlife Travel\" width=\"840\" height=\"560\" srcset=\"https:\/\/wildlife-travel.com\/wp-content\/uploads\/2018\/07\/Wildlife-Travel-5-1-1024x683.jpg 1024w, https:\/\/wildlife-travel.com\/wp-content\/uploads\/2018\/07\/Wildlife-Travel-5-1-300x200.jpg 300w, https:\/\/wildlife-travel.com\/wp-content\/uploads\/2018\/07\/Wildlife-Travel-5-1-768x512.jpg 768w, https:\/\/wildlife-travel.com\/wp-content\/uploads\/2018\/07\/Wildlife-Travel-5-1-840x560.jpg 840w, https:\/\/wildlife-travel.com\/wp-content\/uploads\/2018\/07\/Wildlife-Travel-5-1-120x80.jpg 120w, https:\/\/wildlife-travel.com\/wp-content\/uploads\/2018\/07\/Wildlife-Travel-5-1-360x240.jpg 360w, https:\/\/wildlife-travel.com\/wp-content\/uploads\/2018\/07\/Wildlife-Travel-5-1-600x400.jpg 600w, https:\/\/wildlife-travel.com\/wp-content\/uploads\/2018\/07\/Wildlife-Travel-5-1.jpg 1336w\" sizes=\"auto, (max-width: 840px) 100vw, 840px\" \/><\/p>\n<p>In Rio de Janeiro there are actually many places where you can see common marmosets. One other place is the Botanical Garden of Rio de Janeiro. Common marmosets apparently are very well adapted to human settlements as they are so common. In the Botanical Gardens of Rio de Janeiro I was actually on the search for black-pencilled marmoset (<em>Callithrix penicillata<\/em>). I was not successful with this, but we saw again some common marmosets.<\/p>\n<h4><span class=\"ez-toc-section\" id=\"Golden_lion_tamarin_Leontopithecus_rosalia\"><\/span>Golden lion tamarin (<em>Leontopithecus rosalia<\/em>)<span class=\"ez-toc-section-end\"><\/span><\/h4>\n<p><img loading=\"lazy\" decoding=\"async\" class=\"alignnone wp-image-6503 size-large\" src=\"https:\/\/wildlife-travel.com\/wp-content\/uploads\/2018\/07\/Wildlife-Travel-9-1-1024x683.jpg\" alt=\"Wildlife Travel\" width=\"840\" height=\"560\" srcset=\"https:\/\/wildlife-travel.com\/wp-content\/uploads\/2018\/07\/Wildlife-Travel-9-1-1024x683.jpg 1024w, https:\/\/wildlife-travel.com\/wp-content\/uploads\/2018\/07\/Wildlife-Travel-9-1-300x200.jpg 300w, https:\/\/wildlife-travel.com\/wp-content\/uploads\/2018\/07\/Wildlife-Travel-9-1-768x512.jpg 768w, https:\/\/wildlife-travel.com\/wp-content\/uploads\/2018\/07\/Wildlife-Travel-9-1-840x560.jpg 840w, https:\/\/wildlife-travel.com\/wp-content\/uploads\/2018\/07\/Wildlife-Travel-9-1-120x80.jpg 120w, https:\/\/wildlife-travel.com\/wp-content\/uploads\/2018\/07\/Wildlife-Travel-9-1-360x240.jpg 360w, https:\/\/wildlife-travel.com\/wp-content\/uploads\/2018\/07\/Wildlife-Travel-9-1-600x400.jpg 600w, https:\/\/wildlife-travel.com\/wp-content\/uploads\/2018\/07\/Wildlife-Travel-9-1.jpg 1336w\" sizes=\"auto, (max-width: 840px) 100vw, 840px\" \/><\/p>\n<p>One very special experience on my journey to Brazil was our visit of the <a href=\"http:\/\/www.micoleao.org.br\/\" target=\"_blank\" rel=\"nofollow noopener noreferrer\">Associa\u00e7\u00e3o Mico-Le\u00e3o-Dourado (AMLD)<\/a> in Silva Jardim in the state Rio de Janeiro because in this area of the Atlantic Forest live golden lion tamarins. This experience was so special as golden lion tamarins are an endangered primate species. The IUCN lists the golden lion tamarins in the category \u201cendangered\u201d. In Silva Jardim we met a group of very committed people who put all their efforts and passion to the protection of the golden lion tamarins. Every day they control populations of golden lion tamarins. They are also involved in reforestation projects to close fragments of habitats so that golden lion tamarin populations can exchange genetically. When golden lion tamarin habitats are separated through streets, they cannot meet with each other. During my stay at the Associa\u00e7\u00e3o Mico-Le\u00e3o-Dourado I learned a lot about the golden lion tamarin. I think exactly this is responsible tourism. As the guides control the populations every day, they have a big knowledge about these animals. I think many more people should know about this great project of the Associa\u00e7\u00e3o Mico-Le\u00e3o-Dourado. Therefore, you will read much more about these wonderful animals in the future on this blog.<\/p>\n<h4><span class=\"ez-toc-section\" id=\"Black_capuchin_Sapajus_nigritus\"><\/span>Black capuchin (<em>Sapajus nigritus<\/em>)<span class=\"ez-toc-section-end\"><\/span><\/h4>\n<p><img loading=\"lazy\" decoding=\"async\" class=\"alignnone wp-image-6505 size-large\" src=\"https:\/\/wildlife-travel.com\/wp-content\/uploads\/2018\/07\/Wildlife-Travel-7-1-1024x683.jpg\" alt=\"Wildlife Travel\" width=\"840\" height=\"560\" srcset=\"https:\/\/wildlife-travel.com\/wp-content\/uploads\/2018\/07\/Wildlife-Travel-7-1-1024x683.jpg 1024w, https:\/\/wildlife-travel.com\/wp-content\/uploads\/2018\/07\/Wildlife-Travel-7-1-300x200.jpg 300w, https:\/\/wildlife-travel.com\/wp-content\/uploads\/2018\/07\/Wildlife-Travel-7-1-768x512.jpg 768w, https:\/\/wildlife-travel.com\/wp-content\/uploads\/2018\/07\/Wildlife-Travel-7-1-840x560.jpg 840w, https:\/\/wildlife-travel.com\/wp-content\/uploads\/2018\/07\/Wildlife-Travel-7-1-120x80.jpg 120w, https:\/\/wildlife-travel.com\/wp-content\/uploads\/2018\/07\/Wildlife-Travel-7-1-360x240.jpg 360w, https:\/\/wildlife-travel.com\/wp-content\/uploads\/2018\/07\/Wildlife-Travel-7-1-600x400.jpg 600w, https:\/\/wildlife-travel.com\/wp-content\/uploads\/2018\/07\/Wildlife-Travel-7-1.jpg 1336w\" sizes=\"auto, (max-width: 840px) 100vw, 840px\" \/><\/p>\n<p>When I was in Silva Jardim at the Associa\u00e7\u00e3o Mico-Le\u00e3o-Dourado I wished to see the golden lion tamarin. However, in the Itatiaia National Park I was not on search for a specific non-human primate species. As the Itatiaia National Park is popular especially among bird observers I expected to see many, many colorful birds. Therefore, we participated at a <a href=\"https:\/\/birdsrio.com.br\/pt_BR\/\" target=\"_blank\" rel=\"nofollow noopener noreferrer\">bird excursion<\/a>. I was impressed by the bird diversity in the Itatiaia National Park. However, when I heard that capuchins live in the national park as well I was continuously looking for them in the trees as well. At the end we did not spot them in the trees, but at the side of a gravel road as there was sitting comfortably one black capuchin. While one individual was sitting at the side of the gravel road, other individuals were sitting or climbing the trees. We were almost alone with the black capuchins. Only some Brazilians passed and stopped for a moment to take some pictures.<\/p>\n<p><img loading=\"lazy\" decoding=\"async\" class=\"alignnone wp-image-6507 size-large\" src=\"https:\/\/wildlife-travel.com\/wp-content\/uploads\/2018\/07\/Wildlife-Travel-1-1-1024x683.jpg\" alt=\"Wildlife Travel\" width=\"840\" height=\"560\" srcset=\"https:\/\/wildlife-travel.com\/wp-content\/uploads\/2018\/07\/Wildlife-Travel-1-1-1024x683.jpg 1024w, https:\/\/wildlife-travel.com\/wp-content\/uploads\/2018\/07\/Wildlife-Travel-1-1-300x200.jpg 300w, https:\/\/wildlife-travel.com\/wp-content\/uploads\/2018\/07\/Wildlife-Travel-1-1-768x512.jpg 768w, https:\/\/wildlife-travel.com\/wp-content\/uploads\/2018\/07\/Wildlife-Travel-1-1-840x560.jpg 840w, https:\/\/wildlife-travel.com\/wp-content\/uploads\/2018\/07\/Wildlife-Travel-1-1-120x80.jpg 120w, https:\/\/wildlife-travel.com\/wp-content\/uploads\/2018\/07\/Wildlife-Travel-1-1-360x240.jpg 360w, https:\/\/wildlife-travel.com\/wp-content\/uploads\/2018\/07\/Wildlife-Travel-1-1-600x400.jpg 600w, https:\/\/wildlife-travel.com\/wp-content\/uploads\/2018\/07\/Wildlife-Travel-1-1.jpg 1336w\" sizes=\"auto, (max-width: 840px) 100vw, 840px\" \/><\/p>\n<p>We met some black capuchins later again on our journey. And that was on the Argentinian site of the Foz de Iguaz\u00fa. However, there was a big difference in the behavior of the animals. At the Foz de Iguaz\u00fa (in april) there were many more people than at the Itatiaia National Park (in March). Correspondingly, the black capuchin groups had a quite different behavior. While the black capuchins kept their distance in the Itatiaia National Park, the animals at the Foz de Iguaz\u00fa came quite close begging for food. Unfortunately we had to observe how black capuchins were robbing hamburgers and how a woman was feeding the animals with biscuits (although you can read everywhere that this is not allowed).<\/p>\n<h4><span class=\"ez-toc-section\" id=\"Southern_muriqui_Brachyteles_arachnoides\"><\/span>Southern muriqui (<em>Brachyteles arachnoides<\/em>)<span class=\"ez-toc-section-end\"><\/span><\/h4>\n<p><img loading=\"lazy\" decoding=\"async\" class=\"alignnone wp-image-6509 size-large\" src=\"https:\/\/wildlife-travel.com\/wp-content\/uploads\/2018\/07\/Wildlife-Travel-3-1-1024x683.jpg\" alt=\"Wildlife Travel\" width=\"840\" height=\"560\" srcset=\"https:\/\/wildlife-travel.com\/wp-content\/uploads\/2018\/07\/Wildlife-Travel-3-1-1024x683.jpg 1024w, https:\/\/wildlife-travel.com\/wp-content\/uploads\/2018\/07\/Wildlife-Travel-3-1-300x200.jpg 300w, https:\/\/wildlife-travel.com\/wp-content\/uploads\/2018\/07\/Wildlife-Travel-3-1-768x512.jpg 768w, https:\/\/wildlife-travel.com\/wp-content\/uploads\/2018\/07\/Wildlife-Travel-3-1-840x560.jpg 840w, https:\/\/wildlife-travel.com\/wp-content\/uploads\/2018\/07\/Wildlife-Travel-3-1-120x80.jpg 120w, https:\/\/wildlife-travel.com\/wp-content\/uploads\/2018\/07\/Wildlife-Travel-3-1-360x240.jpg 360w, https:\/\/wildlife-travel.com\/wp-content\/uploads\/2018\/07\/Wildlife-Travel-3-1-600x400.jpg 600w, https:\/\/wildlife-travel.com\/wp-content\/uploads\/2018\/07\/Wildlife-Travel-3-1.jpg 1336w\" sizes=\"auto, (max-width: 840px) 100vw, 840px\" \/><\/p>\n<p>Another great experience in Brazil for me was observing Southern muriquis in the Parque Estadual Carlos Botelho. As I was not successful searching for Northern muriquis (<em>Brachyteles hypoxanthus<\/em>) in the<a href=\"https:\/\/wildlife-travel.com\/de\/auf-der-suche-nach-dem-groessten-affen-suedamerikas-in-brasilien\/\" target=\"_blank\" rel=\"noopener noreferrer\"> Feliciano Miguel Abdala Nature Reserve<\/a>, I was very happy to have found the <a href=\"https:\/\/www.facebook.com\/institutopromuriqui\/\" target=\"_blank\" rel=\"nofollow noopener noreferrer\">Associa\u00e7\u00e3o Pr\u00f3-Muriqui<\/a> where I could join for one day a group of committed conservationists in the forests of the Parque Estadual Carlos Botelho. It is difficult to describe my experience. It was just wonderful to sit or stand in the forest and observe the animals. While the Southern muriqui is \u201cendangered\u201d according to the IUCN, the Northern muriquis are even \u201ccritically endangered\u201d. Unfortunately many people do not know the muriquis. Because of that you will hear much more about these animals again on this blog.<\/p>\n<h3><span class=\"ez-toc-section\" id=\"Best_photograph\"><\/span>Best photograph<span class=\"ez-toc-section-end\"><\/span><\/h3>\n<p><img loading=\"lazy\" decoding=\"async\" class=\"alignnone wp-image-6511 size-large\" src=\"https:\/\/wildlife-travel.com\/wp-content\/uploads\/2018\/07\/Wildlife-Travel-4-1024x683.jpg\" alt=\"Wildlife Travel\" width=\"840\" height=\"560\" srcset=\"https:\/\/wildlife-travel.com\/wp-content\/uploads\/2018\/07\/Wildlife-Travel-4-1024x683.jpg 1024w, https:\/\/wildlife-travel.com\/wp-content\/uploads\/2018\/07\/Wildlife-Travel-4-300x200.jpg 300w, https:\/\/wildlife-travel.com\/wp-content\/uploads\/2018\/07\/Wildlife-Travel-4-768x512.jpg 768w, https:\/\/wildlife-travel.com\/wp-content\/uploads\/2018\/07\/Wildlife-Travel-4-840x560.jpg 840w, https:\/\/wildlife-travel.com\/wp-content\/uploads\/2018\/07\/Wildlife-Travel-4-120x80.jpg 120w, https:\/\/wildlife-travel.com\/wp-content\/uploads\/2018\/07\/Wildlife-Travel-4-360x240.jpg 360w, https:\/\/wildlife-travel.com\/wp-content\/uploads\/2018\/07\/Wildlife-Travel-4-600x400.jpg 600w, https:\/\/wildlife-travel.com\/wp-content\/uploads\/2018\/07\/Wildlife-Travel-4.jpg 1336w\" sizes=\"auto, (max-width: 840px) 100vw, 840px\" \/><\/p>\n<p>My favourite non-human primates in Brazil are the golden lion tamarins and the Southern muriquis. However, as I cannot decide between them and as it was quite difficult to get a high quality photograph of the muriquis I decided to choose a young of the common marmosets as best photograph. I have chosen this photograph because I like how this young looks into the camera and how it was possible for me to blur the background. This common marmoset young lives at the Sugarloaf in Rio de Janeiro.<\/p>\n<p>If you want to read my other contributions to the Fotoparade, you will find them under the following links:<\/p>\n<p><a href=\"https:\/\/wildlife-travel.com\/en\/fotoparade-my-best-travel-photos-of-the-second-half-year-of-2018\/\" target=\"_blank\" rel=\"noopener noreferrer\">Fotoparade \u2013 My best travel photos of the second half-year of 2018<\/a><\/p>\n<p><a href=\"https:\/\/wildlife-travel.com\/en\/fotoparade-my-best-travel-photos-of-the-year-2019\/\" target=\"_blank\" rel=\"noopener noreferrer\">Fotoparade \u2013 My best travel photos of the year 2019<\/a><\/p>\n<p><a href=\"https:\/\/wildlife-travel.com\/en\/fotoparade-my-best-photos-of-the-year-2020\/\" target=\"_blank\" rel=\"noopener noreferrer\">Fotoparade \u2013 My best photos of the year 2020<\/a><\/p>\n<p><a href=\"https:\/\/wildlife-travel.com\/en\/fotoparade-my-best-photos-of-the-year-2021\/\" target=\"_blank\" rel=\"noopener\">Fotoparade \u2013 My best photos of the year 2021<\/a><\/p>\n<h3><span class=\"ez-toc-section\" id=\"Other_blogs_that_participated_at_the_%E2%80%9CFotoparade%E2%80%9D\"><\/span>Other blogs that participated at the \u201cFotoparade\u201d:<span class=\"ez-toc-section-end\"><\/span><\/h3>\n<ol>\n<li><a href=\"https:\/\/diereiseule.com\/2018\/06\/10\/erkunde-die-welt-mit-der-reiseeule-fotoparade-1-2018\/\" target=\"_blank\" rel=\"noopener noreferrer\">Die Reise Eule<\/a><\/li>\n<li><a href=\"https:\/\/www.nestingnomads.de\/unsere-lieblingsfotos-aus-dem-ersten-halbjahr-2018\/\" target=\"_blank\" rel=\"nofollow noopener noreferrer\">Nesting Nomads<\/a><\/li>\n<li><a href=\"https:\/\/blog.austria-insiderinfo.com\/fotografie\/die-6-besten-bilder-des-1-wanderhalbjahres-2018\/\" target=\"_blank\" rel=\"nofollow noopener noreferrer\">Austria Insider Info<\/a><\/li>\n<li><a href=\"https:\/\/www.wiraufreise.de\/fotoparade-schoene-bilder-aus-dem-1-halbjahr-2018\/\" target=\"_blank\" rel=\"nofollow noopener noreferrer\">Wir auf Reise<\/a><\/li>\n<li><a href=\"https:\/\/travelinspired.de\/reiseziele-2018-1\/\" target=\"_blank\" rel=\"nofollow noopener noreferrer\">Travelinspired<\/a><\/li>\n<li>PixelWo<\/li>\n<li><a href=\"https:\/\/julie-en-voyage.com\/2018\/06\/10\/meine-schoensten-reisefotos-2018-teil-1\/\" target=\"_blank\" rel=\"nofollow noopener noreferrer\">Julie en voyage<\/a><\/li>\n<li><a href=\"https:\/\/www.ferngeweht.de\/schoenste-bilder-1-2018\/\" target=\"_blank\" rel=\"nofollow noopener noreferrer\">Ferngeweht<\/a><\/li>\n<li><a href=\"https:\/\/stefleifotografie.wordpress.com\/2018\/06\/10\/fotoparade-1-2018-meine-schoensten-reisefotos\/\" target=\"_blank\" rel=\"nofollow noopener noreferrer\">Steflei Fotografie<\/a><\/li>\n<li>The Lost Photo<\/li>\n<li><a href=\"https:\/\/www.etappen-wandern.de\/dies-und-das\/fernwanderweg-meine-schoensten-wanderfotos-im-1-halbjahr-fotoparade-1-2018\/\" target=\"_blank\" rel=\"nofollow noopener noreferrer\">Etappen Wandern<\/a><\/li>\n<li><a href=\"https:\/\/gowhereyourhearttellsyoutogo.wordpress.com\/2018\/06\/11\/fopanet-1-2018\/\" target=\"_blank\" rel=\"nofollow noopener noreferrer\">The Road Most Traveled<\/a><\/li>\n<li><a href=\"https:\/\/www.reisewut.com\/2018\/06\/fotoparade-1-2018-unsere-schoensten-bilder\/\" target=\"_blank\" rel=\"nofollow noopener noreferrer\">Reisewut<\/a><\/li>\n<li><a href=\"https:\/\/triptotheplanet.de\/reisefotografie-1-2018\/\" target=\"_blank\" rel=\"nofollow noopener noreferrer\">Trip to the Planet<\/a><\/li>\n<li><a href=\"https:\/\/www.smilesfromabroad.at\/fotoparade-1-2018\/\" target=\"_blank\" rel=\"nofollow noopener noreferrer\">Smiles from abroad<\/a><\/li>\n<li>WorldCalling4Me<\/li>\n<li><a href=\"https:\/\/www.moosbrugger-climbing.com\/fopanet-fotoparade-2018\/\" target=\"_blank\" rel=\"nofollow noopener noreferrer\">Moosbrugger Climging<\/a><\/li>\n<li><a href=\"https:\/\/www.gailtalontour.com\/fotorueckblick-auf-das-1-halbjahr\/\" target=\"_blank\" rel=\"nofollow noopener noreferrer\">Gailtal on Tour<\/a><\/li>\n<li><a href=\"https:\/\/www.tberg.de\/fotoparade-1-2018-meine-best-of-fotos-aus-dem-ersten-halbjahr-2018\/\" target=\"_blank\" rel=\"nofollow noopener noreferrer\">Tberg<\/a><\/li>\n<li><a href=\"https:\/\/aiseetheworld.de\/bilder-florida-rundreise\/\" target=\"_blank\" rel=\"nofollow noopener noreferrer\">Ai see the world<\/a><\/li>\n<li>Dive the globe<\/li>\n<li>Mit Kind im Rucksack<\/li>\n<li><a href=\"https:\/\/www.gindeslebens.com\/fotoparade-2018-teil-1\/\" target=\"_blank\" rel=\"nofollow noopener noreferrer\">Gin des Lebens<\/a><\/li>\n<li>Wanderlust<\/li>\n<li><a href=\"https:\/\/wandernd.de\/2018\/06\/14\/meine-schoensten-bilder-golf-von-neapel\/\" target=\"_blank\" rel=\"nofollow noopener noreferrer\">Wandernd<\/a><\/li>\n<li><a href=\"https:\/\/www.sirenen-und-heuler.de\/fopanet-lieblingsfotos-aus-der-ersten-jahreshaelfte-2018\/\" target=\"_blank\" rel=\"nofollow noopener noreferrer\">Sirenen und Heuler<\/a><\/li>\n<li><a href=\"https:\/\/www.sy-yemanja.de\/2018\/06\/14\/gustavs-abenteuer-in-der-karibik\/\" target=\"_blank\" rel=\"nofollow noopener noreferrer\">Segeln mit Yemanja<\/a><\/li>\n<li><a href=\"https:\/\/reisepsycho.com\/highlights-in-bildern-meine-schoensten-reisefotos\/\" target=\"_blank\" rel=\"nofollow noopener noreferrer\">Reisepsycho<\/a><\/li>\n<li><a href=\"https:\/\/safetravels.de\/traeume-sehnsuchtsorte-fotoparade-1-2018\/\" target=\"_blank\" rel=\"nofollow noopener noreferrer\">Safetravels<\/a><\/li>\n<li><a href=\"https:\/\/womoguide.de\/wohnmobil-reiseberichte\/die-schoensten-reisefotos-der-letzten-sechs-monate-fotoparade-1-2018\/\" target=\"_blank\" rel=\"nofollow noopener noreferrer\">WoMo Guide<\/a><\/li>\n<li><a href=\"https:\/\/www.reisen-fotografie.de\/fotoparade-1-2018\/\" target=\"_blank\" rel=\"nofollow noopener noreferrer\">Reisen-Fotografie<\/a><\/li>\n<li><a href=\"https:\/\/natworldwild.com\/2018\/06\/17\/fotoparade-01-2018\/\" target=\"_blank\" rel=\"nofollow noopener noreferrer\">Nat Worldwide<\/a><\/li>\n<li>Esther&#8217;s Travel Guide<\/li>\n<li>Bambooblog<\/li>\n<li><a href=\"https:\/\/paleica.com\/2018\/06\/18\/fotoparade-1-2018-meine-schoensten-reisefotos\/\" target=\"_blank\" rel=\"nofollow noopener noreferrer\">Paleica<\/a><\/li>\n<li><a href=\"https:\/\/freidenkerin.com\/2018\/06\/18\/fotoparade-1-2018-meine-schoensten-reisefotos\/\" target=\"_blank\" rel=\"nofollow noopener noreferrer\">Freidenkerin<\/a><\/li>\n<li><a href=\"https:\/\/www.genuss-touren.com\/die-schoensten-bilder-aus-kwazulu-natal\/\" target=\"_blank\" rel=\"nofollow noopener noreferrer\">Genuss Touren<\/a><\/li>\n<li><a href=\"https:\/\/www.mogroach.de\/fotoparade-1-18\/\" target=\"_blank\" rel=\"nofollow noopener noreferrer\">Mogroach<\/a><\/li>\n<li>Lost in Travel<\/li>\n<li>Borboleta meets World<\/li>\n<li>Kulturt\u00e4nzer<\/li>\n<li>Weltgef\u00fchle<\/li>\n<li>Take a Hike<\/li>\n<li>Fee ist mein Name<\/li>\n<li>Hikelust<\/li>\n<li><a href=\"https:\/\/lovelyshots.de\/blog\/photography\/fotoparade-2018-01\/\" target=\"_blank\" rel=\"nofollow noopener noreferrer\">Lovely Shots<\/a><\/li>\n<li><a href=\"https:\/\/www.suitcaseandwanderlust.com\/de\/meine-schoensten-fotos-2018-teil-1\/\" target=\"_blank\" rel=\"nofollow noopener noreferrer\">Suitcase and Wanderlust<\/a><\/li>\n<li><a href=\"https:\/\/littlebigvoyager.com\/7-pictures-7-thoughts\/\" target=\"_blank\" rel=\"nofollow noopener noreferrer\">Little big Voyager<\/a><\/li>\n<li><a href=\"https:\/\/reiseweise.net\/2018\/06\/21\/fotosightseeing-bei-der-fotoparade-1-2018\/\" target=\"_blank\" rel=\"nofollow noopener oopener noreferrer\">Reise Weise<\/a><\/li>\n<li><a href=\"https:\/\/phototravellers.de\/schonste-fotos-erstes-halbjahr-2018\/\" target=\"_blank\" rel=\"nofollow noopener noreferrer\">Phototravellers<\/a><\/li>\n<li><a href=\"https:\/\/www.tief-im-allgaeu.de\/fotoparade-meine-schoensten-allgaeu-fotos-2018-1-halbjahr\/\" target=\"_blank\" rel=\"nofollow noopener noreferrer\">Tief im Allg\u00e4u<\/a><\/li>\n<li>Crosli<\/li>\n<li>Cruisetricks<\/li>\n<li><a href=\"https:\/\/travelsanne.de\/fotoparade-1-2018\/\" target=\"_blank\" rel=\"nofollow noopener noreferrer\">Travelsanne<\/a><\/li>\n<li><a href=\"https:\/\/weltschaukasten.com\/2018\/06\/24\/meine-top-reisefotos-2018-1\/\" target=\"_blank\" rel=\"nofollow noopener noreferrer\">Weltschaukasten<\/a><\/li>\n<li><a href=\"https:\/\/genussbummler.de\/fotoparade-01-2018\/\" target=\"_blank\" rel=\"nofollow noopener noreferrer\">Genussbummler<\/a><\/li>\n<li><a href=\"https:\/\/lustloszugehen.de\/fotoparade-meine-schoensten-reisefotos\/\" target=\"_blank\" rel=\"nofollow noopener noreferrer\">Loszugehen<\/a><\/li>\n<li><a href=\"https:\/\/northstarchronicles.de\/fotoparade-die-besten-bilder-aus-dem-1-halbjahr-2018\/\" target=\"_blank\" rel=\"nofollow noopener noreferrer\">North Star Chroniles<\/a><\/li>\n<li><a href=\"https:\/\/www.travelsome.de\/fotoparade-01-2018\/\" target=\"_blank\" rel=\"nofollow noopener noreferrer\">Travelsome<\/a><\/li>\n<li><a href=\"https:\/\/meinweltbuch.com\/2018\/06\/27\/fotoparade-meine-foto-highlights-aus-dem-ersten-halbjahr-2018\/\" target=\"_blank\" rel=\"nofollow noopener noreferrer\">Mein Weltbuch<\/a><\/li>\n<li><a href=\"https:\/\/www.philippinen-blog.ch\/fotoparade-1-2018-neue-perspektiven\/\" target=\"_blank\" rel=\"nofollow noopener noreferrer\">Philippinen Blog<\/a><\/li>\n<li><a href=\"https:\/\/lieschenradieschen-reist.com\/fotoparade-best-of-1-halbjahr-2018\/\" target=\"_blank\" rel=\"nofollow noopener noreferrer\">Lieschenradieschen reist<\/a><\/li>\n<li><a href=\"https:\/\/www.karl-reist.de\/schoenste-bilder-neuseeland-suedinsel\/\" target=\"_blank\" rel=\"nofollow noopener noreferrer\">Karl reist<\/a><\/li>\n<li>Op j\u00fcck und zu huss<\/li>\n<li><a href=\"https:\/\/imprintmytravel.com\/fotoparade-1-2018-die-schoensten-bilder-des-ersten-halbjahres\/\" target=\"_blank\" rel=\"nofollow noopener noreferrer\">Imprintmytravel<\/a><\/li>\n<li><a href=\"https:\/\/webundwelt.de\/unsere-schoensten-reisefotos-aus-dem-ersten-halbjahr-2018\/\" target=\"_blank\" rel=\"noopener noreferrer\">Web und Welt<\/a><\/li>\n<li>Magnetic Voyage<\/li>\n<li><a href=\"https:\/\/www.silvertravellers.de\/die-schoensten-reisefotos\/\" target=\"_blank\" rel=\"nofollow noopener noreferrer\">Silver Travellers<\/a><\/li>\n<li><a href=\"https:\/\/reisezoom.com\/rueckblick-2018-1\/\" target=\"_blank\" rel=\"nofollow noopener noreferrer\">Reisezoom<\/a><\/li>\n<li>Wanderhunger<\/li>\n<li><a href=\"https:\/\/unterwegsmitkind.com\/2018\/07\/02\/in-13-reisefotos-zur-fotoparade-durchs-erste-halbjahr-2018\/\" target=\"_blank\" rel=\"nofollow noopener noreferrer\">Unterwegs mit Kind<\/a><\/li>\n<li><a href=\"https:\/\/tingtingsnest.com\/alltag\/fotoparade-meine-schoensten-reisefotos-2018\" target=\"_blank\" rel=\"nofollow noopener noreferrer\">Ting Ting&#8217;s Nest<\/a><\/li>\n<li>Breitengrad66<\/li>\n<li><a href=\"https:\/\/www.reisebloggerin.at\/2018\/07\/die-besten-bilder-fotoparade\/\" target=\"_blank\" rel=\"nofollow noopener noreferrer\">Reisebloggerin<\/a><\/li>\n<li><a href=\"https:\/\/geheimtippreisen.blogspot.com\/2018\/07\/meine-schonsten-reisefotos-aus-dem.html\" target=\"_blank\" rel=\"nofollow noopener noreferrer\">Geheimtippreisen<\/a><\/li>\n<li><a href=\"http:\/\/bluebayou.co\/so-war-das-erste-reisehalbjahr-2018\/\" target=\"_blank\" rel=\"nofollow noopener noreferrer\">Blue Bayou<\/a><\/li>\n<li>Anna immer unterwegs<\/li>\n<li><a href=\"https:\/\/www.hin-fahren.de\/meine-schoensten-reisefotos-im-ersten-halbjahr-fotoparade-1-2018\/\" target=\"_blank\" rel=\"nofollow noopener noreferrer\">Hin-fahren<\/a><\/li>\n<li><a href=\"https:\/\/www.abenteuerzeilen.de\/fotoparade-2018-teil-1-meine-besten-fotos-aus-dem-ersten-halbjahr\/\" target=\"_blank\" rel=\"nofollow noopener noreferrer\">Abenteuerzeilen<\/a><\/li>\n<li>Sophias Welt<\/li>\n<li>Anna Tours<\/li>\n<li><a href=\"https:\/\/www.tobiashoiten.de\/2018\/07\/07\/meine-schoensten-reisefotos-vom-1-halbjahr-2018\/\" target=\"_blank\" rel=\"nofollow noopener noreferrer\">Tobias Hoiten<\/a><\/li>\n<li><a href=\"https:\/\/sinneundreisen.de\/fotoparade-2018-1-meine-schoensten-reisefotos\/\" target=\"_blank\" rel=\"nofollow noopener noreferrer\">Sinne und Reisen<\/a><\/li>\n<li>Travel Bloke<\/li>\n<li>Lichttraeumer<\/li>\n<li>GoOnTravel<\/li>\n<li>Cache&#8217;n&#8217;Travel<\/li>\n<li>Chien Normandie<\/li>\n<li>Padermama<\/li>\n<li><a href=\"https:\/\/naturfreundin.at\/fopanet-1-2018\/\" target=\"_blank\" rel=\"nofollow noopener noreferrer\">Naturfreundin<\/a><\/li>\n<li><a href=\"https:\/\/www.travelmorebabbleless.com\/fotoparade-1-2018\/\" target=\"_blank\" rel=\"nofollow noopener noreferrer\">Travel more &#8211; Babble less<\/a><\/li>\n<li>Schwerti on Tour<\/li>\n<li><a href=\"https:\/\/barfussimsand.de\/fotoparade-2018-meine-erste-teilnahme\/\" target=\"_blank\" rel=\"nofollow noopener noreferrer\">Barfuss im Sand<\/a><\/li>\n<li>Pixel Wo<\/li>\n<li>2 on the go<\/li>\n<li><a href=\"https:\/\/www.reiselust-mag.de\/\" target=\"_blank\" rel=\"nofollow noopener noreferrer\">Reiselust-Magazin<\/a><\/li>\n<li>Days, Weekends &amp; More<\/li>\n<li>Smile, Snap and Travel<\/li>\n<li>Vom Landleben<\/li>\n<li><a href=\"https:\/\/wellspa-portal.de\/auszeitgeniesser-im-bildermodus\/\" target=\"_blank\" rel=\"nofollow noopener noreferrer\">WellSpaPortal<\/a><\/li>\n<li>Salty Toes<\/li>\n<li>Kiraton<\/li>\n<li><a href=\"http:\/\/kreuzfahrtautorin.de\/fopanet-blogparade-meine-schoensten-reisefotos-januar-bis-juni-2018\/\" target=\"_blank\" rel=\"nofollow noopener noreferrer\">Kreuzfahrtautorin<\/a><\/li>\n<li><a href=\"https:\/\/travellingcarola.com\/luzern\/\" target=\"_blank\" rel=\"nofollow noopener noreferrer\">Travellingcarola<\/a><\/li>\n<li><a href=\"https:\/\/bruder-auf-achse.de\/fotoparade-1-2018\/\" target=\"_blank\" rel=\"nofollow noopener noreferrer\">Bruder auf Achse<\/a><\/li>\n<li><a href=\"https:\/\/www.tausendfremdeorte.de\/fotoparade-neuseeland\/\" target=\"_blank\" rel=\"noopener noreferrer\">Tausend fremde Orte<\/a><\/li>\n<li><a href=\"https:\/\/hinter-dem-horizont.com\/fotoparade-1-2018\/\" target=\"_blank\" rel=\"nofollow noopener noreferrer\">Hinter dem Horizont<\/a><\/li>\n<li><a href=\"https:\/\/escape-from-reality.de\/fotoparade-1-2018-reisefotos\/\" target=\"_blank\" rel=\"nofollow noopener noreferrer\">Escape from Reality<\/a><\/li>\n<li>Welt &amp; Farben<\/li>\n<li><a href=\"http:\/\/lavida-fotografie.de\/2018\/07\/fotoparade-1-halbjahr-2018\/\" target=\"_blank\" rel=\"nofollow noopener noreferrer\">La vida &#8211; Fotografin auf Reisen<\/a><\/li>\n<li>Ausreisserin<\/li>\n<li><a href=\"https:\/\/www.reiseblitz.com\/fotoparade-1-2018\/\" target=\"_blank\" rel=\"nofollow noopener noreferrer\">Reiseblitz<\/a><\/li>\n<li>Katetravels<\/li>\n<li><a href=\"https:\/\/www.reiseaufnahmen.de\/ueber-mich\/asienfieber-und-inselglueck-meine-schoensten-reisefotos-2018-1\/\" target=\"_blank\" rel=\"nofollow noopener noreferrer\">Reiseaufnahmen<\/a><\/li>\n<li><a href=\"https:\/\/nimsajx.blogspot.com\/2018\/07\/fotoparade-meine-schoensten-reisefotos-des-1-halbesjahres-2018.html\" target=\"_blank\" rel=\"nofollow noopener noreferrer\">Nimsaj<\/a><\/li>\n<li>Travellife<\/li>\n<li><a href=\"https:\/\/missesmister.blogspot.com\/2018\/07\/fotografie.html\" target=\"_blank\" rel=\"nofollow noopener noreferrer\">Misses Mister<\/a><\/li>\n<li><a href=\"https:\/\/dreamtravelconnect.com\/2018\/07\/30\/water-lake-and-ocean\/\" target=\"_blank\" rel=\"nofollow noopener noreferrer\">Dream &amp; Travel<\/a><\/li>\n<li>Immer Woanders<\/li>\n<li>Moose around the world<\/li>\n<li>Travlgedengl<\/li>\n<li><a href=\"https:\/\/weltreize.com\/reiseziele-2018-1\/\" target=\"_blank\" rel=\"nofollow noopener noreferrer\">Weltreize<\/a><\/li>\n<li><a href=\"https:\/\/travelroads.de\/2018\/07\/31\/utah-im-winter\/\" target=\"_blank\" rel=\"nofollow noopener noreferrer\">Travelroads<\/a><\/li>\n<li><a href=\"https:\/\/willkommenfernweh.de\/fotoparade-1-2018\/\" target=\"_blank\" rel=\"nofollow noopener noreferrer\">Willkommen Fernweh<\/a><\/li>\n<li><a href=\"https:\/\/www.jennifer-alka.photography\/single-post\/2018\/07\/31\/Fotoparade---Meine-schC3B6nsten-Reisefotos-aus-dem-1-Halbjahr-2018\" target=\"_blank\" rel=\"nofollow noopener noreferrer\">Jennifer Alka Photography<\/a><\/li>\n<li>Places and Pleasure<\/li>\n<li><a href=\"http:\/\/www.thru-lensed-eyes.de\/2018\/07\/fotoparade-meine-lieblinge-12018.html\" target=\"_blank\" rel=\"nofollow noopener noreferrer\">Thru lensed eyes<\/a><\/li>\n<li><a href=\"https:\/\/58gradnord.com\/blogparade\/fotoparade-2018-unsere-ersten-6-monate\/\" target=\"_blank\" rel=\"nofollow noopener noreferrer\">58 Grad Nord<\/a><\/li>\n<li>Tips4Travellers<\/li>\n<li>Fernwesen<\/li>\n<li>Familie Reiselust<\/li>\n<li>Coachabenteuer<\/li>\n<li><a href=\"https:\/\/www.lensandfeather.com\/foto-highlights-aus-paris-fotoparade-1-2018\/\" target=\"_blank\" rel=\"nofollow noopener noreferrer\">Lens &amp; Feather<\/a><\/li>\n<\/ol>\n","protected":false},"excerpt":{"rendered":"","protected":false},"author":1,"featured_media":8825,"comment_status":"open","ping_status":"closed","sticky":false,"template":"","format":"standard","meta":{"_monsterinsights_skip_tracking":false,"_monsterinsights_sitenote_active":false,"_monsterinsights_sitenote_note":"","_monsterinsights_sitenote_category":0,"footnotes":""},"categories":[22],"tags":[],"class_list":["post-4827","post","type-post","status-publish","format-standard","has-post-thumbnail","hentry","category-unkategorisiert"],"yoast_head":"<!-- This site is optimized with the Yoast SEO plugin v27.4 - https:\/\/yoast.com\/product\/yoast-seo-wordpress\/ -->\n<title>\u201cFotoparade\u201d \u2013 My best travel photos of the first half year of 2018 -<\/title>\n<meta name=\"robots\" content=\"index, follow, max-snippet:-1, max-image-preview:large, max-video-preview:-1\" \/>\n<link rel=\"canonical\" href=\"https:\/\/wildlife-travel.com\/en\/fotoparade-my-best-travel-photos-of-the-first-half-year-in-2018\/\" \/>\n<meta property=\"og:locale\" content=\"en_US\" \/>\n<meta property=\"og:type\" content=\"article\" \/>\n<meta property=\"og:title\" content=\"\u201cFotoparade\u201d \u2013 My best travel photos of the first half year of 2018 -\" \/>\n<meta property=\"og:url\" content=\"https:\/\/wildlife-travel.com\/en\/fotoparade-my-best-travel-photos-of-the-first-half-year-in-2018\/\" \/>\n<meta property=\"article:published_time\" content=\"2018-07-12T07:01:46+00:00\" \/>\n<meta property=\"article:modified_time\" content=\"2025-12-14T18:46:54+00:00\" \/>\n<meta property=\"og:image\" content=\"https:\/\/wildlife-travel.com\/wp-content\/uploads\/2018\/07\/Wildlife-Travel-Titelbild-5.jpg\" \/>\n\t<meta property=\"og:image:width\" content=\"2500\" \/>\n\t<meta property=\"og:image:height\" content=\"800\" \/>\n\t<meta property=\"og:image:type\" content=\"image\/jpeg\" \/>\n<meta name=\"author\" content=\"Tanja Heinz\" \/>\n<meta name=\"twitter:card\" content=\"summary_large_image\" \/>\n<meta name=\"twitter:label1\" content=\"Written by\" \/>\n\t<meta name=\"twitter:data1\" content=\"Tanja Heinz\" \/>\n\t<meta name=\"twitter:label2\" content=\"Est. reading time\" \/>\n\t<meta name=\"twitter:data2\" content=\"14 minutes\" \/>\n<script type=\"application\/ld+json\" class=\"yoast-schema-graph\">{\"@context\":\"https:\\\/\\\/schema.org\",\"@graph\":[{\"@type\":\"Article\",\"@id\":\"https:\\\/\\\/wildlife-travel.com\\\/en\\\/fotoparade-my-best-travel-photos-of-the-first-half-year-in-2018\\\/#article\",\"isPartOf\":{\"@id\":\"https:\\\/\\\/wildlife-travel.com\\\/en\\\/fotoparade-my-best-travel-photos-of-the-first-half-year-in-2018\\\/\"},\"author\":{\"name\":\"Tanja Heinz\",\"@id\":\"https:\\\/\\\/wildlife-travel.com\\\/de\\\/#\\\/schema\\\/person\\\/37ec276948c84f4f860abef1a19c2e62\"},\"headline\":\"\u201cFotoparade\u201d \u2013 My best travel photos of the first half year of 2018\",\"datePublished\":\"2018-07-12T07:01:46+00:00\",\"dateModified\":\"2025-12-14T18:46:54+00:00\",\"mainEntityOfPage\":{\"@id\":\"https:\\\/\\\/wildlife-travel.com\\\/en\\\/fotoparade-my-best-travel-photos-of-the-first-half-year-in-2018\\\/\"},\"wordCount\":2122,\"commentCount\":0,\"publisher\":{\"@id\":\"https:\\\/\\\/wildlife-travel.com\\\/de\\\/#\\\/schema\\\/person\\\/37ec276948c84f4f860abef1a19c2e62\"},\"image\":{\"@id\":\"https:\\\/\\\/wildlife-travel.com\\\/en\\\/fotoparade-my-best-travel-photos-of-the-first-half-year-in-2018\\\/#primaryimage\"},\"thumbnailUrl\":\"https:\\\/\\\/wildlife-travel.com\\\/wp-content\\\/uploads\\\/2018\\\/07\\\/Wildlife-Travel-Titelbild-5.jpg\",\"articleSection\":[\"Unkategorisiert\"],\"inLanguage\":\"en-US\",\"potentialAction\":[{\"@type\":\"CommentAction\",\"name\":\"Comment\",\"target\":[\"https:\\\/\\\/wildlife-travel.com\\\/en\\\/fotoparade-my-best-travel-photos-of-the-first-half-year-in-2018\\\/#respond\"]}]},{\"@type\":\"WebPage\",\"@id\":\"https:\\\/\\\/wildlife-travel.com\\\/en\\\/fotoparade-my-best-travel-photos-of-the-first-half-year-in-2018\\\/\",\"url\":\"https:\\\/\\\/wildlife-travel.com\\\/en\\\/fotoparade-my-best-travel-photos-of-the-first-half-year-in-2018\\\/\",\"name\":\"\u201cFotoparade\u201d \u2013 My best travel photos of the first half year of 2018 -\",\"isPartOf\":{\"@id\":\"https:\\\/\\\/wildlife-travel.com\\\/de\\\/#website\"},\"primaryImageOfPage\":{\"@id\":\"https:\\\/\\\/wildlife-travel.com\\\/en\\\/fotoparade-my-best-travel-photos-of-the-first-half-year-in-2018\\\/#primaryimage\"},\"image\":{\"@id\":\"https:\\\/\\\/wildlife-travel.com\\\/en\\\/fotoparade-my-best-travel-photos-of-the-first-half-year-in-2018\\\/#primaryimage\"},\"thumbnailUrl\":\"https:\\\/\\\/wildlife-travel.com\\\/wp-content\\\/uploads\\\/2018\\\/07\\\/Wildlife-Travel-Titelbild-5.jpg\",\"datePublished\":\"2018-07-12T07:01:46+00:00\",\"dateModified\":\"2025-12-14T18:46:54+00:00\",\"breadcrumb\":{\"@id\":\"https:\\\/\\\/wildlife-travel.com\\\/en\\\/fotoparade-my-best-travel-photos-of-the-first-half-year-in-2018\\\/#breadcrumb\"},\"inLanguage\":\"en-US\",\"potentialAction\":[{\"@type\":\"ReadAction\",\"target\":[\"https:\\\/\\\/wildlife-travel.com\\\/en\\\/fotoparade-my-best-travel-photos-of-the-first-half-year-in-2018\\\/\"]}]},{\"@type\":\"ImageObject\",\"inLanguage\":\"en-US\",\"@id\":\"https:\\\/\\\/wildlife-travel.com\\\/en\\\/fotoparade-my-best-travel-photos-of-the-first-half-year-in-2018\\\/#primaryimage\",\"url\":\"https:\\\/\\\/wildlife-travel.com\\\/wp-content\\\/uploads\\\/2018\\\/07\\\/Wildlife-Travel-Titelbild-5.jpg\",\"contentUrl\":\"https:\\\/\\\/wildlife-travel.com\\\/wp-content\\\/uploads\\\/2018\\\/07\\\/Wildlife-Travel-Titelbild-5.jpg\",\"width\":2500,\"height\":800,\"caption\":\"Wildlife Travel\"},{\"@type\":\"BreadcrumbList\",\"@id\":\"https:\\\/\\\/wildlife-travel.com\\\/en\\\/fotoparade-my-best-travel-photos-of-the-first-half-year-in-2018\\\/#breadcrumb\",\"itemListElement\":[{\"@type\":\"ListItem\",\"position\":1,\"name\":\"Startseite\",\"item\":\"https:\\\/\\\/wildlife-travel.com\\\/en\\\/\"},{\"@type\":\"ListItem\",\"position\":2,\"name\":\"\u201cFotoparade\u201d \u2013 My best travel photos of the first half year of 2018\"}]},{\"@type\":\"WebSite\",\"@id\":\"https:\\\/\\\/wildlife-travel.com\\\/de\\\/#website\",\"url\":\"https:\\\/\\\/wildlife-travel.com\\\/de\\\/\",\"name\":\"\",\"description\":\"Wildlife Travel\",\"publisher\":{\"@id\":\"https:\\\/\\\/wildlife-travel.com\\\/de\\\/#\\\/schema\\\/person\\\/37ec276948c84f4f860abef1a19c2e62\"},\"potentialAction\":[{\"@type\":\"SearchAction\",\"target\":{\"@type\":\"EntryPoint\",\"urlTemplate\":\"https:\\\/\\\/wildlife-travel.com\\\/de\\\/?s={search_term_string}\"},\"query-input\":{\"@type\":\"PropertyValueSpecification\",\"valueRequired\":true,\"valueName\":\"search_term_string\"}}],\"inLanguage\":\"en-US\"},{\"@type\":[\"Person\",\"Organization\"],\"@id\":\"https:\\\/\\\/wildlife-travel.com\\\/de\\\/#\\\/schema\\\/person\\\/37ec276948c84f4f860abef1a19c2e62\",\"name\":\"Tanja Heinz\",\"logo\":{\"@id\":\"https:\\\/\\\/wildlife-travel.com\\\/de\\\/#\\\/schema\\\/person\\\/image\\\/\"}}]}<\/script>\n<!-- \/ Yoast SEO plugin. -->","yoast_head_json":{"title":"\u201cFotoparade\u201d \u2013 My best travel photos of the first half year of 2018 -","robots":{"index":"index","follow":"follow","max-snippet":"max-snippet:-1","max-image-preview":"max-image-preview:large","max-video-preview":"max-video-preview:-1"},"canonical":"https:\/\/wildlife-travel.com\/en\/fotoparade-my-best-travel-photos-of-the-first-half-year-in-2018\/","og_locale":"en_US","og_type":"article","og_title":"\u201cFotoparade\u201d \u2013 My best travel photos of the first half year of 2018 -","og_url":"https:\/\/wildlife-travel.com\/en\/fotoparade-my-best-travel-photos-of-the-first-half-year-in-2018\/","article_published_time":"2018-07-12T07:01:46+00:00","article_modified_time":"2025-12-14T18:46:54+00:00","og_image":[{"width":2500,"height":800,"url":"https:\/\/wildlife-travel.com\/wp-content\/uploads\/2018\/07\/Wildlife-Travel-Titelbild-5.jpg","type":"image\/jpeg"}],"author":"Tanja Heinz","twitter_card":"summary_large_image","twitter_misc":{"Written by":"Tanja Heinz","Est. reading time":"14 minutes"},"schema":{"@context":"https:\/\/schema.org","@graph":[{"@type":"Article","@id":"https:\/\/wildlife-travel.com\/en\/fotoparade-my-best-travel-photos-of-the-first-half-year-in-2018\/#article","isPartOf":{"@id":"https:\/\/wildlife-travel.com\/en\/fotoparade-my-best-travel-photos-of-the-first-half-year-in-2018\/"},"author":{"name":"Tanja Heinz","@id":"https:\/\/wildlife-travel.com\/de\/#\/schema\/person\/37ec276948c84f4f860abef1a19c2e62"},"headline":"\u201cFotoparade\u201d \u2013 My best travel photos of the first half year of 2018","datePublished":"2018-07-12T07:01:46+00:00","dateModified":"2025-12-14T18:46:54+00:00","mainEntityOfPage":{"@id":"https:\/\/wildlife-travel.com\/en\/fotoparade-my-best-travel-photos-of-the-first-half-year-in-2018\/"},"wordCount":2122,"commentCount":0,"publisher":{"@id":"https:\/\/wildlife-travel.com\/de\/#\/schema\/person\/37ec276948c84f4f860abef1a19c2e62"},"image":{"@id":"https:\/\/wildlife-travel.com\/en\/fotoparade-my-best-travel-photos-of-the-first-half-year-in-2018\/#primaryimage"},"thumbnailUrl":"https:\/\/wildlife-travel.com\/wp-content\/uploads\/2018\/07\/Wildlife-Travel-Titelbild-5.jpg","articleSection":["Unkategorisiert"],"inLanguage":"en-US","potentialAction":[{"@type":"CommentAction","name":"Comment","target":["https:\/\/wildlife-travel.com\/en\/fotoparade-my-best-travel-photos-of-the-first-half-year-in-2018\/#respond"]}]},{"@type":"WebPage","@id":"https:\/\/wildlife-travel.com\/en\/fotoparade-my-best-travel-photos-of-the-first-half-year-in-2018\/","url":"https:\/\/wildlife-travel.com\/en\/fotoparade-my-best-travel-photos-of-the-first-half-year-in-2018\/","name":"\u201cFotoparade\u201d \u2013 My best travel photos of the first half year of 2018 -","isPartOf":{"@id":"https:\/\/wildlife-travel.com\/de\/#website"},"primaryImageOfPage":{"@id":"https:\/\/wildlife-travel.com\/en\/fotoparade-my-best-travel-photos-of-the-first-half-year-in-2018\/#primaryimage"},"image":{"@id":"https:\/\/wildlife-travel.com\/en\/fotoparade-my-best-travel-photos-of-the-first-half-year-in-2018\/#primaryimage"},"thumbnailUrl":"https:\/\/wildlife-travel.com\/wp-content\/uploads\/2018\/07\/Wildlife-Travel-Titelbild-5.jpg","datePublished":"2018-07-12T07:01:46+00:00","dateModified":"2025-12-14T18:46:54+00:00","breadcrumb":{"@id":"https:\/\/wildlife-travel.com\/en\/fotoparade-my-best-travel-photos-of-the-first-half-year-in-2018\/#breadcrumb"},"inLanguage":"en-US","potentialAction":[{"@type":"ReadAction","target":["https:\/\/wildlife-travel.com\/en\/fotoparade-my-best-travel-photos-of-the-first-half-year-in-2018\/"]}]},{"@type":"ImageObject","inLanguage":"en-US","@id":"https:\/\/wildlife-travel.com\/en\/fotoparade-my-best-travel-photos-of-the-first-half-year-in-2018\/#primaryimage","url":"https:\/\/wildlife-travel.com\/wp-content\/uploads\/2018\/07\/Wildlife-Travel-Titelbild-5.jpg","contentUrl":"https:\/\/wildlife-travel.com\/wp-content\/uploads\/2018\/07\/Wildlife-Travel-Titelbild-5.jpg","width":2500,"height":800,"caption":"Wildlife Travel"},{"@type":"BreadcrumbList","@id":"https:\/\/wildlife-travel.com\/en\/fotoparade-my-best-travel-photos-of-the-first-half-year-in-2018\/#breadcrumb","itemListElement":[{"@type":"ListItem","position":1,"name":"Startseite","item":"https:\/\/wildlife-travel.com\/en\/"},{"@type":"ListItem","position":2,"name":"\u201cFotoparade\u201d \u2013 My best travel photos of the first half year of 2018"}]},{"@type":"WebSite","@id":"https:\/\/wildlife-travel.com\/de\/#website","url":"https:\/\/wildlife-travel.com\/de\/","name":"","description":"Wildlife Travel","publisher":{"@id":"https:\/\/wildlife-travel.com\/de\/#\/schema\/person\/37ec276948c84f4f860abef1a19c2e62"},"potentialAction":[{"@type":"SearchAction","target":{"@type":"EntryPoint","urlTemplate":"https:\/\/wildlife-travel.com\/de\/?s={search_term_string}"},"query-input":{"@type":"PropertyValueSpecification","valueRequired":true,"valueName":"search_term_string"}}],"inLanguage":"en-US"},{"@type":["Person","Organization"],"@id":"https:\/\/wildlife-travel.com\/de\/#\/schema\/person\/37ec276948c84f4f860abef1a19c2e62","name":"Tanja Heinz","logo":{"@id":"https:\/\/wildlife-travel.com\/de\/#\/schema\/person\/image\/"}}]}},"_links":{"self":[{"href":"https:\/\/wildlife-travel.com\/en\/wp-json\/wp\/v2\/posts\/4827","targetHints":{"allow":["GET"]}}],"collection":[{"href":"https:\/\/wildlife-travel.com\/en\/wp-json\/wp\/v2\/posts"}],"about":[{"href":"https:\/\/wildlife-travel.com\/en\/wp-json\/wp\/v2\/types\/post"}],"author":[{"embeddable":true,"href":"https:\/\/wildlife-travel.com\/en\/wp-json\/wp\/v2\/users\/1"}],"replies":[{"embeddable":true,"href":"https:\/\/wildlife-travel.com\/en\/wp-json\/wp\/v2\/comments?post=4827"}],"version-history":[{"count":0,"href":"https:\/\/wildlife-travel.com\/en\/wp-json\/wp\/v2\/posts\/4827\/revisions"}],"wp:featuredmedia":[{"embeddable":true,"href":"https:\/\/wildlife-travel.com\/en\/wp-json\/wp\/v2\/media\/8825"}],"wp:attachment":[{"href":"https:\/\/wildlife-travel.com\/en\/wp-json\/wp\/v2\/media?parent=4827"}],"wp:term":[{"taxonomy":"category","embeddable":true,"href":"https:\/\/wildlife-travel.com\/en\/wp-json\/wp\/v2\/categories?post=4827"},{"taxonomy":"post_tag","embeddable":true,"href":"https:\/\/wildlife-travel.com\/en\/wp-json\/wp\/v2\/tags?post=4827"}],"curies":[{"name":"wp","href":"https:\/\/api.w.org\/{rel}","templated":true}]}}